{"id":1821,"date":"2023-11-09T16:40:57","date_gmt":"2023-11-09T15:40:57","guid":{"rendered":"https:\/\/www.nordestsanita.it\/?p=1821"},"modified":"2023-11-09T16:40:58","modified_gmt":"2023-11-09T15:40:58","slug":"carenza-terapie-intensive-pediatriche-in-italia-la-proposta-della-sin","status":"publish","type":"post","link":"https:\/\/www.nordestsanita.it\/?p=1821","title":{"rendered":"Carenza terapie intensive pediatriche in Italia: la proposta della SIN"},"content":{"rendered":"\n<p>In Italia mancano i posti letto di Terapia Intensiva Pediatrica (TIP): a puntare i riflettori su questa problematica che da anni la Societ\u00e0 Italiana di Neonatologia (SIN) sta denunciando, \u00e8 una lettera pubblicata su The Lancet da alcuni soci della SARNePI (Societ\u00e0 di Anestesia e Rianimazione Neonatale e Pediatria Italiana). <\/p>\n\n\n\n<!--more-->\n\n\n\n<p>I posti sono solo 273 per una popolazione di 9.788.622 bambini di et\u00e0 1-18 anni, con un rapporto di 1 letto ogni 35.856 pazienti, ben lontano dagli standard raccomandati dall\u2019UE di 1 letto ogni 20.000-30.000 bambini. La carenza di posti letto di TIP \u00e8 massima al sud e isole, rispetto al nord e al centro, creando disparit\u00e0 di assistenza tra regioni e difficolt\u00e0 di trasferimento dei bambini critici. C\u2019\u00e8 poi il caso emblematico della Sardegna che, pur essendo un\u2019isola, non \u00e8 dotata di alcun posto letto di TIP.<\/p>\n\n\n\n<p>Contemporaneamente alla carenza di posti letto di TIP, c\u2019\u00e8 il dato dell\u2019incremento del numero di lattanti\/ bambini che necessitano di cure intensive. Si tratta di bambini medicalmente complessi, con patologie croniche ad elevate intensit\u00e0 di cure, che oggi rappresentano il 50% dei ricoveri nelle Terapie Intensive Pediatriche. Dai dati dell\u2019ultimo rapporto TIPNet disponibile, risulta, infatti, che l\u2019et\u00e0 media di ricovero in TIP \u00e8 di 19,7 mesi, che molte problematiche insorgono gi\u00e0 in epoca neonatale e che vi \u00e8 un\u2019affinit\u00e0 per et\u00e0 e patologia con le problematiche gestite in TIN dai neonatologi.<br>A questo si aggiunge l\u2019unanime riconoscimento della inopportunit\u00e0 di ricoverare i bambini critici in reparti di rianimazione dell\u2019adulto, perch\u00e9 i bambini non sono piccoli adulti, ma degli esseri in divenire, con peculiarit\u00e0 tipiche dell\u2019et\u00e0 evolutiva, che richiedono comportamenti e risposte fortemente personalizzati, elargibili in maniera ottimale solo da chi ha competenza su questa categoria di pazienti.<br>Una importante mole di dati di letteratura ha dimostrato che i bambini criticamente malati, ricoverati nei reparti di Terapia Intensiva Pediatrica (TIP), ricevono qualit\u00e0 di cure pi\u00f9 elevate, hanno esiti migliori e una mortalit\u00e0 pi\u00f9 bassa rispetto a quelli ricoverati nei reparti intensivi degli adulti. Ci\u00f2 nonostante, ancora oggi sono rari gli ospedali in Italia in cui \u00e8 possibile accogliere adeguatamente un bambino critico e vi \u00e8 una distribuzione disomogenea dei reparti di Terapia Intensiva Pediatrica lungo la penisola. Su 26 Terapie Intensive Pediatriche, infatti, 13 sono al nord, 9 al centro, 4 al sud. Non sono aumentati negli anni i posti letto dedicati alle cure intensive del bambino, in controtendenza con quanto \u00e8, invece, accaduto in altri paesi europei e del Nord America.<br>Ogni anno in Italia vengono ricoverati in Terapia Intensiva Pediatrica oltre 8500 bambini per cure intensive mediche, post-chirurgiche e traumi. Questo dato \u00e8 sottostimato e rappresenta solo il 50% dei bambini critici realmente ricoverati, poich\u00e9 l\u2019altro 50% \u00e8 ancora assistito in strutture dell\u2019adulto e per la difficolt\u00e0 di individuare il numero di posti letto di TIP, in quanto manca il codice disciplina che lo identifichi.<\/p>\n\n\n\n<p>La proposta della SIN<\/p>\n\n\n\n<p><br>Gi\u00e0 da alcuni anni la SIN ha costituito un gruppo di studio nell\u2019ambito della societ\u00e0 scientifica, dedicato ad approfondire e diffondere, tra gli operatori del settore, le tematiche legate alla cura del lattante critico (GdS Terapia intensiva della Prima Infanzia-TIPI) e a proporre una soluzione del problema.<br>La SIN ha monitorato nel tempo il numero di lattanti che vengono ricoverati nelle TIN. La prima survey condotta dal Gruppo di Studio TIPI, riferita all\u2019anno solare 2019, ha rivelato che il 79% delle TIN aveva ricoverato o gestito bambini oltre i 30 giorni di vita e\/o le 44 settimane di et\u00e0 post-concezionale. Lo stesso dato \u00e8 emerso da un update riferito all\u2019anno 2021, da cui emergeva che la patologia respiratoria, spesso legata a bronchiolite da VRS, era la principale causa di ricovero in terapia intensiva.<br>Per arginare il problema della carenza di posti letto di TIP in Italia, \u00e8 necessario aumentare il numero di posti letto nelle Unit\u00e0 di Terapia Intensiva Pediatrica (PICU), migliorandone la distribuzione geografica nel Paese e creando una rete che coordini, con criteri centralizzati, il trattamento e il trasferimento dei pazienti pediatrici in condizioni critiche, su modello \u201cHub &amp; Spoke\u201d, come proposto dallo studio pubblicato su \u201cThe Lancet\u201d. Ma secondo la Societ\u00e0 Italiana di Neonatologia bisogna anche potenziare ci\u00f2 che i neonatologi, ormai da alcuni anni, hanno di fatto messo in atto, attraverso la realizzazione di TIN allargate alla gestione del lattante\/bambino critico, individuate per caratteristiche logistiche ed organizzative e per macroaree territoriali e\/o di bacino di popolazione di competenza, particolarmente in zone dove vi \u00e8 carenza di TIP. Ci\u00f2 \u00e8 reso possibile anche grazie alla distribuzione delle TIN e delle TIP sul territorio Nazionale, con 124 TIN e 26 TIP.<br>Questo modello di cure miste, in cui a reparti esclusivi di TIP e di TIN, si affiancano reparti misti di TIN allargate, \u00e8 gi\u00e0 presente in paesi come la Germania, la Francia e la Spagna, che hanno una territorialit\u00e0 e una popolazione simile a quella del nostro Paese.<br>Il modello proposto dalla SIN avrebbe molti vantaggi:<\/p>\n\n\n\n<ul><li>i lattanti sarebbero gestiti in continuit\u00e0 da neonatologi che ben conoscono la patologia da cui sono affetti;<\/li><li>si potrebbe mantenere quel tasso di occupazione dell\u201985% dei posti letto di TIP cui fanno riferimento gli autori della lettera pubblicata su The Lancet. Quest\u2019ultimo aspetto potrebbe risultare particolarmente utile in quei casi in cui si rendesse indispensabile ampliare improvvisamente il numero di posti letto di terapia intensiva pediatrica, come ad esempio in caso di nuove ondate pandemiche, come quella recente da COVID-19, o in corso di epidemie da virus respiratori, come il virus respiratorio sinciziale;<\/li><li>si eviterebbe di rifare lo stesso errore fatto in passato e cio\u00e8 ricoverare i bambini presso reparti concepiti per gli adulti o, peggio ancora, demandarne la gestione ad un personale non dedicato.<\/li><\/ul>\n\n\n\n<p>Questo \u00e8 il migliore modello organizzativo per la SIN da proporre agli organi istituzionali competenti per ottimizzare le cure intensive ai nostri piccoli pazienti, garantendo a tutti, a prescindere dalla zona dove vivono (nord, centro o sud), la migliore assistenza in Italia.<\/p>\n\n\n\n<p>Luigi Orfeo, Presidente Societ\u00e0 Italiana di Neonatologia (SIN) e il Consiglio Direttivo della SIN<br>Fabio Mosca, Presidente SIN-Safe<br>Eloisa Gitto e il Gruppo di Studio della Terapia Intensiva della Prima Infanzia-TIPI della SIN<\/p>\n","protected":false},"excerpt":{"rendered":"<p>In Italia mancano i posti letto di Terapia Intensiva Pediatrica (TIP): a puntare i riflettori su questa problematica che da anni la Societ\u00e0 Italiana di Neonatologia (SIN) sta denunciando, \u00e8 una lettera pubblicata su The Lancet da alcuni soci della SARNePI (Societ\u00e0 di Anestesia e Rianimazione Neonatale e Pediatria Italiana).<\/p>\n","protected":false},"author":8,"featured_media":1822,"comment_status":"closed","ping_status":"open","sticky":false,"template":"","format":"standard","meta":[],"categories":[24],"tags":[156],"yoast_head":"<!-- This site is optimized with the Yoast SEO plugin v20.2 - https:\/\/yoast.com\/wordpress\/plugins\/seo\/ -->\n<title>Carenza terapie intensive pediatriche in Italia: la proposta della SIN - NES<\/title>\n<meta name=\"description\" content=\"Carenza terapie intensive pediatriche in Italia: la proposta della SIN\" \/>\n<meta name=\"robots\" content=\"index, follow, max-snippet:-1, max-image-preview:large, max-video-preview:-1\" \/>\n<link rel=\"canonical\" href=\"https:\/\/www.nordestsanita.it\/?p=1821\" \/>\n<meta property=\"og:locale\" content=\"it_IT\" \/>\n<meta property=\"og:type\" content=\"article\" \/>\n<meta property=\"og:title\" content=\"Carenza terapie intensive pediatriche in Italia: la proposta della SIN - NES\" \/>\n<meta property=\"og:description\" content=\"Carenza terapie intensive pediatriche in Italia: la proposta della SIN\" \/>\n<meta property=\"og:url\" content=\"https:\/\/www.nordestsanita.it\/?p=1821\" \/>\n<meta property=\"og:site_name\" content=\"NES\" \/>\n<meta property=\"article:published_time\" content=\"2023-11-09T15:40:57+00:00\" \/>\n<meta property=\"article:modified_time\" content=\"2023-11-09T15:40:58+00:00\" \/>\n<meta property=\"og:image\" content=\"https:\/\/www.nordestsanita.it\/wp-content\/uploads\/2023\/11\/PROPOSTA-SIN.jpg\" \/>\n\t<meta property=\"og:image:width\" content=\"749\" \/>\n\t<meta property=\"og:image:height\" content=\"523\" \/>\n\t<meta property=\"og:image:type\" content=\"image\/jpeg\" \/>\n<meta name=\"author\" content=\"Redazione\" \/>\n<meta name=\"twitter:card\" content=\"summary_large_image\" \/>\n<meta name=\"twitter:label1\" content=\"Scritto da\" \/>\n\t<meta name=\"twitter:data1\" content=\"Redazione\" \/>\n\t<meta name=\"twitter:label2\" content=\"Tempo di lettura stimato\" \/>\n\t<meta name=\"twitter:data2\" content=\"6 minuti\" \/>\n<script type=\"application\/ld+json\" class=\"yoast-schema-graph\">{\"@context\":\"https:\/\/schema.org\",\"@graph\":[{\"@type\":\"Article\",\"@id\":\"https:\/\/www.nordestsanita.it\/?p=1821#article\",\"isPartOf\":{\"@id\":\"https:\/\/www.nordestsanita.it\/?p=1821\"},\"author\":{\"name\":\"Redazione\",\"@id\":\"https:\/\/www.nordestsanita.it\/#\/schema\/person\/e5a7dc6dca45cb55e67d4a127b0e969a\"},\"headline\":\"Carenza terapie intensive pediatriche in Italia: la proposta della SIN\",\"datePublished\":\"2023-11-09T15:40:57+00:00\",\"dateModified\":\"2023-11-09T15:40:58+00:00\",\"mainEntityOfPage\":{\"@id\":\"https:\/\/www.nordestsanita.it\/?p=1821\"},\"wordCount\":1006,\"publisher\":{\"@id\":\"https:\/\/www.nordestsanita.it\/#organization\"},\"keywords\":[\"neonati\"],\"articleSection\":[\"Attualit\u00e0\"],\"inLanguage\":\"it-IT\"},{\"@type\":\"WebPage\",\"@id\":\"https:\/\/www.nordestsanita.it\/?p=1821\",\"url\":\"https:\/\/www.nordestsanita.it\/?p=1821\",\"name\":\"Carenza terapie intensive pediatriche in Italia: la proposta della SIN - NES\",\"isPartOf\":{\"@id\":\"https:\/\/www.nordestsanita.it\/#website\"},\"datePublished\":\"2023-11-09T15:40:57+00:00\",\"dateModified\":\"2023-11-09T15:40:58+00:00\",\"description\":\"Carenza terapie intensive pediatriche in Italia: la proposta della SIN\",\"breadcrumb\":{\"@id\":\"https:\/\/www.nordestsanita.it\/?p=1821#breadcrumb\"},\"inLanguage\":\"it-IT\",\"potentialAction\":[{\"@type\":\"ReadAction\",\"target\":[\"https:\/\/www.nordestsanita.it\/?p=1821\"]}]},{\"@type\":\"BreadcrumbList\",\"@id\":\"https:\/\/www.nordestsanita.it\/?p=1821#breadcrumb\",\"itemListElement\":[{\"@type\":\"ListItem\",\"position\":1,\"name\":\"Home\",\"item\":\"https:\/\/www.nordestsanita.it\/\"},{\"@type\":\"ListItem\",\"position\":2,\"name\":\"Carenza terapie intensive pediatriche in Italia: la proposta della SIN\"}]},{\"@type\":\"WebSite\",\"@id\":\"https:\/\/www.nordestsanita.it\/#website\",\"url\":\"https:\/\/www.nordestsanita.it\/\",\"name\":\"NES\",\"description\":\"Nord Est Sanit\u00e0\",\"publisher\":{\"@id\":\"https:\/\/www.nordestsanita.it\/#organization\"},\"potentialAction\":[{\"@type\":\"SearchAction\",\"target\":{\"@type\":\"EntryPoint\",\"urlTemplate\":\"https:\/\/www.nordestsanita.it\/?s={search_term_string}\"},\"query-input\":\"required name=search_term_string\"}],\"inLanguage\":\"it-IT\"},{\"@type\":\"Organization\",\"@id\":\"https:\/\/www.nordestsanita.it\/#organization\",\"name\":\"NES\",\"url\":\"https:\/\/www.nordestsanita.it\/\",\"logo\":{\"@type\":\"ImageObject\",\"inLanguage\":\"it-IT\",\"@id\":\"https:\/\/www.nordestsanita.it\/#\/schema\/logo\/image\/\",\"url\":\"https:\/\/www.nordestsanita.it\/wp-content\/uploads\/2021\/05\/NES-1280.png\",\"contentUrl\":\"https:\/\/www.nordestsanita.it\/wp-content\/uploads\/2021\/05\/NES-1280.png\",\"width\":1280,\"height\":458,\"caption\":\"NES\"},\"image\":{\"@id\":\"https:\/\/www.nordestsanita.it\/#\/schema\/logo\/image\/\"}},{\"@type\":\"Person\",\"@id\":\"https:\/\/www.nordestsanita.it\/#\/schema\/person\/e5a7dc6dca45cb55e67d4a127b0e969a\",\"name\":\"Redazione\",\"image\":{\"@type\":\"ImageObject\",\"inLanguage\":\"it-IT\",\"@id\":\"https:\/\/www.nordestsanita.it\/#\/schema\/person\/image\/\",\"url\":\"https:\/\/secure.gravatar.com\/avatar\/3f19a9b3d671ea36ec67c4badf3f961a?s=96&d=mm&r=g\",\"contentUrl\":\"https:\/\/secure.gravatar.com\/avatar\/3f19a9b3d671ea36ec67c4badf3f961a?s=96&d=mm&r=g\",\"caption\":\"Redazione\"},\"url\":\"https:\/\/www.nordestsanita.it\/?author=8\"}]}<\/script>\n<!-- \/ Yoast SEO plugin. -->","yoast_head_json":{"title":"Carenza terapie intensive pediatriche in Italia: la proposta della SIN - NES","description":"Carenza terapie intensive pediatriche in Italia: la proposta della SIN","robots":{"index":"index","follow":"follow","max-snippet":"max-snippet:-1","max-image-preview":"max-image-preview:large","max-video-preview":"max-video-preview:-1"},"canonical":"https:\/\/www.nordestsanita.it\/?p=1821","og_locale":"it_IT","og_type":"article","og_title":"Carenza terapie intensive pediatriche in Italia: la proposta della SIN - NES","og_description":"Carenza terapie intensive pediatriche in Italia: la proposta della SIN","og_url":"https:\/\/www.nordestsanita.it\/?p=1821","og_site_name":"NES","article_published_time":"2023-11-09T15:40:57+00:00","article_modified_time":"2023-11-09T15:40:58+00:00","og_image":[{"width":749,"height":523,"url":"https:\/\/www.nordestsanita.it\/wp-content\/uploads\/2023\/11\/PROPOSTA-SIN.jpg","type":"image\/jpeg"}],"author":"Redazione","twitter_card":"summary_large_image","twitter_misc":{"Scritto da":"Redazione","Tempo di lettura stimato":"6 minuti"},"schema":{"@context":"https:\/\/schema.org","@graph":[{"@type":"Article","@id":"https:\/\/www.nordestsanita.it\/?p=1821#article","isPartOf":{"@id":"https:\/\/www.nordestsanita.it\/?p=1821"},"author":{"name":"Redazione","@id":"https:\/\/www.nordestsanita.it\/#\/schema\/person\/e5a7dc6dca45cb55e67d4a127b0e969a"},"headline":"Carenza terapie intensive pediatriche in Italia: la proposta della SIN","datePublished":"2023-11-09T15:40:57+00:00","dateModified":"2023-11-09T15:40:58+00:00","mainEntityOfPage":{"@id":"https:\/\/www.nordestsanita.it\/?p=1821"},"wordCount":1006,"publisher":{"@id":"https:\/\/www.nordestsanita.it\/#organization"},"keywords":["neonati"],"articleSection":["Attualit\u00e0"],"inLanguage":"it-IT"},{"@type":"WebPage","@id":"https:\/\/www.nordestsanita.it\/?p=1821","url":"https:\/\/www.nordestsanita.it\/?p=1821","name":"Carenza terapie intensive pediatriche in Italia: la proposta della SIN - NES","isPartOf":{"@id":"https:\/\/www.nordestsanita.it\/#website"},"datePublished":"2023-11-09T15:40:57+00:00","dateModified":"2023-11-09T15:40:58+00:00","description":"Carenza terapie intensive pediatriche in Italia: la proposta della SIN","breadcrumb":{"@id":"https:\/\/www.nordestsanita.it\/?p=1821#breadcrumb"},"inLanguage":"it-IT","potentialAction":[{"@type":"ReadAction","target":["https:\/\/www.nordestsanita.it\/?p=1821"]}]},{"@type":"BreadcrumbList","@id":"https:\/\/www.nordestsanita.it\/?p=1821#breadcrumb","itemListElement":[{"@type":"ListItem","position":1,"name":"Home","item":"https:\/\/www.nordestsanita.it\/"},{"@type":"ListItem","position":2,"name":"Carenza terapie intensive pediatriche in Italia: la proposta della SIN"}]},{"@type":"WebSite","@id":"https:\/\/www.nordestsanita.it\/#website","url":"https:\/\/www.nordestsanita.it\/","name":"NES","description":"Nord Est Sanit\u00e0","publisher":{"@id":"https:\/\/www.nordestsanita.it\/#organization"},"potentialAction":[{"@type":"SearchAction","target":{"@type":"EntryPoint","urlTemplate":"https:\/\/www.nordestsanita.it\/?s={search_term_string}"},"query-input":"required name=search_term_string"}],"inLanguage":"it-IT"},{"@type":"Organization","@id":"https:\/\/www.nordestsanita.it\/#organization","name":"NES","url":"https:\/\/www.nordestsanita.it\/","logo":{"@type":"ImageObject","inLanguage":"it-IT","@id":"https:\/\/www.nordestsanita.it\/#\/schema\/logo\/image\/","url":"https:\/\/www.nordestsanita.it\/wp-content\/uploads\/2021\/05\/NES-1280.png","contentUrl":"https:\/\/www.nordestsanita.it\/wp-content\/uploads\/2021\/05\/NES-1280.png","width":1280,"height":458,"caption":"NES"},"image":{"@id":"https:\/\/www.nordestsanita.it\/#\/schema\/logo\/image\/"}},{"@type":"Person","@id":"https:\/\/www.nordestsanita.it\/#\/schema\/person\/e5a7dc6dca45cb55e67d4a127b0e969a","name":"Redazione","image":{"@type":"ImageObject","inLanguage":"it-IT","@id":"https:\/\/www.nordestsanita.it\/#\/schema\/person\/image\/","url":"https:\/\/secure.gravatar.com\/avatar\/3f19a9b3d671ea36ec67c4badf3f961a?s=96&d=mm&r=g","contentUrl":"https:\/\/secure.gravatar.com\/avatar\/3f19a9b3d671ea36ec67c4badf3f961a?s=96&d=mm&r=g","caption":"Redazione"},"url":"https:\/\/www.nordestsanita.it\/?author=8"}]}},"jetpack_featured_media_url":"https:\/\/www.nordestsanita.it\/wp-content\/uploads\/2023\/11\/PROPOSTA-SIN.jpg","_links":{"self":[{"href":"https:\/\/www.nordestsanita.it\/index.php?rest_route=\/wp\/v2\/posts\/1821"}],"collection":[{"href":"https:\/\/www.nordestsanita.it\/index.php?rest_route=\/wp\/v2\/posts"}],"about":[{"href":"https:\/\/www.nordestsanita.it\/index.php?rest_route=\/wp\/v2\/types\/post"}],"author":[{"embeddable":true,"href":"https:\/\/www.nordestsanita.it\/index.php?rest_route=\/wp\/v2\/users\/8"}],"replies":[{"embeddable":true,"href":"https:\/\/www.nordestsanita.it\/index.php?rest_route=%2Fwp%2Fv2%2Fcomments&post=1821"}],"version-history":[{"count":1,"href":"https:\/\/www.nordestsanita.it\/index.php?rest_route=\/wp\/v2\/posts\/1821\/revisions"}],"predecessor-version":[{"id":1823,"href":"https:\/\/www.nordestsanita.it\/index.php?rest_route=\/wp\/v2\/posts\/1821\/revisions\/1823"}],"wp:featuredmedia":[{"embeddable":true,"href":"https:\/\/www.nordestsanita.it\/index.php?rest_route=\/wp\/v2\/media\/1822"}],"wp:attachment":[{"href":"https:\/\/www.nordestsanita.it\/index.php?rest_route=%2Fwp%2Fv2%2Fmedia&parent=1821"}],"wp:term":[{"taxonomy":"category","embeddable":true,"href":"https:\/\/www.nordestsanita.it\/index.php?rest_route=%2Fwp%2Fv2%2Fcategories&post=1821"},{"taxonomy":"post_tag","embeddable":true,"href":"https:\/\/www.nordestsanita.it\/index.php?rest_route=%2Fwp%2Fv2%2Ftags&post=1821"}],"curies":[{"name":"wp","href":"https:\/\/api.w.org\/{rel}","templated":true}]}}