{"id":1855,"date":"2024-01-25T15:06:07","date_gmt":"2024-01-25T14:06:07","guid":{"rendered":"https:\/\/www.nordestsanita.it\/?p=1855"},"modified":"2024-01-25T15:06:14","modified_gmt":"2024-01-25T14:06:14","slug":"due-anni-del-progetto-oltre-le-differenze-a-padova-si-tirano-le-somme","status":"publish","type":"post","link":"https:\/\/www.nordestsanita.it\/?p=1855","title":{"rendered":"<strong>Due anni del progetto \u201cOltre le differenze\u201d, a Padova si tirano le somme<\/strong>"},"content":{"rendered":"\n<p><strong>Sono oltre 300 le famiglie italiane e straniere<\/strong>, di Padova e Rovigo,<strong>\u00a0<\/strong>che hanno seguito i\u00a093 incontri del percorso biennale di formazione e confronto<strong> \u201cOltre le differenze\u201d<\/strong>.<\/p>\n\n\n\n<!--more-->\n\n\n\n<p>Tra le loro storie, quattro sono state raccontate con commozione e intensit\u00e0.<\/p>\n\n\n\n<p>Ad esempio quella di Alessandra, mamma di una ragazza con disabilit\u00e0. Quando nasce, la bambina rimane per molti mesi in ospedale e, dopo diversi interventi chirurgici, le sue dimissioni rappresentano per la famiglia il timore di non riuscire a provvedere ai suoi bisogni a casa.<\/p>\n\n\n\n<p>Adriana invece \u00e8 mamma di una giovane donna di 28 anni con disabilit\u00e0 grave e molteplici patologie. Quando \u00e8 nata&nbsp;<em>\u201cio, mio marito e mia figlia maggiore, allora di 11 anni, ci stiamo trovati impotenti di fronte ai verdetti degli specialisti, che ci hanno resi ancora pi\u00f9 vulnerabili\u201d&nbsp;<\/em>racconta Adriana. Un\u2019esperienza dura e senza sconti, che costringe la sorella maggiore a crescere velocemente e responsabilizzarsi e che mette i genitori di fronte a una condizione \u2013 la disabilit\u00e0 \u2013 che durer\u00e0 per tutta la vita. Per tutta la famiglia.<\/p>\n\n\n\n<p>Elvio si \u00e8 invece occupato del fratello maggiore, poi mancato all\u2019et\u00e0 di 75 anni, che era affetto da tetraplegia spatica e con lo sviluppo cognitivo di un bambino di 6 anni. Eppure nella sua vita aveva conquistato una discreta autonomia ed era circondato di amici.&nbsp;<em>\u201cLa qualit\u00e0 di vita della persona con disabilit\u00e0 e lo sviluppo personali sono importanti<\/em>&nbsp;\u2013 spiega Elvio &#8211;<em>&nbsp;noi fratelli non ci siamo mai fatti condizionare dalla situazione di Ennio e i nostri genitori non l\u2019hanno mai fatta pesare\u201d<\/em>.<\/p>\n\n\n\n<p>Khaoula \u00e8 di origini tunisine, \u00e8 mamma di un bambino di 9 anni che soffre di disturbi dello spettro autistico, con un\u2019altra figlia pi\u00f9 grande e un marito che lavora all\u2019estero.<em>&nbsp;\u201cQuindi sono da sola. Non \u00e8 facile accettare una diagnosi di questo tipo e non sempre sappiamo da dove iniziare e come muoverci. Essendo straniera \u2013&nbsp;<\/em>racconta&nbsp;Khaoula \u2013&nbsp;<em>ho un ostacolo ulteriore con lingua e cultura diverse. Ma a volte \u00e8 lo stato d\u2019animo di fragilit\u00e0 che abbiamo che ci impedisce di capire, per questo bisogna essere sensibili con i genitori di figli con disabilit\u00e0\u201d.<\/em><\/p>\n\n\n\n<p>Insomma, tutti racconti di famiglie di figli con disabilit\u00e0 o nuclei stranieri che&nbsp;vivono una condizione di doppia fragilit\u00e0 per loro origine e per la presenza di un famigliare con disabilit\u00e0. Tutti nuclei&nbsp;ad alta vulnerabilit\u00e0 e a rischio isolamento, esposti a stress sociali, che hanno trovato nel percorso formativo momenti di ascolto, confronto e scambio e un supporto per affrontare le difficolt\u00e0, scoprendo un nuovo senso di appartenenza alla comunit\u00e0.<\/p>\n\n\n\n<p>Attivato alla fine del&nbsp;lockdown, in una condizione di disgregazione del territorio e con il formarsi di nuove solitudini, il progetto <strong>\u201cOltre le differenze\u201d<\/strong> ha ottenuto il risultato di creare una dimensione di relazione importante, un lavoro profondo di tessitura con gli enti del territorio che vuole incentivare nuovi processi partecipativi, come ha sottolineato la&nbsp;<strong>psicologa e psicoterapeuta Maria Taurisano.<\/strong><\/p>\n\n\n\n<p>\u201c<em>Ho sentito soluzioni a problemi a cui non avrei pensato\u201d.<\/em><\/p>\n\n\n\n<p>\u201c<em>Il contributo di tante esperienze mi ha dato possibilit\u00e0 di valutare altre strade che da sola non avevo considerato\u201d.<\/em><\/p>\n\n\n\n<p>\u201c<em>Ho trovato empatia reciproca\u201d.<\/em><\/p>\n\n\n\n<p>Dietro queste testimonianze c\u2019\u00e8 il vero risultato del progetto, presentato nel corso del convegno&nbsp;<strong>\u201cOltre le differenze: famiglie in relazione\u201d&nbsp;<\/strong>organizzato alla Fornace Carotta dall\u2019<strong>Associazione Famiglie Persone con disabilit\u00e0 IRPEA Padova nell\u2019ambito della Rete Utenti per Caso<\/strong>, sostenuto da&nbsp;<strong>Fondazione Cassa di Risparmio di Padova e Rovigo nell\u2019ambito del bando Welfare,<\/strong>&nbsp;con il<strong>&nbsp;patrocinio di CSV<\/strong>&nbsp;e la collaborazione di&nbsp;<strong>\u201cPatto per lo sviluppo di un nuovo welfare\u201d<\/strong>,&nbsp;<strong>Fondazione Irpea e di altri 9 partner sociali, tra cui ULSS 5 e 6 e Comuni di Padova, Rovigo e Piove di Sacco.<\/strong><\/p>\n\n\n\n<p>\u201c<em>Sono stati due anni intensi, che hanno generato una sinergia concreta tra diversi soggetti \u2013&nbsp;<\/em>ha sottolineato in apertura la presidente dell\u2019Associazione Famiglie Persone con Disabilit\u00e0 IRPEA Padova&nbsp;<strong>Laura Dalla Nora Pradella<\/strong>&nbsp;\u2013 mentre l\u2019<strong>Assessora del Comune di Padova Cristina Piva&nbsp;<\/strong>ha citato il<em>\u201cgrande bisogno di fare rete per affrontare percorsi delicati che non sono sempre lineari\u201d<\/em>, ricordando Anna Doneg\u00e0 ad un anno dalla morte.<\/p>\n\n\n\n<p>I numerosi interventi&nbsp;coordinati da Antonella Dursi&nbsp;&#8211; il consigliere generale Francesco de Agostini della Fondazione Cariparo, Marcello Mazzo dei Servizi Socio Sanitari ULSS 5 Polesana, Patrizia Sartori dell\u2019ULSS 6 Euganea, la presidente della Fondazione IRPEA ETS Margherita Miotto,&nbsp;Silvana Bortolami della Rete Utenti per Caso, l\u2019educatrice professionale e psicologa Lara Fornaro, Carlo Zagato della Cooperativa sociale Porto Alegre, il sociologo Paolo Pezzana e l\u2019Assessora ai servizi sociali del Comune di Padova Margherita Colonnello che ha citato le diverse esperienze per l\u2019inclusione e la vita indipendente finanziate anche tramite il PNRR \u2013 hanno concretizzato i nodi di questa rete, validando un nuovo approccio alla disabilit\u00e0 e al nucleo famigliare che convive con essa l\u2019attenzione al processo di emancipazione, benessere e autodeterminazione delle persone con disabilit\u00e0.<\/p>\n\n\n\n<p>Con l\u2019impegno congiunto a andare avanti e mettere a disposizione del territorio le opportunit\u00e0 che il progetto ha generato.<\/p>\n","protected":false},"excerpt":{"rendered":"<p>&#8216;OLTRE LE DIFFERENZE&#8217;, FAMIGLIE CON FIGLI CON DISABILIT\u00c0: RETE TRA ISTITUZIONI E TERZO SETTORE PER SUPERARE L\u2019ISOLAMENTO<\/p>\n","protected":false},"author":8,"featured_media":1858,"comment_status":"closed","ping_status":"open","sticky":false,"template":"","format":"standard","meta":[],"categories":[28],"tags":[115,347,121],"yoast_head":"<!-- This site is optimized with the Yoast SEO plugin v20.2 - https:\/\/yoast.com\/wordpress\/plugins\/seo\/ -->\n<title>Due anni del progetto \u201cOltre le differenze\u201d, a Padova si tirano le somme - NES<\/title>\n<meta name=\"description\" content=\"&#039;OLTRE LE DIFFERENZE&#039;, FAMIGLIE CON FIGLI CON DISABILIT\u00c0: RETE TRA ISTITUZIONI E TERZO SETTORE PER SUPERARE L\u2019ISOLAMENTO\" \/>\n<meta name=\"robots\" content=\"index, follow, max-snippet:-1, max-image-preview:large, max-video-preview:-1\" \/>\n<link rel=\"canonical\" href=\"https:\/\/www.nordestsanita.it\/?p=1855\" \/>\n<meta property=\"og:locale\" content=\"it_IT\" \/>\n<meta property=\"og:type\" content=\"article\" \/>\n<meta property=\"og:title\" content=\"Due anni del progetto \u201cOltre le differenze\u201d, a Padova si tirano le somme - NES\" \/>\n<meta property=\"og:description\" content=\"&#039;OLTRE LE DIFFERENZE&#039;, FAMIGLIE CON FIGLI CON DISABILIT\u00c0: RETE TRA ISTITUZIONI E TERZO SETTORE PER SUPERARE L\u2019ISOLAMENTO\" \/>\n<meta property=\"og:url\" content=\"https:\/\/www.nordestsanita.it\/?p=1855\" \/>\n<meta property=\"og:site_name\" content=\"NES\" \/>\n<meta property=\"article:published_time\" content=\"2024-01-25T14:06:07+00:00\" \/>\n<meta property=\"article:modified_time\" content=\"2024-01-25T14:06:14+00:00\" \/>\n<meta property=\"og:image\" content=\"https:\/\/www.nordestsanita.it\/wp-content\/uploads\/2024\/01\/Oltre_le_differenze_IRPEA-2.jpg\" \/>\n\t<meta property=\"og:image:width\" content=\"2000\" \/>\n\t<meta property=\"og:image:height\" content=\"1500\" \/>\n\t<meta property=\"og:image:type\" content=\"image\/jpeg\" \/>\n<meta name=\"author\" content=\"Redazione\" \/>\n<meta name=\"twitter:card\" content=\"summary_large_image\" \/>\n<meta name=\"twitter:label1\" content=\"Scritto da\" \/>\n\t<meta name=\"twitter:data1\" content=\"Redazione\" \/>\n\t<meta name=\"twitter:label2\" content=\"Tempo di lettura stimato\" \/>\n\t<meta name=\"twitter:data2\" content=\"5 minuti\" \/>\n<script type=\"application\/ld+json\" class=\"yoast-schema-graph\">{\"@context\":\"https:\/\/schema.org\",\"@graph\":[{\"@type\":\"Article\",\"@id\":\"https:\/\/www.nordestsanita.it\/?p=1855#article\",\"isPartOf\":{\"@id\":\"https:\/\/www.nordestsanita.it\/?p=1855\"},\"author\":{\"name\":\"Redazione\",\"@id\":\"https:\/\/www.nordestsanita.it\/#\/schema\/person\/e5a7dc6dca45cb55e67d4a127b0e969a\"},\"headline\":\"Due anni del progetto \u201cOltre le differenze\u201d, a Padova si tirano le somme\",\"datePublished\":\"2024-01-25T14:06:07+00:00\",\"dateModified\":\"2024-01-25T14:06:14+00:00\",\"mainEntityOfPage\":{\"@id\":\"https:\/\/www.nordestsanita.it\/?p=1855\"},\"wordCount\":851,\"publisher\":{\"@id\":\"https:\/\/www.nordestsanita.it\/#organization\"},\"keywords\":[\"disabilit\u00e0\",\"irpea\",\"padova\"],\"articleSection\":[\"Sociale\"],\"inLanguage\":\"it-IT\"},{\"@type\":\"WebPage\",\"@id\":\"https:\/\/www.nordestsanita.it\/?p=1855\",\"url\":\"https:\/\/www.nordestsanita.it\/?p=1855\",\"name\":\"Due anni del progetto \u201cOltre le differenze\u201d, a Padova si tirano le somme - NES\",\"isPartOf\":{\"@id\":\"https:\/\/www.nordestsanita.it\/#website\"},\"datePublished\":\"2024-01-25T14:06:07+00:00\",\"dateModified\":\"2024-01-25T14:06:14+00:00\",\"description\":\"'OLTRE LE DIFFERENZE', FAMIGLIE CON FIGLI CON DISABILIT\u00c0: RETE TRA ISTITUZIONI E TERZO SETTORE PER SUPERARE L\u2019ISOLAMENTO\",\"breadcrumb\":{\"@id\":\"https:\/\/www.nordestsanita.it\/?p=1855#breadcrumb\"},\"inLanguage\":\"it-IT\",\"potentialAction\":[{\"@type\":\"ReadAction\",\"target\":[\"https:\/\/www.nordestsanita.it\/?p=1855\"]}]},{\"@type\":\"BreadcrumbList\",\"@id\":\"https:\/\/www.nordestsanita.it\/?p=1855#breadcrumb\",\"itemListElement\":[{\"@type\":\"ListItem\",\"position\":1,\"name\":\"Home\",\"item\":\"https:\/\/www.nordestsanita.it\/\"},{\"@type\":\"ListItem\",\"position\":2,\"name\":\"Due anni del progetto \u201cOltre le differenze\u201d, a Padova si tirano le somme\"}]},{\"@type\":\"WebSite\",\"@id\":\"https:\/\/www.nordestsanita.it\/#website\",\"url\":\"https:\/\/www.nordestsanita.it\/\",\"name\":\"NES\",\"description\":\"Nord Est Sanit\u00e0\",\"publisher\":{\"@id\":\"https:\/\/www.nordestsanita.it\/#organization\"},\"potentialAction\":[{\"@type\":\"SearchAction\",\"target\":{\"@type\":\"EntryPoint\",\"urlTemplate\":\"https:\/\/www.nordestsanita.it\/?s={search_term_string}\"},\"query-input\":\"required name=search_term_string\"}],\"inLanguage\":\"it-IT\"},{\"@type\":\"Organization\",\"@id\":\"https:\/\/www.nordestsanita.it\/#organization\",\"name\":\"NES\",\"url\":\"https:\/\/www.nordestsanita.it\/\",\"logo\":{\"@type\":\"ImageObject\",\"inLanguage\":\"it-IT\",\"@id\":\"https:\/\/www.nordestsanita.it\/#\/schema\/logo\/image\/\",\"url\":\"https:\/\/www.nordestsanita.it\/wp-content\/uploads\/2021\/05\/NES-1280.png\",\"contentUrl\":\"https:\/\/www.nordestsanita.it\/wp-content\/uploads\/2021\/05\/NES-1280.png\",\"width\":1280,\"height\":458,\"caption\":\"NES\"},\"image\":{\"@id\":\"https:\/\/www.nordestsanita.it\/#\/schema\/logo\/image\/\"}},{\"@type\":\"Person\",\"@id\":\"https:\/\/www.nordestsanita.it\/#\/schema\/person\/e5a7dc6dca45cb55e67d4a127b0e969a\",\"name\":\"Redazione\",\"image\":{\"@type\":\"ImageObject\",\"inLanguage\":\"it-IT\",\"@id\":\"https:\/\/www.nordestsanita.it\/#\/schema\/person\/image\/\",\"url\":\"https:\/\/secure.gravatar.com\/avatar\/3f19a9b3d671ea36ec67c4badf3f961a?s=96&d=mm&r=g\",\"contentUrl\":\"https:\/\/secure.gravatar.com\/avatar\/3f19a9b3d671ea36ec67c4badf3f961a?s=96&d=mm&r=g\",\"caption\":\"Redazione\"},\"url\":\"https:\/\/www.nordestsanita.it\/?author=8\"}]}<\/script>\n<!-- \/ Yoast SEO plugin. -->","yoast_head_json":{"title":"Due anni del progetto \u201cOltre le differenze\u201d, a Padova si tirano le somme - NES","description":"'OLTRE LE DIFFERENZE', FAMIGLIE CON FIGLI CON DISABILIT\u00c0: RETE TRA ISTITUZIONI E TERZO SETTORE PER SUPERARE L\u2019ISOLAMENTO","robots":{"index":"index","follow":"follow","max-snippet":"max-snippet:-1","max-image-preview":"max-image-preview:large","max-video-preview":"max-video-preview:-1"},"canonical":"https:\/\/www.nordestsanita.it\/?p=1855","og_locale":"it_IT","og_type":"article","og_title":"Due anni del progetto \u201cOltre le differenze\u201d, a Padova si tirano le somme - NES","og_description":"'OLTRE LE DIFFERENZE', FAMIGLIE CON FIGLI CON DISABILIT\u00c0: RETE TRA ISTITUZIONI E TERZO SETTORE PER SUPERARE L\u2019ISOLAMENTO","og_url":"https:\/\/www.nordestsanita.it\/?p=1855","og_site_name":"NES","article_published_time":"2024-01-25T14:06:07+00:00","article_modified_time":"2024-01-25T14:06:14+00:00","og_image":[{"width":2000,"height":1500,"url":"https:\/\/www.nordestsanita.it\/wp-content\/uploads\/2024\/01\/Oltre_le_differenze_IRPEA-2.jpg","type":"image\/jpeg"}],"author":"Redazione","twitter_card":"summary_large_image","twitter_misc":{"Scritto da":"Redazione","Tempo di lettura stimato":"5 minuti"},"schema":{"@context":"https:\/\/schema.org","@graph":[{"@type":"Article","@id":"https:\/\/www.nordestsanita.it\/?p=1855#article","isPartOf":{"@id":"https:\/\/www.nordestsanita.it\/?p=1855"},"author":{"name":"Redazione","@id":"https:\/\/www.nordestsanita.it\/#\/schema\/person\/e5a7dc6dca45cb55e67d4a127b0e969a"},"headline":"Due anni del progetto \u201cOltre le differenze\u201d, a Padova si tirano le somme","datePublished":"2024-01-25T14:06:07+00:00","dateModified":"2024-01-25T14:06:14+00:00","mainEntityOfPage":{"@id":"https:\/\/www.nordestsanita.it\/?p=1855"},"wordCount":851,"publisher":{"@id":"https:\/\/www.nordestsanita.it\/#organization"},"keywords":["disabilit\u00e0","irpea","padova"],"articleSection":["Sociale"],"inLanguage":"it-IT"},{"@type":"WebPage","@id":"https:\/\/www.nordestsanita.it\/?p=1855","url":"https:\/\/www.nordestsanita.it\/?p=1855","name":"Due anni del progetto \u201cOltre le differenze\u201d, a Padova si tirano le somme - NES","isPartOf":{"@id":"https:\/\/www.nordestsanita.it\/#website"},"datePublished":"2024-01-25T14:06:07+00:00","dateModified":"2024-01-25T14:06:14+00:00","description":"'OLTRE LE DIFFERENZE', FAMIGLIE CON FIGLI CON DISABILIT\u00c0: RETE TRA ISTITUZIONI E TERZO SETTORE PER SUPERARE L\u2019ISOLAMENTO","breadcrumb":{"@id":"https:\/\/www.nordestsanita.it\/?p=1855#breadcrumb"},"inLanguage":"it-IT","potentialAction":[{"@type":"ReadAction","target":["https:\/\/www.nordestsanita.it\/?p=1855"]}]},{"@type":"BreadcrumbList","@id":"https:\/\/www.nordestsanita.it\/?p=1855#breadcrumb","itemListElement":[{"@type":"ListItem","position":1,"name":"Home","item":"https:\/\/www.nordestsanita.it\/"},{"@type":"ListItem","position":2,"name":"Due anni del progetto \u201cOltre le differenze\u201d, a Padova si tirano le somme"}]},{"@type":"WebSite","@id":"https:\/\/www.nordestsanita.it\/#website","url":"https:\/\/www.nordestsanita.it\/","name":"NES","description":"Nord Est Sanit\u00e0","publisher":{"@id":"https:\/\/www.nordestsanita.it\/#organization"},"potentialAction":[{"@type":"SearchAction","target":{"@type":"EntryPoint","urlTemplate":"https:\/\/www.nordestsanita.it\/?s={search_term_string}"},"query-input":"required name=search_term_string"}],"inLanguage":"it-IT"},{"@type":"Organization","@id":"https:\/\/www.nordestsanita.it\/#organization","name":"NES","url":"https:\/\/www.nordestsanita.it\/","logo":{"@type":"ImageObject","inLanguage":"it-IT","@id":"https:\/\/www.nordestsanita.it\/#\/schema\/logo\/image\/","url":"https:\/\/www.nordestsanita.it\/wp-content\/uploads\/2021\/05\/NES-1280.png","contentUrl":"https:\/\/www.nordestsanita.it\/wp-content\/uploads\/2021\/05\/NES-1280.png","width":1280,"height":458,"caption":"NES"},"image":{"@id":"https:\/\/www.nordestsanita.it\/#\/schema\/logo\/image\/"}},{"@type":"Person","@id":"https:\/\/www.nordestsanita.it\/#\/schema\/person\/e5a7dc6dca45cb55e67d4a127b0e969a","name":"Redazione","image":{"@type":"ImageObject","inLanguage":"it-IT","@id":"https:\/\/www.nordestsanita.it\/#\/schema\/person\/image\/","url":"https:\/\/secure.gravatar.com\/avatar\/3f19a9b3d671ea36ec67c4badf3f961a?s=96&d=mm&r=g","contentUrl":"https:\/\/secure.gravatar.com\/avatar\/3f19a9b3d671ea36ec67c4badf3f961a?s=96&d=mm&r=g","caption":"Redazione"},"url":"https:\/\/www.nordestsanita.it\/?author=8"}]}},"jetpack_featured_media_url":"https:\/\/www.nordestsanita.it\/wp-content\/uploads\/2024\/01\/Oltre_le_differenze_IRPEA-2.jpg","_links":{"self":[{"href":"https:\/\/www.nordestsanita.it\/index.php?rest_route=\/wp\/v2\/posts\/1855"}],"collection":[{"href":"https:\/\/www.nordestsanita.it\/index.php?rest_route=\/wp\/v2\/posts"}],"about":[{"href":"https:\/\/www.nordestsanita.it\/index.php?rest_route=\/wp\/v2\/types\/post"}],"author":[{"embeddable":true,"href":"https:\/\/www.nordestsanita.it\/index.php?rest_route=\/wp\/v2\/users\/8"}],"replies":[{"embeddable":true,"href":"https:\/\/www.nordestsanita.it\/index.php?rest_route=%2Fwp%2Fv2%2Fcomments&post=1855"}],"version-history":[{"count":1,"href":"https:\/\/www.nordestsanita.it\/index.php?rest_route=\/wp\/v2\/posts\/1855\/revisions"}],"predecessor-version":[{"id":1859,"href":"https:\/\/www.nordestsanita.it\/index.php?rest_route=\/wp\/v2\/posts\/1855\/revisions\/1859"}],"wp:featuredmedia":[{"embeddable":true,"href":"https:\/\/www.nordestsanita.it\/index.php?rest_route=\/wp\/v2\/media\/1858"}],"wp:attachment":[{"href":"https:\/\/www.nordestsanita.it\/index.php?rest_route=%2Fwp%2Fv2%2Fmedia&parent=1855"}],"wp:term":[{"taxonomy":"category","embeddable":true,"href":"https:\/\/www.nordestsanita.it\/index.php?rest_route=%2Fwp%2Fv2%2Fcategories&post=1855"},{"taxonomy":"post_tag","embeddable":true,"href":"https:\/\/www.nordestsanita.it\/index.php?rest_route=%2Fwp%2Fv2%2Ftags&post=1855"}],"curies":[{"name":"wp","href":"https:\/\/api.w.org\/{rel}","templated":true}]}}