{"id":1879,"date":"2024-02-22T17:10:11","date_gmt":"2024-02-22T16:10:11","guid":{"rendered":"https:\/\/www.nordestsanita.it\/?p=1879"},"modified":"2024-02-22T17:10:11","modified_gmt":"2024-02-22T16:10:11","slug":"epilessie-rare-farmaco-resistenti-si-rafforza-in-triveneto-la-rete-tra-clinici-istituzioni-e-pazienti","status":"publish","type":"post","link":"https:\/\/www.nordestsanita.it\/?p=1879","title":{"rendered":"Epilessie rare farmaco resistenti,\u00a0si rafforza in Triveneto la rete tra clinici, istituzioni e pazienti"},"content":{"rendered":"\n<p>Sono\u00a0<strong>patologie neurologiche croniche ad alto impatto sociale<\/strong>: stiamo parlando delle <strong>epilessie rare farmaco resistenti <\/strong>che data l\u2019elevata molteplicit\u00e0 delle forme considerate nel loro insieme, esse costituiscono un\u2019entit\u00e0 clinica rilevante (<strong>10-20% dei casi di epilessia<\/strong>). <\/p>\n\n\n\n<!--more-->\n\n\n\n<p>Nella maggioranza esordiscono molto precocemente anche se in diversi casi possono esordire dopo il terzo anno di vita. L\u2019<strong>eziologia<\/strong>\u00a0pu\u00f2 essere di varia natura &#8211;\u00a0<strong>genetica, strutturale congenita o acquisita, metabolica, infettiva, infettiva\/immunitaria<\/strong>\u00a0&#8211; e a tutt\u2019oggi una quota rilevante rimane di natura sconosciuta. In particolare, nelle forme ad esordio precoce una quota minoritaria \u00e8 costituita da forme genetiche ad evoluzione spontaneamente favorevole o da forme metaboliche correggibili. La maggioranza \u00e8 costituita, tuttavia, da forme di encefalopatia dello sviluppo ed epilettiche tendenzialmente caratterizzate da crisi epilettiche farmacoresistenti e da una complessa compromissione del neurosviluppo (cognitiva, motoria, de6l linguaggio, della relazione, del comportamento, etc.) in quota parte aggravata dall\u2019andamento dell\u2019epilessia ma in gran parte conseguente all\u2019eziologia di base che pi\u00f9 frequentemente \u00e8 di natura genetica.<\/p>\n\n\n\n<p>Di fronte al quadro presentato dal professore&nbsp;<strong>Bernardo Dalla Bernardina<\/strong>, gi\u00e0 Direttore di Neuropsichiatria infantile presso l\u2019azienda ospedaliera universitaria di Verona, gravitano&nbsp;<strong>bisogni e nuove sfide<\/strong>:&nbsp;<strong>diagnosi precoce,&nbsp;<\/strong>una&nbsp;<strong>transizione da paziente pediatrico a paziente adulto che sia supportata da strategie che garantiscano una presa in carico efficace; migliorare la qualit\u00e0 di vita dei pazienti e delle loro famiglie. E se sul piano clinico la multidisciplinariet\u00e0 \u00e8 fondamentale, sussiste ancora la difficolt\u00e0 nel portare avanti progetti di ricerca, tracciare percorsi di continuit\u00e0 terapeutica, realizzare raccordi interaziendali, interregionali e ospedale-territorio<\/strong>&nbsp;(per facilitare l\u2019assistenza domiciliare) e rendere&nbsp;<strong>accessibili le nuove terapie e l\u2019assistenza riabilitativa psicologica<\/strong>.<\/p>\n\n\n\n<p>Rispetto alle malattie rare,&nbsp;<strong>il<\/strong>&nbsp;<strong>Veneto ha sviluppato una rete di servizi di riferimento regionale e sovra-regionale e rafforzato i servizi sul territorio attraverso politiche di programmazione<\/strong>&nbsp;che hanno l&#8217;obiettivo di favorire l&#8217;accesso ai servizi sanitari, favorire una diagnosi precoce e anche l&#8217;implementazione di terapie innovative per i pazienti affetti da malattie rare.&nbsp;<em>\u201cLa visione regionale \u00e8 stata quella di non fermarsi alla rete regionale ma lavorare anche con una rete sovra-regionale con le province autonome di Trento e la provincia autonoma di Bolzano<\/em>\u201d ha spiegato&nbsp;<strong>Sonia Brescacin<\/strong>, Presidente della V Commissione Politiche socio-sanitarie del Consiglio regionale del Veneto, che ha ricordato quanto sia importante&nbsp;focalizzare l&#8217;attenzione sulla&nbsp;<strong>formazione dei professionisti<\/strong>, sul<strong>&nbsp;rafforzamento del sistema territoriale&nbsp;<\/strong>e sulle<strong>&nbsp;associazioni<\/strong>&nbsp;che portano all\u2019attenzione le reali esigenze sanitarie e socio-assistenziali delle persone con malattie rare e delle loro famiglie e sono in grado di essere presenti nei tavoli tecnici che portano alla definizione delle politiche dei PDTA.<\/p>\n\n\n\n<p>\u201c<strong><em>Affrontare il tema delle malattie rare vuol dire non solo presa in carico del malato ma anche qualit\u00e0 di vita del paziente e delle persone che gli stanno attorno<\/em><\/strong><em>, tema a cui teniamo molto perch\u00e9 consideriamo che salute sia non solo presa in carico clinica della malattia ma anche presa in carico del paziente prima, durante e dopo la malattia<\/em>\u201d ha spiegato&nbsp;<strong>Carlo Bolzonello<\/strong>, Consigliere regionale e Presidente della III Commissione Permanente Tutela della salute, servizi sociali, alimentazione, previdenza complementare e integrativa del Friuli-Venezia Giulia, ricordando la recente Inaugurazione dei nuovi spazi del poliambulatorio e del laboratorio per la medicina di precisione e malattie rare dell\u2019istituto Burlo, sottolineando cos\u00ec la forte attenzione al tema delle malattie rare.<\/p>\n\n\n\n<p><strong>Furio Honsell<\/strong>, Consigliere Regionale del Friuli, ha spiegato che&nbsp;<strong>lo sforzo su tematiche cos\u00ec impattanti come le epilessie rare deve essere collettivo e sociale e considerare l\u2019impegno e il ruolo delle associazioni pazienti<\/strong>. \u201c<em>Nella nostra regione gli strumenti sono buoni, i PDTA funzionano ma resta il problema dei caregiver: \u00e8 molto problematico riuscire ad utilizzare i fondi del FAP perch\u00e9 alle volte mancano gli educatori e le professionalit\u00e0<\/em>\u201d.<\/p>\n\n\n\n<p>Nel mondo complesso delle malattie rare i malati e le famiglie chiedono che si ponga&nbsp;<strong>maggiore attenzione al miglioramento della qualit\u00e0 di vit<\/strong>a. \u201c<em>Per farlo sono fondamentali&nbsp;<\/em><em>informazione e formazione&nbsp;<\/em><em>in tutti i contesti oltre che il<\/em><em>&nbsp;rafforzamento della<\/em>&nbsp;<em>presa in carico multidisciplinare&nbsp;<\/em><em>e la<\/em><em>&nbsp;continuit\u00e0 di cura dei pazienti adolescenti ed adulti, affiancando supporto psicologico e progetti mirati per una integrazione sociale<\/em>\u201d, come ha sottolineato&nbsp;<strong>Isabella Brambilla<\/strong>&nbsp;dell\u2019Alleanza&nbsp;<em>epilessie rare\/Dravet Italia Onlus\/Epag EpiCARE, che ha elencato altre criticit\u00e0:<\/em><em>&nbsp;\u201c<\/em><em>manca il riconoscimento per tutte le nostre patologie a livello nazionale nei Lea,&nbsp;<\/em><em>per questo abbiamo presentato richiesta con il supporto di medici, della rete ERN (<\/em><em>European Reference Network),&nbsp;<\/em><em>delle associazioni LICE e delle associazioni pazienti; il riconoscimento ci permetterebbe una facilitazione nell\u2019accesso ai farmaci e alle terapie.&nbsp;<\/em><em>Il follow up deve essere pi\u00f9 regolare possibile<\/em><em>&nbsp;e&nbsp;<\/em><em>c\u2019\u00e8 ancora molto da fare per quanto riguarda l\u2019assistenza<\/em>\u201d.<\/p>\n\n\n\n<p>Si \u00e8 affrontato anche il tema del&nbsp;<strong>supporto psicologico<\/strong>, affrontato da&nbsp;<strong>Giulia Prisco<\/strong>, Referente Alleanza Epilessie Rare e Complesse e Angelman, la quale ha evidenziato che questo non deve mancare in tutto il percorso della continuit\u00e0 di cura: \u201c<em>\u00e8 importante pensare a un trattamento non solo con il neurologo e lo psichiatra ma anche con lo psicologo, sul piano individuale e familiare\u201d.<\/em><\/p>\n\n\n\n<p>Sulla necessit\u00e0 di&nbsp;<strong>una diagnosi precoce e adeguatamente comunicata, di un sistematico monitoraggio nel tempo basato su un approccio multidisciplinare e in alleanza con le famiglie<\/strong><em>,<\/em>&nbsp;\u00e8 intervenuto il professore&nbsp;<strong>Bernardo Dalla Bernardina<\/strong>: \u201c<em>un tale approccio non solo garantisce un corretto trattamento farmacologico delle crisi, ma anche l\u2019insieme dei trattamenti abilitativi\/riabilitativi adattati al singolo soggetto indispensabili al miglioramento della qualit\u00e0 di vita sua e della famiglia<\/em>\u201d.<\/p>\n\n\n\n<p>Nella gestione dei pazienti affetti da forme di epilessia rara farmacoresistente, l&#8217;<strong>approccio multidisciplinare&nbsp;<\/strong>si configura come uno dei&nbsp;<strong>principali punti di forza<\/strong>. Ne sono convinti&nbsp;<strong>Fabrizio Rinaldi&nbsp;<\/strong>del Centro per la diagnosi e cura dell&#8217;epilessia e della Divisione di Neurologia dell\u2019ospedale Franz Tappeiner, Azienda Sanitaria dell&#8217;Alto Adige, e coordinatore LICE Bolzano e&nbsp;<strong>Francesca Darra<\/strong>, Direttore della Neuropsichiatria infantile dell\u2019AOU Verona e coordinatore LICE &#8211; Lega italiana contro l\u2019Epilessia.<\/p>\n\n\n\n<p>\u201c<em>Grazie alla collaborazione tra neurologi, epilettologi, neuropsichiatri, e altre figure specializzate \u2013&nbsp;<\/em>spiega&nbsp;<strong>Fabrizio Rinaldi<\/strong><em>&nbsp;&#8211; \u00e8 possibile offrire un trattamento personalizzato e mirato alle specifiche esigenze di ciascun paziente. Tuttavia, non possiamo trascurare le criticit\u00e0 legate alla complessit\u00e0 di queste patologie e alla necessit\u00e0 di risorse adeguate a garantire un&#8217;assistenza completa e di qualit\u00e0. \u00c8 fondamentale, dunque,&nbsp;<strong>investire in una formazione continua per i professionisti coinvolti e promuovere una maggiore condivisione delle esperienze e delle migliori pratiche<\/strong>. Solo cos\u00ec potremo rendere effettiva la presa in carico dei pazienti affetti da epilessie rare, offrendo loro un percorso di cura pi\u00f9 efficace e soddisfacente<\/em>&#8220;.<\/p>\n\n\n\n<p>\u201c<em>Le epilessie rare, in particolare quelle che configurano una encefalopatia dello sviluppo ed epilettica si caratterizzano per un elevato polimorfismo eziologico, ed elevate complessit\u00e0 clinica e cronicit\u00e0<\/em>&nbsp;<em>comportando pertanto significative difficolt\u00e0 sul piano diagnostico e richiedendo la realizzazione di una cura ed una presa in carico basate su un approccio multiprofessionale, una consolidata integrazione tra ospedale e territorio e tra i servizi dedicati all\u2019et\u00e0 pediatrica e quelli per l\u2019adulto \u2013&nbsp;<\/em>ha affermato la professoressa&nbsp;<strong>Francesca<\/strong>&nbsp;<strong>Darra&nbsp;<\/strong><em>-. Cosa serve dunque?&nbsp;<strong>Indispensabili sono i network tra Centri con expertise in tale ambito a livello nazionale ed Internazionale&nbsp;<\/strong>ed altrettanto indispensabile \u00e8 il&nbsp;<strong>contributo delle famiglie e delle associazioni, in particolare ai fini di meglio conoscere le reali problematiche e l\u2019impatto sulla qualit\u00e0 di vita nelle diverse forme<\/strong><\/em>.&nbsp;<em>Ulteriore necessit\u00e0 \u00e8 la&nbsp;<strong>promozione di trial clinici basati su dati di real world<\/strong>, data la difficolt\u00e0 e spesso l\u2019insostenibilit\u00e0 nella conduzione di trial randomizzati in doppio cieco. Un punto critico in proposito \u00e8 la possibilit\u00e0 di accesso rapido ai farmaci, in considerazione del fatto che ad una diagnosi precoce ed esaustiva dovrebbe seguire un altrettanto rapido ed il pi\u00f9 possibile personalizzato trattamento<\/em>\u201d.<\/p>\n\n\n\n<p><em>\u201cI pazienti affetti da epilessie farmaco-resistenti rappresentano una sfida per il neurologo, non solo per la complessit\u00e0 diagnostica e terapeutica, ma anche per l\u2019impatto significativo della farmaco-resistenza sulla qualit\u00e0 della vita<\/em>\u201d ha dichiarato&nbsp;<strong>Giada Pauletto, medico neurologo, S.O.C. di Neurologia, Azienda Sanitaria Universitaria Friuli Centrale e Coordinatore LICE &#8211; Lega Italiana Contro l&#8217;Epilessia Triveneto&#8221;<\/strong>, che ha sottolineato che esistono ancora&nbsp;<strong>molte criticit\u00e0&nbsp;<\/strong>\u201c<em>fra le quali la discrepanza delle cure dall\u2019ambito neuro-pediatrico a quello neurologico dell\u2019adulto, la necessit\u00e0 di centri dedicati alla gestione delle Malattie rare e la conoscenza delle stesse, al fine di attuare strategie terapeutiche il pi\u00f9 precocemente possibile<\/em>\u201d.<\/p>\n","protected":false},"excerpt":{"rendered":"<p>Epilessie rare farmaco resistenti,\u00a0si rafforza in Triveneto la rete tra clinici, istituzioni e associazioni dei pazienti<\/p>\n","protected":false},"author":8,"featured_media":1628,"comment_status":"closed","ping_status":"open","sticky":false,"template":"","format":"standard","meta":[],"categories":[25],"tags":[129,70],"yoast_head":"<!-- This site is optimized with the Yoast SEO plugin v20.2 - https:\/\/yoast.com\/wordpress\/plugins\/seo\/ -->\n<title>Epilessie rare farmaco resistenti,\u00a0si rafforza in Triveneto la rete tra clinici, istituzioni e pazienti - NES<\/title>\n<meta name=\"description\" content=\"Epilessie rare farmaco resistenti,\u00a0si rafforza in Triveneto la rete tra clinici, istituzioni e associazioni dei pazienti\" \/>\n<meta name=\"robots\" content=\"index, follow, max-snippet:-1, max-image-preview:large, max-video-preview:-1\" \/>\n<link rel=\"canonical\" href=\"https:\/\/www.nordestsanita.it\/?p=1879\" \/>\n<meta property=\"og:locale\" content=\"it_IT\" \/>\n<meta property=\"og:type\" content=\"article\" \/>\n<meta property=\"og:title\" content=\"Epilessie rare farmaco resistenti,\u00a0si rafforza in Triveneto la rete tra clinici, istituzioni e pazienti - NES\" \/>\n<meta property=\"og:description\" content=\"Epilessie rare farmaco resistenti,\u00a0si rafforza in Triveneto la rete tra clinici, istituzioni e associazioni dei pazienti\" \/>\n<meta property=\"og:url\" content=\"https:\/\/www.nordestsanita.it\/?p=1879\" \/>\n<meta property=\"og:site_name\" content=\"NES\" \/>\n<meta property=\"article:published_time\" content=\"2024-02-22T16:10:11+00:00\" \/>\n<meta property=\"og:image\" content=\"https:\/\/www.nordestsanita.it\/wp-content\/uploads\/2023\/02\/epilessia-2.jpg\" \/>\n\t<meta property=\"og:image:width\" content=\"640\" \/>\n\t<meta property=\"og:image:height\" content=\"427\" \/>\n\t<meta property=\"og:image:type\" content=\"image\/jpeg\" \/>\n<meta name=\"author\" content=\"Redazione\" \/>\n<meta name=\"twitter:card\" content=\"summary_large_image\" \/>\n<meta name=\"twitter:label1\" content=\"Scritto da\" \/>\n\t<meta name=\"twitter:data1\" content=\"Redazione\" \/>\n\t<meta name=\"twitter:label2\" content=\"Tempo di lettura stimato\" \/>\n\t<meta name=\"twitter:data2\" content=\"8 minuti\" \/>\n<script type=\"application\/ld+json\" class=\"yoast-schema-graph\">{\"@context\":\"https:\/\/schema.org\",\"@graph\":[{\"@type\":\"Article\",\"@id\":\"https:\/\/www.nordestsanita.it\/?p=1879#article\",\"isPartOf\":{\"@id\":\"https:\/\/www.nordestsanita.it\/?p=1879\"},\"author\":{\"name\":\"Redazione\",\"@id\":\"https:\/\/www.nordestsanita.it\/#\/schema\/person\/e5a7dc6dca45cb55e67d4a127b0e969a\"},\"headline\":\"Epilessie rare farmaco resistenti,\u00a0si rafforza in Triveneto la rete tra clinici, istituzioni e pazienti\",\"datePublished\":\"2024-02-22T16:10:11+00:00\",\"dateModified\":\"2024-02-22T16:10:11+00:00\",\"mainEntityOfPage\":{\"@id\":\"https:\/\/www.nordestsanita.it\/?p=1879\"},\"wordCount\":1431,\"publisher\":{\"@id\":\"https:\/\/www.nordestsanita.it\/#organization\"},\"keywords\":[\"epilessia\",\"Veneto\"],\"articleSection\":[\"Sanit\u00e0\"],\"inLanguage\":\"it-IT\"},{\"@type\":\"WebPage\",\"@id\":\"https:\/\/www.nordestsanita.it\/?p=1879\",\"url\":\"https:\/\/www.nordestsanita.it\/?p=1879\",\"name\":\"Epilessie rare farmaco resistenti,\u00a0si rafforza in Triveneto la rete tra clinici, istituzioni e pazienti - NES\",\"isPartOf\":{\"@id\":\"https:\/\/www.nordestsanita.it\/#website\"},\"datePublished\":\"2024-02-22T16:10:11+00:00\",\"dateModified\":\"2024-02-22T16:10:11+00:00\",\"description\":\"Epilessie rare farmaco resistenti,\u00a0si rafforza in Triveneto la rete tra clinici, istituzioni e associazioni dei pazienti\",\"breadcrumb\":{\"@id\":\"https:\/\/www.nordestsanita.it\/?p=1879#breadcrumb\"},\"inLanguage\":\"it-IT\",\"potentialAction\":[{\"@type\":\"ReadAction\",\"target\":[\"https:\/\/www.nordestsanita.it\/?p=1879\"]}]},{\"@type\":\"BreadcrumbList\",\"@id\":\"https:\/\/www.nordestsanita.it\/?p=1879#breadcrumb\",\"itemListElement\":[{\"@type\":\"ListItem\",\"position\":1,\"name\":\"Home\",\"item\":\"https:\/\/www.nordestsanita.it\/\"},{\"@type\":\"ListItem\",\"position\":2,\"name\":\"Epilessie rare farmaco resistenti,\u00a0si rafforza in Triveneto la rete tra clinici, istituzioni e pazienti\"}]},{\"@type\":\"WebSite\",\"@id\":\"https:\/\/www.nordestsanita.it\/#website\",\"url\":\"https:\/\/www.nordestsanita.it\/\",\"name\":\"NES\",\"description\":\"Nord Est Sanit\u00e0\",\"publisher\":{\"@id\":\"https:\/\/www.nordestsanita.it\/#organization\"},\"potentialAction\":[{\"@type\":\"SearchAction\",\"target\":{\"@type\":\"EntryPoint\",\"urlTemplate\":\"https:\/\/www.nordestsanita.it\/?s={search_term_string}\"},\"query-input\":\"required name=search_term_string\"}],\"inLanguage\":\"it-IT\"},{\"@type\":\"Organization\",\"@id\":\"https:\/\/www.nordestsanita.it\/#organization\",\"name\":\"NES\",\"url\":\"https:\/\/www.nordestsanita.it\/\",\"logo\":{\"@type\":\"ImageObject\",\"inLanguage\":\"it-IT\",\"@id\":\"https:\/\/www.nordestsanita.it\/#\/schema\/logo\/image\/\",\"url\":\"https:\/\/www.nordestsanita.it\/wp-content\/uploads\/2021\/05\/NES-1280.png\",\"contentUrl\":\"https:\/\/www.nordestsanita.it\/wp-content\/uploads\/2021\/05\/NES-1280.png\",\"width\":1280,\"height\":458,\"caption\":\"NES\"},\"image\":{\"@id\":\"https:\/\/www.nordestsanita.it\/#\/schema\/logo\/image\/\"}},{\"@type\":\"Person\",\"@id\":\"https:\/\/www.nordestsanita.it\/#\/schema\/person\/e5a7dc6dca45cb55e67d4a127b0e969a\",\"name\":\"Redazione\",\"image\":{\"@type\":\"ImageObject\",\"inLanguage\":\"it-IT\",\"@id\":\"https:\/\/www.nordestsanita.it\/#\/schema\/person\/image\/\",\"url\":\"https:\/\/secure.gravatar.com\/avatar\/3f19a9b3d671ea36ec67c4badf3f961a?s=96&d=mm&r=g\",\"contentUrl\":\"https:\/\/secure.gravatar.com\/avatar\/3f19a9b3d671ea36ec67c4badf3f961a?s=96&d=mm&r=g\",\"caption\":\"Redazione\"},\"url\":\"https:\/\/www.nordestsanita.it\/?author=8\"}]}<\/script>\n<!-- \/ Yoast SEO plugin. -->","yoast_head_json":{"title":"Epilessie rare farmaco resistenti,\u00a0si rafforza in Triveneto la rete tra clinici, istituzioni e pazienti - NES","description":"Epilessie rare farmaco resistenti,\u00a0si rafforza in Triveneto la rete tra clinici, istituzioni e associazioni dei pazienti","robots":{"index":"index","follow":"follow","max-snippet":"max-snippet:-1","max-image-preview":"max-image-preview:large","max-video-preview":"max-video-preview:-1"},"canonical":"https:\/\/www.nordestsanita.it\/?p=1879","og_locale":"it_IT","og_type":"article","og_title":"Epilessie rare farmaco resistenti,\u00a0si rafforza in Triveneto la rete tra clinici, istituzioni e pazienti - NES","og_description":"Epilessie rare farmaco resistenti,\u00a0si rafforza in Triveneto la rete tra clinici, istituzioni e associazioni dei pazienti","og_url":"https:\/\/www.nordestsanita.it\/?p=1879","og_site_name":"NES","article_published_time":"2024-02-22T16:10:11+00:00","og_image":[{"width":640,"height":427,"url":"https:\/\/www.nordestsanita.it\/wp-content\/uploads\/2023\/02\/epilessia-2.jpg","type":"image\/jpeg"}],"author":"Redazione","twitter_card":"summary_large_image","twitter_misc":{"Scritto da":"Redazione","Tempo di lettura stimato":"8 minuti"},"schema":{"@context":"https:\/\/schema.org","@graph":[{"@type":"Article","@id":"https:\/\/www.nordestsanita.it\/?p=1879#article","isPartOf":{"@id":"https:\/\/www.nordestsanita.it\/?p=1879"},"author":{"name":"Redazione","@id":"https:\/\/www.nordestsanita.it\/#\/schema\/person\/e5a7dc6dca45cb55e67d4a127b0e969a"},"headline":"Epilessie rare farmaco resistenti,\u00a0si rafforza in Triveneto la rete tra clinici, istituzioni e pazienti","datePublished":"2024-02-22T16:10:11+00:00","dateModified":"2024-02-22T16:10:11+00:00","mainEntityOfPage":{"@id":"https:\/\/www.nordestsanita.it\/?p=1879"},"wordCount":1431,"publisher":{"@id":"https:\/\/www.nordestsanita.it\/#organization"},"keywords":["epilessia","Veneto"],"articleSection":["Sanit\u00e0"],"inLanguage":"it-IT"},{"@type":"WebPage","@id":"https:\/\/www.nordestsanita.it\/?p=1879","url":"https:\/\/www.nordestsanita.it\/?p=1879","name":"Epilessie rare farmaco resistenti,\u00a0si rafforza in Triveneto la rete tra clinici, istituzioni e pazienti - NES","isPartOf":{"@id":"https:\/\/www.nordestsanita.it\/#website"},"datePublished":"2024-02-22T16:10:11+00:00","dateModified":"2024-02-22T16:10:11+00:00","description":"Epilessie rare farmaco resistenti,\u00a0si rafforza in Triveneto la rete tra clinici, istituzioni e associazioni dei pazienti","breadcrumb":{"@id":"https:\/\/www.nordestsanita.it\/?p=1879#breadcrumb"},"inLanguage":"it-IT","potentialAction":[{"@type":"ReadAction","target":["https:\/\/www.nordestsanita.it\/?p=1879"]}]},{"@type":"BreadcrumbList","@id":"https:\/\/www.nordestsanita.it\/?p=1879#breadcrumb","itemListElement":[{"@type":"ListItem","position":1,"name":"Home","item":"https:\/\/www.nordestsanita.it\/"},{"@type":"ListItem","position":2,"name":"Epilessie rare farmaco resistenti,\u00a0si rafforza in Triveneto la rete tra clinici, istituzioni e pazienti"}]},{"@type":"WebSite","@id":"https:\/\/www.nordestsanita.it\/#website","url":"https:\/\/www.nordestsanita.it\/","name":"NES","description":"Nord Est Sanit\u00e0","publisher":{"@id":"https:\/\/www.nordestsanita.it\/#organization"},"potentialAction":[{"@type":"SearchAction","target":{"@type":"EntryPoint","urlTemplate":"https:\/\/www.nordestsanita.it\/?s={search_term_string}"},"query-input":"required name=search_term_string"}],"inLanguage":"it-IT"},{"@type":"Organization","@id":"https:\/\/www.nordestsanita.it\/#organization","name":"NES","url":"https:\/\/www.nordestsanita.it\/","logo":{"@type":"ImageObject","inLanguage":"it-IT","@id":"https:\/\/www.nordestsanita.it\/#\/schema\/logo\/image\/","url":"https:\/\/www.nordestsanita.it\/wp-content\/uploads\/2021\/05\/NES-1280.png","contentUrl":"https:\/\/www.nordestsanita.it\/wp-content\/uploads\/2021\/05\/NES-1280.png","width":1280,"height":458,"caption":"NES"},"image":{"@id":"https:\/\/www.nordestsanita.it\/#\/schema\/logo\/image\/"}},{"@type":"Person","@id":"https:\/\/www.nordestsanita.it\/#\/schema\/person\/e5a7dc6dca45cb55e67d4a127b0e969a","name":"Redazione","image":{"@type":"ImageObject","inLanguage":"it-IT","@id":"https:\/\/www.nordestsanita.it\/#\/schema\/person\/image\/","url":"https:\/\/secure.gravatar.com\/avatar\/3f19a9b3d671ea36ec67c4badf3f961a?s=96&d=mm&r=g","contentUrl":"https:\/\/secure.gravatar.com\/avatar\/3f19a9b3d671ea36ec67c4badf3f961a?s=96&d=mm&r=g","caption":"Redazione"},"url":"https:\/\/www.nordestsanita.it\/?author=8"}]}},"jetpack_featured_media_url":"https:\/\/www.nordestsanita.it\/wp-content\/uploads\/2023\/02\/epilessia-2.jpg","_links":{"self":[{"href":"https:\/\/www.nordestsanita.it\/index.php?rest_route=\/wp\/v2\/posts\/1879"}],"collection":[{"href":"https:\/\/www.nordestsanita.it\/index.php?rest_route=\/wp\/v2\/posts"}],"about":[{"href":"https:\/\/www.nordestsanita.it\/index.php?rest_route=\/wp\/v2\/types\/post"}],"author":[{"embeddable":true,"href":"https:\/\/www.nordestsanita.it\/index.php?rest_route=\/wp\/v2\/users\/8"}],"replies":[{"embeddable":true,"href":"https:\/\/www.nordestsanita.it\/index.php?rest_route=%2Fwp%2Fv2%2Fcomments&post=1879"}],"version-history":[{"count":1,"href":"https:\/\/www.nordestsanita.it\/index.php?rest_route=\/wp\/v2\/posts\/1879\/revisions"}],"predecessor-version":[{"id":1880,"href":"https:\/\/www.nordestsanita.it\/index.php?rest_route=\/wp\/v2\/posts\/1879\/revisions\/1880"}],"wp:featuredmedia":[{"embeddable":true,"href":"https:\/\/www.nordestsanita.it\/index.php?rest_route=\/wp\/v2\/media\/1628"}],"wp:attachment":[{"href":"https:\/\/www.nordestsanita.it\/index.php?rest_route=%2Fwp%2Fv2%2Fmedia&parent=1879"}],"wp:term":[{"taxonomy":"category","embeddable":true,"href":"https:\/\/www.nordestsanita.it\/index.php?rest_route=%2Fwp%2Fv2%2Fcategories&post=1879"},{"taxonomy":"post_tag","embeddable":true,"href":"https:\/\/www.nordestsanita.it\/index.php?rest_route=%2Fwp%2Fv2%2Ftags&post=1879"}],"curies":[{"name":"wp","href":"https:\/\/api.w.org\/{rel}","templated":true}]}}