{"id":1882,"date":"2024-02-26T19:01:51","date_gmt":"2024-02-26T18:01:51","guid":{"rendered":"https:\/\/www.nordestsanita.it\/?p=1882"},"modified":"2024-02-26T19:01:52","modified_gmt":"2024-02-26T18:01:52","slug":"dg-delle-ulss-conferme-quasi-in-blocco","status":"publish","type":"post","link":"https:\/\/www.nordestsanita.it\/?p=1882","title":{"rendered":"Dg delle Ulss, conferme quasi in blocco"},"content":{"rendered":"\n<p>Il Presidente della Regione, Luca Zaia, ha nominato oggi i Direttori Generali che guideranno le Aziende Sanitarie del Veneto per il prossimo biennio. I manager erano a suo tempo stati ingaggiati con un contratto triennale che sarebbe scaduto il 28 febbraio prossimo e rimarranno quindi in carica fino ai primi di marzo 2026.<\/p>\n\n\n\n<p>Il Governatore ha confermato per il prossimo biennio tutti i manager in carica, effettuando per\u00f2 alcuni spostamenti sul territorio, \u201ccon il solo scopo \u2013 ha detto \u2013 di migliorare ulteriormente la performance complessiva che negli scorsi tre difficilissimi anni \u00e8 stata comunque foriera di grandi risultati\u201d.<\/p>\n\n\n\n<p>\u201cPer prorogare gli incarichi \u2013 ha precisato Zaia \u2013 abbiamo fatto un approfondito lavoro di verifica e analisi dei risultati ottenuti, per il quale ringrazio l\u2019Assessore Manuela Lanzarin e il Direttore Generale Regionale della Sanit\u00e0 Massimo Annicchiarico. Questa squadra di Dg \u2013 ha aggiunto \u2013 rappresenta una sorta di magic team, che ha combattuto in trincea durante la Pandemia, che ha gestito situazioni al limite della gestibilit\u00e0, che ha affrontato con gi\u00e0 ottimi risultati l\u2019arretrato di 500 mila prestazioni che si era creato a causa del Covid, gestendo molto bene anche il fattore umano, sia rispetto al personale, che non ringrazieremo mai abbastanza, sia verso i cittadini. La promozione, e quindi la riconferma, sta nei numeri, perch\u00e9, nonostante mille difficolt\u00e0, a cominciare dalla carenza nazionale di medici e infermieri, tutti i parametri di produttivit\u00e0 sono vistosamente cresciuti\u201d.<\/p>\n\n\n\n<p><strong><u>Ecco le nomine:<\/u><\/strong><\/p>\n\n\n\n<p><strong>GIUSEPPE DAL BEN<\/strong>\u2013 DG Azienda Ospedale Universit\u00e0 di Padova e Commissario dell\u2019Ulss 1 Dolomiti fino al prossimo maggio, salvo proroga (Dal Ben fu nominato a Belluno dopo la scomparsa della compianta Direttrice Maria Grazia Carraro) \u2013 confermato.<\/p>\n\n\n\n<p><strong>FRANCESCO BENAZZI&nbsp;<\/strong>\u2013 Ulss 2 Marca Trevigiana \u2013 confermato.<\/p>\n\n\n\n<p><strong>EDGARDO CONTATO<\/strong>&nbsp;\u2013 Ulss 3 Serenissima \u2013 confermato.<\/p>\n\n\n\n<p><strong>MAURO FILIPPI<\/strong>&nbsp;\u2013 Ulss 4 Veneto Orientale \u2013 confermato.<\/p>\n\n\n\n<p><strong>PIETRO GIRARDI<\/strong>&nbsp;\u2013 Ulss 5 Polesana (era Direttore Generale dell\u2019Ulss 9 Scaligera)<\/p>\n\n\n\n<p><strong>PAOLO FORTUNA<\/strong>&nbsp;\u2013 Ulss 6 Euganea \u2013 confermato.<\/p>\n\n\n\n<p><strong>CARLO BRAMEZZA&nbsp;<\/strong>\u2013 Ulss 7 Pedemontana \u2013 confermato.<\/p>\n\n\n\n<p><strong>PATRIZIA SIMIONATO<\/strong>&nbsp;\u2013 Ulss 8 Berica (era DG della 5 Polesana)<\/p>\n\n\n\n<p><strong>PATRIZA BENINI<\/strong>&nbsp;\u2013 Ulss 9 Scaligera (era DG dell\u2019Istituto Oncologico Veneto)<\/p>\n\n\n\n<p><strong>CALLISTO BRAVI<\/strong>&nbsp;\u2013 Aoui Verona \u2013 confermato<\/p>\n\n\n\n<p><strong>MARIA GIUSEPPINA BONAVINA<\/strong>&nbsp;\u2013 Istituto Oncologico Veneto (era DG della 8 Berica)<\/p>\n\n\n\n<p><strong>ROBERTO TONIOLO<\/strong>&nbsp;\u2013 Azienda Zero \u2013 confermato.<\/p>\n","protected":false},"excerpt":{"rendered":"<p>Il Presidente della Regione, Luca Zaia, ha nominato oggi i Direttori Generali che guideranno le Aziende Sanitarie del Veneto per il prossimo biennio. I manager erano a suo tempo stati ingaggiati con un contratto triennale che sarebbe scaduto il 28 febbraio prossimo e rimarranno quindi in carica fino ai primi di marzo 2026. Il Governatore ha confermato per il prossimo biennio tutti i manager in carica, effettuando per\u00f2 alcuni spostamenti sul territorio, \u201ccon il solo scopo \u2013 ha detto \u2013 di migliorare ulteriormente la performance complessiva che negli scorsi tre difficilissimi anni \u00e8 stata comunque foriera di grandi risultati\u201d. \u201cPer<\/p>\n","protected":false},"author":4,"featured_media":1883,"comment_status":"closed","ping_status":"open","sticky":false,"template":"","format":"standard","meta":[],"categories":[25,23],"tags":[301,366,176,87],"yoast_head":"<!-- This site is optimized with the Yoast SEO plugin v20.2 - https:\/\/yoast.com\/wordpress\/plugins\/seo\/ -->\n<title>Dg delle Ulss, conferme quasi in blocco - NES<\/title>\n<meta name=\"robots\" content=\"index, follow, max-snippet:-1, max-image-preview:large, max-video-preview:-1\" \/>\n<link rel=\"canonical\" href=\"https:\/\/www.nordestsanita.it\/?p=1882\" \/>\n<meta property=\"og:locale\" content=\"it_IT\" \/>\n<meta property=\"og:type\" content=\"article\" \/>\n<meta property=\"og:title\" content=\"Dg delle Ulss, conferme quasi in blocco - NES\" \/>\n<meta property=\"og:description\" content=\"Il Presidente della Regione, Luca Zaia, ha nominato oggi i Direttori Generali che guideranno le Aziende Sanitarie del Veneto per il prossimo biennio. I manager erano a suo tempo stati ingaggiati con un contratto triennale che sarebbe scaduto il 28 febbraio prossimo e rimarranno quindi in carica fino ai primi di marzo 2026. Il Governatore ha confermato per il prossimo biennio tutti i manager in carica, effettuando per\u00f2 alcuni spostamenti sul territorio, \u201ccon il solo scopo \u2013 ha detto \u2013 di migliorare ulteriormente la performance complessiva che negli scorsi tre difficilissimi anni \u00e8 stata comunque foriera di grandi risultati\u201d. \u201cPer\" \/>\n<meta property=\"og:url\" content=\"https:\/\/www.nordestsanita.it\/?p=1882\" \/>\n<meta property=\"og:site_name\" content=\"NES\" \/>\n<meta property=\"article:published_time\" content=\"2024-02-26T18:01:51+00:00\" \/>\n<meta property=\"article:modified_time\" content=\"2024-02-26T18:01:52+00:00\" \/>\n<meta property=\"og:image\" content=\"https:\/\/www.nordestsanita.it\/wp-content\/uploads\/2024\/02\/26-02-2024-PUNTO-STAMPA-DG-9-scaled.jpg\" \/>\n\t<meta property=\"og:image:width\" content=\"2560\" \/>\n\t<meta property=\"og:image:height\" content=\"1708\" \/>\n\t<meta property=\"og:image:type\" content=\"image\/jpeg\" \/>\n<meta name=\"author\" content=\"Giuliano Gargano\" \/>\n<meta name=\"twitter:card\" content=\"summary_large_image\" \/>\n<meta name=\"twitter:label1\" content=\"Scritto da\" \/>\n\t<meta name=\"twitter:data1\" content=\"Giuliano Gargano\" \/>\n\t<meta name=\"twitter:label2\" content=\"Tempo di lettura stimato\" \/>\n\t<meta name=\"twitter:data2\" content=\"2 minuti\" \/>\n<script type=\"application\/ld+json\" class=\"yoast-schema-graph\">{\"@context\":\"https:\/\/schema.org\",\"@graph\":[{\"@type\":\"Article\",\"@id\":\"https:\/\/www.nordestsanita.it\/?p=1882#article\",\"isPartOf\":{\"@id\":\"https:\/\/www.nordestsanita.it\/?p=1882\"},\"author\":{\"name\":\"Giuliano Gargano\",\"@id\":\"https:\/\/www.nordestsanita.it\/#\/schema\/person\/b4d794d64b96b99781f85e73d2f335e8\"},\"headline\":\"Dg delle Ulss, conferme quasi in blocco\",\"datePublished\":\"2024-02-26T18:01:51+00:00\",\"dateModified\":\"2024-02-26T18:01:52+00:00\",\"mainEntityOfPage\":{\"@id\":\"https:\/\/www.nordestsanita.it\/?p=1882\"},\"wordCount\":360,\"publisher\":{\"@id\":\"https:\/\/www.nordestsanita.it\/#organization\"},\"keywords\":[\"dg\",\"nomine\",\"Ulss\",\"zaia\"],\"articleSection\":[\"Sanit\u00e0\",\"Ulss\"],\"inLanguage\":\"it-IT\"},{\"@type\":\"WebPage\",\"@id\":\"https:\/\/www.nordestsanita.it\/?p=1882\",\"url\":\"https:\/\/www.nordestsanita.it\/?p=1882\",\"name\":\"Dg delle Ulss, conferme quasi in blocco - NES\",\"isPartOf\":{\"@id\":\"https:\/\/www.nordestsanita.it\/#website\"},\"datePublished\":\"2024-02-26T18:01:51+00:00\",\"dateModified\":\"2024-02-26T18:01:52+00:00\",\"breadcrumb\":{\"@id\":\"https:\/\/www.nordestsanita.it\/?p=1882#breadcrumb\"},\"inLanguage\":\"it-IT\",\"potentialAction\":[{\"@type\":\"ReadAction\",\"target\":[\"https:\/\/www.nordestsanita.it\/?p=1882\"]}]},{\"@type\":\"BreadcrumbList\",\"@id\":\"https:\/\/www.nordestsanita.it\/?p=1882#breadcrumb\",\"itemListElement\":[{\"@type\":\"ListItem\",\"position\":1,\"name\":\"Home\",\"item\":\"https:\/\/www.nordestsanita.it\/\"},{\"@type\":\"ListItem\",\"position\":2,\"name\":\"Dg delle Ulss, conferme quasi in blocco\"}]},{\"@type\":\"WebSite\",\"@id\":\"https:\/\/www.nordestsanita.it\/#website\",\"url\":\"https:\/\/www.nordestsanita.it\/\",\"name\":\"NES\",\"description\":\"Nord Est Sanit\u00e0\",\"publisher\":{\"@id\":\"https:\/\/www.nordestsanita.it\/#organization\"},\"potentialAction\":[{\"@type\":\"SearchAction\",\"target\":{\"@type\":\"EntryPoint\",\"urlTemplate\":\"https:\/\/www.nordestsanita.it\/?s={search_term_string}\"},\"query-input\":\"required name=search_term_string\"}],\"inLanguage\":\"it-IT\"},{\"@type\":\"Organization\",\"@id\":\"https:\/\/www.nordestsanita.it\/#organization\",\"name\":\"NES\",\"url\":\"https:\/\/www.nordestsanita.it\/\",\"logo\":{\"@type\":\"ImageObject\",\"inLanguage\":\"it-IT\",\"@id\":\"https:\/\/www.nordestsanita.it\/#\/schema\/logo\/image\/\",\"url\":\"https:\/\/www.nordestsanita.it\/wp-content\/uploads\/2021\/05\/NES-1280.png\",\"contentUrl\":\"https:\/\/www.nordestsanita.it\/wp-content\/uploads\/2021\/05\/NES-1280.png\",\"width\":1280,\"height\":458,\"caption\":\"NES\"},\"image\":{\"@id\":\"https:\/\/www.nordestsanita.it\/#\/schema\/logo\/image\/\"}},{\"@type\":\"Person\",\"@id\":\"https:\/\/www.nordestsanita.it\/#\/schema\/person\/b4d794d64b96b99781f85e73d2f335e8\",\"name\":\"Giuliano Gargano\",\"image\":{\"@type\":\"ImageObject\",\"inLanguage\":\"it-IT\",\"@id\":\"https:\/\/www.nordestsanita.it\/#\/schema\/person\/image\/\",\"url\":\"https:\/\/secure.gravatar.com\/avatar\/2358b20e394b61d6f72d0ddb2a3df6b3?s=96&d=mm&r=g\",\"contentUrl\":\"https:\/\/secure.gravatar.com\/avatar\/2358b20e394b61d6f72d0ddb2a3df6b3?s=96&d=mm&r=g\",\"caption\":\"Giuliano Gargano\"},\"url\":\"https:\/\/www.nordestsanita.it\/?author=4\"}]}<\/script>\n<!-- \/ Yoast SEO plugin. -->","yoast_head_json":{"title":"Dg delle Ulss, conferme quasi in blocco - NES","robots":{"index":"index","follow":"follow","max-snippet":"max-snippet:-1","max-image-preview":"max-image-preview:large","max-video-preview":"max-video-preview:-1"},"canonical":"https:\/\/www.nordestsanita.it\/?p=1882","og_locale":"it_IT","og_type":"article","og_title":"Dg delle Ulss, conferme quasi in blocco - NES","og_description":"Il Presidente della Regione, Luca Zaia, ha nominato oggi i Direttori Generali che guideranno le Aziende Sanitarie del Veneto per il prossimo biennio. I manager erano a suo tempo stati ingaggiati con un contratto triennale che sarebbe scaduto il 28 febbraio prossimo e rimarranno quindi in carica fino ai primi di marzo 2026. Il Governatore ha confermato per il prossimo biennio tutti i manager in carica, effettuando per\u00f2 alcuni spostamenti sul territorio, \u201ccon il solo scopo \u2013 ha detto \u2013 di migliorare ulteriormente la performance complessiva che negli scorsi tre difficilissimi anni \u00e8 stata comunque foriera di grandi risultati\u201d. \u201cPer","og_url":"https:\/\/www.nordestsanita.it\/?p=1882","og_site_name":"NES","article_published_time":"2024-02-26T18:01:51+00:00","article_modified_time":"2024-02-26T18:01:52+00:00","og_image":[{"width":2560,"height":1708,"url":"https:\/\/www.nordestsanita.it\/wp-content\/uploads\/2024\/02\/26-02-2024-PUNTO-STAMPA-DG-9-scaled.jpg","type":"image\/jpeg"}],"author":"Giuliano Gargano","twitter_card":"summary_large_image","twitter_misc":{"Scritto da":"Giuliano Gargano","Tempo di lettura stimato":"2 minuti"},"schema":{"@context":"https:\/\/schema.org","@graph":[{"@type":"Article","@id":"https:\/\/www.nordestsanita.it\/?p=1882#article","isPartOf":{"@id":"https:\/\/www.nordestsanita.it\/?p=1882"},"author":{"name":"Giuliano Gargano","@id":"https:\/\/www.nordestsanita.it\/#\/schema\/person\/b4d794d64b96b99781f85e73d2f335e8"},"headline":"Dg delle Ulss, conferme quasi in blocco","datePublished":"2024-02-26T18:01:51+00:00","dateModified":"2024-02-26T18:01:52+00:00","mainEntityOfPage":{"@id":"https:\/\/www.nordestsanita.it\/?p=1882"},"wordCount":360,"publisher":{"@id":"https:\/\/www.nordestsanita.it\/#organization"},"keywords":["dg","nomine","Ulss","zaia"],"articleSection":["Sanit\u00e0","Ulss"],"inLanguage":"it-IT"},{"@type":"WebPage","@id":"https:\/\/www.nordestsanita.it\/?p=1882","url":"https:\/\/www.nordestsanita.it\/?p=1882","name":"Dg delle Ulss, conferme quasi in blocco - NES","isPartOf":{"@id":"https:\/\/www.nordestsanita.it\/#website"},"datePublished":"2024-02-26T18:01:51+00:00","dateModified":"2024-02-26T18:01:52+00:00","breadcrumb":{"@id":"https:\/\/www.nordestsanita.it\/?p=1882#breadcrumb"},"inLanguage":"it-IT","potentialAction":[{"@type":"ReadAction","target":["https:\/\/www.nordestsanita.it\/?p=1882"]}]},{"@type":"BreadcrumbList","@id":"https:\/\/www.nordestsanita.it\/?p=1882#breadcrumb","itemListElement":[{"@type":"ListItem","position":1,"name":"Home","item":"https:\/\/www.nordestsanita.it\/"},{"@type":"ListItem","position":2,"name":"Dg delle Ulss, conferme quasi in blocco"}]},{"@type":"WebSite","@id":"https:\/\/www.nordestsanita.it\/#website","url":"https:\/\/www.nordestsanita.it\/","name":"NES","description":"Nord Est Sanit\u00e0","publisher":{"@id":"https:\/\/www.nordestsanita.it\/#organization"},"potentialAction":[{"@type":"SearchAction","target":{"@type":"EntryPoint","urlTemplate":"https:\/\/www.nordestsanita.it\/?s={search_term_string}"},"query-input":"required name=search_term_string"}],"inLanguage":"it-IT"},{"@type":"Organization","@id":"https:\/\/www.nordestsanita.it\/#organization","name":"NES","url":"https:\/\/www.nordestsanita.it\/","logo":{"@type":"ImageObject","inLanguage":"it-IT","@id":"https:\/\/www.nordestsanita.it\/#\/schema\/logo\/image\/","url":"https:\/\/www.nordestsanita.it\/wp-content\/uploads\/2021\/05\/NES-1280.png","contentUrl":"https:\/\/www.nordestsanita.it\/wp-content\/uploads\/2021\/05\/NES-1280.png","width":1280,"height":458,"caption":"NES"},"image":{"@id":"https:\/\/www.nordestsanita.it\/#\/schema\/logo\/image\/"}},{"@type":"Person","@id":"https:\/\/www.nordestsanita.it\/#\/schema\/person\/b4d794d64b96b99781f85e73d2f335e8","name":"Giuliano Gargano","image":{"@type":"ImageObject","inLanguage":"it-IT","@id":"https:\/\/www.nordestsanita.it\/#\/schema\/person\/image\/","url":"https:\/\/secure.gravatar.com\/avatar\/2358b20e394b61d6f72d0ddb2a3df6b3?s=96&d=mm&r=g","contentUrl":"https:\/\/secure.gravatar.com\/avatar\/2358b20e394b61d6f72d0ddb2a3df6b3?s=96&d=mm&r=g","caption":"Giuliano Gargano"},"url":"https:\/\/www.nordestsanita.it\/?author=4"}]}},"jetpack_featured_media_url":"https:\/\/www.nordestsanita.it\/wp-content\/uploads\/2024\/02\/26-02-2024-PUNTO-STAMPA-DG-9-scaled.jpg","_links":{"self":[{"href":"https:\/\/www.nordestsanita.it\/index.php?rest_route=\/wp\/v2\/posts\/1882"}],"collection":[{"href":"https:\/\/www.nordestsanita.it\/index.php?rest_route=\/wp\/v2\/posts"}],"about":[{"href":"https:\/\/www.nordestsanita.it\/index.php?rest_route=\/wp\/v2\/types\/post"}],"author":[{"embeddable":true,"href":"https:\/\/www.nordestsanita.it\/index.php?rest_route=\/wp\/v2\/users\/4"}],"replies":[{"embeddable":true,"href":"https:\/\/www.nordestsanita.it\/index.php?rest_route=%2Fwp%2Fv2%2Fcomments&post=1882"}],"version-history":[{"count":1,"href":"https:\/\/www.nordestsanita.it\/index.php?rest_route=\/wp\/v2\/posts\/1882\/revisions"}],"predecessor-version":[{"id":1884,"href":"https:\/\/www.nordestsanita.it\/index.php?rest_route=\/wp\/v2\/posts\/1882\/revisions\/1884"}],"wp:featuredmedia":[{"embeddable":true,"href":"https:\/\/www.nordestsanita.it\/index.php?rest_route=\/wp\/v2\/media\/1883"}],"wp:attachment":[{"href":"https:\/\/www.nordestsanita.it\/index.php?rest_route=%2Fwp%2Fv2%2Fmedia&parent=1882"}],"wp:term":[{"taxonomy":"category","embeddable":true,"href":"https:\/\/www.nordestsanita.it\/index.php?rest_route=%2Fwp%2Fv2%2Fcategories&post=1882"},{"taxonomy":"post_tag","embeddable":true,"href":"https:\/\/www.nordestsanita.it\/index.php?rest_route=%2Fwp%2Fv2%2Ftags&post=1882"}],"curies":[{"name":"wp","href":"https:\/\/api.w.org\/{rel}","templated":true}]}}