{"id":1902,"date":"2024-03-21T12:03:22","date_gmt":"2024-03-21T11:03:22","guid":{"rendered":"https:\/\/www.nordestsanita.it\/?p=1902"},"modified":"2024-03-21T12:03:23","modified_gmt":"2024-03-21T11:03:23","slug":"prosegue-il-world-health-forum-veneto-il-programma","status":"publish","type":"post","link":"https:\/\/www.nordestsanita.it\/?p=1902","title":{"rendered":"Prosegue il World Health Forum Veneto: il programma"},"content":{"rendered":"\n<p>Prosegue anche oggi il World Health Forum Veneto: altre tre giornate dense di incontri per far scoprire a tutti le frontiere della tecnologia applicata alla salute. L\u2019evento si svolger\u00e0 fino a sabato 23 marzo a Padova, tra il Salone del Palazzo della Ragione e gli spazi di Padova Congress, con oltre 100 speaker: a promuoverlo Regione del Veneto, Comune di Padova, Universit\u00e0 degli Studi di Padova, Camera di Commercio di Padova, Fondazione Cassa di Risparmio di Padova e Rovigo, Motore Sanit\u00e0, VIMM &#8211; Veneto Institute of Molecular Medicine, Venicepromex e Veneto Innovazione. L\u2019iscrizione agli incontri in programma, gratuita, \u00e8 ancora aperta sul sito web https:\/\/www.worldhealthforum.it.<\/p>\n\n\n\n<!--more-->\n\n\n\n<p><strong>Il programma di gioved\u00ec 21 marzo<\/strong><\/p>\n\n\n\n<p>Dalla seconda giornata, gioved\u00ec, l\u2019evento si sposta al centro congressi Padova Congress. Alle 9 i saluti delle autorit\u00e0: Daniela Mapelli, rettore dell\u2019Universit\u00e0 di Padova, Gaudenzio Meneghesso, direttore del Dipartimento di Ingegneria dell\u2019Informazione di Unipd, Roberto Vettor, direttore del Dipartimento di Medicina di Unipd, Angelo Paolo Dei Tos, presidente della Scuola di Medicina di Padova, e Giuseppe Dal Ben, direttore generale dell\u2019Azienda ospedaliera di Padova. Alle 9.40 si entra nel vivo con i keynote speech \u201cPushing Medical Frontiers: AI-Drive Breakthroughs in Medicine\u201d di Mihaela van der Schaar (University of Cambridge, Regno Unito) e \u201cFrom Hype to Ripe: Implementing AI in Health Systems\u201d di Yael Ophir, Executive Director HealthIL (Israele).<br>Alle 11 la prima sessione, \u201cThe central role of data\u201d, con Tianxi Cai (Harvard Medical School, Boston, Usa) Manlio De Domenico (Universit\u00e0 di Padova), Bj\u00f6rn Eskofier (Friedrich-Alexander-Universit\u00e4t, Erlangen-N\u00fcrnberg, Germania) e Rosario Rizzuto<\/p>\n\n\n\n<p>(Universit\u00e0 di Padova).<\/p>\n\n\n\n<p>Alle 14 la seconda sessione, \u201cAI for precision medicine\u201d, con Matej Oresic (\u00d6rebro University, Svezia), Jens Rittscher (University of Oxford, Regno Unito), Fabio Vandin (Universit\u00e0 di Padova), Davide Risso (Universit\u00e0 di Padova) e Mario Luca Morieri (Universit\u00e0 di Padova).<\/p>\n\n\n\n<p>Terza sessione, \u201cEthics, Regulations, Fairness, and Explainability\u201d, al via alle 16.10 con gli interventi di Giusella Finocchiaro (Universit\u00e0 di Bologna), Alessandro Fabris<\/p>\n\n\n\n<p>(Max Planck Institute for Security and Privacy, Bochum, Germania), Fabio Grigenti (Universit\u00e0 di Padova) e Guglielmo Tamburrini (Universit\u00e0 di Napoli Federico II), che alle 16.50 si confronteranno in una tavola rotonda.<\/p>\n\n\n\n<p><strong>Il programma di venerd\u00ec 22 marzo<\/strong><\/p>\n\n\n\n<p>La terza giornata, sempre a Padova Congress, si apre alle 9 con il keynote speech \u201cLeveraging genetics for AI-based personalized medicine of common multifactorial disorders\u201d di Alessandro Doria (Harvard Medical School, Boston, Usa).<\/p>\n\n\n\n<p>Alle 9.40 la quarta sessione \u201cExplainable, Actionable, and Responsible AI\u201d con Carlo Combi (Universit\u00e0 di Verona), Panagiotis Papapetrou (Stockholm University, Svezia), Pietro Li\u00f2 (University of Cambridge, Regno Unito).<\/p>\n\n\n\n<p>Alle 11.20 la quinta sessione \u201cAI for preventive medicine\u201d con Lorenzo Chiari (Universit\u00e0 di Bologna), Michele Piana (Universit\u00e0 di Genova) e Dario Gregori (Universit\u00e0 di Padova).<br>Alle 14 si riprende con il keynote speech \u201cLearning across 16M patients: platforms and applications in acute care\u201d di Sebastien Ourselin (King\u2019s College London, Regno Unito).<\/p>\n\n\n\n<p>La sesta sessione \u201cAI applications\u201d si suddivide in due parti. La prima, alle 14.35, con Henning M\u00fcller (HES-SO Valais Techno-P\u00f4le, Svizzera) e Filippo Lanubile (Universit\u00e0 di Bari). La seconda, alle 15.40, con Riccardo Bellazzi (Universit\u00e0 di Pavia), Gino Gerosa (Universit\u00e0 di Padova), Barbara Di Camillo (Universit\u00e0 di Padova), Tommaso Banzato (Universit\u00e0 di Padova), Marco Zorzi (Universit\u00e0 di Padova) e Alfonso Pozzan (Evotec).<\/p>\n\n\n\n<p><strong>Il programma di sabato 23 marzo: Regione Veneto<\/strong><\/p>\n\n\n\n<p>Nella mattinata del quarto e ultimo giorno il World Health Forum Veneto si suddivide in tre sessioni in contemporanea negli spazi di Padova Congress.<\/p>\n\n\n\n<p>Il programma a cura della Regione Veneto si apre alle 9 con i saluti delle autorit\u00e0 e alle 10 affronta il tema \u201cLe nuove infrastrutture per la sanit\u00e0 digitale\u201d: dopo l\u2019introduzone di Tiziana Lippiello, Magnifico Rettore dell\u2019Universita\u0300 Ca\u2019 Foscari di Venezia, intervengono Andrea Zanella (Universit\u00e0 di Padova), Idelfo Borgo (Direzione ICT e Agenda Digitale &#8211; Regione del Veneto), Paolo Villoresi (Universit\u00e0 di Padova), Marco Nobile (Universita\u0300 Ca\u2019 Foscari di Venezia) e Paolo Ghezzi (Infocamere).<\/p>\n\n\n\n<p>Alle 10.45 l\u2019intervento \u201cLa Cybersicurezza come leva strategica\u201d del Prefetto Bruno Frattasi, Direttore Generale dell\u2019Agenzia per la Cybersicurezza Nazionale.<\/p>\n\n\n\n<p>Alle 11 la seconda sessione \u201cLa salute \u00e8 di sistema e globale\u201d con Massimo Paolucci<\/p>\n\n\n\n<p>(curatore Planetary Health Festival), Stefano Vella (Universit\u00e0 Cattolica del Sacro Cuore), Francesca Russo (Direzione Prevenzione, Sicurezza alimentare e Veterinaria &#8211; Regione del Veneto) e Ludovico Baldessin (amministratore Edra\/Healtival).<\/p>\n\n\n\n<p>Alle 12 al via la terza sessione \u201cL\u2019esplorazione dello spazio per evoluzione dei servizi sanitari\u201d con Cesare Lobascio (Thales, Alenia Space), Gabriele Mascetti (Agenzia Spaziale Italiana), Paola Verde (Aeronautica Militare), con la moderazione di Anilkumar Dave (advisor Agenda Digitale del Veneto).<\/p>\n\n\n\n<p>Alle 12.40 l\u2019intervento \u201cVivere in salute nello spazio\u201d di Paolo Nespoli, ex astronauta ESA.<\/p>\n\n\n\n<p>Quarta e ultima sessione alle 14, dal titolo \u201cBig Data e Intelligenza Artificiale per l\u2019integrazione dei dati in ottica Onehealth\u201d: ne discutono Antonia Ricci (direttore generale dell\u2019Istituto Zooprofilattico Sperimentale delle Venezie), Stefano Merler (Fondazione Bruno Kessler di Trento), Anna Teresa Palamara (direttore del Dipartimento di Malattie Infettive dell\u2019ISS) e Giusi Condorelli (dirigente medico del Ministero della Salute e addetta scientifica presso l\u2019Ambasciata d\u2019Italia a Washington).<\/p>\n\n\n\n<p><strong>Il programma di sabato 23 marzo: Motore Sanit\u00e0<\/strong><\/p>\n\n\n\n<p>Il programma del sabato a cura di Motore Sanit\u00e0 si apre alle 9 con il keynote speech \u201cBisogni, proposte, soluzioni in sanit\u00e0 per una nuova politica industriale del Paese Italia\u201d di Mariella Enoc (procuratrice speciale Ospedale Valduce).<\/p>\n\n\n\n<p>Alle 9.30 l\u2019introduzione di scenario \u201cI dati internazionali OCSE sui volumi di utilizzo e spesa in sanit\u00e0\u201d con Claudio Zanon (direttore scientifico Motore Sanit\u00e0), Manuela Lanzarin (assessore alla sanit\u00e0 e al sociale, Regione del Veneto), Andrea Costa (esperto in strategie di attuazione del Pnrr &#8211; Missione 6 Salute, con particolare riferimento agli interventi a livello territoriale, Ministero della Salute) e Giovanni Migliore (presidente FIASO e direttore generale del Policlinico di Bari), con la moderazione di Luciano Flor (gi\u00e0 direttore generale Sanit\u00e0 Regione del Veneto).<\/p>\n\n\n\n<p>Alle 10 la tavola rotonda \u201cBisogni, proposte, soluzioni dell\u2019industria farmaceutica impegnata in sanit\u00e0 per una nuova politica industriale del Paese Italia\u201d vedr\u00e0 a confronto Alessandro Chiesi (presidente di Chiesi Farmaceutici), Umberto Comberiati (amministratore delegato Teva Italia), Domenico Lucatelli (Market Access Director Angelini Italia), Onofrio Mastandrea (Regional Vice President, General Manager Italy, Incyte), Enrique H\u00e4usermann (presidente Equalia), Paolo Gili (Business Unit Director di Biogen Italia), Federico Vigan\u00f2 (componente Consiglio di Presidenza Federchimica Assobiotec), con la moderazione di Rossana Boldi (gi\u00e0 vice presidente della Commissione Affari Sociali della Camera dei Deputati) ed Enrico Rossi (responsabile rapporti con le Regioni Motore Sanit\u00e0).<\/p>\n\n\n\n<p>Alle 11 la tavola rotonda \u201cBisogni, proposte, soluzioni dell\u2019industria dei dispositivi impegnata in sanit\u00e0 per una nuova politica industriale del Paese Italia e dei farmaci biosimilari ed equivalenti strumento di sostenibilit\u00e0 dell\u2019innovazione\u201d vedr\u00e0 a confronto Massimiliano Bindi (amministratore delegato Abbott Italia), Alessandra Gelera (Public Affairs, Health Economics &amp; Market Access Country Head at Boston Scientific), Laura Meli (responsabile comunicazione Convatec Italia), Massimo Pulin (presidente Confimi Industria Sanit\u00e0), con la moderazione di Claudio Zanon (direzione scientifica<\/p>\n\n\n\n<p>Motore Sanit\u00e0) e di Luca Giuseppe Dalle Carbonare (Universit\u00e0 di Verona).<\/p>\n\n\n\n<p>Alle 12 alla tavola rotonda \u201cTecnologia informatica e impatto sul futuro della sanit\u00e0 in Italia\u201d prendono parte Antonio Amati (direttore generale Almaviva), Antonio Delli Gatti (direttore commerciale sanit\u00e0 Italia di Engineering Ingegneria Informatica), Giacomo Lorusso (amministratore delegato Jakala Civitas), Fausto Manzana (amministratore delegato Gruppo GPI), Pietro Pacini (presidente Assinter Italia), Mario Ronchetti (presidente Atena Informatica) ed Enrico Zanella (direttore generale IN.VA Valle D\u2019Aosta), con la moderazione di Roberto Soj (direzione scientifica Motore Sanit\u00e0) e Fabiola Bologna (gi\u00e0 Segretario Commissione Affari Sociali della Camera dei<\/p>\n\n\n\n<p>Deputati).<\/p>\n\n\n\n<p>Alle 13 Conclusioni e proposte operative di Antonio Tomassini (presidente Associazione di Iniziativa Parlamentare per la Salute e la Prevenzione).<\/p>\n\n\n\n<p><strong>Il programma di sabato 23 marzo: VIMM<\/strong><\/p>\n\n\n\n<p>Il programma a cura del VIMM si apre alle 9.30 con il saluto di benvenuto di Stefano Bellon (vicepresidente Fondazione per la Ricerca Biomedica Avanzata).<\/p>\n\n\n\n<p>Alle 10 \u201cCacciatori di Scienza: Viaggio nella ricerca scientifica\u201d con Francesca Pasinelli (direttrice generale Fondazione Telethon).<\/p>\n\n\n\n<p>La prima sessione alle 10.30 \u201cFarmastartup: Avventure e Sfide dei Pionieri nell\u2019Industria Farmaceutica\u201d con Marcello Allegretti (capo Ufficio Scientifico \u2013 Domp\u00e9 Farmaceutici), Graziella Pellegrini (direttrice Ricerca e Sviluppo \u2013 Holostem), Paolo Fundar\u00f2 (amministratore delegato &#8211; Xgen Venture) e Federica Draghi (responsabile Business Development &#8211; Xgen Venture), con la moderazione di Annamaria Zaccheddu (divulgatore scientifico Fondazione Telethon).<\/p>\n\n\n\n<p>Alle 11.30 al via la seconda sessione \u201cGli Esploratori del Futuro tra organoidi, gene editing e malattie complesse\u201d con Cecilia Laterza (Universit\u00e0 di Padova e Veneto Institute of Molecular Medicine), Emanuela Zuccaro (Universit\u00e0 di Padova e Veneto Institute of Molecular Medicine), Manuela Allegra (Istituto di Neuroscienze CNR Padova, Universit\u00e0 di Padova e Citt\u00e0 della Speranza), Francesco Chemello (Universit\u00e0 di Bologna), con la moderazione di Annamaria Zaccheddu.<\/p>\n\n\n\n<p>Alle 12.50 \u201cLa ricerca oltre i confini nazionali: Avventure e Segreti\u201d con Mauro Giacca (capo della Scuola di Medicina e Scienze Cardiovascolari e Metaboliche &#8211; King\u2019s College London, Regno Unito). Alle 13.15 le conclusioni a cura di Nicola Elvassore (direttore scientifico Veneto Institute of Molecular Medicine).<\/p>\n\n\n\n<p>Il programma di sabato 23 marzo: Teatro Stabile del Veneto<\/p>\n\n\n\n<p>L\u2019evento di chiusura \u00e8 all\u2019insegna del teatro, alle ore 15 di sabato 23, nella Sala Giotto di Padova Congress, dove la Fondazione del Teatro Stabile del Veneto \u2013 Teatro Nazionale presenta \u201cArs medicina. Letteratura, teatro e fede respiro dell\u2019uomo\u201d. Una conferenza-spettacolo che vedr\u00e0 l\u2019intervento di Pier Luigi Pizzi, di padre Antonio Spadaro e di Giampiero Beltotto. Ad accompagnare le riflessioni saranno alcune letture tratte da testi di Sofocle, Moli\u00e8re, Thomas Mann e Aleksandr Isaevi\u010d Sol\u017eenicyn, recitati da Silvia Luise e Cosimo Grilli, attori diplomati all\u2019Accademia Teatrale Carlo Goldoni, mentre il tenore Cristian Ricci interpreter\u00e0 le note di Astor Piazzolla, Giuseppe Verdi e Giacomo Puccini.<\/p>\n\n\n\n<p>World Health Forum, quattro giorni di incontri ed eventi durante i quali si analizzer\u00e0 il presente e si approfondir\u00e0 il futuro dell\u2019evoluzione delle scienze mediche e delle tecnologie che possono migliorare la vita. Affrontare alcune delle tematiche pi\u00f9 pressanti in ambito sanitario e promuovere la consapevolezza dei cittadini per il benessere generale. Sono questi gli obiettivi del World Health Forum Veneto, un evento aperto a tutti: cittadini, operatori, pazienti ed esperti. https:\/\/www.worldhealthforum.it<\/p>\n","protected":false},"excerpt":{"rendered":"<p>Prosegue anche oggi il World Health Forum Veneto: altri incontri per far scoprire le frontiere della tecnologia applicata alla salute. <\/p>\n","protected":false},"author":8,"featured_media":1903,"comment_status":"closed","ping_status":"open","sticky":false,"template":"","format":"standard","meta":[],"categories":[24],"tags":[121,369],"yoast_head":"<!-- This site is optimized with the Yoast SEO plugin v20.2 - https:\/\/yoast.com\/wordpress\/plugins\/seo\/ -->\n<title>Prosegue il World Health Forum Veneto: il programma<\/title>\n<meta name=\"description\" content=\"Prosegue anche oggi il World Health Forum Veneto: altri incontri per far scoprire le frontiere della tecnologia applicata alla salute.\" \/>\n<meta name=\"robots\" content=\"index, follow, max-snippet:-1, max-image-preview:large, max-video-preview:-1\" \/>\n<link rel=\"canonical\" href=\"https:\/\/www.nordestsanita.it\/?p=1902\" \/>\n<meta property=\"og:locale\" content=\"it_IT\" \/>\n<meta property=\"og:type\" content=\"article\" \/>\n<meta property=\"og:title\" content=\"Prosegue il World Health Forum Veneto: il programma\" \/>\n<meta property=\"og:description\" content=\"Prosegue anche oggi il World Health Forum Veneto: altri incontri per far scoprire le frontiere della tecnologia applicata alla salute.\" \/>\n<meta property=\"og:url\" content=\"https:\/\/www.nordestsanita.it\/?p=1902\" \/>\n<meta property=\"og:site_name\" content=\"NES\" \/>\n<meta property=\"article:published_time\" content=\"2024-03-21T11:03:22+00:00\" \/>\n<meta property=\"article:modified_time\" content=\"2024-03-21T11:03:23+00:00\" \/>\n<meta property=\"og:image\" content=\"https:\/\/www.nordestsanita.it\/wp-content\/uploads\/2024\/03\/padova-congress-sala-mantegna-1.jpg\" \/>\n\t<meta property=\"og:image:width\" content=\"1500\" \/>\n\t<meta property=\"og:image:height\" content=\"1125\" \/>\n\t<meta property=\"og:image:type\" content=\"image\/jpeg\" \/>\n<meta name=\"author\" content=\"Redazione\" \/>\n<meta name=\"twitter:card\" content=\"summary_large_image\" \/>\n<meta name=\"twitter:label1\" content=\"Scritto da\" \/>\n\t<meta name=\"twitter:data1\" content=\"Redazione\" \/>\n\t<meta name=\"twitter:label2\" content=\"Tempo di lettura stimato\" \/>\n\t<meta name=\"twitter:data2\" content=\"9 minuti\" \/>\n<script type=\"application\/ld+json\" class=\"yoast-schema-graph\">{\"@context\":\"https:\/\/schema.org\",\"@graph\":[{\"@type\":\"Article\",\"@id\":\"https:\/\/www.nordestsanita.it\/?p=1902#article\",\"isPartOf\":{\"@id\":\"https:\/\/www.nordestsanita.it\/?p=1902\"},\"author\":{\"name\":\"Redazione\",\"@id\":\"https:\/\/www.nordestsanita.it\/#\/schema\/person\/e5a7dc6dca45cb55e67d4a127b0e969a\"},\"headline\":\"Prosegue il World Health Forum Veneto: il programma\",\"datePublished\":\"2024-03-21T11:03:22+00:00\",\"dateModified\":\"2024-03-21T11:03:23+00:00\",\"mainEntityOfPage\":{\"@id\":\"https:\/\/www.nordestsanita.it\/?p=1902\"},\"wordCount\":1643,\"publisher\":{\"@id\":\"https:\/\/www.nordestsanita.it\/#organization\"},\"keywords\":[\"padova\",\"world health forum veneto\"],\"articleSection\":[\"Attualit\u00e0\"],\"inLanguage\":\"it-IT\"},{\"@type\":\"WebPage\",\"@id\":\"https:\/\/www.nordestsanita.it\/?p=1902\",\"url\":\"https:\/\/www.nordestsanita.it\/?p=1902\",\"name\":\"Prosegue il World Health Forum Veneto: il programma\",\"isPartOf\":{\"@id\":\"https:\/\/www.nordestsanita.it\/#website\"},\"datePublished\":\"2024-03-21T11:03:22+00:00\",\"dateModified\":\"2024-03-21T11:03:23+00:00\",\"description\":\"Prosegue anche oggi il World Health Forum Veneto: altri incontri per far scoprire le frontiere della tecnologia applicata alla salute.\",\"breadcrumb\":{\"@id\":\"https:\/\/www.nordestsanita.it\/?p=1902#breadcrumb\"},\"inLanguage\":\"it-IT\",\"potentialAction\":[{\"@type\":\"ReadAction\",\"target\":[\"https:\/\/www.nordestsanita.it\/?p=1902\"]}]},{\"@type\":\"BreadcrumbList\",\"@id\":\"https:\/\/www.nordestsanita.it\/?p=1902#breadcrumb\",\"itemListElement\":[{\"@type\":\"ListItem\",\"position\":1,\"name\":\"Home\",\"item\":\"https:\/\/www.nordestsanita.it\/\"},{\"@type\":\"ListItem\",\"position\":2,\"name\":\"Prosegue il World Health Forum Veneto: il programma\"}]},{\"@type\":\"WebSite\",\"@id\":\"https:\/\/www.nordestsanita.it\/#website\",\"url\":\"https:\/\/www.nordestsanita.it\/\",\"name\":\"NES\",\"description\":\"Nord Est Sanit\u00e0\",\"publisher\":{\"@id\":\"https:\/\/www.nordestsanita.it\/#organization\"},\"potentialAction\":[{\"@type\":\"SearchAction\",\"target\":{\"@type\":\"EntryPoint\",\"urlTemplate\":\"https:\/\/www.nordestsanita.it\/?s={search_term_string}\"},\"query-input\":\"required name=search_term_string\"}],\"inLanguage\":\"it-IT\"},{\"@type\":\"Organization\",\"@id\":\"https:\/\/www.nordestsanita.it\/#organization\",\"name\":\"NES\",\"url\":\"https:\/\/www.nordestsanita.it\/\",\"logo\":{\"@type\":\"ImageObject\",\"inLanguage\":\"it-IT\",\"@id\":\"https:\/\/www.nordestsanita.it\/#\/schema\/logo\/image\/\",\"url\":\"https:\/\/www.nordestsanita.it\/wp-content\/uploads\/2021\/05\/NES-1280.png\",\"contentUrl\":\"https:\/\/www.nordestsanita.it\/wp-content\/uploads\/2021\/05\/NES-1280.png\",\"width\":1280,\"height\":458,\"caption\":\"NES\"},\"image\":{\"@id\":\"https:\/\/www.nordestsanita.it\/#\/schema\/logo\/image\/\"}},{\"@type\":\"Person\",\"@id\":\"https:\/\/www.nordestsanita.it\/#\/schema\/person\/e5a7dc6dca45cb55e67d4a127b0e969a\",\"name\":\"Redazione\",\"image\":{\"@type\":\"ImageObject\",\"inLanguage\":\"it-IT\",\"@id\":\"https:\/\/www.nordestsanita.it\/#\/schema\/person\/image\/\",\"url\":\"https:\/\/secure.gravatar.com\/avatar\/3f19a9b3d671ea36ec67c4badf3f961a?s=96&d=mm&r=g\",\"contentUrl\":\"https:\/\/secure.gravatar.com\/avatar\/3f19a9b3d671ea36ec67c4badf3f961a?s=96&d=mm&r=g\",\"caption\":\"Redazione\"},\"url\":\"https:\/\/www.nordestsanita.it\/?author=8\"}]}<\/script>\n<!-- \/ Yoast SEO plugin. -->","yoast_head_json":{"title":"Prosegue il World Health Forum Veneto: il programma","description":"Prosegue anche oggi il World Health Forum Veneto: altri incontri per far scoprire le frontiere della tecnologia applicata alla salute.","robots":{"index":"index","follow":"follow","max-snippet":"max-snippet:-1","max-image-preview":"max-image-preview:large","max-video-preview":"max-video-preview:-1"},"canonical":"https:\/\/www.nordestsanita.it\/?p=1902","og_locale":"it_IT","og_type":"article","og_title":"Prosegue il World Health Forum Veneto: il programma","og_description":"Prosegue anche oggi il World Health Forum Veneto: altri incontri per far scoprire le frontiere della tecnologia applicata alla salute.","og_url":"https:\/\/www.nordestsanita.it\/?p=1902","og_site_name":"NES","article_published_time":"2024-03-21T11:03:22+00:00","article_modified_time":"2024-03-21T11:03:23+00:00","og_image":[{"width":1500,"height":1125,"url":"https:\/\/www.nordestsanita.it\/wp-content\/uploads\/2024\/03\/padova-congress-sala-mantegna-1.jpg","type":"image\/jpeg"}],"author":"Redazione","twitter_card":"summary_large_image","twitter_misc":{"Scritto da":"Redazione","Tempo di lettura stimato":"9 minuti"},"schema":{"@context":"https:\/\/schema.org","@graph":[{"@type":"Article","@id":"https:\/\/www.nordestsanita.it\/?p=1902#article","isPartOf":{"@id":"https:\/\/www.nordestsanita.it\/?p=1902"},"author":{"name":"Redazione","@id":"https:\/\/www.nordestsanita.it\/#\/schema\/person\/e5a7dc6dca45cb55e67d4a127b0e969a"},"headline":"Prosegue il World Health Forum Veneto: il programma","datePublished":"2024-03-21T11:03:22+00:00","dateModified":"2024-03-21T11:03:23+00:00","mainEntityOfPage":{"@id":"https:\/\/www.nordestsanita.it\/?p=1902"},"wordCount":1643,"publisher":{"@id":"https:\/\/www.nordestsanita.it\/#organization"},"keywords":["padova","world health forum veneto"],"articleSection":["Attualit\u00e0"],"inLanguage":"it-IT"},{"@type":"WebPage","@id":"https:\/\/www.nordestsanita.it\/?p=1902","url":"https:\/\/www.nordestsanita.it\/?p=1902","name":"Prosegue il World Health Forum Veneto: il programma","isPartOf":{"@id":"https:\/\/www.nordestsanita.it\/#website"},"datePublished":"2024-03-21T11:03:22+00:00","dateModified":"2024-03-21T11:03:23+00:00","description":"Prosegue anche oggi il World Health Forum Veneto: altri incontri per far scoprire le frontiere della tecnologia applicata alla salute.","breadcrumb":{"@id":"https:\/\/www.nordestsanita.it\/?p=1902#breadcrumb"},"inLanguage":"it-IT","potentialAction":[{"@type":"ReadAction","target":["https:\/\/www.nordestsanita.it\/?p=1902"]}]},{"@type":"BreadcrumbList","@id":"https:\/\/www.nordestsanita.it\/?p=1902#breadcrumb","itemListElement":[{"@type":"ListItem","position":1,"name":"Home","item":"https:\/\/www.nordestsanita.it\/"},{"@type":"ListItem","position":2,"name":"Prosegue il World Health Forum Veneto: il programma"}]},{"@type":"WebSite","@id":"https:\/\/www.nordestsanita.it\/#website","url":"https:\/\/www.nordestsanita.it\/","name":"NES","description":"Nord Est Sanit\u00e0","publisher":{"@id":"https:\/\/www.nordestsanita.it\/#organization"},"potentialAction":[{"@type":"SearchAction","target":{"@type":"EntryPoint","urlTemplate":"https:\/\/www.nordestsanita.it\/?s={search_term_string}"},"query-input":"required name=search_term_string"}],"inLanguage":"it-IT"},{"@type":"Organization","@id":"https:\/\/www.nordestsanita.it\/#organization","name":"NES","url":"https:\/\/www.nordestsanita.it\/","logo":{"@type":"ImageObject","inLanguage":"it-IT","@id":"https:\/\/www.nordestsanita.it\/#\/schema\/logo\/image\/","url":"https:\/\/www.nordestsanita.it\/wp-content\/uploads\/2021\/05\/NES-1280.png","contentUrl":"https:\/\/www.nordestsanita.it\/wp-content\/uploads\/2021\/05\/NES-1280.png","width":1280,"height":458,"caption":"NES"},"image":{"@id":"https:\/\/www.nordestsanita.it\/#\/schema\/logo\/image\/"}},{"@type":"Person","@id":"https:\/\/www.nordestsanita.it\/#\/schema\/person\/e5a7dc6dca45cb55e67d4a127b0e969a","name":"Redazione","image":{"@type":"ImageObject","inLanguage":"it-IT","@id":"https:\/\/www.nordestsanita.it\/#\/schema\/person\/image\/","url":"https:\/\/secure.gravatar.com\/avatar\/3f19a9b3d671ea36ec67c4badf3f961a?s=96&d=mm&r=g","contentUrl":"https:\/\/secure.gravatar.com\/avatar\/3f19a9b3d671ea36ec67c4badf3f961a?s=96&d=mm&r=g","caption":"Redazione"},"url":"https:\/\/www.nordestsanita.it\/?author=8"}]}},"jetpack_featured_media_url":"https:\/\/www.nordestsanita.it\/wp-content\/uploads\/2024\/03\/padova-congress-sala-mantegna-1.jpg","_links":{"self":[{"href":"https:\/\/www.nordestsanita.it\/index.php?rest_route=\/wp\/v2\/posts\/1902"}],"collection":[{"href":"https:\/\/www.nordestsanita.it\/index.php?rest_route=\/wp\/v2\/posts"}],"about":[{"href":"https:\/\/www.nordestsanita.it\/index.php?rest_route=\/wp\/v2\/types\/post"}],"author":[{"embeddable":true,"href":"https:\/\/www.nordestsanita.it\/index.php?rest_route=\/wp\/v2\/users\/8"}],"replies":[{"embeddable":true,"href":"https:\/\/www.nordestsanita.it\/index.php?rest_route=%2Fwp%2Fv2%2Fcomments&post=1902"}],"version-history":[{"count":1,"href":"https:\/\/www.nordestsanita.it\/index.php?rest_route=\/wp\/v2\/posts\/1902\/revisions"}],"predecessor-version":[{"id":1904,"href":"https:\/\/www.nordestsanita.it\/index.php?rest_route=\/wp\/v2\/posts\/1902\/revisions\/1904"}],"wp:featuredmedia":[{"embeddable":true,"href":"https:\/\/www.nordestsanita.it\/index.php?rest_route=\/wp\/v2\/media\/1903"}],"wp:attachment":[{"href":"https:\/\/www.nordestsanita.it\/index.php?rest_route=%2Fwp%2Fv2%2Fmedia&parent=1902"}],"wp:term":[{"taxonomy":"category","embeddable":true,"href":"https:\/\/www.nordestsanita.it\/index.php?rest_route=%2Fwp%2Fv2%2Fcategories&post=1902"},{"taxonomy":"post_tag","embeddable":true,"href":"https:\/\/www.nordestsanita.it\/index.php?rest_route=%2Fwp%2Fv2%2Ftags&post=1902"}],"curies":[{"name":"wp","href":"https:\/\/api.w.org\/{rel}","templated":true}]}}