{"id":1929,"date":"2024-05-22T16:07:00","date_gmt":"2024-05-22T14:07:00","guid":{"rendered":"https:\/\/www.nordestsanita.it\/?p=1929"},"modified":"2024-05-22T16:07:00","modified_gmt":"2024-05-22T14:07:00","slug":"fino-al-26-maggio-la-settimana-mondiale-della-tiroide","status":"publish","type":"post","link":"https:\/\/www.nordestsanita.it\/?p=1929","title":{"rendered":"Fino al 26 maggio la Settimana Mondiale della Tiroide"},"content":{"rendered":"\n<p>Anche quest\u2019annosi celebra dal 20 al 26 maggio, la Settimana Mondiale della Tiroide, appuntamento a cui Regione del Veneto partecipa con un\u2019azione che si inserisce all\u2019interno della campagna di comunicazione rivolta alla popolazione \u201cVivo Bene Veneto\u201d, incardinata nel Piano Regionale Prevenzione 2020-2025, di cui traduce le linee guida in un messaggio che raggiunga tutti, senza distinzione di et\u00e0, sesso e condizione.\u00a0\u00a0<\/p>\n\n\n\n<!--more-->\n\n\n\n<p>Tra le corrette abitudini alimentari da adottare consapevolmente per \u201cvivere bene\u201d, infatti, rientra l\u2019assunzione del sale iodato, per la prevenzione di patologie da iodocarenza. Come spiegano gli esperti, lo iodio \u00e8 un micronutriente essenziale per il corretto funzionamento della tiroide, da assumere nelle quantit\u00e0 raccomandate in tutte le fasi della vita, con particolare attenzione alla fase preconcezionale, di gravidanza e allattamento, quando aumenta il fabbisogno ed il suo apporto \u00e8 fondamentale per il corretto sviluppo neurologico del bambino.<\/p>\n\n\n\n<p>\u201c\u2019Poco sale ma iodato\u2019 \u00e8 il motto lanciato circa 15 anni fa insieme alla campagna di iodoprofilassi \u2013 sottolinea l\u2019assessore regionale alla Sanit\u00e0 e Politiche Sociali -. Oggi possiamo affermare che anche nel Veneto \u00e8 stata raggiunta un&#8217;adeguata assunzione di iodio con la dieta, permettendo la scomparsa del gozzo in et\u00e0 scolare, come riporta l\u2019ultima ricognizione condotta negli anni 2015-2019 dall\u2019OSNAMI (Osservatorio Nazionale per il Monitoraggio della Iodoprofilassi in Italia). Inoltre, un recente studio ha attestato una riduzione significativa dell\u2019incidenza di ipertiroidismo nella nostra regione nell&#8217;ultimo decennio, specialmente legata ad una riduzione di incidenza del gozzo tiroideo. Questi risultati sono stati ottenuti grazie a un lavoro di concerto tra Universit\u00e0, Aziende Sanitarie e realt\u00e0 territoriali, attraverso una campagna di diffusione capillare di informazione, dalle piazze fino alla scuola primaria, supportata e coordinata dalla Regione del Veneto mediante l\u2019attuazione delle azioni previste dai diversi Piani Regionali di Prevenzione e dall\u2019attuale che si caratterizza per un forte approccio intersettoriale\u201d.<\/p>\n\n\n\n<p>La fonte principale di iodio \u00e8 rappresentata dagli alimenti, ma la quantit\u00e0 di iodio assunta con la dieta non \u00e8 sempre sufficiente. In Italia, con una specifica legge del 2005, \u00e8 stato avviato un programma di \u201ciodoprofilassi\u201d su base volontaria, che consiste nell\u2019integrazione di iodio nell\u2019alimentazione per assicurare un adeguato apporto giornaliero, in particolare attraverso l\u2019uso di sale iodato al posto di quello normale da cucina, per massimo 5 grammi al giorno. Eccedere con il sale aumenta infatti il rischio di malattie cardiovascolari.<\/p>\n\n\n\n<p>Approccio life-course e programmazione sanitaria regionale sono alla base di azioni capillari di formazione sul tema a partire dalle scuole primarie (con iniziative come il \u201cSignor Iodio e il Signor Poco Sale\u201d,&nbsp;&nbsp;\u201cMerenda Sana\u201d, la distribuzione di frutta, verdura, latte, yogurt e formaggi a scuola), interventi sulla ristorazione collettiva per garantire la qualit\u00e0 nutrizionale dei cibi somministrati con l\u2019utilizzo di sale iodato, oltre ad apposite campagne di comunicazione e sensibilizzazione e alla formazione del personale sanitario. In particolare, il Programma \u201cScuole che promuovono Salute\u201d presente nel Piano Regionale Prevenzione 2020-2025 d\u00e0 continuit\u00e0 a queste azioni rivolte al setting scolastico, sottolineando l\u2019importanza di impegnarsi a supportare la Scuola a divenire luogo che faciliti scelte di vita salutari attraverso la creazione di alleanze tra settore educativo sanitario e sociale.<\/p>\n\n\n\n<p>Nonostante l\u2019importante traguardo raggiunto, la gravidanza risulta essere una fase della vita ancora a maggior rischio per la carenza di iodio assunto tramite la dieta.&nbsp;&nbsp;Le donne del Veneto, cos\u00ec come in tutta Italia, continuano a fare i conti con un apporto iodico non ottimale. Inoltre, un\u2019indagine condotta recentemente in Veneto ha rilevato nelle ragazze di 11-16 anni, rispetto ai compagni maschi, un significativo minore consumo giornaliero di latte vaccino, che \u00e8 una fonte alternativa di iodio indispensabile, pur utilizzando con regolarit\u00e0 il sale iodato. Che le giovani preadolescenti e adolescenti, pur utilizzando con regolarit\u00e0 il sale iodato, smettano molto precocemente di bere il latte vaccino, merita grande attenzione, perch\u00e9 \u00e8 determinante mantenere un adeguato livello di iodio a tutte le et\u00e0 e a maggior ragione durante la gravidanza e l\u2019allattamento, vista l\u2019importanza dello iodio per il corretto sviluppo neurologico, specie in tenera et\u00e0.<\/p>\n\n\n\n<p>\u201cProprio per questo \u2013 conclude l\u2019Assessore &#8211; il messaggio lanciato dalla Regione del Veneto, assieme all\u2019Universit\u00e0 degli Studi di Padova, in occasione di questa edizione della settimana mondiale della Tiroide riprende l\u2019immagine di un bambino che, toccando il grembo della propria mamma, le ricorda l\u2019importanza di pensare al suo corretto apporto di iodio. Questo vuole rappresentare l\u2019importanza di investire fin dall\u2019et\u00e0 scolare per fornire i corretti strumenti per l\u2019adozione consapevole di corrette abitudini per la salute, come perseguito da decenni dalla strategia regionale di prevenzione delle patologie tiroidee da iodocarenza\u201d.<\/p>\n","protected":false},"excerpt":{"rendered":"<p>Anche quest\u2019annosi celebra dal 20 al 26 maggio, la Settimana Mondiale della Tiroide, appuntamento a cui Regione del Veneto partecipa<\/p>\n","protected":false},"author":8,"featured_media":1930,"comment_status":"closed","ping_status":"open","sticky":false,"template":"","format":"standard","meta":[],"categories":[24],"tags":[359,71,375],"yoast_head":"<!-- This site is optimized with the Yoast SEO plugin v20.2 - https:\/\/yoast.com\/wordpress\/plugins\/seo\/ -->\n<title>Fino al 26 maggio la Settimana Mondiale della Tiroide - NES<\/title>\n<meta name=\"description\" content=\"Anche quest\u2019annosi celebra dal 20 al 26 maggio, la Settimana Mondiale della Tiroide, appuntamento a cui Regione del Veneto partecipa\" \/>\n<meta name=\"robots\" content=\"index, follow, max-snippet:-1, max-image-preview:large, max-video-preview:-1\" \/>\n<link rel=\"canonical\" href=\"https:\/\/www.nordestsanita.it\/?p=1929\" \/>\n<meta property=\"og:locale\" content=\"it_IT\" \/>\n<meta property=\"og:type\" content=\"article\" \/>\n<meta property=\"og:title\" content=\"Fino al 26 maggio la Settimana Mondiale della Tiroide - NES\" \/>\n<meta property=\"og:description\" content=\"Anche quest\u2019annosi celebra dal 20 al 26 maggio, la Settimana Mondiale della Tiroide, appuntamento a cui Regione del Veneto partecipa\" \/>\n<meta property=\"og:url\" content=\"https:\/\/www.nordestsanita.it\/?p=1929\" \/>\n<meta property=\"og:site_name\" content=\"NES\" \/>\n<meta property=\"article:published_time\" content=\"2024-05-22T14:07:00+00:00\" \/>\n<meta property=\"og:image\" content=\"https:\/\/www.nordestsanita.it\/wp-content\/uploads\/2024\/05\/salt-6728600_640.jpg\" \/>\n\t<meta property=\"og:image:width\" content=\"640\" \/>\n\t<meta property=\"og:image:height\" content=\"427\" \/>\n\t<meta property=\"og:image:type\" content=\"image\/jpeg\" \/>\n<meta name=\"author\" content=\"Redazione\" \/>\n<meta name=\"twitter:card\" content=\"summary_large_image\" \/>\n<meta name=\"twitter:label1\" content=\"Scritto da\" \/>\n\t<meta name=\"twitter:data1\" content=\"Redazione\" \/>\n\t<meta name=\"twitter:label2\" content=\"Tempo di lettura stimato\" \/>\n\t<meta name=\"twitter:data2\" content=\"4 minuti\" \/>\n<script type=\"application\/ld+json\" class=\"yoast-schema-graph\">{\"@context\":\"https:\/\/schema.org\",\"@graph\":[{\"@type\":\"Article\",\"@id\":\"https:\/\/www.nordestsanita.it\/?p=1929#article\",\"isPartOf\":{\"@id\":\"https:\/\/www.nordestsanita.it\/?p=1929\"},\"author\":{\"name\":\"Redazione\",\"@id\":\"https:\/\/www.nordestsanita.it\/#\/schema\/person\/e5a7dc6dca45cb55e67d4a127b0e969a\"},\"headline\":\"Fino al 26 maggio la Settimana Mondiale della Tiroide\",\"datePublished\":\"2024-05-22T14:07:00+00:00\",\"dateModified\":\"2024-05-22T14:07:00+00:00\",\"mainEntityOfPage\":{\"@id\":\"https:\/\/www.nordestsanita.it\/?p=1929\"},\"wordCount\":762,\"publisher\":{\"@id\":\"https:\/\/www.nordestsanita.it\/#organization\"},\"keywords\":[\"iodio\",\"Regione Veneto\",\"tiroide\"],\"articleSection\":[\"Attualit\u00e0\"],\"inLanguage\":\"it-IT\"},{\"@type\":\"WebPage\",\"@id\":\"https:\/\/www.nordestsanita.it\/?p=1929\",\"url\":\"https:\/\/www.nordestsanita.it\/?p=1929\",\"name\":\"Fino al 26 maggio la Settimana Mondiale della Tiroide - NES\",\"isPartOf\":{\"@id\":\"https:\/\/www.nordestsanita.it\/#website\"},\"datePublished\":\"2024-05-22T14:07:00+00:00\",\"dateModified\":\"2024-05-22T14:07:00+00:00\",\"description\":\"Anche quest\u2019annosi celebra dal 20 al 26 maggio, la Settimana Mondiale della Tiroide, appuntamento a cui Regione del Veneto partecipa\",\"breadcrumb\":{\"@id\":\"https:\/\/www.nordestsanita.it\/?p=1929#breadcrumb\"},\"inLanguage\":\"it-IT\",\"potentialAction\":[{\"@type\":\"ReadAction\",\"target\":[\"https:\/\/www.nordestsanita.it\/?p=1929\"]}]},{\"@type\":\"BreadcrumbList\",\"@id\":\"https:\/\/www.nordestsanita.it\/?p=1929#breadcrumb\",\"itemListElement\":[{\"@type\":\"ListItem\",\"position\":1,\"name\":\"Home\",\"item\":\"https:\/\/www.nordestsanita.it\/\"},{\"@type\":\"ListItem\",\"position\":2,\"name\":\"Fino al 26 maggio la Settimana Mondiale della Tiroide\"}]},{\"@type\":\"WebSite\",\"@id\":\"https:\/\/www.nordestsanita.it\/#website\",\"url\":\"https:\/\/www.nordestsanita.it\/\",\"name\":\"NES\",\"description\":\"Nord Est Sanit\u00e0\",\"publisher\":{\"@id\":\"https:\/\/www.nordestsanita.it\/#organization\"},\"potentialAction\":[{\"@type\":\"SearchAction\",\"target\":{\"@type\":\"EntryPoint\",\"urlTemplate\":\"https:\/\/www.nordestsanita.it\/?s={search_term_string}\"},\"query-input\":\"required name=search_term_string\"}],\"inLanguage\":\"it-IT\"},{\"@type\":\"Organization\",\"@id\":\"https:\/\/www.nordestsanita.it\/#organization\",\"name\":\"NES\",\"url\":\"https:\/\/www.nordestsanita.it\/\",\"logo\":{\"@type\":\"ImageObject\",\"inLanguage\":\"it-IT\",\"@id\":\"https:\/\/www.nordestsanita.it\/#\/schema\/logo\/image\/\",\"url\":\"https:\/\/www.nordestsanita.it\/wp-content\/uploads\/2021\/05\/NES-1280.png\",\"contentUrl\":\"https:\/\/www.nordestsanita.it\/wp-content\/uploads\/2021\/05\/NES-1280.png\",\"width\":1280,\"height\":458,\"caption\":\"NES\"},\"image\":{\"@id\":\"https:\/\/www.nordestsanita.it\/#\/schema\/logo\/image\/\"}},{\"@type\":\"Person\",\"@id\":\"https:\/\/www.nordestsanita.it\/#\/schema\/person\/e5a7dc6dca45cb55e67d4a127b0e969a\",\"name\":\"Redazione\",\"image\":{\"@type\":\"ImageObject\",\"inLanguage\":\"it-IT\",\"@id\":\"https:\/\/www.nordestsanita.it\/#\/schema\/person\/image\/\",\"url\":\"https:\/\/secure.gravatar.com\/avatar\/3f19a9b3d671ea36ec67c4badf3f961a?s=96&d=mm&r=g\",\"contentUrl\":\"https:\/\/secure.gravatar.com\/avatar\/3f19a9b3d671ea36ec67c4badf3f961a?s=96&d=mm&r=g\",\"caption\":\"Redazione\"},\"url\":\"https:\/\/www.nordestsanita.it\/?author=8\"}]}<\/script>\n<!-- \/ Yoast SEO plugin. -->","yoast_head_json":{"title":"Fino al 26 maggio la Settimana Mondiale della Tiroide - NES","description":"Anche quest\u2019annosi celebra dal 20 al 26 maggio, la Settimana Mondiale della Tiroide, appuntamento a cui Regione del Veneto partecipa","robots":{"index":"index","follow":"follow","max-snippet":"max-snippet:-1","max-image-preview":"max-image-preview:large","max-video-preview":"max-video-preview:-1"},"canonical":"https:\/\/www.nordestsanita.it\/?p=1929","og_locale":"it_IT","og_type":"article","og_title":"Fino al 26 maggio la Settimana Mondiale della Tiroide - NES","og_description":"Anche quest\u2019annosi celebra dal 20 al 26 maggio, la Settimana Mondiale della Tiroide, appuntamento a cui Regione del Veneto partecipa","og_url":"https:\/\/www.nordestsanita.it\/?p=1929","og_site_name":"NES","article_published_time":"2024-05-22T14:07:00+00:00","og_image":[{"width":640,"height":427,"url":"https:\/\/www.nordestsanita.it\/wp-content\/uploads\/2024\/05\/salt-6728600_640.jpg","type":"image\/jpeg"}],"author":"Redazione","twitter_card":"summary_large_image","twitter_misc":{"Scritto da":"Redazione","Tempo di lettura stimato":"4 minuti"},"schema":{"@context":"https:\/\/schema.org","@graph":[{"@type":"Article","@id":"https:\/\/www.nordestsanita.it\/?p=1929#article","isPartOf":{"@id":"https:\/\/www.nordestsanita.it\/?p=1929"},"author":{"name":"Redazione","@id":"https:\/\/www.nordestsanita.it\/#\/schema\/person\/e5a7dc6dca45cb55e67d4a127b0e969a"},"headline":"Fino al 26 maggio la Settimana Mondiale della Tiroide","datePublished":"2024-05-22T14:07:00+00:00","dateModified":"2024-05-22T14:07:00+00:00","mainEntityOfPage":{"@id":"https:\/\/www.nordestsanita.it\/?p=1929"},"wordCount":762,"publisher":{"@id":"https:\/\/www.nordestsanita.it\/#organization"},"keywords":["iodio","Regione Veneto","tiroide"],"articleSection":["Attualit\u00e0"],"inLanguage":"it-IT"},{"@type":"WebPage","@id":"https:\/\/www.nordestsanita.it\/?p=1929","url":"https:\/\/www.nordestsanita.it\/?p=1929","name":"Fino al 26 maggio la Settimana Mondiale della Tiroide - NES","isPartOf":{"@id":"https:\/\/www.nordestsanita.it\/#website"},"datePublished":"2024-05-22T14:07:00+00:00","dateModified":"2024-05-22T14:07:00+00:00","description":"Anche quest\u2019annosi celebra dal 20 al 26 maggio, la Settimana Mondiale della Tiroide, appuntamento a cui Regione del Veneto partecipa","breadcrumb":{"@id":"https:\/\/www.nordestsanita.it\/?p=1929#breadcrumb"},"inLanguage":"it-IT","potentialAction":[{"@type":"ReadAction","target":["https:\/\/www.nordestsanita.it\/?p=1929"]}]},{"@type":"BreadcrumbList","@id":"https:\/\/www.nordestsanita.it\/?p=1929#breadcrumb","itemListElement":[{"@type":"ListItem","position":1,"name":"Home","item":"https:\/\/www.nordestsanita.it\/"},{"@type":"ListItem","position":2,"name":"Fino al 26 maggio la Settimana Mondiale della Tiroide"}]},{"@type":"WebSite","@id":"https:\/\/www.nordestsanita.it\/#website","url":"https:\/\/www.nordestsanita.it\/","name":"NES","description":"Nord Est Sanit\u00e0","publisher":{"@id":"https:\/\/www.nordestsanita.it\/#organization"},"potentialAction":[{"@type":"SearchAction","target":{"@type":"EntryPoint","urlTemplate":"https:\/\/www.nordestsanita.it\/?s={search_term_string}"},"query-input":"required name=search_term_string"}],"inLanguage":"it-IT"},{"@type":"Organization","@id":"https:\/\/www.nordestsanita.it\/#organization","name":"NES","url":"https:\/\/www.nordestsanita.it\/","logo":{"@type":"ImageObject","inLanguage":"it-IT","@id":"https:\/\/www.nordestsanita.it\/#\/schema\/logo\/image\/","url":"https:\/\/www.nordestsanita.it\/wp-content\/uploads\/2021\/05\/NES-1280.png","contentUrl":"https:\/\/www.nordestsanita.it\/wp-content\/uploads\/2021\/05\/NES-1280.png","width":1280,"height":458,"caption":"NES"},"image":{"@id":"https:\/\/www.nordestsanita.it\/#\/schema\/logo\/image\/"}},{"@type":"Person","@id":"https:\/\/www.nordestsanita.it\/#\/schema\/person\/e5a7dc6dca45cb55e67d4a127b0e969a","name":"Redazione","image":{"@type":"ImageObject","inLanguage":"it-IT","@id":"https:\/\/www.nordestsanita.it\/#\/schema\/person\/image\/","url":"https:\/\/secure.gravatar.com\/avatar\/3f19a9b3d671ea36ec67c4badf3f961a?s=96&d=mm&r=g","contentUrl":"https:\/\/secure.gravatar.com\/avatar\/3f19a9b3d671ea36ec67c4badf3f961a?s=96&d=mm&r=g","caption":"Redazione"},"url":"https:\/\/www.nordestsanita.it\/?author=8"}]}},"jetpack_featured_media_url":"https:\/\/www.nordestsanita.it\/wp-content\/uploads\/2024\/05\/salt-6728600_640.jpg","_links":{"self":[{"href":"https:\/\/www.nordestsanita.it\/index.php?rest_route=\/wp\/v2\/posts\/1929"}],"collection":[{"href":"https:\/\/www.nordestsanita.it\/index.php?rest_route=\/wp\/v2\/posts"}],"about":[{"href":"https:\/\/www.nordestsanita.it\/index.php?rest_route=\/wp\/v2\/types\/post"}],"author":[{"embeddable":true,"href":"https:\/\/www.nordestsanita.it\/index.php?rest_route=\/wp\/v2\/users\/8"}],"replies":[{"embeddable":true,"href":"https:\/\/www.nordestsanita.it\/index.php?rest_route=%2Fwp%2Fv2%2Fcomments&post=1929"}],"version-history":[{"count":1,"href":"https:\/\/www.nordestsanita.it\/index.php?rest_route=\/wp\/v2\/posts\/1929\/revisions"}],"predecessor-version":[{"id":1931,"href":"https:\/\/www.nordestsanita.it\/index.php?rest_route=\/wp\/v2\/posts\/1929\/revisions\/1931"}],"wp:featuredmedia":[{"embeddable":true,"href":"https:\/\/www.nordestsanita.it\/index.php?rest_route=\/wp\/v2\/media\/1930"}],"wp:attachment":[{"href":"https:\/\/www.nordestsanita.it\/index.php?rest_route=%2Fwp%2Fv2%2Fmedia&parent=1929"}],"wp:term":[{"taxonomy":"category","embeddable":true,"href":"https:\/\/www.nordestsanita.it\/index.php?rest_route=%2Fwp%2Fv2%2Fcategories&post=1929"},{"taxonomy":"post_tag","embeddable":true,"href":"https:\/\/www.nordestsanita.it\/index.php?rest_route=%2Fwp%2Fv2%2Ftags&post=1929"}],"curies":[{"name":"wp","href":"https:\/\/api.w.org\/{rel}","templated":true}]}}