{"id":1932,"date":"2024-05-27T15:28:58","date_gmt":"2024-05-27T13:28:58","guid":{"rendered":"https:\/\/www.nordestsanita.it\/?p=1932"},"modified":"2024-05-27T15:28:59","modified_gmt":"2024-05-27T13:28:59","slug":"sclerosi-multipla-al-via-la-settimana-mondiale","status":"publish","type":"post","link":"https:\/\/www.nordestsanita.it\/?p=1932","title":{"rendered":"Sclerosi multipla, al via la settimana mondiale"},"content":{"rendered":"\n<p><strong>Prende il via oggi la<\/strong> <strong><em>Settimana Mondiale della Sclerosi Multipla<\/em><\/strong>: per l\u2019occasione la <strong><em>Societ\u00e0 Italiana di Neurologia<\/em><\/strong> (SIN) desidera <strong>evidenziare i significativi progressi compiuti negli ultimi anni nella diagnosi e nel trattamento di questa malattia<\/strong>, grazie a un&#8217;evoluzione delle conoscenze scientifiche. Questi sviluppi stanno <strong>cambiando radicalmente l&#8217;approccio terapeutico<\/strong>, migliorando notevolmente la <strong>qualit\u00e0 della vita dei pazienti<\/strong> affetti da sclerosi multipla (SM), patologia che nel nostro Paese riguarda circa <strong>150mila persone<\/strong>, soprattutto giovani adulti con un picco <strong>fra i 20 e i 30 anni <\/strong>e il doppio <strong>delle donne rispetto agli uomini<\/strong>.<\/p>\n\n\n\n<!--more-->\n\n\n\n<p>\u201cNegli ultimi anni abbiamo assistito a un&#8217;importante implementazione <strong>di nuovi criteri diagnostici<\/strong>, che permettono di ottenere una <strong>diagnosi precoce della SM fin dall\u2019esordio clinico <\/strong>nella maggioranza dei pazienti \u2013 dichiara il <strong>Prof. Claudio Gasperini, Responsabile del Gruppo di Studio Sclerosi Multipla della Societ\u00e0 Italiana di Neurologia<\/strong> &#8211; Questa evoluzione consente di <strong>intervenire tempestivamente<\/strong>, aumentando le possibilit\u00e0 di gestione efficace della malattia. Parallelamente, l&#8217;utilizzo di tecniche <strong>avanzate di Risonanza Magnetica<\/strong> ha fornito nuove evidenze sulla precocit\u00e0 del danno neurodegenerativo causato dalla SM. Queste tecniche avanzate permettono di individuare con maggiore precisione i danni iniziali, facilitando interventi terapeutici tempestivi e mirati.<\/p>\n\n\n\n<p>Inoltre, la disponibilit\u00e0 di un numero <strong>crescente di farmaci ad alta efficacia<\/strong> rappresenta un ulteriore progresso. La maturata esperienza, condivisa all&#8217;interno del network italiano dei centri SM, sull&#8217;uso di questi farmaci, ha dimostrato che il <strong>trattamento precoce con farmaci ad alta efficacia pu\u00f2 cambiare la storia naturale della malattia.<\/strong> Numerosi studi pubblicati negli ultimi anni dimostrano che tali trattamenti possono <strong>prevenire la progressione della SM<\/strong> e, di conseguenza, <strong>ridurre l&#8217;accumulo di disabilit\u00e0.<\/strong><\/p>\n\n\n\n<p>\u201c\u00c8 oggi universalmente riconosciuta dalla comunit\u00e0 neurologica <strong>l&#8217;importanza di intervenire sulla malattia il pi\u00f9 precocemente possibile con i farmaci pi\u00f9 efficaci<\/strong> per prevenire il danno neurodegenerativo \u2013 commenta il <strong>Prof. Alessandro Padovani, Presidente della Societ\u00e0 Italiana di Neurologia<\/strong> &#8211; Le prime fasi della SM rappresentano una finestra terapeutica cruciale per ritardare o prevenire la progressione irreversibile della disabilit\u00e0, la quale \u00e8 responsabile degli alti costi sociali associati alla sclerosi multipla; in ultima istanza, quindi, l\u2018utilizzazione dei farmaci ad alta efficacia porterebbe nel tempo ad una notevole riduzione dei costo socio-sanitari oltre che a un miglioramento della qualit\u00e0 di vita delle persone con SM e dei propri caregivers\u201d.<\/p>\n\n\n\n<p>In Italia, la cura della Sclerosi Multipla (SM) \u00e8 affidata a circa 240 centri specializzati e distribuiti su tutto il territorio nazionale. Questi centri operano seguendo un modello organizzativo avanzato, progettato per implementare efficacemente le linee di indirizzo del Percorso Diagnostico Terapeutico Assistenziale (PDTA) nazionale. Il&nbsp; PDTA \u00e8 stato sviluppato grazie al lavoro collaborativo tra SIN,&nbsp; Agenzia Nazionale per i Servizi Sanitari Regionali (AGENAS) e Associazione Italiana Sclerosi Multipla (AISM) e permette di fornire un&#8217;assistenza di alta qualit\u00e0, rispondendo in modo efficace e tempestivo alle complesse esigenze dei pazienti migliorandone&nbsp; significativamente la qualit\u00e0 di vita.<\/p>\n\n\n\n<p>Inoltre, il <strong>Registro Italiano di SM<\/strong> sta facendo un prezioso lavoro di raccolta dati tra i pazienti che permetter\u00e0 di migliorare le conoscenze sulla malattia, con benefici futuri per tutte le persone che hanno una diagnosi certa o possibile di sclerosi multipla.<\/p>\n\n\n\n<p>In occasione della Settimana Mondiale della Sclerosi Multipla, la Societ\u00e0 Italiana di Neurologia ha organizzato un webinar dedicato alla sicurezza infettivologica nel monitoraggio della terapia ad alta efficacia nella Sclerosi Multipla. L\u2019appuntamento \u00e8 per oggi, luned\u00ec 27 maggio, dalle ore 18 alle ore 19 sull\u2019account Facebook della SIN (@sinneurologia).<\/p>\n\n\n\n<p>Guardando al futuro, \u00e8 auspicabile una collaborazione sempre pi\u00f9 stretta tra comunit\u00e0 scientifica, agenzie regolatorie del farmaco e associazione italiana dei pazienti con SM per il superamento della Nota 65 e la revisione dei criteri di prescrizione dei farmaci di prima e seconda linea sostituendo queste definizioni con quelle scientificamente pi\u00f9 corrette di farmaci di &#8220;moderata efficacia&#8221; e di &#8220;elevata efficacia&#8221; e consentendo cos\u00ec ai neurologi di scegliere il farmaco pi\u00f9 adatto per iniziare i percorsi terapeutici pi\u00f9 efficaci per i singoli pazienti. Questo approccio rispetterebbe pienamente i principi della medicina basata sull&#8217;evidenza e della buona pratica clinica.<\/p>\n","protected":false},"excerpt":{"rendered":"<p>Settimana mondiale della sclerosi multipla: la Societ\u00e0 italiana di neurologia fa il punto sui progressi diagnostici e terapeutici.<\/p>\n","protected":false},"author":8,"featured_media":1933,"comment_status":"closed","ping_status":"open","sticky":false,"template":"","format":"standard","meta":[],"categories":[24],"tags":[328],"yoast_head":"<!-- This site is optimized with the Yoast SEO plugin v20.2 - https:\/\/yoast.com\/wordpress\/plugins\/seo\/ -->\n<title>Sclerosi multipla, al via la settimana mondiale - NES<\/title>\n<meta name=\"description\" content=\"Settimana mondiale della sclerosi multipla: la Societ\u00e0 italiana di neurologia fa il punto sui progressi diagnostici e terapeutici.\" \/>\n<meta name=\"robots\" content=\"index, follow, max-snippet:-1, max-image-preview:large, max-video-preview:-1\" \/>\n<link rel=\"canonical\" href=\"https:\/\/www.nordestsanita.it\/?p=1932\" \/>\n<meta property=\"og:locale\" content=\"it_IT\" \/>\n<meta property=\"og:type\" content=\"article\" \/>\n<meta property=\"og:title\" content=\"Sclerosi multipla, al via la settimana mondiale - NES\" \/>\n<meta property=\"og:description\" content=\"Settimana mondiale della sclerosi multipla: la Societ\u00e0 italiana di neurologia fa il punto sui progressi diagnostici e terapeutici.\" \/>\n<meta property=\"og:url\" content=\"https:\/\/www.nordestsanita.it\/?p=1932\" \/>\n<meta property=\"og:site_name\" content=\"NES\" \/>\n<meta property=\"article:published_time\" content=\"2024-05-27T13:28:58+00:00\" \/>\n<meta property=\"article:modified_time\" content=\"2024-05-27T13:28:59+00:00\" \/>\n<meta property=\"og:image\" content=\"https:\/\/www.nordestsanita.it\/wp-content\/uploads\/2024\/05\/stampelle-scaled.jpg\" \/>\n\t<meta property=\"og:image:width\" content=\"2560\" \/>\n\t<meta property=\"og:image:height\" content=\"1708\" \/>\n\t<meta property=\"og:image:type\" content=\"image\/jpeg\" \/>\n<meta name=\"author\" content=\"Redazione\" \/>\n<meta name=\"twitter:card\" content=\"summary_large_image\" \/>\n<meta name=\"twitter:label1\" content=\"Scritto da\" \/>\n\t<meta name=\"twitter:data1\" content=\"Redazione\" \/>\n\t<meta name=\"twitter:label2\" content=\"Tempo di lettura stimato\" \/>\n\t<meta name=\"twitter:data2\" content=\"4 minuti\" \/>\n<script type=\"application\/ld+json\" class=\"yoast-schema-graph\">{\"@context\":\"https:\/\/schema.org\",\"@graph\":[{\"@type\":\"Article\",\"@id\":\"https:\/\/www.nordestsanita.it\/?p=1932#article\",\"isPartOf\":{\"@id\":\"https:\/\/www.nordestsanita.it\/?p=1932\"},\"author\":{\"name\":\"Redazione\",\"@id\":\"https:\/\/www.nordestsanita.it\/#\/schema\/person\/e5a7dc6dca45cb55e67d4a127b0e969a\"},\"headline\":\"Sclerosi multipla, al via la settimana mondiale\",\"datePublished\":\"2024-05-27T13:28:58+00:00\",\"dateModified\":\"2024-05-27T13:28:59+00:00\",\"mainEntityOfPage\":{\"@id\":\"https:\/\/www.nordestsanita.it\/?p=1932\"},\"wordCount\":653,\"publisher\":{\"@id\":\"https:\/\/www.nordestsanita.it\/#organization\"},\"keywords\":[\"sclerosi multipla\"],\"articleSection\":[\"Attualit\u00e0\"],\"inLanguage\":\"it-IT\"},{\"@type\":\"WebPage\",\"@id\":\"https:\/\/www.nordestsanita.it\/?p=1932\",\"url\":\"https:\/\/www.nordestsanita.it\/?p=1932\",\"name\":\"Sclerosi multipla, al via la settimana mondiale - NES\",\"isPartOf\":{\"@id\":\"https:\/\/www.nordestsanita.it\/#website\"},\"datePublished\":\"2024-05-27T13:28:58+00:00\",\"dateModified\":\"2024-05-27T13:28:59+00:00\",\"description\":\"Settimana mondiale della sclerosi multipla: la Societ\u00e0 italiana di neurologia fa il punto sui progressi diagnostici e terapeutici.\",\"breadcrumb\":{\"@id\":\"https:\/\/www.nordestsanita.it\/?p=1932#breadcrumb\"},\"inLanguage\":\"it-IT\",\"potentialAction\":[{\"@type\":\"ReadAction\",\"target\":[\"https:\/\/www.nordestsanita.it\/?p=1932\"]}]},{\"@type\":\"BreadcrumbList\",\"@id\":\"https:\/\/www.nordestsanita.it\/?p=1932#breadcrumb\",\"itemListElement\":[{\"@type\":\"ListItem\",\"position\":1,\"name\":\"Home\",\"item\":\"https:\/\/www.nordestsanita.it\/\"},{\"@type\":\"ListItem\",\"position\":2,\"name\":\"Sclerosi multipla, al via la settimana mondiale\"}]},{\"@type\":\"WebSite\",\"@id\":\"https:\/\/www.nordestsanita.it\/#website\",\"url\":\"https:\/\/www.nordestsanita.it\/\",\"name\":\"NES\",\"description\":\"Nord Est Sanit\u00e0\",\"publisher\":{\"@id\":\"https:\/\/www.nordestsanita.it\/#organization\"},\"potentialAction\":[{\"@type\":\"SearchAction\",\"target\":{\"@type\":\"EntryPoint\",\"urlTemplate\":\"https:\/\/www.nordestsanita.it\/?s={search_term_string}\"},\"query-input\":\"required name=search_term_string\"}],\"inLanguage\":\"it-IT\"},{\"@type\":\"Organization\",\"@id\":\"https:\/\/www.nordestsanita.it\/#organization\",\"name\":\"NES\",\"url\":\"https:\/\/www.nordestsanita.it\/\",\"logo\":{\"@type\":\"ImageObject\",\"inLanguage\":\"it-IT\",\"@id\":\"https:\/\/www.nordestsanita.it\/#\/schema\/logo\/image\/\",\"url\":\"https:\/\/www.nordestsanita.it\/wp-content\/uploads\/2021\/05\/NES-1280.png\",\"contentUrl\":\"https:\/\/www.nordestsanita.it\/wp-content\/uploads\/2021\/05\/NES-1280.png\",\"width\":1280,\"height\":458,\"caption\":\"NES\"},\"image\":{\"@id\":\"https:\/\/www.nordestsanita.it\/#\/schema\/logo\/image\/\"}},{\"@type\":\"Person\",\"@id\":\"https:\/\/www.nordestsanita.it\/#\/schema\/person\/e5a7dc6dca45cb55e67d4a127b0e969a\",\"name\":\"Redazione\",\"image\":{\"@type\":\"ImageObject\",\"inLanguage\":\"it-IT\",\"@id\":\"https:\/\/www.nordestsanita.it\/#\/schema\/person\/image\/\",\"url\":\"https:\/\/secure.gravatar.com\/avatar\/3f19a9b3d671ea36ec67c4badf3f961a?s=96&d=mm&r=g\",\"contentUrl\":\"https:\/\/secure.gravatar.com\/avatar\/3f19a9b3d671ea36ec67c4badf3f961a?s=96&d=mm&r=g\",\"caption\":\"Redazione\"},\"url\":\"https:\/\/www.nordestsanita.it\/?author=8\"}]}<\/script>\n<!-- \/ Yoast SEO plugin. -->","yoast_head_json":{"title":"Sclerosi multipla, al via la settimana mondiale - NES","description":"Settimana mondiale della sclerosi multipla: la Societ\u00e0 italiana di neurologia fa il punto sui progressi diagnostici e terapeutici.","robots":{"index":"index","follow":"follow","max-snippet":"max-snippet:-1","max-image-preview":"max-image-preview:large","max-video-preview":"max-video-preview:-1"},"canonical":"https:\/\/www.nordestsanita.it\/?p=1932","og_locale":"it_IT","og_type":"article","og_title":"Sclerosi multipla, al via la settimana mondiale - NES","og_description":"Settimana mondiale della sclerosi multipla: la Societ\u00e0 italiana di neurologia fa il punto sui progressi diagnostici e terapeutici.","og_url":"https:\/\/www.nordestsanita.it\/?p=1932","og_site_name":"NES","article_published_time":"2024-05-27T13:28:58+00:00","article_modified_time":"2024-05-27T13:28:59+00:00","og_image":[{"width":2560,"height":1708,"url":"https:\/\/www.nordestsanita.it\/wp-content\/uploads\/2024\/05\/stampelle-scaled.jpg","type":"image\/jpeg"}],"author":"Redazione","twitter_card":"summary_large_image","twitter_misc":{"Scritto da":"Redazione","Tempo di lettura stimato":"4 minuti"},"schema":{"@context":"https:\/\/schema.org","@graph":[{"@type":"Article","@id":"https:\/\/www.nordestsanita.it\/?p=1932#article","isPartOf":{"@id":"https:\/\/www.nordestsanita.it\/?p=1932"},"author":{"name":"Redazione","@id":"https:\/\/www.nordestsanita.it\/#\/schema\/person\/e5a7dc6dca45cb55e67d4a127b0e969a"},"headline":"Sclerosi multipla, al via la settimana mondiale","datePublished":"2024-05-27T13:28:58+00:00","dateModified":"2024-05-27T13:28:59+00:00","mainEntityOfPage":{"@id":"https:\/\/www.nordestsanita.it\/?p=1932"},"wordCount":653,"publisher":{"@id":"https:\/\/www.nordestsanita.it\/#organization"},"keywords":["sclerosi multipla"],"articleSection":["Attualit\u00e0"],"inLanguage":"it-IT"},{"@type":"WebPage","@id":"https:\/\/www.nordestsanita.it\/?p=1932","url":"https:\/\/www.nordestsanita.it\/?p=1932","name":"Sclerosi multipla, al via la settimana mondiale - NES","isPartOf":{"@id":"https:\/\/www.nordestsanita.it\/#website"},"datePublished":"2024-05-27T13:28:58+00:00","dateModified":"2024-05-27T13:28:59+00:00","description":"Settimana mondiale della sclerosi multipla: la Societ\u00e0 italiana di neurologia fa il punto sui progressi diagnostici e terapeutici.","breadcrumb":{"@id":"https:\/\/www.nordestsanita.it\/?p=1932#breadcrumb"},"inLanguage":"it-IT","potentialAction":[{"@type":"ReadAction","target":["https:\/\/www.nordestsanita.it\/?p=1932"]}]},{"@type":"BreadcrumbList","@id":"https:\/\/www.nordestsanita.it\/?p=1932#breadcrumb","itemListElement":[{"@type":"ListItem","position":1,"name":"Home","item":"https:\/\/www.nordestsanita.it\/"},{"@type":"ListItem","position":2,"name":"Sclerosi multipla, al via la settimana mondiale"}]},{"@type":"WebSite","@id":"https:\/\/www.nordestsanita.it\/#website","url":"https:\/\/www.nordestsanita.it\/","name":"NES","description":"Nord Est Sanit\u00e0","publisher":{"@id":"https:\/\/www.nordestsanita.it\/#organization"},"potentialAction":[{"@type":"SearchAction","target":{"@type":"EntryPoint","urlTemplate":"https:\/\/www.nordestsanita.it\/?s={search_term_string}"},"query-input":"required name=search_term_string"}],"inLanguage":"it-IT"},{"@type":"Organization","@id":"https:\/\/www.nordestsanita.it\/#organization","name":"NES","url":"https:\/\/www.nordestsanita.it\/","logo":{"@type":"ImageObject","inLanguage":"it-IT","@id":"https:\/\/www.nordestsanita.it\/#\/schema\/logo\/image\/","url":"https:\/\/www.nordestsanita.it\/wp-content\/uploads\/2021\/05\/NES-1280.png","contentUrl":"https:\/\/www.nordestsanita.it\/wp-content\/uploads\/2021\/05\/NES-1280.png","width":1280,"height":458,"caption":"NES"},"image":{"@id":"https:\/\/www.nordestsanita.it\/#\/schema\/logo\/image\/"}},{"@type":"Person","@id":"https:\/\/www.nordestsanita.it\/#\/schema\/person\/e5a7dc6dca45cb55e67d4a127b0e969a","name":"Redazione","image":{"@type":"ImageObject","inLanguage":"it-IT","@id":"https:\/\/www.nordestsanita.it\/#\/schema\/person\/image\/","url":"https:\/\/secure.gravatar.com\/avatar\/3f19a9b3d671ea36ec67c4badf3f961a?s=96&d=mm&r=g","contentUrl":"https:\/\/secure.gravatar.com\/avatar\/3f19a9b3d671ea36ec67c4badf3f961a?s=96&d=mm&r=g","caption":"Redazione"},"url":"https:\/\/www.nordestsanita.it\/?author=8"}]}},"jetpack_featured_media_url":"https:\/\/www.nordestsanita.it\/wp-content\/uploads\/2024\/05\/stampelle-scaled.jpg","_links":{"self":[{"href":"https:\/\/www.nordestsanita.it\/index.php?rest_route=\/wp\/v2\/posts\/1932"}],"collection":[{"href":"https:\/\/www.nordestsanita.it\/index.php?rest_route=\/wp\/v2\/posts"}],"about":[{"href":"https:\/\/www.nordestsanita.it\/index.php?rest_route=\/wp\/v2\/types\/post"}],"author":[{"embeddable":true,"href":"https:\/\/www.nordestsanita.it\/index.php?rest_route=\/wp\/v2\/users\/8"}],"replies":[{"embeddable":true,"href":"https:\/\/www.nordestsanita.it\/index.php?rest_route=%2Fwp%2Fv2%2Fcomments&post=1932"}],"version-history":[{"count":1,"href":"https:\/\/www.nordestsanita.it\/index.php?rest_route=\/wp\/v2\/posts\/1932\/revisions"}],"predecessor-version":[{"id":1934,"href":"https:\/\/www.nordestsanita.it\/index.php?rest_route=\/wp\/v2\/posts\/1932\/revisions\/1934"}],"wp:featuredmedia":[{"embeddable":true,"href":"https:\/\/www.nordestsanita.it\/index.php?rest_route=\/wp\/v2\/media\/1933"}],"wp:attachment":[{"href":"https:\/\/www.nordestsanita.it\/index.php?rest_route=%2Fwp%2Fv2%2Fmedia&parent=1932"}],"wp:term":[{"taxonomy":"category","embeddable":true,"href":"https:\/\/www.nordestsanita.it\/index.php?rest_route=%2Fwp%2Fv2%2Fcategories&post=1932"},{"taxonomy":"post_tag","embeddable":true,"href":"https:\/\/www.nordestsanita.it\/index.php?rest_route=%2Fwp%2Fv2%2Ftags&post=1932"}],"curies":[{"name":"wp","href":"https:\/\/api.w.org\/{rel}","templated":true}]}}