{"id":1945,"date":"2024-07-11T11:00:00","date_gmt":"2024-07-11T09:00:00","guid":{"rendered":"https:\/\/www.nordestsanita.it\/?p=1945"},"modified":"2024-07-10T15:53:18","modified_gmt":"2024-07-10T13:53:18","slug":"il-disability-pride-month-arriva-in-veneto","status":"publish","type":"post","link":"https:\/\/www.nordestsanita.it\/?p=1945","title":{"rendered":"Il Disability Pride Month arriva in Veneto"},"content":{"rendered":"\n<p>L\u2019evento di celebrazione dell\u2019\u201corgoglio disabile\u201d arriva anche in Veneto: prende via proprio in questo mese di luglio il <strong>Disability Pride Veneto<\/strong> e lo fa con un ciclo di attivit\u00e0 ed eventi che culmineranno nel fine settimana del 14 e 15 settembre 2024. <\/p>\n\n\n\n<!--more-->\n\n\n\n<p>La prima celebrazione ufficiale del Disability Pride Month si \u00e8 tenuta negli Stati Uniti nel luglio 2015, proprio nell\u2019anno che ha segnato il 25\u00b0 anniversario del Americans with Disabilities Act (ADA), sottoscritto il 26 luglio 1990. Una celebrazione non solo statunitense ma anche italiana, che in questi nove anni ha raggiunto molte citt\u00e0 della nostra Penisola, da Nord a Sud.<\/p>\n\n\n\n<p>In via di definizione in questi giorni il ricco programma degli eventi padovani di settembre, con appuntamenti culturali, sport e intrattenimento per tutte le et\u00e0, all\u2019insegna di un messaggio di vera e tangibile inclusione.<br>Ad aprire questo percorso saranno <strong>due dirette Instagram il 16 e 24 luglio prossimi<\/strong>, che consentiranno di anticipare alcune tre le tematiche pi\u00f9 attuali quando si guarda al mondo della disabilit\u00e0.<\/p>\n\n\n\n<p><strong>Marted\u00ec 16 luglio, dalle 18:30 sul profilo Instagram del Disability Pride Veneto, appuntamento con Armanda Salvucci per parlare di sessualit\u00e0 e disabilit\u00e0<\/strong>. Ideatrice del progetto Sensuability e presidente dell\u2019associazione Nessunotocchimario, con la sua attivit\u00e0 Armanda Salvucci affronta alla luce del sole e all\u2019insegna dell\u2019ironia proprio la sessualit\u00e0, che riguarda tutti e che non pu\u00f2 essere solo appannaggio di chi \u00e8 \u201cbello e perfetto\u201d.<br>Nonostante la stessa Organizzazione Mondiale della Sanit\u00e0 abbia equiparato il diritto alla salute sessuale ai diritti umani in generale, infatti, la sessualit\u00e0 delle persone con disabilit\u00e0 viene spesso relegata a una dimensione distaccata dalla relazionalit\u00e0, non di rado ridotta a pratiche dell\u2019igiene personale o delle funzioni corporee.<br>\u201cSensuability \u2013 spiega Armanda Salvucci \u2013 fa esattamente questo: parte da una provocazione linguistica, fondendo due termini apparentemente inaccostabili come sessualit\u00e0 e disabilit\u00e0, per ridisegnare un nuovo immaginario erotico che comprenda corpi non perfetti ma estremamente sensuali\u201d.<\/p>\n\n\n\n<p><strong>Mercoled\u00ec 24 luglio, dalle 18:30 sul profilo Instagram del Disability Pride Veneto, sar\u00e0 invece la volta di una chiacchierata con Laura Andrao, avvocata esperta in diritti delle persone con disabilit\u00e0, che approfondir\u00e0 il tema del Progetto di Vita.<\/strong><\/p>\n\n\n\n<p>Il progetto individuale raccoglie tutti i bisogni e i desideri della singola persona con disabilit\u00e0 e li organizza all\u2019interno di un atto di pianificazione che si articola nel tempo e sulla cui base le Istituzioni, la persona, la famiglia e la stessa Comunit\u00e0 territoriale possono\/devono cercare di creare le condizioni affinch\u00e9 quegli interventi, quei servizi e quelle azioni positive si possano effettivamente compiere.<br>\u201cAlla luce della recente riforma sul riconoscimento dell\u2019invalidit\u00e0 \u2013 spiega Laura Andrao \u2013 diventa ancora pi\u00f9 importante tornare a parlare di questo tema. Siamo di fronte a una legislazione che, finalmente, sembrerebbe mettere la persona al centro, anche quella con disabilit\u00e0, per cui diventa fondamentale arrivare preparati al 2025, quando molto dovrebbe cambiare anche nella pratica\u201d.<br>Nel corso delle dirette social le ospiti risponderanno alle domande dei partecipanti, moderate da Claudia Frizzarin, presidente dell\u2019associazione MIL \u2013 Muoversi in Libert\u00e0, che per prima ha promosso il Disability Pride Veneto, coinvolgendo un network di associazioni attive su tutto il territorio regionale.<\/p>\n\n\n\n<p>Il Disability Pride Veneto \u00e8 organizzato in collaborazione con il Comune di Padova, la Fondazione Oggi e Domani e l\u2019Universit\u00e0 degli Studi di Padova e con il contributo di Decathlon, Fisioterapia Medica Studi e Ricerche Srl, Pegasus Medical Srl e Invictus Padova.<\/p>\n\n\n\n<p>L\u2019evento ha ottenuto il patrocinio di Regione del Veneto, Provincia di Padova e Ulss 6, Osservatorio Malattie Rare e Alleanza Malattie Rare.<\/p>\n","protected":false},"excerpt":{"rendered":"<p>L\u2019evento di celebrazione dell\u2019\u201corgoglio disabile\u201d arriva anche in Veneto: prende via proprio in questo mese il Disability Pride Veneto<\/p>\n","protected":false},"author":8,"featured_media":1946,"comment_status":"closed","ping_status":"open","sticky":false,"template":"","format":"standard","meta":[],"categories":[24],"tags":[115],"yoast_head":"<!-- This site is optimized with the Yoast SEO plugin v20.2 - https:\/\/yoast.com\/wordpress\/plugins\/seo\/ -->\n<title>Il Disability Pride Month arriva in Veneto - NES<\/title>\n<meta name=\"description\" content=\"L\u2019evento di celebrazione dell\u2019\u201corgoglio disabile\u201d arriva anche in Veneto: prende via proprio in questo mese il Disability Pride Veneto\" \/>\n<meta name=\"robots\" content=\"index, follow, max-snippet:-1, max-image-preview:large, max-video-preview:-1\" \/>\n<link rel=\"canonical\" href=\"https:\/\/www.nordestsanita.it\/?p=1945\" \/>\n<meta property=\"og:locale\" content=\"it_IT\" \/>\n<meta property=\"og:type\" content=\"article\" \/>\n<meta property=\"og:title\" content=\"Il Disability Pride Month arriva in Veneto - NES\" \/>\n<meta property=\"og:description\" content=\"L\u2019evento di celebrazione dell\u2019\u201corgoglio disabile\u201d arriva anche in Veneto: prende via proprio in questo mese il Disability Pride Veneto\" \/>\n<meta property=\"og:url\" content=\"https:\/\/www.nordestsanita.it\/?p=1945\" \/>\n<meta property=\"og:site_name\" content=\"NES\" \/>\n<meta property=\"article:published_time\" content=\"2024-07-11T09:00:00+00:00\" \/>\n<meta property=\"article:modified_time\" content=\"2024-07-10T13:53:18+00:00\" \/>\n<meta property=\"og:image\" content=\"https:\/\/www.nordestsanita.it\/wp-content\/uploads\/2024\/07\/Disability-Pride.jpg\" \/>\n\t<meta property=\"og:image:width\" content=\"400\" \/>\n\t<meta property=\"og:image:height\" content=\"250\" \/>\n\t<meta property=\"og:image:type\" content=\"image\/jpeg\" \/>\n<meta name=\"author\" content=\"Redazione\" \/>\n<meta name=\"twitter:card\" content=\"summary_large_image\" \/>\n<meta name=\"twitter:label1\" content=\"Scritto da\" \/>\n\t<meta name=\"twitter:data1\" content=\"Redazione\" \/>\n\t<meta name=\"twitter:label2\" content=\"Tempo di lettura stimato\" \/>\n\t<meta name=\"twitter:data2\" content=\"4 minuti\" \/>\n<script type=\"application\/ld+json\" class=\"yoast-schema-graph\">{\"@context\":\"https:\/\/schema.org\",\"@graph\":[{\"@type\":\"Article\",\"@id\":\"https:\/\/www.nordestsanita.it\/?p=1945#article\",\"isPartOf\":{\"@id\":\"https:\/\/www.nordestsanita.it\/?p=1945\"},\"author\":{\"name\":\"Redazione\",\"@id\":\"https:\/\/www.nordestsanita.it\/#\/schema\/person\/e5a7dc6dca45cb55e67d4a127b0e969a\"},\"headline\":\"Il Disability Pride Month arriva in Veneto\",\"datePublished\":\"2024-07-11T09:00:00+00:00\",\"dateModified\":\"2024-07-10T13:53:18+00:00\",\"mainEntityOfPage\":{\"@id\":\"https:\/\/www.nordestsanita.it\/?p=1945\"},\"wordCount\":576,\"publisher\":{\"@id\":\"https:\/\/www.nordestsanita.it\/#organization\"},\"keywords\":[\"disabilit\u00e0\"],\"articleSection\":[\"Attualit\u00e0\"],\"inLanguage\":\"it-IT\"},{\"@type\":\"WebPage\",\"@id\":\"https:\/\/www.nordestsanita.it\/?p=1945\",\"url\":\"https:\/\/www.nordestsanita.it\/?p=1945\",\"name\":\"Il Disability Pride Month arriva in Veneto - NES\",\"isPartOf\":{\"@id\":\"https:\/\/www.nordestsanita.it\/#website\"},\"datePublished\":\"2024-07-11T09:00:00+00:00\",\"dateModified\":\"2024-07-10T13:53:18+00:00\",\"description\":\"L\u2019evento di celebrazione dell\u2019\u201corgoglio disabile\u201d arriva anche in Veneto: prende via proprio in questo mese il Disability Pride Veneto\",\"breadcrumb\":{\"@id\":\"https:\/\/www.nordestsanita.it\/?p=1945#breadcrumb\"},\"inLanguage\":\"it-IT\",\"potentialAction\":[{\"@type\":\"ReadAction\",\"target\":[\"https:\/\/www.nordestsanita.it\/?p=1945\"]}]},{\"@type\":\"BreadcrumbList\",\"@id\":\"https:\/\/www.nordestsanita.it\/?p=1945#breadcrumb\",\"itemListElement\":[{\"@type\":\"ListItem\",\"position\":1,\"name\":\"Home\",\"item\":\"https:\/\/www.nordestsanita.it\/\"},{\"@type\":\"ListItem\",\"position\":2,\"name\":\"Il Disability Pride Month arriva in Veneto\"}]},{\"@type\":\"WebSite\",\"@id\":\"https:\/\/www.nordestsanita.it\/#website\",\"url\":\"https:\/\/www.nordestsanita.it\/\",\"name\":\"NES\",\"description\":\"Nord Est Sanit\u00e0\",\"publisher\":{\"@id\":\"https:\/\/www.nordestsanita.it\/#organization\"},\"potentialAction\":[{\"@type\":\"SearchAction\",\"target\":{\"@type\":\"EntryPoint\",\"urlTemplate\":\"https:\/\/www.nordestsanita.it\/?s={search_term_string}\"},\"query-input\":\"required name=search_term_string\"}],\"inLanguage\":\"it-IT\"},{\"@type\":\"Organization\",\"@id\":\"https:\/\/www.nordestsanita.it\/#organization\",\"name\":\"NES\",\"url\":\"https:\/\/www.nordestsanita.it\/\",\"logo\":{\"@type\":\"ImageObject\",\"inLanguage\":\"it-IT\",\"@id\":\"https:\/\/www.nordestsanita.it\/#\/schema\/logo\/image\/\",\"url\":\"https:\/\/www.nordestsanita.it\/wp-content\/uploads\/2021\/05\/NES-1280.png\",\"contentUrl\":\"https:\/\/www.nordestsanita.it\/wp-content\/uploads\/2021\/05\/NES-1280.png\",\"width\":1280,\"height\":458,\"caption\":\"NES\"},\"image\":{\"@id\":\"https:\/\/www.nordestsanita.it\/#\/schema\/logo\/image\/\"}},{\"@type\":\"Person\",\"@id\":\"https:\/\/www.nordestsanita.it\/#\/schema\/person\/e5a7dc6dca45cb55e67d4a127b0e969a\",\"name\":\"Redazione\",\"image\":{\"@type\":\"ImageObject\",\"inLanguage\":\"it-IT\",\"@id\":\"https:\/\/www.nordestsanita.it\/#\/schema\/person\/image\/\",\"url\":\"https:\/\/secure.gravatar.com\/avatar\/3f19a9b3d671ea36ec67c4badf3f961a?s=96&d=mm&r=g\",\"contentUrl\":\"https:\/\/secure.gravatar.com\/avatar\/3f19a9b3d671ea36ec67c4badf3f961a?s=96&d=mm&r=g\",\"caption\":\"Redazione\"},\"url\":\"https:\/\/www.nordestsanita.it\/?author=8\"}]}<\/script>\n<!-- \/ Yoast SEO plugin. -->","yoast_head_json":{"title":"Il Disability Pride Month arriva in Veneto - NES","description":"L\u2019evento di celebrazione dell\u2019\u201corgoglio disabile\u201d arriva anche in Veneto: prende via proprio in questo mese il Disability Pride Veneto","robots":{"index":"index","follow":"follow","max-snippet":"max-snippet:-1","max-image-preview":"max-image-preview:large","max-video-preview":"max-video-preview:-1"},"canonical":"https:\/\/www.nordestsanita.it\/?p=1945","og_locale":"it_IT","og_type":"article","og_title":"Il Disability Pride Month arriva in Veneto - NES","og_description":"L\u2019evento di celebrazione dell\u2019\u201corgoglio disabile\u201d arriva anche in Veneto: prende via proprio in questo mese il Disability Pride Veneto","og_url":"https:\/\/www.nordestsanita.it\/?p=1945","og_site_name":"NES","article_published_time":"2024-07-11T09:00:00+00:00","article_modified_time":"2024-07-10T13:53:18+00:00","og_image":[{"width":400,"height":250,"url":"https:\/\/www.nordestsanita.it\/wp-content\/uploads\/2024\/07\/Disability-Pride.jpg","type":"image\/jpeg"}],"author":"Redazione","twitter_card":"summary_large_image","twitter_misc":{"Scritto da":"Redazione","Tempo di lettura stimato":"4 minuti"},"schema":{"@context":"https:\/\/schema.org","@graph":[{"@type":"Article","@id":"https:\/\/www.nordestsanita.it\/?p=1945#article","isPartOf":{"@id":"https:\/\/www.nordestsanita.it\/?p=1945"},"author":{"name":"Redazione","@id":"https:\/\/www.nordestsanita.it\/#\/schema\/person\/e5a7dc6dca45cb55e67d4a127b0e969a"},"headline":"Il Disability Pride Month arriva in Veneto","datePublished":"2024-07-11T09:00:00+00:00","dateModified":"2024-07-10T13:53:18+00:00","mainEntityOfPage":{"@id":"https:\/\/www.nordestsanita.it\/?p=1945"},"wordCount":576,"publisher":{"@id":"https:\/\/www.nordestsanita.it\/#organization"},"keywords":["disabilit\u00e0"],"articleSection":["Attualit\u00e0"],"inLanguage":"it-IT"},{"@type":"WebPage","@id":"https:\/\/www.nordestsanita.it\/?p=1945","url":"https:\/\/www.nordestsanita.it\/?p=1945","name":"Il Disability Pride Month arriva in Veneto - NES","isPartOf":{"@id":"https:\/\/www.nordestsanita.it\/#website"},"datePublished":"2024-07-11T09:00:00+00:00","dateModified":"2024-07-10T13:53:18+00:00","description":"L\u2019evento di celebrazione dell\u2019\u201corgoglio disabile\u201d arriva anche in Veneto: prende via proprio in questo mese il Disability Pride Veneto","breadcrumb":{"@id":"https:\/\/www.nordestsanita.it\/?p=1945#breadcrumb"},"inLanguage":"it-IT","potentialAction":[{"@type":"ReadAction","target":["https:\/\/www.nordestsanita.it\/?p=1945"]}]},{"@type":"BreadcrumbList","@id":"https:\/\/www.nordestsanita.it\/?p=1945#breadcrumb","itemListElement":[{"@type":"ListItem","position":1,"name":"Home","item":"https:\/\/www.nordestsanita.it\/"},{"@type":"ListItem","position":2,"name":"Il Disability Pride Month arriva in Veneto"}]},{"@type":"WebSite","@id":"https:\/\/www.nordestsanita.it\/#website","url":"https:\/\/www.nordestsanita.it\/","name":"NES","description":"Nord Est Sanit\u00e0","publisher":{"@id":"https:\/\/www.nordestsanita.it\/#organization"},"potentialAction":[{"@type":"SearchAction","target":{"@type":"EntryPoint","urlTemplate":"https:\/\/www.nordestsanita.it\/?s={search_term_string}"},"query-input":"required name=search_term_string"}],"inLanguage":"it-IT"},{"@type":"Organization","@id":"https:\/\/www.nordestsanita.it\/#organization","name":"NES","url":"https:\/\/www.nordestsanita.it\/","logo":{"@type":"ImageObject","inLanguage":"it-IT","@id":"https:\/\/www.nordestsanita.it\/#\/schema\/logo\/image\/","url":"https:\/\/www.nordestsanita.it\/wp-content\/uploads\/2021\/05\/NES-1280.png","contentUrl":"https:\/\/www.nordestsanita.it\/wp-content\/uploads\/2021\/05\/NES-1280.png","width":1280,"height":458,"caption":"NES"},"image":{"@id":"https:\/\/www.nordestsanita.it\/#\/schema\/logo\/image\/"}},{"@type":"Person","@id":"https:\/\/www.nordestsanita.it\/#\/schema\/person\/e5a7dc6dca45cb55e67d4a127b0e969a","name":"Redazione","image":{"@type":"ImageObject","inLanguage":"it-IT","@id":"https:\/\/www.nordestsanita.it\/#\/schema\/person\/image\/","url":"https:\/\/secure.gravatar.com\/avatar\/3f19a9b3d671ea36ec67c4badf3f961a?s=96&d=mm&r=g","contentUrl":"https:\/\/secure.gravatar.com\/avatar\/3f19a9b3d671ea36ec67c4badf3f961a?s=96&d=mm&r=g","caption":"Redazione"},"url":"https:\/\/www.nordestsanita.it\/?author=8"}]}},"jetpack_featured_media_url":"https:\/\/www.nordestsanita.it\/wp-content\/uploads\/2024\/07\/Disability-Pride.jpg","_links":{"self":[{"href":"https:\/\/www.nordestsanita.it\/index.php?rest_route=\/wp\/v2\/posts\/1945"}],"collection":[{"href":"https:\/\/www.nordestsanita.it\/index.php?rest_route=\/wp\/v2\/posts"}],"about":[{"href":"https:\/\/www.nordestsanita.it\/index.php?rest_route=\/wp\/v2\/types\/post"}],"author":[{"embeddable":true,"href":"https:\/\/www.nordestsanita.it\/index.php?rest_route=\/wp\/v2\/users\/8"}],"replies":[{"embeddable":true,"href":"https:\/\/www.nordestsanita.it\/index.php?rest_route=%2Fwp%2Fv2%2Fcomments&post=1945"}],"version-history":[{"count":1,"href":"https:\/\/www.nordestsanita.it\/index.php?rest_route=\/wp\/v2\/posts\/1945\/revisions"}],"predecessor-version":[{"id":1947,"href":"https:\/\/www.nordestsanita.it\/index.php?rest_route=\/wp\/v2\/posts\/1945\/revisions\/1947"}],"wp:featuredmedia":[{"embeddable":true,"href":"https:\/\/www.nordestsanita.it\/index.php?rest_route=\/wp\/v2\/media\/1946"}],"wp:attachment":[{"href":"https:\/\/www.nordestsanita.it\/index.php?rest_route=%2Fwp%2Fv2%2Fmedia&parent=1945"}],"wp:term":[{"taxonomy":"category","embeddable":true,"href":"https:\/\/www.nordestsanita.it\/index.php?rest_route=%2Fwp%2Fv2%2Fcategories&post=1945"},{"taxonomy":"post_tag","embeddable":true,"href":"https:\/\/www.nordestsanita.it\/index.php?rest_route=%2Fwp%2Fv2%2Ftags&post=1945"}],"curies":[{"name":"wp","href":"https:\/\/api.w.org\/{rel}","templated":true}]}}