{"id":1948,"date":"2024-07-18T17:15:35","date_gmt":"2024-07-18T15:15:35","guid":{"rendered":"https:\/\/www.nordestsanita.it\/?p=1948"},"modified":"2024-07-18T17:15:37","modified_gmt":"2024-07-18T15:15:37","slug":"world-brain-day-diffuso-uno-studio-su-inquinamento-e-cervello-dei-ragazzi","status":"publish","type":"post","link":"https:\/\/www.nordestsanita.it\/?p=1948","title":{"rendered":"World Brain Day, diffuso uno studio su inquinamento e cervello dei ragazzi"},"content":{"rendered":"\n<p>Il 22 luglio si celebra il World Brain Day. Per l\u2019occasione la Societ\u00e0 Italiana di Neurologia richiama l\u2019attenzione sulla relazione tra inquinamento atmosferico e sviluppo delle attivit\u00e0 cognitive dimostrato da uno studio scientifico americano della Wayne State University e del Cincinnati Children&#8217;s Hospital.<\/p>\n\n\n\n<!--more-->\n\n\n\n<p>I ricercatori, diretti da Clara Zundel, dopo aver studiato 10mila giovani americani con et\u00e0 fra 9 e 12 anni ricavati dal database ABCD (Nationwide Adolescent Brain Cognitive Development), hanno scoperto come <strong>l\u2019esposizione agli inquinanti dell\u2019aria, alle polveri sottili e in particolare al PM 2,5,<\/strong> provochi alterazioni delle loro connessioni cerebrali con conseguenti disturbi dell\u2019attenzione e problemi mentali.<\/p>\n\n\n\n<p><strong>CONNESSIONI CEREBRALI<\/strong> Lo studio pubblicato sulla rivista Brain Connectivity da un gruppo di neurologi, psichiatri, epidemiologi ambientali e biostatistici <strong>indica che l\u2019esposizione in un\u2019et\u00e0 in cui si stanno sviluppando le principali connessioni cerebrali \u00e8 particolarmente pericolosa.<\/strong><\/p>\n\n\n\n<p>Peraltro, al danno da PM 2,5 responsabile anche di problemi respiratori come l\u2019asma o di respirazione nel sonno che ne viene conseguentemente disturbato, si associa pure quello degli inquinanti presenti nel cibo e nell\u2019acqua come ha fatto notare anche la Societ\u00e0 Italiana di Neurologia in una recente campagna stampa, un allarme che viene ora confermato dalla principale autrice dello studio secondo cui occorre attivare quanto prima un nuovo filone di ricerca di neurologia e psichiatria ambientale.<\/p>\n\n\n\n<p>Viene da chiedersi a questo punto se e <strong>quale influenza possano avere nelle persone pi\u00f9 anziane o pi\u00f9 fragili<\/strong> soprattutto laddove affette da altre malattie o altre comorbidit\u00e0. Questo appare oggi pi\u00f9 che mai di interesse, alla luce delle recenti attenzioni dedicate alle condizioni dei <strong>due pretendenti alla Casa Bianca<\/strong>.<\/p>\n\n\n\n<p><strong>METROPOLI A CONFRONTO <\/strong>Secondo l\u2019AQI americano, cio\u00e8 l\u2019Air Quality Index, la concentrazione di PM2.5 nell\u2019aria a New York, citt\u00e0 di nascita di Trump, \u00e8 compresa fra 35 e 85, mentre a Scranton, citt\u00e0 di nascita di Biden, \u00e8 pari a 11,6.<\/p>\n\n\n\n<p>Non possiamo sapere quanto fosse ottant\u2019anni fa quando Biden e Trump erano bambini, ma \u00e8 probabile che le proporzioni fra le due citt\u00e0 fossero simili alle attuali e cio\u00e8 che il piccolo Trump abbia respirato molto pi\u00f9 PM 2,5 di Biden.<\/p>\n\n\n\n<p><strong>BIDEN. <\/strong>Ovviamente non ci si pu\u00f2 basare su un unico dato che sar\u00e0 ancora da confermare meglio con ulteriori studi e occorre soprattutto considerare che la salute del cervello \u00e8 legata a molteplici fattori. Tuttavia, a proposito delle <strong>insinuazioni di decadimento<\/strong> sorte a carico di Biden dopo il famoso confronto televisivo con Trump, <strong>diverse sono state le ipotesi formulate<\/strong> seppure ad oggi non vi sono evidenze <strong>a supporto di una malattia cerebrale degenerativa<\/strong>. &nbsp;Il Presidente della Societ\u00e0 Italiana di Neurologia (SIN) Prof. Alessandro Padovani dell\u2019Universit\u00e0 di Brescia dichiara che occorre essere cauti e che <strong>alcune lacune non sempre sono determinate da una malattia che porta a demenza<\/strong>. Si deve tener conto che Biden, a parte una balbuzie manifesta fin dalla giovanissima et\u00e0, ha avuto una emorragia cerebrale nel 1988 per una rottura di aneurisma dalla quale si \u00e8 completamente ripreso e che da tempo lamenta, oltre che una fibrillazione atriale, una patologia respiratoria per la quale necessita di un supporto notturno. Il <strong>disturbo dell\u2019andatura<\/strong> \u00e8 conseguente ad una p<strong>olineuropatia <\/strong>sensitivo motoria e ad una <strong>spondiloartrosi<\/strong>, condizioni frequenti e in parte legate all\u2019et\u00e0. Le note cliniche escludono, invece, altre condizioni critiche e <strong>non vi sono elementi a favore di malattie degenerative come il Parkinson e l\u2019Alzheimer. <\/strong>Quello che occorre sottolineare \u00e8 che a parte alcune eccezioni, con l\u2019invecchiamento il nostro corpo va incontro a modifiche in tutti gli organi, e non c\u2019\u00e8 dubbio che il cervello \u00e8 un organo delicato e vulnerabile. Alcune difficolt\u00e0 cognitive possono essere conseguenti a disturbi del sonno, oppure ad eventuali trattamenti farmacologici, oppure a condizioni di stress. Certo, non sappiamo molto relativamente ad eventuali esami e sappiamo che in pi\u00f9 del 30% degli ultraottantenni vi possono essere nel cervello alterazioni vascolari cos\u00ec come alterazioni neuronali dovute a quelli che chiamiamo processi abiotrofici. Tra questi, negli ultimi anni \u00e8 diventata oggetto di studio <strong>una condizione et\u00e0-dipendente che chiamiamo LATE (Limbic-predominant age-related TDP-43 encephalopathy)<\/strong>. In verit\u00e0, questa entit\u00e0 non ha una causa specifica e risente di fattori diversi, cos\u00ec come succede per la pelle oppure per la vista oppure ancora per l\u2019udito. Si sa che le aree limbiche sono particolarmente sensibili e che nei neuroni di queste aree si accumula una proteina chiamata TDP-43 che interviene nelle condizioni di stress neuronale. I sintomi sono in larga parte confinati nei meccanismi di memoria, soprattutto di acquisizione di nuove informazioni.<\/p>\n\n\n\n<p><strong>DIFFICILI CONFERME<\/strong> Il problema della LATE \u00e8 stato messo in luce dal NIA, il National Institute for Aging americano ed \u00e8 oggi alla ricerca di marcatori diagnostici. Di certo, questa condizione differisce dall\u2019Alzheimer. Si pu\u00f2 affermare che <strong>Biden possa soffrire di questa condizione<\/strong>? Sulla base dei dati a disposizione non vi sono elementi a supporto.<\/p>\n\n\n\n<p>E cosa possiamo dire di Trump? A prima vista sembrerebbe che sia tutto riconducibile a carattere, temperamento e personalit\u00e0, sebbene pi\u00f9 di un osservatore riporta alcuni lapsus, alcune difficolt\u00e0 di denominazione e di memoria. Certo Biden e Trump sono diversi dal punto di vista personologico e probabilmente questo condiziona la comunicazione e il loro comportamento. Probabilmente nessuno dei due ha una Malattia di Alzheimer o un\u2019altra malattia neurodegenerativa ed entrambi, pur essendo anziani, paiono piuttosto il manifesto di quanto il cervello sia resistente, resiliente e efficiente anche nelle et\u00e0 avanzate.<\/p>\n\n\n\n<p><strong>SENSE OF PURPOSE Entrambi hanno protetto la salute del cervello grazie alla loro forte progettualit\u00e0 che ha continuato ad alimentare il loro scopo di vita, il cosiddetto \u201csense of purpose\u201d<\/strong> studiato da Angelica Sutin della Florida University che nell\u2019anziano combatte il decadimento intellettivo.<\/p>\n\n\n\n<p>L\u2019ostinata determinazione di Biden a proseguire nella corsa alla Casa Bianca e il pugno alzato di Trump dopo l\u2019attentato ne sono il miglior esempio.<\/p>\n\n\n\n<p><strong>RESILIENZA<\/strong> In quest\u2019ultimo tale reazione evidenzia anche una <strong>forte resilienza<\/strong> che secondo la Sutin ha molti addentellati con il sense of purpose e ci\u00f2 confermerebbe l\u2019ipotesi diagnostica di Padovani: a febbraio \u00e8 stato infatti pubblicato su Nature Human Behaviour uno studio su agenti di polizia olandesi secondo cui una forte resilienza <strong>al disturbo post-traumatico da stress<\/strong>, come quello che occorre a chi subisce grossi traumi come appunto un attentato, \u00e8 associato ad <strong>un\u2019iperattivit\u00e0 della corteccia prefrontale, <\/strong>una delle prime aree cerebrali colpite da demenza. In altre parole, nella Giornata Mondiale del Cervello, piuttosto che parlare di cosa si perde inevitabilmente con l\u2019et\u00e0, dovremo tutti, guardando a Biden e Trump, cos\u00ec come in casa nostra negli scorsi anni a Rita Levi Montalcini, Luigi Pertini e Umberto Napolitano, celebrare il grande miracolo del Cervello e della sua capacit\u00e0 di garantirci la forza di raggiungere gli obiettivi e i traguardi che ci prefiggiamo a tutte le et\u00e0<\/p>\n","protected":false},"excerpt":{"rendered":"<p>Il 22 luglio si celebra il World Brain Day e la SIN presenta una relazione tra inquinamento atmosferico e sviluppo delle attivit\u00e0 cognitive<\/p>\n","protected":false},"author":8,"featured_media":1949,"comment_status":"closed","ping_status":"open","sticky":false,"template":"","format":"standard","meta":[],"categories":[24],"tags":[376],"yoast_head":"<!-- This site is optimized with the Yoast SEO plugin v20.2 - https:\/\/yoast.com\/wordpress\/plugins\/seo\/ -->\n<title>World Brain Day, diffuso uno studio su inquinamento e cervello dei ragazzi<\/title>\n<meta name=\"description\" content=\"Il 22 luglio si celebra il World Brain Day e la SIN presenta una relazione tra inquinamento atmosferico e sviluppo delle attivit\u00e0 cognitive\" \/>\n<meta name=\"robots\" content=\"index, follow, max-snippet:-1, max-image-preview:large, max-video-preview:-1\" \/>\n<link rel=\"canonical\" href=\"https:\/\/www.nordestsanita.it\/?p=1948\" \/>\n<meta property=\"og:locale\" content=\"it_IT\" \/>\n<meta property=\"og:type\" content=\"article\" \/>\n<meta property=\"og:title\" content=\"World Brain Day, diffuso uno studio su inquinamento e cervello dei ragazzi\" \/>\n<meta property=\"og:description\" content=\"Il 22 luglio si celebra il World Brain Day e la SIN presenta una relazione tra inquinamento atmosferico e sviluppo delle attivit\u00e0 cognitive\" \/>\n<meta property=\"og:url\" content=\"https:\/\/www.nordestsanita.it\/?p=1948\" \/>\n<meta property=\"og:site_name\" content=\"NES\" \/>\n<meta property=\"article:published_time\" content=\"2024-07-18T15:15:35+00:00\" \/>\n<meta property=\"article:modified_time\" content=\"2024-07-18T15:15:37+00:00\" \/>\n<meta property=\"og:image\" content=\"https:\/\/www.nordestsanita.it\/wp-content\/uploads\/2024\/07\/mind-544404_640.png\" \/>\n\t<meta property=\"og:image:width\" content=\"640\" \/>\n\t<meta property=\"og:image:height\" content=\"494\" \/>\n\t<meta property=\"og:image:type\" content=\"image\/png\" \/>\n<meta name=\"author\" content=\"Redazione\" \/>\n<meta name=\"twitter:card\" content=\"summary_large_image\" \/>\n<meta name=\"twitter:label1\" content=\"Scritto da\" \/>\n\t<meta name=\"twitter:data1\" content=\"Redazione\" \/>\n\t<meta name=\"twitter:label2\" content=\"Tempo di lettura stimato\" \/>\n\t<meta name=\"twitter:data2\" content=\"6 minuti\" \/>\n<script type=\"application\/ld+json\" class=\"yoast-schema-graph\">{\"@context\":\"https:\/\/schema.org\",\"@graph\":[{\"@type\":\"Article\",\"@id\":\"https:\/\/www.nordestsanita.it\/?p=1948#article\",\"isPartOf\":{\"@id\":\"https:\/\/www.nordestsanita.it\/?p=1948\"},\"author\":{\"name\":\"Redazione\",\"@id\":\"https:\/\/www.nordestsanita.it\/#\/schema\/person\/e5a7dc6dca45cb55e67d4a127b0e969a\"},\"headline\":\"World Brain Day, diffuso uno studio su inquinamento e cervello dei ragazzi\",\"datePublished\":\"2024-07-18T15:15:35+00:00\",\"dateModified\":\"2024-07-18T15:15:37+00:00\",\"mainEntityOfPage\":{\"@id\":\"https:\/\/www.nordestsanita.it\/?p=1948\"},\"wordCount\":1117,\"publisher\":{\"@id\":\"https:\/\/www.nordestsanita.it\/#organization\"},\"keywords\":[\"cervello\"],\"articleSection\":[\"Attualit\u00e0\"],\"inLanguage\":\"it-IT\"},{\"@type\":\"WebPage\",\"@id\":\"https:\/\/www.nordestsanita.it\/?p=1948\",\"url\":\"https:\/\/www.nordestsanita.it\/?p=1948\",\"name\":\"World Brain Day, diffuso uno studio su inquinamento e cervello dei ragazzi\",\"isPartOf\":{\"@id\":\"https:\/\/www.nordestsanita.it\/#website\"},\"datePublished\":\"2024-07-18T15:15:35+00:00\",\"dateModified\":\"2024-07-18T15:15:37+00:00\",\"description\":\"Il 22 luglio si celebra il World Brain Day e la SIN presenta una relazione tra inquinamento atmosferico e sviluppo delle attivit\u00e0 cognitive\",\"breadcrumb\":{\"@id\":\"https:\/\/www.nordestsanita.it\/?p=1948#breadcrumb\"},\"inLanguage\":\"it-IT\",\"potentialAction\":[{\"@type\":\"ReadAction\",\"target\":[\"https:\/\/www.nordestsanita.it\/?p=1948\"]}]},{\"@type\":\"BreadcrumbList\",\"@id\":\"https:\/\/www.nordestsanita.it\/?p=1948#breadcrumb\",\"itemListElement\":[{\"@type\":\"ListItem\",\"position\":1,\"name\":\"Home\",\"item\":\"https:\/\/www.nordestsanita.it\/\"},{\"@type\":\"ListItem\",\"position\":2,\"name\":\"World Brain Day, diffuso uno studio su inquinamento e cervello dei ragazzi\"}]},{\"@type\":\"WebSite\",\"@id\":\"https:\/\/www.nordestsanita.it\/#website\",\"url\":\"https:\/\/www.nordestsanita.it\/\",\"name\":\"NES\",\"description\":\"Nord Est Sanit\u00e0\",\"publisher\":{\"@id\":\"https:\/\/www.nordestsanita.it\/#organization\"},\"potentialAction\":[{\"@type\":\"SearchAction\",\"target\":{\"@type\":\"EntryPoint\",\"urlTemplate\":\"https:\/\/www.nordestsanita.it\/?s={search_term_string}\"},\"query-input\":\"required name=search_term_string\"}],\"inLanguage\":\"it-IT\"},{\"@type\":\"Organization\",\"@id\":\"https:\/\/www.nordestsanita.it\/#organization\",\"name\":\"NES\",\"url\":\"https:\/\/www.nordestsanita.it\/\",\"logo\":{\"@type\":\"ImageObject\",\"inLanguage\":\"it-IT\",\"@id\":\"https:\/\/www.nordestsanita.it\/#\/schema\/logo\/image\/\",\"url\":\"https:\/\/www.nordestsanita.it\/wp-content\/uploads\/2021\/05\/NES-1280.png\",\"contentUrl\":\"https:\/\/www.nordestsanita.it\/wp-content\/uploads\/2021\/05\/NES-1280.png\",\"width\":1280,\"height\":458,\"caption\":\"NES\"},\"image\":{\"@id\":\"https:\/\/www.nordestsanita.it\/#\/schema\/logo\/image\/\"}},{\"@type\":\"Person\",\"@id\":\"https:\/\/www.nordestsanita.it\/#\/schema\/person\/e5a7dc6dca45cb55e67d4a127b0e969a\",\"name\":\"Redazione\",\"image\":{\"@type\":\"ImageObject\",\"inLanguage\":\"it-IT\",\"@id\":\"https:\/\/www.nordestsanita.it\/#\/schema\/person\/image\/\",\"url\":\"https:\/\/secure.gravatar.com\/avatar\/3f19a9b3d671ea36ec67c4badf3f961a?s=96&d=mm&r=g\",\"contentUrl\":\"https:\/\/secure.gravatar.com\/avatar\/3f19a9b3d671ea36ec67c4badf3f961a?s=96&d=mm&r=g\",\"caption\":\"Redazione\"},\"url\":\"https:\/\/www.nordestsanita.it\/?author=8\"}]}<\/script>\n<!-- \/ Yoast SEO plugin. -->","yoast_head_json":{"title":"World Brain Day, diffuso uno studio su inquinamento e cervello dei ragazzi","description":"Il 22 luglio si celebra il World Brain Day e la SIN presenta una relazione tra inquinamento atmosferico e sviluppo delle attivit\u00e0 cognitive","robots":{"index":"index","follow":"follow","max-snippet":"max-snippet:-1","max-image-preview":"max-image-preview:large","max-video-preview":"max-video-preview:-1"},"canonical":"https:\/\/www.nordestsanita.it\/?p=1948","og_locale":"it_IT","og_type":"article","og_title":"World Brain Day, diffuso uno studio su inquinamento e cervello dei ragazzi","og_description":"Il 22 luglio si celebra il World Brain Day e la SIN presenta una relazione tra inquinamento atmosferico e sviluppo delle attivit\u00e0 cognitive","og_url":"https:\/\/www.nordestsanita.it\/?p=1948","og_site_name":"NES","article_published_time":"2024-07-18T15:15:35+00:00","article_modified_time":"2024-07-18T15:15:37+00:00","og_image":[{"width":640,"height":494,"url":"https:\/\/www.nordestsanita.it\/wp-content\/uploads\/2024\/07\/mind-544404_640.png","type":"image\/png"}],"author":"Redazione","twitter_card":"summary_large_image","twitter_misc":{"Scritto da":"Redazione","Tempo di lettura stimato":"6 minuti"},"schema":{"@context":"https:\/\/schema.org","@graph":[{"@type":"Article","@id":"https:\/\/www.nordestsanita.it\/?p=1948#article","isPartOf":{"@id":"https:\/\/www.nordestsanita.it\/?p=1948"},"author":{"name":"Redazione","@id":"https:\/\/www.nordestsanita.it\/#\/schema\/person\/e5a7dc6dca45cb55e67d4a127b0e969a"},"headline":"World Brain Day, diffuso uno studio su inquinamento e cervello dei ragazzi","datePublished":"2024-07-18T15:15:35+00:00","dateModified":"2024-07-18T15:15:37+00:00","mainEntityOfPage":{"@id":"https:\/\/www.nordestsanita.it\/?p=1948"},"wordCount":1117,"publisher":{"@id":"https:\/\/www.nordestsanita.it\/#organization"},"keywords":["cervello"],"articleSection":["Attualit\u00e0"],"inLanguage":"it-IT"},{"@type":"WebPage","@id":"https:\/\/www.nordestsanita.it\/?p=1948","url":"https:\/\/www.nordestsanita.it\/?p=1948","name":"World Brain Day, diffuso uno studio su inquinamento e cervello dei ragazzi","isPartOf":{"@id":"https:\/\/www.nordestsanita.it\/#website"},"datePublished":"2024-07-18T15:15:35+00:00","dateModified":"2024-07-18T15:15:37+00:00","description":"Il 22 luglio si celebra il World Brain Day e la SIN presenta una relazione tra inquinamento atmosferico e sviluppo delle attivit\u00e0 cognitive","breadcrumb":{"@id":"https:\/\/www.nordestsanita.it\/?p=1948#breadcrumb"},"inLanguage":"it-IT","potentialAction":[{"@type":"ReadAction","target":["https:\/\/www.nordestsanita.it\/?p=1948"]}]},{"@type":"BreadcrumbList","@id":"https:\/\/www.nordestsanita.it\/?p=1948#breadcrumb","itemListElement":[{"@type":"ListItem","position":1,"name":"Home","item":"https:\/\/www.nordestsanita.it\/"},{"@type":"ListItem","position":2,"name":"World Brain Day, diffuso uno studio su inquinamento e cervello dei ragazzi"}]},{"@type":"WebSite","@id":"https:\/\/www.nordestsanita.it\/#website","url":"https:\/\/www.nordestsanita.it\/","name":"NES","description":"Nord Est Sanit\u00e0","publisher":{"@id":"https:\/\/www.nordestsanita.it\/#organization"},"potentialAction":[{"@type":"SearchAction","target":{"@type":"EntryPoint","urlTemplate":"https:\/\/www.nordestsanita.it\/?s={search_term_string}"},"query-input":"required name=search_term_string"}],"inLanguage":"it-IT"},{"@type":"Organization","@id":"https:\/\/www.nordestsanita.it\/#organization","name":"NES","url":"https:\/\/www.nordestsanita.it\/","logo":{"@type":"ImageObject","inLanguage":"it-IT","@id":"https:\/\/www.nordestsanita.it\/#\/schema\/logo\/image\/","url":"https:\/\/www.nordestsanita.it\/wp-content\/uploads\/2021\/05\/NES-1280.png","contentUrl":"https:\/\/www.nordestsanita.it\/wp-content\/uploads\/2021\/05\/NES-1280.png","width":1280,"height":458,"caption":"NES"},"image":{"@id":"https:\/\/www.nordestsanita.it\/#\/schema\/logo\/image\/"}},{"@type":"Person","@id":"https:\/\/www.nordestsanita.it\/#\/schema\/person\/e5a7dc6dca45cb55e67d4a127b0e969a","name":"Redazione","image":{"@type":"ImageObject","inLanguage":"it-IT","@id":"https:\/\/www.nordestsanita.it\/#\/schema\/person\/image\/","url":"https:\/\/secure.gravatar.com\/avatar\/3f19a9b3d671ea36ec67c4badf3f961a?s=96&d=mm&r=g","contentUrl":"https:\/\/secure.gravatar.com\/avatar\/3f19a9b3d671ea36ec67c4badf3f961a?s=96&d=mm&r=g","caption":"Redazione"},"url":"https:\/\/www.nordestsanita.it\/?author=8"}]}},"jetpack_featured_media_url":"https:\/\/www.nordestsanita.it\/wp-content\/uploads\/2024\/07\/mind-544404_640.png","_links":{"self":[{"href":"https:\/\/www.nordestsanita.it\/index.php?rest_route=\/wp\/v2\/posts\/1948"}],"collection":[{"href":"https:\/\/www.nordestsanita.it\/index.php?rest_route=\/wp\/v2\/posts"}],"about":[{"href":"https:\/\/www.nordestsanita.it\/index.php?rest_route=\/wp\/v2\/types\/post"}],"author":[{"embeddable":true,"href":"https:\/\/www.nordestsanita.it\/index.php?rest_route=\/wp\/v2\/users\/8"}],"replies":[{"embeddable":true,"href":"https:\/\/www.nordestsanita.it\/index.php?rest_route=%2Fwp%2Fv2%2Fcomments&post=1948"}],"version-history":[{"count":1,"href":"https:\/\/www.nordestsanita.it\/index.php?rest_route=\/wp\/v2\/posts\/1948\/revisions"}],"predecessor-version":[{"id":1950,"href":"https:\/\/www.nordestsanita.it\/index.php?rest_route=\/wp\/v2\/posts\/1948\/revisions\/1950"}],"wp:featuredmedia":[{"embeddable":true,"href":"https:\/\/www.nordestsanita.it\/index.php?rest_route=\/wp\/v2\/media\/1949"}],"wp:attachment":[{"href":"https:\/\/www.nordestsanita.it\/index.php?rest_route=%2Fwp%2Fv2%2Fmedia&parent=1948"}],"wp:term":[{"taxonomy":"category","embeddable":true,"href":"https:\/\/www.nordestsanita.it\/index.php?rest_route=%2Fwp%2Fv2%2Fcategories&post=1948"},{"taxonomy":"post_tag","embeddable":true,"href":"https:\/\/www.nordestsanita.it\/index.php?rest_route=%2Fwp%2Fv2%2Ftags&post=1948"}],"curies":[{"name":"wp","href":"https:\/\/api.w.org\/{rel}","templated":true}]}}