{"id":1958,"date":"2024-09-17T17:20:07","date_gmt":"2024-09-17T15:20:07","guid":{"rendered":"https:\/\/www.nordestsanita.it\/?p=1958"},"modified":"2024-09-17T17:20:08","modified_gmt":"2024-09-17T15:20:08","slug":"grande-successo-per-il-primo-disability-pride-veneto","status":"publish","type":"post","link":"https:\/\/www.nordestsanita.it\/?p=1958","title":{"rendered":"Grande successo per il primo Disability Pride Veneto"},"content":{"rendered":"\n<p>Si \u00e8 conclusa con grande successo <strong>domenica 15 settembre la prima edizione del Disability Pride Veneto<\/strong>, che ha animato il centro della citt\u00e0 di Padova per tutto il fine settimana.<\/p>\n\n\n\n<!--more-->\n\n\n\n<p>La due-giorni, organizzata da una rete di oltre 70 associazioni padovane e non, ha richiamato l\u2019attenzione di un vasto pubblico e ha visto la partecipazione di numerosi cittadini provenienti da tutta la regione: sono infatti <strong>oltre 600<\/strong> (200 sabato e 400 domenica) le <strong>persone<\/strong> che hanno preso parte alla manifestazione, intervenendo sia sabato ai convegni tenutisi nell\u2019Aula Nievo di Palazzo Boche domenica ai numerosi eventi svoltosi per le vie del centro storico.&nbsp;<\/p>\n\n\n\n<p>Venerd\u00ec 13, al Centro Altinate \/ San Gaetano il <strong>weekend dedicato all\u2019\u201corgoglio disabile\u201d<\/strong> \u00e8 stato aperto dal <strong>vernissage della mostra \u201cSensuability: ti ha detto niente la mamma?\u201d<\/strong>, l\u2019esposizione che vuole abbattere gli stereotipi e i pregiudizi sulla sessualit\u00e0 e disabilit\u00e0.<\/p>\n\n\n\n<p>Sabato mattina, a Palazzo Bo, si \u00e8 parlato di barriere architettoniche e sociali, turismo accessibile, inserimento lavorativo e servizio sociale nel convegno dal titolo \u201c<strong>Barriere e integrazione: da dove partiamo e dove vorremmo arrivare<\/strong>\u201d. \u201cEssere presenti \u2013 ha spiegato Anna Zeviani, tra i relatori in rappresentanza della <strong>Fondazione Oggi e Domani<\/strong> \u2013 ci ha permesso di presentare il <strong>Progetto PRO &#8211; Potenziamento Risorse per l\u2019Occupabilit\u00e0<\/strong>, che stiamo sviluppando con il sostegno di&nbsp;Fondazione Cariparo&nbsp;e in collaborazione con Ulss 6 Euganea,&nbsp;Ulss 5 Polesana,&nbsp;Confcooperative Veneto&nbsp;e&nbsp;Legacoop Veneto, e con un ampio partenariato.L\u2019iniziativa mira a<strong>&nbsp;potenziare le competenze professionali&nbsp;e ad&nbsp;agevolare l\u2019inserimento lavorativo&nbsp;delle persone con disabilit\u00e0 <\/strong>delle province di Padova e Rovigo, iscritte alle liste del collocamento mirato presso i rispettivi Centri per l\u2019Impiego. In concreto, i beneficiari del progetto svolgeranno&nbsp;attivit\u00e0 di tirocinio retribuito&nbsp;per un massimo di 18 mesi presso le cooperative sociali di tipo B aderenti all\u2019iniziativa\u201d.<\/p>\n\n\n\n<p>Sabato pomeriggio, la sessione \u201c<strong>Qualit\u00e0 della vita, tra strumenti a disposizione e diritti esigibili<\/strong>\u201d ha approfondito invece temi come il Progetto Individualizzato, cardine della riforma dell\u2019invalidit\u00e0 in sperimentazione dal 2025, legge Dopo di Noi, affettivit\u00e0 e sessualit\u00e0 e disabilit\u00e0, diritto allo studio e di fine vita. \u201cL\u2019obiettivo \u2013 ha spiegato l\u2019avvocata Laura Andrao \u2013 \u00e8 stato quello di parlare di tutela della persona con disabilit\u00e0, con uno sguardo alla legislazione attualmente in vigore. A questo proposito \u00e8 importante chiarire che cosa sia il<strong> Progetto di Vita Individualizzato<\/strong>, sancito dalla <strong>Legge 328\/2000<\/strong>, che delinea tutti i desideri e i bisogni delle persone con disabilit\u00e0 con l\u2019obiettivo di creare un supporto nel garantirli e realizzarli. Questo \u00e8 uno strumento importantissimo nelle mani del soggetto <em>in primis<\/em>, ma anche per le famiglie, per <strong>garantire l\u2019autodeterminazione<\/strong> della persona con disabilit\u00e0, per aumentarne la qualit\u00e0 della vita e affinch\u00e9 sia a tutti gli effetti \u2018cittadino del mondo\u2019\u201d.<\/p>\n\n\n\n<p>Domenica anche la <strong>parata del Disability Pride ha ricevuto un\u2019enorme affluenza<\/strong>: circa 300 persone &#8211; tra associazioni, rappresentanti delle istituzioni e cittadini di ogni et\u00e0 &#8211; hanno sfilato per le vie del centro storico di Padova portando alta la bandiera dell\u2019orgoglio disabile, accompagnate dall\u2019<strong>Orchestra di Cartone<\/strong>, un gruppo musicale composto da una cinquantina di ospiti dell\u2019OPSA \u2013 Opera Provvidenza Sant\u2019Antonio di Padova, che si sono costruiti i propri strumenti da soli, con cartone e cartapesta, e che interpretano brani musicali su una base registrata. \u201cIl progetto di Musicoterapia \u2013 ha spiegato il coordinatore dell\u2019orchestra, il <strong>musicoterapista Andrea Pumarolli <\/strong>\u2013 \u00e8 nato nel 2017 con l\u2019obiettivo di vivere una delle cose pi\u00f9 belle della musica, quello di poter suonare insieme, esprimendosi davanti ad un pubblico proprio come oggi. I nostri strumenti sono delle vere e proprie opere d\u2019arte, create con materiale di riciclo dagli stessi suonatori. Questa \u00e8 la nostra ventiquattresima performance ed \u00e8 particolarmente importante perch\u00e9 riusciamo con la musica a dare spazio all\u2019espressione, dove tutti possono esprimersi e possono partecipare attivamente alla vita culturale della citt\u00e0&nbsp;di&nbsp;Padova\u201d.<\/p>\n\n\n\n<p>Il resto della giornata si \u00e8 svolta in Piazza delle Erbe, con <strong>momenti di condivisione, sperimentazione e intrattenimento attraverso sport inclusivi<\/strong> (danza, boxe, hockey in carrozzina, scherma, tennis da tavolo, briscola e calcio balilla), possibilit\u00e0 di <strong>provare carrozzine, biciclette e di sperimentare percorsi accessibili<\/strong> per chi ha una disabilit\u00e0 sensoriale e fisica.<\/p>\n\n\n\n<p>Momenti seri ma anche spazio alla comicit\u00e0, che ha permesso di affrontare il tema della disabilit\u00e0 anche con ironia. A intrattenere gli avventori di Piazza delle Erbe ci ha pensato <strong>Laura Formenti<\/strong>, attrice di stand-up comedy cieca da un occhio. \u201cLa comicit\u00e0 e l\u2019umorismo \u2013 ha commentato Formenti \u2013 sono due ottimi modi per parlare di disabilit\u00e0 e per riderne insieme\u201d<\/p>\n\n\n\n<p>La conclusione della manifestazione ha visto protagonisti i <strong>Terconauti<\/strong>, un esuberante trio artistico che si esprime tramite video web, tv, teatro, fumetti e libri, che si \u00e8 esibito in una divertentissima raccolta di sketch comici \u201c<strong>Una storia di autismo normale\u201d<\/strong>.<\/p>\n\n\n\n<p>\u201cIl Disability Pride \u2013 ha commentato l\u2019<strong>assessora al Sociale del Comune di Padova, Margherita Colonnello<\/strong> \u2013 celebra l\u2019orgoglio di tutte le persone di esprimersi nella loro diversit\u00e0 e Padova \u00e8 orgogliosa di ospitarlo. Sono fiera di accogliere tutte le persone che hanno riempito di proposte, colori e idee le nostre strade e piazze e ci chiedono di cambiare per il meglio: per una citt\u00e0 pi\u00f9 inclusiva, accessibile, giusta, a misura di tutti e di tutte\u201d.<\/p>\n\n\n\n<p>\u201cInsieme alle associazioni del territorio \u2013 ha detto la consigliera <strong>Sonia Brescacin, presidente Commissione sanit\u00e0 e sociale della Regione del Veneto<\/strong> \u2013 condividiamo l\u2019obiettivo di lavorare insieme poich\u00e9 ogni persona che incontra un disagio di qualsiasi tipo possa trovare la giusta risposta e la corretta presa in carico. Sono infatti convinta che la comunit\u00e0 locale, quindi il mondo delle associazioni e tutta questa piazza, possa e debba essere il vero fulcro per pensare a costruire un sistema di rete di servizi che renda concreta la prospettiva della vera inclusione, offrendo risposte sempre migliori\u201d. &nbsp;<\/p>\n\n\n\n<p>\u201cLa malattia esiste oggettivamente, la disabilit\u00e0 invece esiste perch\u00e9 lo vogliamo noi\u201d. Con questa provocazione <strong>Manola Tasinato, direttore dell\u2019Unit\u00e0 disabilit\u00e0 e non autosufficienza del Distretto Padova Sud <\/strong>ha aperto il suo saluto al pubblico di Piazza delle Erbe. \u201cNon esiste la disabilit\u00e0 \u2013 ha proseguito Tasinato \u2013 esistono le persone con disabilit\u00e0, che hanno alcune abilit\u00e0 in meno ma ne hanno molte altre che tendiamo a non vedere. Invece di concentrarci su quello che c\u2019\u00e8 dovremmo focalizzarci su quello che c\u2019\u00e8\u201d.<\/p>\n\n\n\n<p>Il Disability Pride per\u00f2 non finisce qui. Fino al 22 settembre sar\u00e0 possibile infatti visitare la mostra contro i tab\u00f9 sulla disabilit\u00e0 e la sessualit\u00e0 dal titolo \u201c<strong>Sensuability: ti ha detto niente la mamma?<\/strong>\u201d, dentro la prestigiosa cornice del&nbsp;<strong>Centro culturale Altinate \/ San<\/strong>&nbsp;<strong>Gaetano<\/strong>, Sala Acquario.<\/p>\n\n\n\n<p>La mostra, organizzata dal network di associazioni promotrici dell\u2019evento, in collaborazione con il&nbsp;Centro&nbsp;antidiscriminazioni Lgbt+ &#8220;Mariasilvia&nbsp;Spolato&#8221;, l\u2019Associazione Nessunotocchimario&nbsp;e il&nbsp;Comune di Padova, \u00e8 visitabile gratuitamente dal luned\u00ec al sabato dalle ore 8:00 alle 19:00 e la domenica dalle 10:00 alle 19:00.<\/p>\n\n\n\n<p>Il Disability Pride Veneto \u00e8 stato<strong> coordinato dall\u2019Associazione MIL \u2013 Muoversi in Libert\u00e0, realizzato in collaborazione con il Comune di Padova<\/strong>,<strong>con il contributo di<\/strong> Decathlon, Fisioterapia Medica Studi e Ricerche, Fondazione Cariparo, Invictus Padova, Ortopedia Antoniana, Reale Mutua e Scalise Servizi; <strong>con il sostegno di<\/strong> Centro Medico di Fisioterapia, Centro Medico Magenta, Fondazione Oggi e domani, Pegasus Medical e Serenity. L\u2019evento ha ottenuto il <strong>patrocinio di <\/strong>Alleanza Malattie Rare, Comitato Italiano Paralimpico (CIP), Comune di Padova, Comitato Unico di Garanzia (CUG) Universit\u00e0 degli Studi di Padova,&nbsp;Dipartimento di Scienze Politiche, Giuridiche e Studi Internazionali&nbsp;Universit\u00e0 degli Studi di Padova,&nbsp;Ordine degli Assistenti Sociali del Veneto, Ordine degli Psicologi del Veneto, Osservatorio Malattie Rare,&nbsp;Patto per lo Sviluppo di un Nuovo Welfare, Provincia di Padova, Regione del Veneto, Ulss 6. Sono <strong>media partner<\/strong> dell\u2019evento Disabili.com e Radio Nowhere<\/p>\n","protected":false},"excerpt":{"rendered":"<p>La due-giorni ha visto la partecipazione di oltre 600 persone da tutta la regione, tra convegni, parata e animazione in piazza<\/p>\n","protected":false},"author":8,"featured_media":1959,"comment_status":"closed","ping_status":"open","sticky":false,"template":"","format":"standard","meta":[],"categories":[28],"tags":[115,121,70],"yoast_head":"<!-- This site is optimized with the Yoast SEO plugin v20.2 - https:\/\/yoast.com\/wordpress\/plugins\/seo\/ -->\n<title>Grande successo per il primo Disability Pride Veneto - NES<\/title>\n<meta name=\"description\" content=\"La due-giorni ha visto la partecipazione di oltre 600 persone da tutta la regione, tra convegni, parata e animazione in piazza\" \/>\n<meta name=\"robots\" content=\"index, follow, max-snippet:-1, max-image-preview:large, max-video-preview:-1\" \/>\n<link rel=\"canonical\" href=\"https:\/\/www.nordestsanita.it\/?p=1958\" \/>\n<meta property=\"og:locale\" content=\"it_IT\" \/>\n<meta property=\"og:type\" content=\"article\" \/>\n<meta property=\"og:title\" content=\"Grande successo per il primo Disability Pride Veneto - NES\" \/>\n<meta property=\"og:description\" content=\"La due-giorni ha visto la partecipazione di oltre 600 persone da tutta la regione, tra convegni, parata e animazione in piazza\" \/>\n<meta property=\"og:url\" content=\"https:\/\/www.nordestsanita.it\/?p=1958\" \/>\n<meta property=\"og:site_name\" content=\"NES\" \/>\n<meta property=\"article:published_time\" content=\"2024-09-17T15:20:07+00:00\" \/>\n<meta property=\"article:modified_time\" content=\"2024-09-17T15:20:08+00:00\" \/>\n<meta property=\"og:image\" content=\"https:\/\/www.nordestsanita.it\/wp-content\/uploads\/2024\/09\/parata-DPV-2024-scaled.jpg\" \/>\n\t<meta property=\"og:image:width\" content=\"2560\" \/>\n\t<meta property=\"og:image:height\" content=\"1707\" \/>\n\t<meta property=\"og:image:type\" content=\"image\/jpeg\" \/>\n<meta name=\"author\" content=\"Redazione\" \/>\n<meta name=\"twitter:card\" content=\"summary_large_image\" \/>\n<meta name=\"twitter:label1\" content=\"Scritto da\" \/>\n\t<meta name=\"twitter:data1\" content=\"Redazione\" \/>\n\t<meta name=\"twitter:label2\" content=\"Tempo di lettura stimato\" \/>\n\t<meta name=\"twitter:data2\" content=\"7 minuti\" \/>\n<script type=\"application\/ld+json\" class=\"yoast-schema-graph\">{\"@context\":\"https:\/\/schema.org\",\"@graph\":[{\"@type\":\"Article\",\"@id\":\"https:\/\/www.nordestsanita.it\/?p=1958#article\",\"isPartOf\":{\"@id\":\"https:\/\/www.nordestsanita.it\/?p=1958\"},\"author\":{\"name\":\"Redazione\",\"@id\":\"https:\/\/www.nordestsanita.it\/#\/schema\/person\/e5a7dc6dca45cb55e67d4a127b0e969a\"},\"headline\":\"Grande successo per il primo Disability Pride Veneto\",\"datePublished\":\"2024-09-17T15:20:07+00:00\",\"dateModified\":\"2024-09-17T15:20:08+00:00\",\"mainEntityOfPage\":{\"@id\":\"https:\/\/www.nordestsanita.it\/?p=1958\"},\"wordCount\":1276,\"publisher\":{\"@id\":\"https:\/\/www.nordestsanita.it\/#organization\"},\"keywords\":[\"disabilit\u00e0\",\"padova\",\"Veneto\"],\"articleSection\":[\"Sociale\"],\"inLanguage\":\"it-IT\"},{\"@type\":\"WebPage\",\"@id\":\"https:\/\/www.nordestsanita.it\/?p=1958\",\"url\":\"https:\/\/www.nordestsanita.it\/?p=1958\",\"name\":\"Grande successo per il primo Disability Pride Veneto - NES\",\"isPartOf\":{\"@id\":\"https:\/\/www.nordestsanita.it\/#website\"},\"datePublished\":\"2024-09-17T15:20:07+00:00\",\"dateModified\":\"2024-09-17T15:20:08+00:00\",\"description\":\"La due-giorni ha visto la partecipazione di oltre 600 persone da tutta la regione, tra convegni, parata e animazione in piazza\",\"breadcrumb\":{\"@id\":\"https:\/\/www.nordestsanita.it\/?p=1958#breadcrumb\"},\"inLanguage\":\"it-IT\",\"potentialAction\":[{\"@type\":\"ReadAction\",\"target\":[\"https:\/\/www.nordestsanita.it\/?p=1958\"]}]},{\"@type\":\"BreadcrumbList\",\"@id\":\"https:\/\/www.nordestsanita.it\/?p=1958#breadcrumb\",\"itemListElement\":[{\"@type\":\"ListItem\",\"position\":1,\"name\":\"Home\",\"item\":\"https:\/\/www.nordestsanita.it\/\"},{\"@type\":\"ListItem\",\"position\":2,\"name\":\"Grande successo per il primo Disability Pride Veneto\"}]},{\"@type\":\"WebSite\",\"@id\":\"https:\/\/www.nordestsanita.it\/#website\",\"url\":\"https:\/\/www.nordestsanita.it\/\",\"name\":\"NES\",\"description\":\"Nord Est Sanit\u00e0\",\"publisher\":{\"@id\":\"https:\/\/www.nordestsanita.it\/#organization\"},\"potentialAction\":[{\"@type\":\"SearchAction\",\"target\":{\"@type\":\"EntryPoint\",\"urlTemplate\":\"https:\/\/www.nordestsanita.it\/?s={search_term_string}\"},\"query-input\":\"required name=search_term_string\"}],\"inLanguage\":\"it-IT\"},{\"@type\":\"Organization\",\"@id\":\"https:\/\/www.nordestsanita.it\/#organization\",\"name\":\"NES\",\"url\":\"https:\/\/www.nordestsanita.it\/\",\"logo\":{\"@type\":\"ImageObject\",\"inLanguage\":\"it-IT\",\"@id\":\"https:\/\/www.nordestsanita.it\/#\/schema\/logo\/image\/\",\"url\":\"https:\/\/www.nordestsanita.it\/wp-content\/uploads\/2021\/05\/NES-1280.png\",\"contentUrl\":\"https:\/\/www.nordestsanita.it\/wp-content\/uploads\/2021\/05\/NES-1280.png\",\"width\":1280,\"height\":458,\"caption\":\"NES\"},\"image\":{\"@id\":\"https:\/\/www.nordestsanita.it\/#\/schema\/logo\/image\/\"}},{\"@type\":\"Person\",\"@id\":\"https:\/\/www.nordestsanita.it\/#\/schema\/person\/e5a7dc6dca45cb55e67d4a127b0e969a\",\"name\":\"Redazione\",\"image\":{\"@type\":\"ImageObject\",\"inLanguage\":\"it-IT\",\"@id\":\"https:\/\/www.nordestsanita.it\/#\/schema\/person\/image\/\",\"url\":\"https:\/\/secure.gravatar.com\/avatar\/3f19a9b3d671ea36ec67c4badf3f961a?s=96&d=mm&r=g\",\"contentUrl\":\"https:\/\/secure.gravatar.com\/avatar\/3f19a9b3d671ea36ec67c4badf3f961a?s=96&d=mm&r=g\",\"caption\":\"Redazione\"},\"url\":\"https:\/\/www.nordestsanita.it\/?author=8\"}]}<\/script>\n<!-- \/ Yoast SEO plugin. -->","yoast_head_json":{"title":"Grande successo per il primo Disability Pride Veneto - NES","description":"La due-giorni ha visto la partecipazione di oltre 600 persone da tutta la regione, tra convegni, parata e animazione in piazza","robots":{"index":"index","follow":"follow","max-snippet":"max-snippet:-1","max-image-preview":"max-image-preview:large","max-video-preview":"max-video-preview:-1"},"canonical":"https:\/\/www.nordestsanita.it\/?p=1958","og_locale":"it_IT","og_type":"article","og_title":"Grande successo per il primo Disability Pride Veneto - NES","og_description":"La due-giorni ha visto la partecipazione di oltre 600 persone da tutta la regione, tra convegni, parata e animazione in piazza","og_url":"https:\/\/www.nordestsanita.it\/?p=1958","og_site_name":"NES","article_published_time":"2024-09-17T15:20:07+00:00","article_modified_time":"2024-09-17T15:20:08+00:00","og_image":[{"width":2560,"height":1707,"url":"https:\/\/www.nordestsanita.it\/wp-content\/uploads\/2024\/09\/parata-DPV-2024-scaled.jpg","type":"image\/jpeg"}],"author":"Redazione","twitter_card":"summary_large_image","twitter_misc":{"Scritto da":"Redazione","Tempo di lettura stimato":"7 minuti"},"schema":{"@context":"https:\/\/schema.org","@graph":[{"@type":"Article","@id":"https:\/\/www.nordestsanita.it\/?p=1958#article","isPartOf":{"@id":"https:\/\/www.nordestsanita.it\/?p=1958"},"author":{"name":"Redazione","@id":"https:\/\/www.nordestsanita.it\/#\/schema\/person\/e5a7dc6dca45cb55e67d4a127b0e969a"},"headline":"Grande successo per il primo Disability Pride Veneto","datePublished":"2024-09-17T15:20:07+00:00","dateModified":"2024-09-17T15:20:08+00:00","mainEntityOfPage":{"@id":"https:\/\/www.nordestsanita.it\/?p=1958"},"wordCount":1276,"publisher":{"@id":"https:\/\/www.nordestsanita.it\/#organization"},"keywords":["disabilit\u00e0","padova","Veneto"],"articleSection":["Sociale"],"inLanguage":"it-IT"},{"@type":"WebPage","@id":"https:\/\/www.nordestsanita.it\/?p=1958","url":"https:\/\/www.nordestsanita.it\/?p=1958","name":"Grande successo per il primo Disability Pride Veneto - NES","isPartOf":{"@id":"https:\/\/www.nordestsanita.it\/#website"},"datePublished":"2024-09-17T15:20:07+00:00","dateModified":"2024-09-17T15:20:08+00:00","description":"La due-giorni ha visto la partecipazione di oltre 600 persone da tutta la regione, tra convegni, parata e animazione in piazza","breadcrumb":{"@id":"https:\/\/www.nordestsanita.it\/?p=1958#breadcrumb"},"inLanguage":"it-IT","potentialAction":[{"@type":"ReadAction","target":["https:\/\/www.nordestsanita.it\/?p=1958"]}]},{"@type":"BreadcrumbList","@id":"https:\/\/www.nordestsanita.it\/?p=1958#breadcrumb","itemListElement":[{"@type":"ListItem","position":1,"name":"Home","item":"https:\/\/www.nordestsanita.it\/"},{"@type":"ListItem","position":2,"name":"Grande successo per il primo Disability Pride Veneto"}]},{"@type":"WebSite","@id":"https:\/\/www.nordestsanita.it\/#website","url":"https:\/\/www.nordestsanita.it\/","name":"NES","description":"Nord Est Sanit\u00e0","publisher":{"@id":"https:\/\/www.nordestsanita.it\/#organization"},"potentialAction":[{"@type":"SearchAction","target":{"@type":"EntryPoint","urlTemplate":"https:\/\/www.nordestsanita.it\/?s={search_term_string}"},"query-input":"required name=search_term_string"}],"inLanguage":"it-IT"},{"@type":"Organization","@id":"https:\/\/www.nordestsanita.it\/#organization","name":"NES","url":"https:\/\/www.nordestsanita.it\/","logo":{"@type":"ImageObject","inLanguage":"it-IT","@id":"https:\/\/www.nordestsanita.it\/#\/schema\/logo\/image\/","url":"https:\/\/www.nordestsanita.it\/wp-content\/uploads\/2021\/05\/NES-1280.png","contentUrl":"https:\/\/www.nordestsanita.it\/wp-content\/uploads\/2021\/05\/NES-1280.png","width":1280,"height":458,"caption":"NES"},"image":{"@id":"https:\/\/www.nordestsanita.it\/#\/schema\/logo\/image\/"}},{"@type":"Person","@id":"https:\/\/www.nordestsanita.it\/#\/schema\/person\/e5a7dc6dca45cb55e67d4a127b0e969a","name":"Redazione","image":{"@type":"ImageObject","inLanguage":"it-IT","@id":"https:\/\/www.nordestsanita.it\/#\/schema\/person\/image\/","url":"https:\/\/secure.gravatar.com\/avatar\/3f19a9b3d671ea36ec67c4badf3f961a?s=96&d=mm&r=g","contentUrl":"https:\/\/secure.gravatar.com\/avatar\/3f19a9b3d671ea36ec67c4badf3f961a?s=96&d=mm&r=g","caption":"Redazione"},"url":"https:\/\/www.nordestsanita.it\/?author=8"}]}},"jetpack_featured_media_url":"https:\/\/www.nordestsanita.it\/wp-content\/uploads\/2024\/09\/parata-DPV-2024-scaled.jpg","_links":{"self":[{"href":"https:\/\/www.nordestsanita.it\/index.php?rest_route=\/wp\/v2\/posts\/1958"}],"collection":[{"href":"https:\/\/www.nordestsanita.it\/index.php?rest_route=\/wp\/v2\/posts"}],"about":[{"href":"https:\/\/www.nordestsanita.it\/index.php?rest_route=\/wp\/v2\/types\/post"}],"author":[{"embeddable":true,"href":"https:\/\/www.nordestsanita.it\/index.php?rest_route=\/wp\/v2\/users\/8"}],"replies":[{"embeddable":true,"href":"https:\/\/www.nordestsanita.it\/index.php?rest_route=%2Fwp%2Fv2%2Fcomments&post=1958"}],"version-history":[{"count":1,"href":"https:\/\/www.nordestsanita.it\/index.php?rest_route=\/wp\/v2\/posts\/1958\/revisions"}],"predecessor-version":[{"id":1960,"href":"https:\/\/www.nordestsanita.it\/index.php?rest_route=\/wp\/v2\/posts\/1958\/revisions\/1960"}],"wp:featuredmedia":[{"embeddable":true,"href":"https:\/\/www.nordestsanita.it\/index.php?rest_route=\/wp\/v2\/media\/1959"}],"wp:attachment":[{"href":"https:\/\/www.nordestsanita.it\/index.php?rest_route=%2Fwp%2Fv2%2Fmedia&parent=1958"}],"wp:term":[{"taxonomy":"category","embeddable":true,"href":"https:\/\/www.nordestsanita.it\/index.php?rest_route=%2Fwp%2Fv2%2Fcategories&post=1958"},{"taxonomy":"post_tag","embeddable":true,"href":"https:\/\/www.nordestsanita.it\/index.php?rest_route=%2Fwp%2Fv2%2Ftags&post=1958"}],"curies":[{"name":"wp","href":"https:\/\/api.w.org\/{rel}","templated":true}]}}