{"id":1976,"date":"2024-10-15T16:22:43","date_gmt":"2024-10-15T14:22:43","guid":{"rendered":"https:\/\/www.nordestsanita.it\/?p=1976"},"modified":"2024-10-15T16:22:44","modified_gmt":"2024-10-15T14:22:44","slug":"infermieristica-nascono-tre-nuove-lauree-specialistiche","status":"publish","type":"post","link":"https:\/\/www.nordestsanita.it\/?p=1976","title":{"rendered":"Infermieristica, nascono tre nuove lauree specialistiche"},"content":{"rendered":"\n<p>Presto nasceranno tre nuove lauree specialistiche per infermieri: si tratta di Cure Primarie e Sanit\u00e0 pubblica, Cure Pediatriche e Neonatali e Cure Intensive e nell\u2019Emergenza.<\/p>\n\n\n\n<!--more-->\n\n\n\n<p>Lo ha annunciato, nel corso del Consiglio Nazionale della Federazione Nazionale degli Ordini della professione infermieristica (FNOPI) svoltosi nei giorni scorsi a Roma,&nbsp;il ministro della Salute, Orazio Schillaci.<\/p>\n\n\n\n<p>\u201cSi tratta di una decisione \u2013 commenta l\u2019assessore alla Sanit\u00e0, Manuela Lanzarin &#8211;&nbsp;che non possiamo non condividere, coerente con il recente piano strategico per affrontare la carenza di personale sanitario approvato dalla Giunta Regionale con deliberazione n.960 del 13 agosto 2024\u201d.<\/p>\n\n\n\n<p>\u201cL\u2019iniziativa del ministero, promossa e sostenuta dalla FNOPI, che l\u2019ha definita una svolta epocale, attesa da anni, \u2013 ha aggiunto l\u2019assessore &#8211; si orienta infatti alla valorizzazione della professione infermieristica, contribuendo allo sviluppo di competenze e all\u2019ampliamento delle prospettive di carriera professionale, tanto pi\u00f9 necessaria in un momento in cui si manifesta, come da noi pi\u00f9 volte sottolineato, una crisi di attrattivit\u00e0 verso questa professione. Si tratta di un provvedimento che potr\u00e0 contribuire, assieme alle altre azioni indicate nel Piano della Regione Veneto, a trattenere i professionisti nel servizio sanitario pubblico, rispondendo contestualmente ai bisogni di una popolazione sempre pi\u00f9 anziana, affetta da patologie croniche e aspettative di assistenza crescenti\u201d.<\/p>\n","protected":false},"excerpt":{"rendered":"<p>Nasceranno tre nuove lauree per infermieri: Cure Primarie e Sanit\u00e0 pubblica, Cure Pediatriche e Neonatali e Cure Intensive e nell\u2019Emergenza.<\/p>\n","protected":false},"author":8,"featured_media":1343,"comment_status":"closed","ping_status":"open","sticky":false,"template":"","format":"standard","meta":[],"categories":[24],"tags":[208,384],"yoast_head":"<!-- This site is optimized with the Yoast SEO plugin v20.2 - https:\/\/yoast.com\/wordpress\/plugins\/seo\/ -->\n<title>Infermieristica, nascono tre nuove lauree specialistiche - NES<\/title>\n<meta name=\"description\" content=\"Nasceranno tre nuove lauree per infermieri: Cure Primarie e Sanit\u00e0 pubblica, Cure Pediatriche e Neonatali e Cure Intensive e nell\u2019Emergenza.\" \/>\n<meta name=\"robots\" content=\"index, follow, max-snippet:-1, max-image-preview:large, max-video-preview:-1\" \/>\n<link rel=\"canonical\" href=\"https:\/\/www.nordestsanita.it\/?p=1976\" \/>\n<meta property=\"og:locale\" content=\"it_IT\" \/>\n<meta property=\"og:type\" content=\"article\" \/>\n<meta property=\"og:title\" content=\"Infermieristica, nascono tre nuove lauree specialistiche - NES\" \/>\n<meta property=\"og:description\" content=\"Nasceranno tre nuove lauree per infermieri: Cure Primarie e Sanit\u00e0 pubblica, Cure Pediatriche e Neonatali e Cure Intensive e nell\u2019Emergenza.\" \/>\n<meta property=\"og:url\" content=\"https:\/\/www.nordestsanita.it\/?p=1976\" \/>\n<meta property=\"og:site_name\" content=\"NES\" \/>\n<meta property=\"article:published_time\" content=\"2024-10-15T14:22:43+00:00\" \/>\n<meta property=\"article:modified_time\" content=\"2024-10-15T14:22:44+00:00\" \/>\n<meta property=\"og:image\" content=\"https:\/\/www.nordestsanita.it\/wp-content\/uploads\/2022\/04\/oss-infermiere-maschera.jpg\" \/>\n\t<meta property=\"og:image:width\" content=\"640\" \/>\n\t<meta property=\"og:image:height\" content=\"427\" \/>\n\t<meta property=\"og:image:type\" content=\"image\/jpeg\" \/>\n<meta name=\"author\" content=\"Redazione\" \/>\n<meta name=\"twitter:card\" content=\"summary_large_image\" \/>\n<meta name=\"twitter:label1\" content=\"Scritto da\" \/>\n\t<meta name=\"twitter:data1\" content=\"Redazione\" \/>\n\t<meta name=\"twitter:label2\" content=\"Tempo di lettura stimato\" \/>\n\t<meta name=\"twitter:data2\" content=\"2 minuti\" \/>\n<script type=\"application\/ld+json\" class=\"yoast-schema-graph\">{\"@context\":\"https:\/\/schema.org\",\"@graph\":[{\"@type\":\"Article\",\"@id\":\"https:\/\/www.nordestsanita.it\/?p=1976#article\",\"isPartOf\":{\"@id\":\"https:\/\/www.nordestsanita.it\/?p=1976\"},\"author\":{\"name\":\"Redazione\",\"@id\":\"https:\/\/www.nordestsanita.it\/#\/schema\/person\/e5a7dc6dca45cb55e67d4a127b0e969a\"},\"headline\":\"Infermieristica, nascono tre nuove lauree specialistiche\",\"datePublished\":\"2024-10-15T14:22:43+00:00\",\"dateModified\":\"2024-10-15T14:22:44+00:00\",\"mainEntityOfPage\":{\"@id\":\"https:\/\/www.nordestsanita.it\/?p=1976\"},\"wordCount\":216,\"publisher\":{\"@id\":\"https:\/\/www.nordestsanita.it\/#organization\"},\"keywords\":[\"infermieri\",\"laurea\"],\"articleSection\":[\"Attualit\u00e0\"],\"inLanguage\":\"it-IT\"},{\"@type\":\"WebPage\",\"@id\":\"https:\/\/www.nordestsanita.it\/?p=1976\",\"url\":\"https:\/\/www.nordestsanita.it\/?p=1976\",\"name\":\"Infermieristica, nascono tre nuove lauree specialistiche - NES\",\"isPartOf\":{\"@id\":\"https:\/\/www.nordestsanita.it\/#website\"},\"datePublished\":\"2024-10-15T14:22:43+00:00\",\"dateModified\":\"2024-10-15T14:22:44+00:00\",\"description\":\"Nasceranno tre nuove lauree per infermieri: Cure Primarie e Sanit\u00e0 pubblica, Cure Pediatriche e Neonatali e Cure Intensive e nell\u2019Emergenza.\",\"breadcrumb\":{\"@id\":\"https:\/\/www.nordestsanita.it\/?p=1976#breadcrumb\"},\"inLanguage\":\"it-IT\",\"potentialAction\":[{\"@type\":\"ReadAction\",\"target\":[\"https:\/\/www.nordestsanita.it\/?p=1976\"]}]},{\"@type\":\"BreadcrumbList\",\"@id\":\"https:\/\/www.nordestsanita.it\/?p=1976#breadcrumb\",\"itemListElement\":[{\"@type\":\"ListItem\",\"position\":1,\"name\":\"Home\",\"item\":\"https:\/\/www.nordestsanita.it\/\"},{\"@type\":\"ListItem\",\"position\":2,\"name\":\"Infermieristica, nascono tre nuove lauree specialistiche\"}]},{\"@type\":\"WebSite\",\"@id\":\"https:\/\/www.nordestsanita.it\/#website\",\"url\":\"https:\/\/www.nordestsanita.it\/\",\"name\":\"NES\",\"description\":\"Nord Est Sanit\u00e0\",\"publisher\":{\"@id\":\"https:\/\/www.nordestsanita.it\/#organization\"},\"potentialAction\":[{\"@type\":\"SearchAction\",\"target\":{\"@type\":\"EntryPoint\",\"urlTemplate\":\"https:\/\/www.nordestsanita.it\/?s={search_term_string}\"},\"query-input\":\"required name=search_term_string\"}],\"inLanguage\":\"it-IT\"},{\"@type\":\"Organization\",\"@id\":\"https:\/\/www.nordestsanita.it\/#organization\",\"name\":\"NES\",\"url\":\"https:\/\/www.nordestsanita.it\/\",\"logo\":{\"@type\":\"ImageObject\",\"inLanguage\":\"it-IT\",\"@id\":\"https:\/\/www.nordestsanita.it\/#\/schema\/logo\/image\/\",\"url\":\"https:\/\/www.nordestsanita.it\/wp-content\/uploads\/2021\/05\/NES-1280.png\",\"contentUrl\":\"https:\/\/www.nordestsanita.it\/wp-content\/uploads\/2021\/05\/NES-1280.png\",\"width\":1280,\"height\":458,\"caption\":\"NES\"},\"image\":{\"@id\":\"https:\/\/www.nordestsanita.it\/#\/schema\/logo\/image\/\"}},{\"@type\":\"Person\",\"@id\":\"https:\/\/www.nordestsanita.it\/#\/schema\/person\/e5a7dc6dca45cb55e67d4a127b0e969a\",\"name\":\"Redazione\",\"image\":{\"@type\":\"ImageObject\",\"inLanguage\":\"it-IT\",\"@id\":\"https:\/\/www.nordestsanita.it\/#\/schema\/person\/image\/\",\"url\":\"https:\/\/secure.gravatar.com\/avatar\/3f19a9b3d671ea36ec67c4badf3f961a?s=96&d=mm&r=g\",\"contentUrl\":\"https:\/\/secure.gravatar.com\/avatar\/3f19a9b3d671ea36ec67c4badf3f961a?s=96&d=mm&r=g\",\"caption\":\"Redazione\"},\"url\":\"https:\/\/www.nordestsanita.it\/?author=8\"}]}<\/script>\n<!-- \/ Yoast SEO plugin. -->","yoast_head_json":{"title":"Infermieristica, nascono tre nuove lauree specialistiche - NES","description":"Nasceranno tre nuove lauree per infermieri: Cure Primarie e Sanit\u00e0 pubblica, Cure Pediatriche e Neonatali e Cure Intensive e nell\u2019Emergenza.","robots":{"index":"index","follow":"follow","max-snippet":"max-snippet:-1","max-image-preview":"max-image-preview:large","max-video-preview":"max-video-preview:-1"},"canonical":"https:\/\/www.nordestsanita.it\/?p=1976","og_locale":"it_IT","og_type":"article","og_title":"Infermieristica, nascono tre nuove lauree specialistiche - NES","og_description":"Nasceranno tre nuove lauree per infermieri: Cure Primarie e Sanit\u00e0 pubblica, Cure Pediatriche e Neonatali e Cure Intensive e nell\u2019Emergenza.","og_url":"https:\/\/www.nordestsanita.it\/?p=1976","og_site_name":"NES","article_published_time":"2024-10-15T14:22:43+00:00","article_modified_time":"2024-10-15T14:22:44+00:00","og_image":[{"width":640,"height":427,"url":"https:\/\/www.nordestsanita.it\/wp-content\/uploads\/2022\/04\/oss-infermiere-maschera.jpg","type":"image\/jpeg"}],"author":"Redazione","twitter_card":"summary_large_image","twitter_misc":{"Scritto da":"Redazione","Tempo di lettura stimato":"2 minuti"},"schema":{"@context":"https:\/\/schema.org","@graph":[{"@type":"Article","@id":"https:\/\/www.nordestsanita.it\/?p=1976#article","isPartOf":{"@id":"https:\/\/www.nordestsanita.it\/?p=1976"},"author":{"name":"Redazione","@id":"https:\/\/www.nordestsanita.it\/#\/schema\/person\/e5a7dc6dca45cb55e67d4a127b0e969a"},"headline":"Infermieristica, nascono tre nuove lauree specialistiche","datePublished":"2024-10-15T14:22:43+00:00","dateModified":"2024-10-15T14:22:44+00:00","mainEntityOfPage":{"@id":"https:\/\/www.nordestsanita.it\/?p=1976"},"wordCount":216,"publisher":{"@id":"https:\/\/www.nordestsanita.it\/#organization"},"keywords":["infermieri","laurea"],"articleSection":["Attualit\u00e0"],"inLanguage":"it-IT"},{"@type":"WebPage","@id":"https:\/\/www.nordestsanita.it\/?p=1976","url":"https:\/\/www.nordestsanita.it\/?p=1976","name":"Infermieristica, nascono tre nuove lauree specialistiche - NES","isPartOf":{"@id":"https:\/\/www.nordestsanita.it\/#website"},"datePublished":"2024-10-15T14:22:43+00:00","dateModified":"2024-10-15T14:22:44+00:00","description":"Nasceranno tre nuove lauree per infermieri: Cure Primarie e Sanit\u00e0 pubblica, Cure Pediatriche e Neonatali e Cure Intensive e nell\u2019Emergenza.","breadcrumb":{"@id":"https:\/\/www.nordestsanita.it\/?p=1976#breadcrumb"},"inLanguage":"it-IT","potentialAction":[{"@type":"ReadAction","target":["https:\/\/www.nordestsanita.it\/?p=1976"]}]},{"@type":"BreadcrumbList","@id":"https:\/\/www.nordestsanita.it\/?p=1976#breadcrumb","itemListElement":[{"@type":"ListItem","position":1,"name":"Home","item":"https:\/\/www.nordestsanita.it\/"},{"@type":"ListItem","position":2,"name":"Infermieristica, nascono tre nuove lauree specialistiche"}]},{"@type":"WebSite","@id":"https:\/\/www.nordestsanita.it\/#website","url":"https:\/\/www.nordestsanita.it\/","name":"NES","description":"Nord Est Sanit\u00e0","publisher":{"@id":"https:\/\/www.nordestsanita.it\/#organization"},"potentialAction":[{"@type":"SearchAction","target":{"@type":"EntryPoint","urlTemplate":"https:\/\/www.nordestsanita.it\/?s={search_term_string}"},"query-input":"required name=search_term_string"}],"inLanguage":"it-IT"},{"@type":"Organization","@id":"https:\/\/www.nordestsanita.it\/#organization","name":"NES","url":"https:\/\/www.nordestsanita.it\/","logo":{"@type":"ImageObject","inLanguage":"it-IT","@id":"https:\/\/www.nordestsanita.it\/#\/schema\/logo\/image\/","url":"https:\/\/www.nordestsanita.it\/wp-content\/uploads\/2021\/05\/NES-1280.png","contentUrl":"https:\/\/www.nordestsanita.it\/wp-content\/uploads\/2021\/05\/NES-1280.png","width":1280,"height":458,"caption":"NES"},"image":{"@id":"https:\/\/www.nordestsanita.it\/#\/schema\/logo\/image\/"}},{"@type":"Person","@id":"https:\/\/www.nordestsanita.it\/#\/schema\/person\/e5a7dc6dca45cb55e67d4a127b0e969a","name":"Redazione","image":{"@type":"ImageObject","inLanguage":"it-IT","@id":"https:\/\/www.nordestsanita.it\/#\/schema\/person\/image\/","url":"https:\/\/secure.gravatar.com\/avatar\/3f19a9b3d671ea36ec67c4badf3f961a?s=96&d=mm&r=g","contentUrl":"https:\/\/secure.gravatar.com\/avatar\/3f19a9b3d671ea36ec67c4badf3f961a?s=96&d=mm&r=g","caption":"Redazione"},"url":"https:\/\/www.nordestsanita.it\/?author=8"}]}},"jetpack_featured_media_url":"https:\/\/www.nordestsanita.it\/wp-content\/uploads\/2022\/04\/oss-infermiere-maschera.jpg","_links":{"self":[{"href":"https:\/\/www.nordestsanita.it\/index.php?rest_route=\/wp\/v2\/posts\/1976"}],"collection":[{"href":"https:\/\/www.nordestsanita.it\/index.php?rest_route=\/wp\/v2\/posts"}],"about":[{"href":"https:\/\/www.nordestsanita.it\/index.php?rest_route=\/wp\/v2\/types\/post"}],"author":[{"embeddable":true,"href":"https:\/\/www.nordestsanita.it\/index.php?rest_route=\/wp\/v2\/users\/8"}],"replies":[{"embeddable":true,"href":"https:\/\/www.nordestsanita.it\/index.php?rest_route=%2Fwp%2Fv2%2Fcomments&post=1976"}],"version-history":[{"count":1,"href":"https:\/\/www.nordestsanita.it\/index.php?rest_route=\/wp\/v2\/posts\/1976\/revisions"}],"predecessor-version":[{"id":1977,"href":"https:\/\/www.nordestsanita.it\/index.php?rest_route=\/wp\/v2\/posts\/1976\/revisions\/1977"}],"wp:featuredmedia":[{"embeddable":true,"href":"https:\/\/www.nordestsanita.it\/index.php?rest_route=\/wp\/v2\/media\/1343"}],"wp:attachment":[{"href":"https:\/\/www.nordestsanita.it\/index.php?rest_route=%2Fwp%2Fv2%2Fmedia&parent=1976"}],"wp:term":[{"taxonomy":"category","embeddable":true,"href":"https:\/\/www.nordestsanita.it\/index.php?rest_route=%2Fwp%2Fv2%2Fcategories&post=1976"},{"taxonomy":"post_tag","embeddable":true,"href":"https:\/\/www.nordestsanita.it\/index.php?rest_route=%2Fwp%2Fv2%2Ftags&post=1976"}],"curies":[{"name":"wp","href":"https:\/\/api.w.org\/{rel}","templated":true}]}}