{"id":2141,"date":"2025-02-12T11:28:40","date_gmt":"2025-02-12T10:28:40","guid":{"rendered":"https:\/\/www.nordestsanita.it\/?p=2141"},"modified":"2025-02-12T11:28:41","modified_gmt":"2025-02-12T10:28:41","slug":"medico-aggredito-nel-veneziano-zaia-la-violenza-contro-il-personale-sanitario-e-ormai-un-bollettino-di-guerra","status":"publish","type":"post","link":"https:\/\/www.nordestsanita.it\/?p=2141","title":{"rendered":"Medico aggredito nel veneziano. Zaia: &#8220;La violenza contro il personale sanitario \u00e8 ormai un bollettino di guerra&#8221;"},"content":{"rendered":"\n<p>\u201cNon passa ormai giorno in cui non si registri un\u2019aggressione al nostro personale sanitario. \u00c8 diventato un bollettino di guerra, al quale bisogna rispondere con fermezza e certezza della pena verso chi delinque. Non \u00e8 pi\u00f9 tollerabile che i nostri medici, infermieri, operatori sanitari siano vittime di aggressione negli ospedali o nelle strutture in cui prestano servizio, con dedizione e professionalit\u00e0, per curare e assistere chi \u00e8 in difficolt\u00e0\u201d. Con queste parole il presidente della Regione del Veneto, Luca Zaia, stigmatizza l\u2019ennesimo episodio di aggressione avvenuto ieri sera nei confronti di un medico della continuit\u00e0 assistenziale nella sede di Portogruaro (VE). \u201cAncora una volta &#8211; spiega il governatore &#8211; il medico si \u00e8 trovato vittima di un balordo, tossicodipendente, che non ha esitato ad andare in escandescenza di fronte all\u2019impossibilit\u00e0 per il dottore di prescrivergli i farmaci che pretendeva. L\u2019aggressore ha spinto a terra il medico, che ha subito una contusione alla spalla. Fortunatamente sono immediatamente accorsi i Carabinieri, a cui va il mio ringraziamento, che hanno preso in carico l\u2019uomo. Nell\u2019esprimere vicinanza al nostro professionista \u2013 verso cui esprimo la gratitudine della Regione Veneto per il lavoro svolto a servizio della comunit\u00e0 \u2013 auspico che l\u2019aggressore non la faccia franca. Continueremo a rafforzare la sicurezza delle strutture sanitarie, con il potenziamento delle misure di controllo e la formazione specifica degli operatori per la gestione delle situazioni a rischio, cos\u00ec come la collaborazione con le forze dell\u2019ordine. Implementeremo la presenza di vigilanza nei Pronto Soccorso e nelle aree considerate pi\u00f9 esposte, ma non \u00e8 pensabile che le nostre strutture sanitarie diventino presidi militari. Auspico che le nuove normative, approvate di recente dal Parlamento che riconoscono la gravit\u00e0 e la peculiarit\u00e0 delle aggressioni al personale che lavora nei nostri ospedali, siano applicate con rigore. Chi aggredisce un sanitario non sta soltanto commettendo un crimine, sta minando uno dei pilastri fondamentali del nostro sistema di cura e assistenza. I nostri camici bianchi non possono sentirsi soli\u201d.<\/p>\n","protected":false},"excerpt":{"rendered":"<p>\u201cNon passa ormai giorno in cui non si registri un\u2019aggressione al nostro personale sanitario. \u00c8 diventato un bollettino di guerra, al quale bisogna rispondere con fermezza e certezza della pena verso chi delinque. Non \u00e8 pi\u00f9 tollerabile che i nostri medici, infermieri, operatori sanitari siano vittime di aggressione negli ospedali o nelle strutture in cui prestano servizio, con dedizione e professionalit\u00e0, per curare e assistere chi \u00e8 in difficolt\u00e0\u201d. Con queste parole il presidente della Regione del Veneto, Luca Zaia, stigmatizza l\u2019ennesimo episodio di aggressione avvenuto ieri sera nei confronti di un medico della continuit\u00e0 assistenziale nella sede di Portogruaro<\/p>\n","protected":false},"author":8,"featured_media":2096,"comment_status":"closed","ping_status":"open","sticky":false,"template":"","format":"standard","meta":[],"categories":[25],"tags":[474,222,475,476,87],"yoast_head":"<!-- This site is optimized with the Yoast SEO plugin v20.2 - https:\/\/yoast.com\/wordpress\/plugins\/seo\/ -->\n<title>Medico aggredito nel veneziano. Zaia: &quot;La violenza contro il personale sanitario \u00e8 ormai un bollettino di guerra&quot; - NES<\/title>\n<meta name=\"robots\" content=\"index, follow, max-snippet:-1, max-image-preview:large, max-video-preview:-1\" \/>\n<link rel=\"canonical\" href=\"https:\/\/www.nordestsanita.it\/?p=2141\" \/>\n<meta property=\"og:locale\" content=\"it_IT\" \/>\n<meta property=\"og:type\" content=\"article\" \/>\n<meta property=\"og:title\" content=\"Medico aggredito nel veneziano. Zaia: &quot;La violenza contro il personale sanitario \u00e8 ormai un bollettino di guerra&quot; - NES\" \/>\n<meta property=\"og:description\" content=\"\u201cNon passa ormai giorno in cui non si registri un\u2019aggressione al nostro personale sanitario. \u00c8 diventato un bollettino di guerra, al quale bisogna rispondere con fermezza e certezza della pena verso chi delinque. Non \u00e8 pi\u00f9 tollerabile che i nostri medici, infermieri, operatori sanitari siano vittime di aggressione negli ospedali o nelle strutture in cui prestano servizio, con dedizione e professionalit\u00e0, per curare e assistere chi \u00e8 in difficolt\u00e0\u201d. Con queste parole il presidente della Regione del Veneto, Luca Zaia, stigmatizza l\u2019ennesimo episodio di aggressione avvenuto ieri sera nei confronti di un medico della continuit\u00e0 assistenziale nella sede di Portogruaro\" \/>\n<meta property=\"og:url\" content=\"https:\/\/www.nordestsanita.it\/?p=2141\" \/>\n<meta property=\"og:site_name\" content=\"NES\" \/>\n<meta property=\"article:published_time\" content=\"2025-02-12T10:28:40+00:00\" \/>\n<meta property=\"article:modified_time\" content=\"2025-02-12T10:28:41+00:00\" \/>\n<meta property=\"og:image\" content=\"https:\/\/www.nordestsanita.it\/wp-content\/uploads\/2025\/02\/stethoscope-840125_1280.jpg\" \/>\n\t<meta property=\"og:image:width\" content=\"1280\" \/>\n\t<meta property=\"og:image:height\" content=\"853\" \/>\n\t<meta property=\"og:image:type\" content=\"image\/jpeg\" \/>\n<meta name=\"author\" content=\"Redazione\" \/>\n<meta name=\"twitter:card\" content=\"summary_large_image\" \/>\n<meta name=\"twitter:label1\" content=\"Scritto da\" \/>\n\t<meta name=\"twitter:data1\" content=\"Redazione\" \/>\n\t<meta name=\"twitter:label2\" content=\"Tempo di lettura stimato\" \/>\n\t<meta name=\"twitter:data2\" content=\"2 minuti\" \/>\n<script type=\"application\/ld+json\" class=\"yoast-schema-graph\">{\"@context\":\"https:\/\/schema.org\",\"@graph\":[{\"@type\":\"Article\",\"@id\":\"https:\/\/www.nordestsanita.it\/?p=2141#article\",\"isPartOf\":{\"@id\":\"https:\/\/www.nordestsanita.it\/?p=2141\"},\"author\":{\"name\":\"Redazione\",\"@id\":\"https:\/\/www.nordestsanita.it\/#\/schema\/person\/e5a7dc6dca45cb55e67d4a127b0e969a\"},\"headline\":\"Medico aggredito nel veneziano. Zaia: &#8220;La violenza contro il personale sanitario \u00e8 ormai un bollettino di guerra&#8221;\",\"datePublished\":\"2025-02-12T10:28:40+00:00\",\"dateModified\":\"2025-02-12T10:28:41+00:00\",\"mainEntityOfPage\":{\"@id\":\"https:\/\/www.nordestsanita.it\/?p=2141\"},\"wordCount\":341,\"publisher\":{\"@id\":\"https:\/\/www.nordestsanita.it\/#organization\"},\"keywords\":[\"aggressione sanitari\",\"medici\",\"pene\",\"Portogruaro\",\"zaia\"],\"articleSection\":[\"Sanit\u00e0\"],\"inLanguage\":\"it-IT\"},{\"@type\":\"WebPage\",\"@id\":\"https:\/\/www.nordestsanita.it\/?p=2141\",\"url\":\"https:\/\/www.nordestsanita.it\/?p=2141\",\"name\":\"Medico aggredito nel veneziano. Zaia: \\\"La violenza contro il personale sanitario \u00e8 ormai un bollettino di guerra\\\" - NES\",\"isPartOf\":{\"@id\":\"https:\/\/www.nordestsanita.it\/#website\"},\"datePublished\":\"2025-02-12T10:28:40+00:00\",\"dateModified\":\"2025-02-12T10:28:41+00:00\",\"breadcrumb\":{\"@id\":\"https:\/\/www.nordestsanita.it\/?p=2141#breadcrumb\"},\"inLanguage\":\"it-IT\",\"potentialAction\":[{\"@type\":\"ReadAction\",\"target\":[\"https:\/\/www.nordestsanita.it\/?p=2141\"]}]},{\"@type\":\"BreadcrumbList\",\"@id\":\"https:\/\/www.nordestsanita.it\/?p=2141#breadcrumb\",\"itemListElement\":[{\"@type\":\"ListItem\",\"position\":1,\"name\":\"Home\",\"item\":\"https:\/\/www.nordestsanita.it\/\"},{\"@type\":\"ListItem\",\"position\":2,\"name\":\"Medico aggredito nel veneziano. Zaia: &#8220;La violenza contro il personale sanitario \u00e8 ormai un bollettino di guerra&#8221;\"}]},{\"@type\":\"WebSite\",\"@id\":\"https:\/\/www.nordestsanita.it\/#website\",\"url\":\"https:\/\/www.nordestsanita.it\/\",\"name\":\"NES\",\"description\":\"Nord Est Sanit\u00e0\",\"publisher\":{\"@id\":\"https:\/\/www.nordestsanita.it\/#organization\"},\"potentialAction\":[{\"@type\":\"SearchAction\",\"target\":{\"@type\":\"EntryPoint\",\"urlTemplate\":\"https:\/\/www.nordestsanita.it\/?s={search_term_string}\"},\"query-input\":\"required name=search_term_string\"}],\"inLanguage\":\"it-IT\"},{\"@type\":\"Organization\",\"@id\":\"https:\/\/www.nordestsanita.it\/#organization\",\"name\":\"NES\",\"url\":\"https:\/\/www.nordestsanita.it\/\",\"logo\":{\"@type\":\"ImageObject\",\"inLanguage\":\"it-IT\",\"@id\":\"https:\/\/www.nordestsanita.it\/#\/schema\/logo\/image\/\",\"url\":\"https:\/\/www.nordestsanita.it\/wp-content\/uploads\/2021\/05\/NES-1280.png\",\"contentUrl\":\"https:\/\/www.nordestsanita.it\/wp-content\/uploads\/2021\/05\/NES-1280.png\",\"width\":1280,\"height\":458,\"caption\":\"NES\"},\"image\":{\"@id\":\"https:\/\/www.nordestsanita.it\/#\/schema\/logo\/image\/\"}},{\"@type\":\"Person\",\"@id\":\"https:\/\/www.nordestsanita.it\/#\/schema\/person\/e5a7dc6dca45cb55e67d4a127b0e969a\",\"name\":\"Redazione\",\"image\":{\"@type\":\"ImageObject\",\"inLanguage\":\"it-IT\",\"@id\":\"https:\/\/www.nordestsanita.it\/#\/schema\/person\/image\/\",\"url\":\"https:\/\/secure.gravatar.com\/avatar\/3f19a9b3d671ea36ec67c4badf3f961a?s=96&d=mm&r=g\",\"contentUrl\":\"https:\/\/secure.gravatar.com\/avatar\/3f19a9b3d671ea36ec67c4badf3f961a?s=96&d=mm&r=g\",\"caption\":\"Redazione\"},\"url\":\"https:\/\/www.nordestsanita.it\/?author=8\"}]}<\/script>\n<!-- \/ Yoast SEO plugin. -->","yoast_head_json":{"title":"Medico aggredito nel veneziano. Zaia: \"La violenza contro il personale sanitario \u00e8 ormai un bollettino di guerra\" - NES","robots":{"index":"index","follow":"follow","max-snippet":"max-snippet:-1","max-image-preview":"max-image-preview:large","max-video-preview":"max-video-preview:-1"},"canonical":"https:\/\/www.nordestsanita.it\/?p=2141","og_locale":"it_IT","og_type":"article","og_title":"Medico aggredito nel veneziano. Zaia: \"La violenza contro il personale sanitario \u00e8 ormai un bollettino di guerra\" - NES","og_description":"\u201cNon passa ormai giorno in cui non si registri un\u2019aggressione al nostro personale sanitario. \u00c8 diventato un bollettino di guerra, al quale bisogna rispondere con fermezza e certezza della pena verso chi delinque. Non \u00e8 pi\u00f9 tollerabile che i nostri medici, infermieri, operatori sanitari siano vittime di aggressione negli ospedali o nelle strutture in cui prestano servizio, con dedizione e professionalit\u00e0, per curare e assistere chi \u00e8 in difficolt\u00e0\u201d. Con queste parole il presidente della Regione del Veneto, Luca Zaia, stigmatizza l\u2019ennesimo episodio di aggressione avvenuto ieri sera nei confronti di un medico della continuit\u00e0 assistenziale nella sede di Portogruaro","og_url":"https:\/\/www.nordestsanita.it\/?p=2141","og_site_name":"NES","article_published_time":"2025-02-12T10:28:40+00:00","article_modified_time":"2025-02-12T10:28:41+00:00","og_image":[{"width":1280,"height":853,"url":"https:\/\/www.nordestsanita.it\/wp-content\/uploads\/2025\/02\/stethoscope-840125_1280.jpg","type":"image\/jpeg"}],"author":"Redazione","twitter_card":"summary_large_image","twitter_misc":{"Scritto da":"Redazione","Tempo di lettura stimato":"2 minuti"},"schema":{"@context":"https:\/\/schema.org","@graph":[{"@type":"Article","@id":"https:\/\/www.nordestsanita.it\/?p=2141#article","isPartOf":{"@id":"https:\/\/www.nordestsanita.it\/?p=2141"},"author":{"name":"Redazione","@id":"https:\/\/www.nordestsanita.it\/#\/schema\/person\/e5a7dc6dca45cb55e67d4a127b0e969a"},"headline":"Medico aggredito nel veneziano. Zaia: &#8220;La violenza contro il personale sanitario \u00e8 ormai un bollettino di guerra&#8221;","datePublished":"2025-02-12T10:28:40+00:00","dateModified":"2025-02-12T10:28:41+00:00","mainEntityOfPage":{"@id":"https:\/\/www.nordestsanita.it\/?p=2141"},"wordCount":341,"publisher":{"@id":"https:\/\/www.nordestsanita.it\/#organization"},"keywords":["aggressione sanitari","medici","pene","Portogruaro","zaia"],"articleSection":["Sanit\u00e0"],"inLanguage":"it-IT"},{"@type":"WebPage","@id":"https:\/\/www.nordestsanita.it\/?p=2141","url":"https:\/\/www.nordestsanita.it\/?p=2141","name":"Medico aggredito nel veneziano. Zaia: \"La violenza contro il personale sanitario \u00e8 ormai un bollettino di guerra\" - NES","isPartOf":{"@id":"https:\/\/www.nordestsanita.it\/#website"},"datePublished":"2025-02-12T10:28:40+00:00","dateModified":"2025-02-12T10:28:41+00:00","breadcrumb":{"@id":"https:\/\/www.nordestsanita.it\/?p=2141#breadcrumb"},"inLanguage":"it-IT","potentialAction":[{"@type":"ReadAction","target":["https:\/\/www.nordestsanita.it\/?p=2141"]}]},{"@type":"BreadcrumbList","@id":"https:\/\/www.nordestsanita.it\/?p=2141#breadcrumb","itemListElement":[{"@type":"ListItem","position":1,"name":"Home","item":"https:\/\/www.nordestsanita.it\/"},{"@type":"ListItem","position":2,"name":"Medico aggredito nel veneziano. Zaia: &#8220;La violenza contro il personale sanitario \u00e8 ormai un bollettino di guerra&#8221;"}]},{"@type":"WebSite","@id":"https:\/\/www.nordestsanita.it\/#website","url":"https:\/\/www.nordestsanita.it\/","name":"NES","description":"Nord Est Sanit\u00e0","publisher":{"@id":"https:\/\/www.nordestsanita.it\/#organization"},"potentialAction":[{"@type":"SearchAction","target":{"@type":"EntryPoint","urlTemplate":"https:\/\/www.nordestsanita.it\/?s={search_term_string}"},"query-input":"required name=search_term_string"}],"inLanguage":"it-IT"},{"@type":"Organization","@id":"https:\/\/www.nordestsanita.it\/#organization","name":"NES","url":"https:\/\/www.nordestsanita.it\/","logo":{"@type":"ImageObject","inLanguage":"it-IT","@id":"https:\/\/www.nordestsanita.it\/#\/schema\/logo\/image\/","url":"https:\/\/www.nordestsanita.it\/wp-content\/uploads\/2021\/05\/NES-1280.png","contentUrl":"https:\/\/www.nordestsanita.it\/wp-content\/uploads\/2021\/05\/NES-1280.png","width":1280,"height":458,"caption":"NES"},"image":{"@id":"https:\/\/www.nordestsanita.it\/#\/schema\/logo\/image\/"}},{"@type":"Person","@id":"https:\/\/www.nordestsanita.it\/#\/schema\/person\/e5a7dc6dca45cb55e67d4a127b0e969a","name":"Redazione","image":{"@type":"ImageObject","inLanguage":"it-IT","@id":"https:\/\/www.nordestsanita.it\/#\/schema\/person\/image\/","url":"https:\/\/secure.gravatar.com\/avatar\/3f19a9b3d671ea36ec67c4badf3f961a?s=96&d=mm&r=g","contentUrl":"https:\/\/secure.gravatar.com\/avatar\/3f19a9b3d671ea36ec67c4badf3f961a?s=96&d=mm&r=g","caption":"Redazione"},"url":"https:\/\/www.nordestsanita.it\/?author=8"}]}},"jetpack_featured_media_url":"https:\/\/www.nordestsanita.it\/wp-content\/uploads\/2025\/02\/stethoscope-840125_1280.jpg","_links":{"self":[{"href":"https:\/\/www.nordestsanita.it\/index.php?rest_route=\/wp\/v2\/posts\/2141"}],"collection":[{"href":"https:\/\/www.nordestsanita.it\/index.php?rest_route=\/wp\/v2\/posts"}],"about":[{"href":"https:\/\/www.nordestsanita.it\/index.php?rest_route=\/wp\/v2\/types\/post"}],"author":[{"embeddable":true,"href":"https:\/\/www.nordestsanita.it\/index.php?rest_route=\/wp\/v2\/users\/8"}],"replies":[{"embeddable":true,"href":"https:\/\/www.nordestsanita.it\/index.php?rest_route=%2Fwp%2Fv2%2Fcomments&post=2141"}],"version-history":[{"count":1,"href":"https:\/\/www.nordestsanita.it\/index.php?rest_route=\/wp\/v2\/posts\/2141\/revisions"}],"predecessor-version":[{"id":2142,"href":"https:\/\/www.nordestsanita.it\/index.php?rest_route=\/wp\/v2\/posts\/2141\/revisions\/2142"}],"wp:featuredmedia":[{"embeddable":true,"href":"https:\/\/www.nordestsanita.it\/index.php?rest_route=\/wp\/v2\/media\/2096"}],"wp:attachment":[{"href":"https:\/\/www.nordestsanita.it\/index.php?rest_route=%2Fwp%2Fv2%2Fmedia&parent=2141"}],"wp:term":[{"taxonomy":"category","embeddable":true,"href":"https:\/\/www.nordestsanita.it\/index.php?rest_route=%2Fwp%2Fv2%2Fcategories&post=2141"},{"taxonomy":"post_tag","embeddable":true,"href":"https:\/\/www.nordestsanita.it\/index.php?rest_route=%2Fwp%2Fv2%2Ftags&post=2141"}],"curies":[{"name":"wp","href":"https:\/\/api.w.org\/{rel}","templated":true}]}}