{"id":2153,"date":"2025-02-13T13:26:58","date_gmt":"2025-02-13T12:26:58","guid":{"rendered":"https:\/\/www.nordestsanita.it\/?p=2153"},"modified":"2025-02-13T13:27:00","modified_gmt":"2025-02-13T12:27:00","slug":"a-cortina-parte-la-campagna-di-prevenzione-del-melanoma-in-montagna","status":"publish","type":"post","link":"https:\/\/www.nordestsanita.it\/?p=2153","title":{"rendered":"A Cortina parte la campagna di prevenzione  del melanoma in montagna."},"content":{"rendered":"\n<p>\u201cMontagna s\u00ec! Melanoma No! Cortina rappresenta una vetrina mondiale, il luogo ideale per ribadirlo. Tra un anno si apriranno le Olimpiadi e le Paralimpiadi invernali. Sono l\u2019occasione per raggiungere con questo messaggio milioni di appassionati, ricordando che il melanoma \u00e8 una patologia in crescita e che l\u2019esposizione ai raggi solari rappresenta un rischio anche in montagna. Da un\u2019indagine sappiamo che un terzo degli escursionisti e un quarto degli sciatori affrontano la montagna senza alcuna protezione solare per la pelle. Addirittura tra i giovani sciatori si arriva all\u201980%. L\u2019evento olimpico \u00e8 un motivo in pi\u00f9 che ci consente di rivolgerci a sportivi ma anche ad appassionati e turisti e far comprendere che nel vivere gli sport e la vita all\u2019aria aperta in montagna bastano poche attenzioni per difendere la pelle\u201d.<\/p>\n\n\n\n<p>Queste le parole dell\u2019assessore regionale alla Sanit\u00e0 e alle Politiche sociali, Manuela Lanzarin, all\u2019incontro per presentare la campagna contro il melanoma della Regione del Veneto, oggi a Cortina. Un incontro a cui hanno partecipato: la Prof.ssa Alessandra Buja (Laboratorio di valutazione dei servizi sanitari e della promozione della salute, Unit\u00e0 di Igiene e sanit\u00e0 pubblica &#8211; Universit\u00e0 degli studi di Padova), la Prof.ssa Anna Belloni Fortina (Scuola di Dermatologia Pediatrica dell\u2019Azienda Ospedale Universit\u00e0 di Padova e la Scuola di Specializzazione in Dermatologia), il Dott. Giuseppe Dal Ben (Commissario Azienda Ulss 1 Dolomiti), Dott. Sandro Cinquetti (Direttore del Dipartimento di Prevenzione \u2013 Azienda Ulss 1 Dolomiti), la Dottoressa Francesca Russo (Direttore della Direzione Prevenzione, Sicurezza Alimentare, Veterinaria \u2013 Regione del Veneto).&nbsp;Ha aperto i lavori il saluto del sindaco di Cortina, Gianluca Lorenzi.<\/p>\n\n\n\n<p>\u201c\u00c8 importante agire con una strategia mirata per arrestare la crescita di una patologia che \u00e8 possibile prevenire con corretti comportamenti \u2013 sottolinea l\u2019Assessore -. I rischi dell\u2019esposizione al sole sono associati comunemente alla spiaggia e alla balneazione. Ma le condizioni che caratterizzano le aree di alta quota con un\u2019elevata intensit\u00e0 delle radiazioni UV e l\u2019effetto amplificante del riflesso sulla neve che aumenta la quantit\u00e0 di raggi ultravioletti fino all\u201980%, rendono le attivit\u00e0 in montagna particolarmente rischiose per la pelle. Lo conferma che il melanoma \u00e8 il tumore \u00e8 pi\u00f9 frequente nelle popolazioni montane\u201d.<\/p>\n\n\n\n<p>L\u2019indagine presentata pone in risalto che nel 1990 nell\u2019area dell\u2019Azienda ULSS 1 Dolomiti, il tasso di incidenza standardizzato per et\u00e0 era di 6,3 su 100.000 per gli uomini e 13,8 su 100.000 per le donne. Nel 2021 \u00e8 sestuplicato a 39,5 su 100.000 per gli uomini e pi\u00f9 che raddoppiato a 33,2 su 100.000 per le donne. Il melanoma rappresenta la prima causa di tumore nei maschi sotto i 50 anni e la seconda causa pi\u00f9 frequente nelle femmine della stessa fascia d\u2019et\u00e0. Nella fascia d\u2019et\u00e0 50-69 anni, si posiziona come la quarta causa di tumore pi\u00f9 frequente negli uomini e la terza nelle donne.<\/p>\n\n\n\n<p>\u201cSono dati che indicano una incidenza molto pi\u00f9 forte che nel resto della regione \u2013 conclude l\u2019Assessore -. Evidentemente in montagna c\u2019\u00e8 meno consapevolezza dei fattori di rischio rispetto al mare. Da qui nasce la necessit\u00e0 di mettere in campo una serie di azioni specifiche di prevenzione e sensibilizzazione. La montagna fa bene, il sole \u00e8 un tocca sana per l\u2019apporto vitaminico e per tanti altri benefici, anche all\u2019umore. Bisogna, per\u00f2 affrontarlo in sicurezza. Godiamoci, quindi, le nostre montagne, le Dolomiti, ma con attenzione.&nbsp;L\u2019utilizzo di creme solari con un alto fattore di protezione, di abbigliamento tecnico, di cappelli, occhiali da sole e altri strumenti preventivi deve diventare una parte integrante della quotidianit\u00e0 per chi vive la montagna o pratica sport sia estivi sia invernali. Questo cambiamento di approccio, se insegnato sin dalla giovane et\u00e0, pu\u00f2 rappresentare un investimento nel futuro della salute pubblica, contribuendo a ridurre sensibilmente il rischio di tumori cutanei\u201d.<\/p>\n","protected":false},"excerpt":{"rendered":"<p>\u201cMontagna s\u00ec! Melanoma No! Cortina rappresenta una vetrina mondiale, il luogo ideale per ribadirlo. Tra un anno si apriranno le Olimpiadi e le Paralimpiadi invernali. Sono l\u2019occasione per raggiungere con questo messaggio milioni di appassionati, ricordando che il melanoma \u00e8 una patologia in crescita e che l\u2019esposizione ai raggi solari rappresenta un rischio anche in montagna. Da un\u2019indagine sappiamo che un terzo degli escursionisti e un quarto degli sciatori affrontano la montagna senza alcuna protezione solare per la pelle. Addirittura tra i giovani sciatori si arriva all\u201980%. L\u2019evento olimpico \u00e8 un motivo in pi\u00f9 che ci consente di rivolgerci a<\/p>\n","protected":false},"author":8,"featured_media":2154,"comment_status":"closed","ping_status":"open","sticky":false,"template":"","format":"standard","meta":[],"categories":[25],"tags":[484,483,284,270],"yoast_head":"<!-- This site is optimized with the Yoast SEO plugin v20.2 - https:\/\/yoast.com\/wordpress\/plugins\/seo\/ -->\n<title>A Cortina parte la campagna di prevenzione del melanoma in montagna. - NES<\/title>\n<meta name=\"robots\" content=\"index, follow, max-snippet:-1, max-image-preview:large, max-video-preview:-1\" \/>\n<link rel=\"canonical\" href=\"https:\/\/www.nordestsanita.it\/?p=2153\" \/>\n<meta property=\"og:locale\" content=\"it_IT\" \/>\n<meta property=\"og:type\" content=\"article\" \/>\n<meta property=\"og:title\" content=\"A Cortina parte la campagna di prevenzione del melanoma in montagna. - NES\" \/>\n<meta property=\"og:description\" content=\"\u201cMontagna s\u00ec! Melanoma No! Cortina rappresenta una vetrina mondiale, il luogo ideale per ribadirlo. Tra un anno si apriranno le Olimpiadi e le Paralimpiadi invernali. Sono l\u2019occasione per raggiungere con questo messaggio milioni di appassionati, ricordando che il melanoma \u00e8 una patologia in crescita e che l\u2019esposizione ai raggi solari rappresenta un rischio anche in montagna. Da un\u2019indagine sappiamo che un terzo degli escursionisti e un quarto degli sciatori affrontano la montagna senza alcuna protezione solare per la pelle. Addirittura tra i giovani sciatori si arriva all\u201980%. L\u2019evento olimpico \u00e8 un motivo in pi\u00f9 che ci consente di rivolgerci a\" \/>\n<meta property=\"og:url\" content=\"https:\/\/www.nordestsanita.it\/?p=2153\" \/>\n<meta property=\"og:site_name\" content=\"NES\" \/>\n<meta property=\"article:published_time\" content=\"2025-02-13T12:26:58+00:00\" \/>\n<meta property=\"article:modified_time\" content=\"2025-02-13T12:27:00+00:00\" \/>\n<meta property=\"og:image\" content=\"https:\/\/www.nordestsanita.it\/wp-content\/uploads\/2025\/02\/self-care-6886590_1280.jpg\" \/>\n\t<meta property=\"og:image:width\" content=\"1280\" \/>\n\t<meta property=\"og:image:height\" content=\"853\" \/>\n\t<meta property=\"og:image:type\" content=\"image\/jpeg\" \/>\n<meta name=\"author\" content=\"Redazione\" \/>\n<meta name=\"twitter:card\" content=\"summary_large_image\" \/>\n<meta name=\"twitter:label1\" content=\"Scritto da\" \/>\n\t<meta name=\"twitter:data1\" content=\"Redazione\" \/>\n\t<meta name=\"twitter:label2\" content=\"Tempo di lettura stimato\" \/>\n\t<meta name=\"twitter:data2\" content=\"4 minuti\" \/>\n<script type=\"application\/ld+json\" class=\"yoast-schema-graph\">{\"@context\":\"https:\/\/schema.org\",\"@graph\":[{\"@type\":\"Article\",\"@id\":\"https:\/\/www.nordestsanita.it\/?p=2153#article\",\"isPartOf\":{\"@id\":\"https:\/\/www.nordestsanita.it\/?p=2153\"},\"author\":{\"name\":\"Redazione\",\"@id\":\"https:\/\/www.nordestsanita.it\/#\/schema\/person\/e5a7dc6dca45cb55e67d4a127b0e969a\"},\"headline\":\"A Cortina parte la campagna di prevenzione del melanoma in montagna.\",\"datePublished\":\"2025-02-13T12:26:58+00:00\",\"dateModified\":\"2025-02-13T12:27:00+00:00\",\"mainEntityOfPage\":{\"@id\":\"https:\/\/www.nordestsanita.it\/?p=2153\"},\"wordCount\":623,\"publisher\":{\"@id\":\"https:\/\/www.nordestsanita.it\/#organization\"},\"keywords\":[\"Cortina\",\"melanoma\",\"montagna\",\"prevenzione\"],\"articleSection\":[\"Sanit\u00e0\"],\"inLanguage\":\"it-IT\"},{\"@type\":\"WebPage\",\"@id\":\"https:\/\/www.nordestsanita.it\/?p=2153\",\"url\":\"https:\/\/www.nordestsanita.it\/?p=2153\",\"name\":\"A Cortina parte la campagna di prevenzione del melanoma in montagna. - NES\",\"isPartOf\":{\"@id\":\"https:\/\/www.nordestsanita.it\/#website\"},\"datePublished\":\"2025-02-13T12:26:58+00:00\",\"dateModified\":\"2025-02-13T12:27:00+00:00\",\"breadcrumb\":{\"@id\":\"https:\/\/www.nordestsanita.it\/?p=2153#breadcrumb\"},\"inLanguage\":\"it-IT\",\"potentialAction\":[{\"@type\":\"ReadAction\",\"target\":[\"https:\/\/www.nordestsanita.it\/?p=2153\"]}]},{\"@type\":\"BreadcrumbList\",\"@id\":\"https:\/\/www.nordestsanita.it\/?p=2153#breadcrumb\",\"itemListElement\":[{\"@type\":\"ListItem\",\"position\":1,\"name\":\"Home\",\"item\":\"https:\/\/www.nordestsanita.it\/\"},{\"@type\":\"ListItem\",\"position\":2,\"name\":\"A Cortina parte la campagna di prevenzione del melanoma in montagna.\"}]},{\"@type\":\"WebSite\",\"@id\":\"https:\/\/www.nordestsanita.it\/#website\",\"url\":\"https:\/\/www.nordestsanita.it\/\",\"name\":\"NES\",\"description\":\"Nord Est Sanit\u00e0\",\"publisher\":{\"@id\":\"https:\/\/www.nordestsanita.it\/#organization\"},\"potentialAction\":[{\"@type\":\"SearchAction\",\"target\":{\"@type\":\"EntryPoint\",\"urlTemplate\":\"https:\/\/www.nordestsanita.it\/?s={search_term_string}\"},\"query-input\":\"required name=search_term_string\"}],\"inLanguage\":\"it-IT\"},{\"@type\":\"Organization\",\"@id\":\"https:\/\/www.nordestsanita.it\/#organization\",\"name\":\"NES\",\"url\":\"https:\/\/www.nordestsanita.it\/\",\"logo\":{\"@type\":\"ImageObject\",\"inLanguage\":\"it-IT\",\"@id\":\"https:\/\/www.nordestsanita.it\/#\/schema\/logo\/image\/\",\"url\":\"https:\/\/www.nordestsanita.it\/wp-content\/uploads\/2021\/05\/NES-1280.png\",\"contentUrl\":\"https:\/\/www.nordestsanita.it\/wp-content\/uploads\/2021\/05\/NES-1280.png\",\"width\":1280,\"height\":458,\"caption\":\"NES\"},\"image\":{\"@id\":\"https:\/\/www.nordestsanita.it\/#\/schema\/logo\/image\/\"}},{\"@type\":\"Person\",\"@id\":\"https:\/\/www.nordestsanita.it\/#\/schema\/person\/e5a7dc6dca45cb55e67d4a127b0e969a\",\"name\":\"Redazione\",\"image\":{\"@type\":\"ImageObject\",\"inLanguage\":\"it-IT\",\"@id\":\"https:\/\/www.nordestsanita.it\/#\/schema\/person\/image\/\",\"url\":\"https:\/\/secure.gravatar.com\/avatar\/3f19a9b3d671ea36ec67c4badf3f961a?s=96&d=mm&r=g\",\"contentUrl\":\"https:\/\/secure.gravatar.com\/avatar\/3f19a9b3d671ea36ec67c4badf3f961a?s=96&d=mm&r=g\",\"caption\":\"Redazione\"},\"url\":\"https:\/\/www.nordestsanita.it\/?author=8\"}]}<\/script>\n<!-- \/ Yoast SEO plugin. -->","yoast_head_json":{"title":"A Cortina parte la campagna di prevenzione del melanoma in montagna. - NES","robots":{"index":"index","follow":"follow","max-snippet":"max-snippet:-1","max-image-preview":"max-image-preview:large","max-video-preview":"max-video-preview:-1"},"canonical":"https:\/\/www.nordestsanita.it\/?p=2153","og_locale":"it_IT","og_type":"article","og_title":"A Cortina parte la campagna di prevenzione del melanoma in montagna. - NES","og_description":"\u201cMontagna s\u00ec! Melanoma No! Cortina rappresenta una vetrina mondiale, il luogo ideale per ribadirlo. Tra un anno si apriranno le Olimpiadi e le Paralimpiadi invernali. Sono l\u2019occasione per raggiungere con questo messaggio milioni di appassionati, ricordando che il melanoma \u00e8 una patologia in crescita e che l\u2019esposizione ai raggi solari rappresenta un rischio anche in montagna. Da un\u2019indagine sappiamo che un terzo degli escursionisti e un quarto degli sciatori affrontano la montagna senza alcuna protezione solare per la pelle. Addirittura tra i giovani sciatori si arriva all\u201980%. L\u2019evento olimpico \u00e8 un motivo in pi\u00f9 che ci consente di rivolgerci a","og_url":"https:\/\/www.nordestsanita.it\/?p=2153","og_site_name":"NES","article_published_time":"2025-02-13T12:26:58+00:00","article_modified_time":"2025-02-13T12:27:00+00:00","og_image":[{"width":1280,"height":853,"url":"https:\/\/www.nordestsanita.it\/wp-content\/uploads\/2025\/02\/self-care-6886590_1280.jpg","type":"image\/jpeg"}],"author":"Redazione","twitter_card":"summary_large_image","twitter_misc":{"Scritto da":"Redazione","Tempo di lettura stimato":"4 minuti"},"schema":{"@context":"https:\/\/schema.org","@graph":[{"@type":"Article","@id":"https:\/\/www.nordestsanita.it\/?p=2153#article","isPartOf":{"@id":"https:\/\/www.nordestsanita.it\/?p=2153"},"author":{"name":"Redazione","@id":"https:\/\/www.nordestsanita.it\/#\/schema\/person\/e5a7dc6dca45cb55e67d4a127b0e969a"},"headline":"A Cortina parte la campagna di prevenzione del melanoma in montagna.","datePublished":"2025-02-13T12:26:58+00:00","dateModified":"2025-02-13T12:27:00+00:00","mainEntityOfPage":{"@id":"https:\/\/www.nordestsanita.it\/?p=2153"},"wordCount":623,"publisher":{"@id":"https:\/\/www.nordestsanita.it\/#organization"},"keywords":["Cortina","melanoma","montagna","prevenzione"],"articleSection":["Sanit\u00e0"],"inLanguage":"it-IT"},{"@type":"WebPage","@id":"https:\/\/www.nordestsanita.it\/?p=2153","url":"https:\/\/www.nordestsanita.it\/?p=2153","name":"A Cortina parte la campagna di prevenzione del melanoma in montagna. - NES","isPartOf":{"@id":"https:\/\/www.nordestsanita.it\/#website"},"datePublished":"2025-02-13T12:26:58+00:00","dateModified":"2025-02-13T12:27:00+00:00","breadcrumb":{"@id":"https:\/\/www.nordestsanita.it\/?p=2153#breadcrumb"},"inLanguage":"it-IT","potentialAction":[{"@type":"ReadAction","target":["https:\/\/www.nordestsanita.it\/?p=2153"]}]},{"@type":"BreadcrumbList","@id":"https:\/\/www.nordestsanita.it\/?p=2153#breadcrumb","itemListElement":[{"@type":"ListItem","position":1,"name":"Home","item":"https:\/\/www.nordestsanita.it\/"},{"@type":"ListItem","position":2,"name":"A Cortina parte la campagna di prevenzione del melanoma in montagna."}]},{"@type":"WebSite","@id":"https:\/\/www.nordestsanita.it\/#website","url":"https:\/\/www.nordestsanita.it\/","name":"NES","description":"Nord Est Sanit\u00e0","publisher":{"@id":"https:\/\/www.nordestsanita.it\/#organization"},"potentialAction":[{"@type":"SearchAction","target":{"@type":"EntryPoint","urlTemplate":"https:\/\/www.nordestsanita.it\/?s={search_term_string}"},"query-input":"required name=search_term_string"}],"inLanguage":"it-IT"},{"@type":"Organization","@id":"https:\/\/www.nordestsanita.it\/#organization","name":"NES","url":"https:\/\/www.nordestsanita.it\/","logo":{"@type":"ImageObject","inLanguage":"it-IT","@id":"https:\/\/www.nordestsanita.it\/#\/schema\/logo\/image\/","url":"https:\/\/www.nordestsanita.it\/wp-content\/uploads\/2021\/05\/NES-1280.png","contentUrl":"https:\/\/www.nordestsanita.it\/wp-content\/uploads\/2021\/05\/NES-1280.png","width":1280,"height":458,"caption":"NES"},"image":{"@id":"https:\/\/www.nordestsanita.it\/#\/schema\/logo\/image\/"}},{"@type":"Person","@id":"https:\/\/www.nordestsanita.it\/#\/schema\/person\/e5a7dc6dca45cb55e67d4a127b0e969a","name":"Redazione","image":{"@type":"ImageObject","inLanguage":"it-IT","@id":"https:\/\/www.nordestsanita.it\/#\/schema\/person\/image\/","url":"https:\/\/secure.gravatar.com\/avatar\/3f19a9b3d671ea36ec67c4badf3f961a?s=96&d=mm&r=g","contentUrl":"https:\/\/secure.gravatar.com\/avatar\/3f19a9b3d671ea36ec67c4badf3f961a?s=96&d=mm&r=g","caption":"Redazione"},"url":"https:\/\/www.nordestsanita.it\/?author=8"}]}},"jetpack_featured_media_url":"https:\/\/www.nordestsanita.it\/wp-content\/uploads\/2025\/02\/self-care-6886590_1280.jpg","_links":{"self":[{"href":"https:\/\/www.nordestsanita.it\/index.php?rest_route=\/wp\/v2\/posts\/2153"}],"collection":[{"href":"https:\/\/www.nordestsanita.it\/index.php?rest_route=\/wp\/v2\/posts"}],"about":[{"href":"https:\/\/www.nordestsanita.it\/index.php?rest_route=\/wp\/v2\/types\/post"}],"author":[{"embeddable":true,"href":"https:\/\/www.nordestsanita.it\/index.php?rest_route=\/wp\/v2\/users\/8"}],"replies":[{"embeddable":true,"href":"https:\/\/www.nordestsanita.it\/index.php?rest_route=%2Fwp%2Fv2%2Fcomments&post=2153"}],"version-history":[{"count":1,"href":"https:\/\/www.nordestsanita.it\/index.php?rest_route=\/wp\/v2\/posts\/2153\/revisions"}],"predecessor-version":[{"id":2155,"href":"https:\/\/www.nordestsanita.it\/index.php?rest_route=\/wp\/v2\/posts\/2153\/revisions\/2155"}],"wp:featuredmedia":[{"embeddable":true,"href":"https:\/\/www.nordestsanita.it\/index.php?rest_route=\/wp\/v2\/media\/2154"}],"wp:attachment":[{"href":"https:\/\/www.nordestsanita.it\/index.php?rest_route=%2Fwp%2Fv2%2Fmedia&parent=2153"}],"wp:term":[{"taxonomy":"category","embeddable":true,"href":"https:\/\/www.nordestsanita.it\/index.php?rest_route=%2Fwp%2Fv2%2Fcategories&post=2153"},{"taxonomy":"post_tag","embeddable":true,"href":"https:\/\/www.nordestsanita.it\/index.php?rest_route=%2Fwp%2Fv2%2Ftags&post=2153"}],"curies":[{"name":"wp","href":"https:\/\/api.w.org\/{rel}","templated":true}]}}