{"id":2165,"date":"2025-02-15T12:40:17","date_gmt":"2025-02-15T11:40:17","guid":{"rendered":"https:\/\/www.nordestsanita.it\/?p=2165"},"modified":"2025-02-15T12:40:18","modified_gmt":"2025-02-15T11:40:18","slug":"pezzullo-riconfermato-presidente-dellordine-degli-psicologi-del-veneto","status":"publish","type":"post","link":"https:\/\/www.nordestsanita.it\/?p=2165","title":{"rendered":"Pezzullo riconfermato presidente dell\u2019Ordine degli Psicologi del Veneto."},"content":{"rendered":"\n<p>Luca Pezzullo \u00e8 stato riconfermato presidente dell\u2019Ordine degli Psicologi del Veneto. La riunione di insediamento del nuovo Consiglio dell&#8217;Ordine degli Psicologi del Veneto si \u00e8 tenuta stamattina a Mestre. Pezzullo \u00e8 presidente per i prossimi quattro anni, Federica Sandi \u00e8 stata eletta vicepresidente, succedendo a Fortunata Pizzoferro. A completare la squadra del nuovo Consiglio Francesca Stecchi, nominata Consigliera Segretario al posto di Federica Sandi, ed Emiliano Guarinon, confermato alla Tesoreria.\u00a0 \u00a0 \u00a0 \u00a0 \u00a0 \u00a0 \u00a0 \u00a0 \u00a0 \u00a0 \u00a0 \u00a0 \u00a0 \u00a0 \u00a0 \u00a0 \u00a0 \u00a0 \u00a0 \u00a0<\/p>\n","protected":false},"excerpt":{"rendered":"<p>Luca Pezzullo \u00e8 stato riconfermato presidente dell\u2019Ordine degli Psicologi del Veneto. La riunione di insediamento del nuovo Consiglio dell&#8217;Ordine degli Psicologi del Veneto si \u00e8 tenuta stamattina a Mestre. Pezzullo \u00e8 presidente per i prossimi quattro anni, Federica Sandi \u00e8 stata eletta vicepresidente, succedendo a Fortunata Pizzoferro. A completare la squadra del nuovo Consiglio Francesca Stecchi, nominata Consigliera Segretario al posto di Federica Sandi, ed Emiliano Guarinon, confermato alla Tesoreria.\u00a0 \u00a0 \u00a0 \u00a0 \u00a0 \u00a0 \u00a0 \u00a0 \u00a0 \u00a0 \u00a0 \u00a0 \u00a0 \u00a0 \u00a0 \u00a0 \u00a0 \u00a0 \u00a0 \u00a0<\/p>\n","protected":false},"author":8,"featured_media":2166,"comment_status":"closed","ping_status":"open","sticky":false,"template":"","format":"standard","meta":[],"categories":[24],"tags":[493,495,494],"yoast_head":"<!-- This site is optimized with the Yoast SEO plugin v20.2 - https:\/\/yoast.com\/wordpress\/plugins\/seo\/ -->\n<title>Pezzullo riconfermato presidente dell\u2019Ordine degli Psicologi del Veneto. - NES<\/title>\n<meta name=\"robots\" content=\"index, follow, max-snippet:-1, max-image-preview:large, max-video-preview:-1\" \/>\n<link rel=\"canonical\" href=\"https:\/\/www.nordestsanita.it\/?p=2165\" \/>\n<meta property=\"og:locale\" content=\"it_IT\" \/>\n<meta property=\"og:type\" content=\"article\" \/>\n<meta property=\"og:title\" content=\"Pezzullo riconfermato presidente dell\u2019Ordine degli Psicologi del Veneto. - NES\" \/>\n<meta property=\"og:description\" content=\"Luca Pezzullo \u00e8 stato riconfermato presidente dell\u2019Ordine degli Psicologi del Veneto. La riunione di insediamento del nuovo Consiglio dell&#8217;Ordine degli Psicologi del Veneto si \u00e8 tenuta stamattina a Mestre. Pezzullo \u00e8 presidente per i prossimi quattro anni, Federica Sandi \u00e8 stata eletta vicepresidente, succedendo a Fortunata Pizzoferro. A completare la squadra del nuovo Consiglio Francesca Stecchi, nominata Consigliera Segretario al posto di Federica Sandi, ed Emiliano Guarinon, confermato alla Tesoreria.\u00a0 \u00a0 \u00a0 \u00a0 \u00a0 \u00a0 \u00a0 \u00a0 \u00a0 \u00a0 \u00a0 \u00a0 \u00a0 \u00a0 \u00a0 \u00a0 \u00a0 \u00a0 \u00a0 \u00a0\" \/>\n<meta property=\"og:url\" content=\"https:\/\/www.nordestsanita.it\/?p=2165\" \/>\n<meta property=\"og:site_name\" content=\"NES\" \/>\n<meta property=\"article:published_time\" content=\"2025-02-15T11:40:17+00:00\" \/>\n<meta property=\"article:modified_time\" content=\"2025-02-15T11:40:18+00:00\" \/>\n<meta property=\"og:image\" content=\"https:\/\/www.nordestsanita.it\/wp-content\/uploads\/2025\/02\/IMG_8303.jpg\" \/>\n\t<meta property=\"og:image:width\" content=\"956\" \/>\n\t<meta property=\"og:image:height\" content=\"649\" \/>\n\t<meta property=\"og:image:type\" content=\"image\/jpeg\" \/>\n<meta name=\"author\" content=\"Redazione\" \/>\n<meta name=\"twitter:card\" content=\"summary_large_image\" \/>\n<meta name=\"twitter:label1\" content=\"Scritto da\" \/>\n\t<meta name=\"twitter:data1\" content=\"Redazione\" \/>\n\t<meta name=\"twitter:label2\" content=\"Tempo di lettura stimato\" \/>\n\t<meta name=\"twitter:data2\" content=\"1 minuto\" \/>\n<script type=\"application\/ld+json\" class=\"yoast-schema-graph\">{\"@context\":\"https:\/\/schema.org\",\"@graph\":[{\"@type\":\"Article\",\"@id\":\"https:\/\/www.nordestsanita.it\/?p=2165#article\",\"isPartOf\":{\"@id\":\"https:\/\/www.nordestsanita.it\/?p=2165\"},\"author\":{\"name\":\"Redazione\",\"@id\":\"https:\/\/www.nordestsanita.it\/#\/schema\/person\/e5a7dc6dca45cb55e67d4a127b0e969a\"},\"headline\":\"Pezzullo riconfermato presidente dell\u2019Ordine degli Psicologi del Veneto.\",\"datePublished\":\"2025-02-15T11:40:17+00:00\",\"dateModified\":\"2025-02-15T11:40:18+00:00\",\"mainEntityOfPage\":{\"@id\":\"https:\/\/www.nordestsanita.it\/?p=2165\"},\"wordCount\":76,\"publisher\":{\"@id\":\"https:\/\/www.nordestsanita.it\/#organization\"},\"keywords\":[\"Luca Pezzullo\",\"Ordine\",\"presidente psicologi\"],\"articleSection\":[\"Attualit\u00e0\"],\"inLanguage\":\"it-IT\"},{\"@type\":\"WebPage\",\"@id\":\"https:\/\/www.nordestsanita.it\/?p=2165\",\"url\":\"https:\/\/www.nordestsanita.it\/?p=2165\",\"name\":\"Pezzullo riconfermato presidente dell\u2019Ordine degli Psicologi del Veneto. - NES\",\"isPartOf\":{\"@id\":\"https:\/\/www.nordestsanita.it\/#website\"},\"datePublished\":\"2025-02-15T11:40:17+00:00\",\"dateModified\":\"2025-02-15T11:40:18+00:00\",\"breadcrumb\":{\"@id\":\"https:\/\/www.nordestsanita.it\/?p=2165#breadcrumb\"},\"inLanguage\":\"it-IT\",\"potentialAction\":[{\"@type\":\"ReadAction\",\"target\":[\"https:\/\/www.nordestsanita.it\/?p=2165\"]}]},{\"@type\":\"BreadcrumbList\",\"@id\":\"https:\/\/www.nordestsanita.it\/?p=2165#breadcrumb\",\"itemListElement\":[{\"@type\":\"ListItem\",\"position\":1,\"name\":\"Home\",\"item\":\"https:\/\/www.nordestsanita.it\/\"},{\"@type\":\"ListItem\",\"position\":2,\"name\":\"Pezzullo riconfermato presidente dell\u2019Ordine degli Psicologi del Veneto.\"}]},{\"@type\":\"WebSite\",\"@id\":\"https:\/\/www.nordestsanita.it\/#website\",\"url\":\"https:\/\/www.nordestsanita.it\/\",\"name\":\"NES\",\"description\":\"Nord Est Sanit\u00e0\",\"publisher\":{\"@id\":\"https:\/\/www.nordestsanita.it\/#organization\"},\"potentialAction\":[{\"@type\":\"SearchAction\",\"target\":{\"@type\":\"EntryPoint\",\"urlTemplate\":\"https:\/\/www.nordestsanita.it\/?s={search_term_string}\"},\"query-input\":\"required name=search_term_string\"}],\"inLanguage\":\"it-IT\"},{\"@type\":\"Organization\",\"@id\":\"https:\/\/www.nordestsanita.it\/#organization\",\"name\":\"NES\",\"url\":\"https:\/\/www.nordestsanita.it\/\",\"logo\":{\"@type\":\"ImageObject\",\"inLanguage\":\"it-IT\",\"@id\":\"https:\/\/www.nordestsanita.it\/#\/schema\/logo\/image\/\",\"url\":\"https:\/\/www.nordestsanita.it\/wp-content\/uploads\/2021\/05\/NES-1280.png\",\"contentUrl\":\"https:\/\/www.nordestsanita.it\/wp-content\/uploads\/2021\/05\/NES-1280.png\",\"width\":1280,\"height\":458,\"caption\":\"NES\"},\"image\":{\"@id\":\"https:\/\/www.nordestsanita.it\/#\/schema\/logo\/image\/\"}},{\"@type\":\"Person\",\"@id\":\"https:\/\/www.nordestsanita.it\/#\/schema\/person\/e5a7dc6dca45cb55e67d4a127b0e969a\",\"name\":\"Redazione\",\"image\":{\"@type\":\"ImageObject\",\"inLanguage\":\"it-IT\",\"@id\":\"https:\/\/www.nordestsanita.it\/#\/schema\/person\/image\/\",\"url\":\"https:\/\/secure.gravatar.com\/avatar\/3f19a9b3d671ea36ec67c4badf3f961a?s=96&d=mm&r=g\",\"contentUrl\":\"https:\/\/secure.gravatar.com\/avatar\/3f19a9b3d671ea36ec67c4badf3f961a?s=96&d=mm&r=g\",\"caption\":\"Redazione\"},\"url\":\"https:\/\/www.nordestsanita.it\/?author=8\"}]}<\/script>\n<!-- \/ Yoast SEO plugin. -->","yoast_head_json":{"title":"Pezzullo riconfermato presidente dell\u2019Ordine degli Psicologi del Veneto. - NES","robots":{"index":"index","follow":"follow","max-snippet":"max-snippet:-1","max-image-preview":"max-image-preview:large","max-video-preview":"max-video-preview:-1"},"canonical":"https:\/\/www.nordestsanita.it\/?p=2165","og_locale":"it_IT","og_type":"article","og_title":"Pezzullo riconfermato presidente dell\u2019Ordine degli Psicologi del Veneto. - NES","og_description":"Luca Pezzullo \u00e8 stato riconfermato presidente dell\u2019Ordine degli Psicologi del Veneto. La riunione di insediamento del nuovo Consiglio dell&#8217;Ordine degli Psicologi del Veneto si \u00e8 tenuta stamattina a Mestre. Pezzullo \u00e8 presidente per i prossimi quattro anni, Federica Sandi \u00e8 stata eletta vicepresidente, succedendo a Fortunata Pizzoferro. A completare la squadra del nuovo Consiglio Francesca Stecchi, nominata Consigliera Segretario al posto di Federica Sandi, ed Emiliano Guarinon, confermato alla Tesoreria.\u00a0 \u00a0 \u00a0 \u00a0 \u00a0 \u00a0 \u00a0 \u00a0 \u00a0 \u00a0 \u00a0 \u00a0 \u00a0 \u00a0 \u00a0 \u00a0 \u00a0 \u00a0 \u00a0 \u00a0","og_url":"https:\/\/www.nordestsanita.it\/?p=2165","og_site_name":"NES","article_published_time":"2025-02-15T11:40:17+00:00","article_modified_time":"2025-02-15T11:40:18+00:00","og_image":[{"width":956,"height":649,"url":"https:\/\/www.nordestsanita.it\/wp-content\/uploads\/2025\/02\/IMG_8303.jpg","type":"image\/jpeg"}],"author":"Redazione","twitter_card":"summary_large_image","twitter_misc":{"Scritto da":"Redazione","Tempo di lettura stimato":"1 minuto"},"schema":{"@context":"https:\/\/schema.org","@graph":[{"@type":"Article","@id":"https:\/\/www.nordestsanita.it\/?p=2165#article","isPartOf":{"@id":"https:\/\/www.nordestsanita.it\/?p=2165"},"author":{"name":"Redazione","@id":"https:\/\/www.nordestsanita.it\/#\/schema\/person\/e5a7dc6dca45cb55e67d4a127b0e969a"},"headline":"Pezzullo riconfermato presidente dell\u2019Ordine degli Psicologi del Veneto.","datePublished":"2025-02-15T11:40:17+00:00","dateModified":"2025-02-15T11:40:18+00:00","mainEntityOfPage":{"@id":"https:\/\/www.nordestsanita.it\/?p=2165"},"wordCount":76,"publisher":{"@id":"https:\/\/www.nordestsanita.it\/#organization"},"keywords":["Luca Pezzullo","Ordine","presidente psicologi"],"articleSection":["Attualit\u00e0"],"inLanguage":"it-IT"},{"@type":"WebPage","@id":"https:\/\/www.nordestsanita.it\/?p=2165","url":"https:\/\/www.nordestsanita.it\/?p=2165","name":"Pezzullo riconfermato presidente dell\u2019Ordine degli Psicologi del Veneto. - NES","isPartOf":{"@id":"https:\/\/www.nordestsanita.it\/#website"},"datePublished":"2025-02-15T11:40:17+00:00","dateModified":"2025-02-15T11:40:18+00:00","breadcrumb":{"@id":"https:\/\/www.nordestsanita.it\/?p=2165#breadcrumb"},"inLanguage":"it-IT","potentialAction":[{"@type":"ReadAction","target":["https:\/\/www.nordestsanita.it\/?p=2165"]}]},{"@type":"BreadcrumbList","@id":"https:\/\/www.nordestsanita.it\/?p=2165#breadcrumb","itemListElement":[{"@type":"ListItem","position":1,"name":"Home","item":"https:\/\/www.nordestsanita.it\/"},{"@type":"ListItem","position":2,"name":"Pezzullo riconfermato presidente dell\u2019Ordine degli Psicologi del Veneto."}]},{"@type":"WebSite","@id":"https:\/\/www.nordestsanita.it\/#website","url":"https:\/\/www.nordestsanita.it\/","name":"NES","description":"Nord Est Sanit\u00e0","publisher":{"@id":"https:\/\/www.nordestsanita.it\/#organization"},"potentialAction":[{"@type":"SearchAction","target":{"@type":"EntryPoint","urlTemplate":"https:\/\/www.nordestsanita.it\/?s={search_term_string}"},"query-input":"required name=search_term_string"}],"inLanguage":"it-IT"},{"@type":"Organization","@id":"https:\/\/www.nordestsanita.it\/#organization","name":"NES","url":"https:\/\/www.nordestsanita.it\/","logo":{"@type":"ImageObject","inLanguage":"it-IT","@id":"https:\/\/www.nordestsanita.it\/#\/schema\/logo\/image\/","url":"https:\/\/www.nordestsanita.it\/wp-content\/uploads\/2021\/05\/NES-1280.png","contentUrl":"https:\/\/www.nordestsanita.it\/wp-content\/uploads\/2021\/05\/NES-1280.png","width":1280,"height":458,"caption":"NES"},"image":{"@id":"https:\/\/www.nordestsanita.it\/#\/schema\/logo\/image\/"}},{"@type":"Person","@id":"https:\/\/www.nordestsanita.it\/#\/schema\/person\/e5a7dc6dca45cb55e67d4a127b0e969a","name":"Redazione","image":{"@type":"ImageObject","inLanguage":"it-IT","@id":"https:\/\/www.nordestsanita.it\/#\/schema\/person\/image\/","url":"https:\/\/secure.gravatar.com\/avatar\/3f19a9b3d671ea36ec67c4badf3f961a?s=96&d=mm&r=g","contentUrl":"https:\/\/secure.gravatar.com\/avatar\/3f19a9b3d671ea36ec67c4badf3f961a?s=96&d=mm&r=g","caption":"Redazione"},"url":"https:\/\/www.nordestsanita.it\/?author=8"}]}},"jetpack_featured_media_url":"https:\/\/www.nordestsanita.it\/wp-content\/uploads\/2025\/02\/IMG_8303.jpg","_links":{"self":[{"href":"https:\/\/www.nordestsanita.it\/index.php?rest_route=\/wp\/v2\/posts\/2165"}],"collection":[{"href":"https:\/\/www.nordestsanita.it\/index.php?rest_route=\/wp\/v2\/posts"}],"about":[{"href":"https:\/\/www.nordestsanita.it\/index.php?rest_route=\/wp\/v2\/types\/post"}],"author":[{"embeddable":true,"href":"https:\/\/www.nordestsanita.it\/index.php?rest_route=\/wp\/v2\/users\/8"}],"replies":[{"embeddable":true,"href":"https:\/\/www.nordestsanita.it\/index.php?rest_route=%2Fwp%2Fv2%2Fcomments&post=2165"}],"version-history":[{"count":1,"href":"https:\/\/www.nordestsanita.it\/index.php?rest_route=\/wp\/v2\/posts\/2165\/revisions"}],"predecessor-version":[{"id":2167,"href":"https:\/\/www.nordestsanita.it\/index.php?rest_route=\/wp\/v2\/posts\/2165\/revisions\/2167"}],"wp:featuredmedia":[{"embeddable":true,"href":"https:\/\/www.nordestsanita.it\/index.php?rest_route=\/wp\/v2\/media\/2166"}],"wp:attachment":[{"href":"https:\/\/www.nordestsanita.it\/index.php?rest_route=%2Fwp%2Fv2%2Fmedia&parent=2165"}],"wp:term":[{"taxonomy":"category","embeddable":true,"href":"https:\/\/www.nordestsanita.it\/index.php?rest_route=%2Fwp%2Fv2%2Fcategories&post=2165"},{"taxonomy":"post_tag","embeddable":true,"href":"https:\/\/www.nordestsanita.it\/index.php?rest_route=%2Fwp%2Fv2%2Ftags&post=2165"}],"curies":[{"name":"wp","href":"https:\/\/api.w.org\/{rel}","templated":true}]}}