{"id":2190,"date":"2025-02-19T12:42:45","date_gmt":"2025-02-19T11:42:45","guid":{"rendered":"https:\/\/www.nordestsanita.it\/?p=2190"},"modified":"2025-02-19T12:42:45","modified_gmt":"2025-02-19T11:42:45","slug":"lo-iov-di-castelfranco-ha-attivato-un-nuovo-ambulatorio-di-dermato-oncologia","status":"publish","type":"post","link":"https:\/\/www.nordestsanita.it\/?p=2190","title":{"rendered":"Lo IOV di Castelfranco ha attivato un nuovo ambulatorio di dermato-oncologia"},"content":{"rendered":"\n<p><br>E\u2019 stato attivato un nuovo ambulatorio di dermato-oncologia nell&#8217;Istituto Oncologico Veneto nella sede di Castelfranco Veneto (Treviso). Il servizio \u00e8 situato nell\u2019area dei Poliambulatori, ed \u00e8 operativo il luned\u00ec dalle ore 8:00 alle 15:00 e il venerd\u00ec dalle 8:00 alle 15:30. L&#8217;attivit\u00e0 \u00e8 affidata alla squadra di medici specialisti che fanno riferimento alla Unit\u00e0 Operativa Complessa di Chirurgia Oncologica dei Tessuti Molli, del Peritoneo e dei Melanomi, diretta da Simone Mocellin, con competenza specifica nella diagnosi e prevenzione dei tumori cutanei. L&#8217;attivit\u00e0 dermatologica dello IOV punta sulla diagnosi precoce dei tumori cutanei come il melanoma, il carcinoma squamocellulare, il carcinoma basocellulare o basalioma e il carcinoma a cellule di Merkel. Inoltre si concentra sul monitoraggio dei pazienti ad alto rischio di sviluppare questi tumori, come ad esempio le persone che gi\u00e0 hanno avuto un melanoma o una lesione precancerosa come il nevo con displasia. Il reparto di Chirurgia Oncologica dei Tessuti Molli, del Peritoneo e dei Melanomi si occupa degli aspetti chirurgici, inclusi trattamenti per i tumori localmente avanzati, mentre la terapia medica viene effettuata da una \u00e9quipe dedicata dell&#8217;Oncologia Medica 2 (a Padova) o dell&#8217;Oncologia Medica 3 (a Castelfranco). Questi servizi sono coordinati dal gruppo multidisciplinare dei tumori cutanei, diretto da Mocellin nella sede di Padova.<\/p>\n","protected":false},"excerpt":{"rendered":"<p>E\u2019 stato attivato un nuovo ambulatorio di dermato-oncologia nell&#8217;Istituto Oncologico Veneto nella sede di Castelfranco Veneto (Treviso). Il servizio \u00e8 situato nell\u2019area dei Poliambulatori, ed \u00e8 operativo il luned\u00ec dalle ore 8:00 alle 15:00 e il venerd\u00ec dalle 8:00 alle 15:30. L&#8217;attivit\u00e0 \u00e8 affidata alla squadra di medici specialisti che fanno riferimento alla Unit\u00e0 Operativa Complessa di Chirurgia Oncologica dei Tessuti Molli, del Peritoneo e dei Melanomi, diretta da Simone Mocellin, con competenza specifica nella diagnosi e prevenzione dei tumori cutanei. L&#8217;attivit\u00e0 dermatologica dello IOV punta sulla diagnosi precoce dei tumori cutanei come il melanoma, il carcinoma squamocellulare, il carcinoma<\/p>\n","protected":false},"author":8,"featured_media":2191,"comment_status":"closed","ping_status":"open","sticky":false,"template":"","format":"standard","meta":[],"categories":[25],"tags":[99,510,215,511],"yoast_head":"<!-- This site is optimized with the Yoast SEO plugin v20.2 - https:\/\/yoast.com\/wordpress\/plugins\/seo\/ -->\n<title>Lo IOV di Castelfranco ha attivato un nuovo ambulatorio di dermato-oncologia - NES<\/title>\n<meta name=\"robots\" content=\"index, follow, max-snippet:-1, max-image-preview:large, max-video-preview:-1\" \/>\n<link rel=\"canonical\" href=\"https:\/\/www.nordestsanita.it\/?p=2190\" \/>\n<meta property=\"og:locale\" content=\"it_IT\" \/>\n<meta property=\"og:type\" content=\"article\" \/>\n<meta property=\"og:title\" content=\"Lo IOV di Castelfranco ha attivato un nuovo ambulatorio di dermato-oncologia - NES\" \/>\n<meta property=\"og:description\" content=\"E\u2019 stato attivato un nuovo ambulatorio di dermato-oncologia nell&#8217;Istituto Oncologico Veneto nella sede di Castelfranco Veneto (Treviso). Il servizio \u00e8 situato nell\u2019area dei Poliambulatori, ed \u00e8 operativo il luned\u00ec dalle ore 8:00 alle 15:00 e il venerd\u00ec dalle 8:00 alle 15:30. L&#8217;attivit\u00e0 \u00e8 affidata alla squadra di medici specialisti che fanno riferimento alla Unit\u00e0 Operativa Complessa di Chirurgia Oncologica dei Tessuti Molli, del Peritoneo e dei Melanomi, diretta da Simone Mocellin, con competenza specifica nella diagnosi e prevenzione dei tumori cutanei. L&#8217;attivit\u00e0 dermatologica dello IOV punta sulla diagnosi precoce dei tumori cutanei come il melanoma, il carcinoma squamocellulare, il carcinoma\" \/>\n<meta property=\"og:url\" content=\"https:\/\/www.nordestsanita.it\/?p=2190\" \/>\n<meta property=\"og:site_name\" content=\"NES\" \/>\n<meta property=\"article:published_time\" content=\"2025-02-19T11:42:45+00:00\" \/>\n<meta property=\"og:image\" content=\"https:\/\/www.nordestsanita.it\/wp-content\/uploads\/2025\/02\/woman-567021_1280.jpg\" \/>\n\t<meta property=\"og:image:width\" content=\"1280\" \/>\n\t<meta property=\"og:image:height\" content=\"960\" \/>\n\t<meta property=\"og:image:type\" content=\"image\/jpeg\" \/>\n<meta name=\"author\" content=\"Redazione\" \/>\n<meta name=\"twitter:card\" content=\"summary_large_image\" \/>\n<meta name=\"twitter:label1\" content=\"Scritto da\" \/>\n\t<meta name=\"twitter:data1\" content=\"Redazione\" \/>\n\t<meta name=\"twitter:label2\" content=\"Tempo di lettura stimato\" \/>\n\t<meta name=\"twitter:data2\" content=\"2 minuti\" \/>\n<script type=\"application\/ld+json\" class=\"yoast-schema-graph\">{\"@context\":\"https:\/\/schema.org\",\"@graph\":[{\"@type\":\"Article\",\"@id\":\"https:\/\/www.nordestsanita.it\/?p=2190#article\",\"isPartOf\":{\"@id\":\"https:\/\/www.nordestsanita.it\/?p=2190\"},\"author\":{\"name\":\"Redazione\",\"@id\":\"https:\/\/www.nordestsanita.it\/#\/schema\/person\/e5a7dc6dca45cb55e67d4a127b0e969a\"},\"headline\":\"Lo IOV di Castelfranco ha attivato un nuovo ambulatorio di dermato-oncologia\",\"datePublished\":\"2025-02-19T11:42:45+00:00\",\"dateModified\":\"2025-02-19T11:42:45+00:00\",\"mainEntityOfPage\":{\"@id\":\"https:\/\/www.nordestsanita.it\/?p=2190\"},\"wordCount\":210,\"publisher\":{\"@id\":\"https:\/\/www.nordestsanita.it\/#organization\"},\"keywords\":[\"dermatologia\",\"Iov Castelfranco\",\"oncologia\",\"tumori pelle\"],\"articleSection\":[\"Sanit\u00e0\"],\"inLanguage\":\"it-IT\"},{\"@type\":\"WebPage\",\"@id\":\"https:\/\/www.nordestsanita.it\/?p=2190\",\"url\":\"https:\/\/www.nordestsanita.it\/?p=2190\",\"name\":\"Lo IOV di Castelfranco ha attivato un nuovo ambulatorio di dermato-oncologia - NES\",\"isPartOf\":{\"@id\":\"https:\/\/www.nordestsanita.it\/#website\"},\"datePublished\":\"2025-02-19T11:42:45+00:00\",\"dateModified\":\"2025-02-19T11:42:45+00:00\",\"breadcrumb\":{\"@id\":\"https:\/\/www.nordestsanita.it\/?p=2190#breadcrumb\"},\"inLanguage\":\"it-IT\",\"potentialAction\":[{\"@type\":\"ReadAction\",\"target\":[\"https:\/\/www.nordestsanita.it\/?p=2190\"]}]},{\"@type\":\"BreadcrumbList\",\"@id\":\"https:\/\/www.nordestsanita.it\/?p=2190#breadcrumb\",\"itemListElement\":[{\"@type\":\"ListItem\",\"position\":1,\"name\":\"Home\",\"item\":\"https:\/\/www.nordestsanita.it\/\"},{\"@type\":\"ListItem\",\"position\":2,\"name\":\"Lo IOV di Castelfranco ha attivato un nuovo ambulatorio di dermato-oncologia\"}]},{\"@type\":\"WebSite\",\"@id\":\"https:\/\/www.nordestsanita.it\/#website\",\"url\":\"https:\/\/www.nordestsanita.it\/\",\"name\":\"NES\",\"description\":\"Nord Est Sanit\u00e0\",\"publisher\":{\"@id\":\"https:\/\/www.nordestsanita.it\/#organization\"},\"potentialAction\":[{\"@type\":\"SearchAction\",\"target\":{\"@type\":\"EntryPoint\",\"urlTemplate\":\"https:\/\/www.nordestsanita.it\/?s={search_term_string}\"},\"query-input\":\"required name=search_term_string\"}],\"inLanguage\":\"it-IT\"},{\"@type\":\"Organization\",\"@id\":\"https:\/\/www.nordestsanita.it\/#organization\",\"name\":\"NES\",\"url\":\"https:\/\/www.nordestsanita.it\/\",\"logo\":{\"@type\":\"ImageObject\",\"inLanguage\":\"it-IT\",\"@id\":\"https:\/\/www.nordestsanita.it\/#\/schema\/logo\/image\/\",\"url\":\"https:\/\/www.nordestsanita.it\/wp-content\/uploads\/2021\/05\/NES-1280.png\",\"contentUrl\":\"https:\/\/www.nordestsanita.it\/wp-content\/uploads\/2021\/05\/NES-1280.png\",\"width\":1280,\"height\":458,\"caption\":\"NES\"},\"image\":{\"@id\":\"https:\/\/www.nordestsanita.it\/#\/schema\/logo\/image\/\"}},{\"@type\":\"Person\",\"@id\":\"https:\/\/www.nordestsanita.it\/#\/schema\/person\/e5a7dc6dca45cb55e67d4a127b0e969a\",\"name\":\"Redazione\",\"image\":{\"@type\":\"ImageObject\",\"inLanguage\":\"it-IT\",\"@id\":\"https:\/\/www.nordestsanita.it\/#\/schema\/person\/image\/\",\"url\":\"https:\/\/secure.gravatar.com\/avatar\/3f19a9b3d671ea36ec67c4badf3f961a?s=96&d=mm&r=g\",\"contentUrl\":\"https:\/\/secure.gravatar.com\/avatar\/3f19a9b3d671ea36ec67c4badf3f961a?s=96&d=mm&r=g\",\"caption\":\"Redazione\"},\"url\":\"https:\/\/www.nordestsanita.it\/?author=8\"}]}<\/script>\n<!-- \/ Yoast SEO plugin. -->","yoast_head_json":{"title":"Lo IOV di Castelfranco ha attivato un nuovo ambulatorio di dermato-oncologia - NES","robots":{"index":"index","follow":"follow","max-snippet":"max-snippet:-1","max-image-preview":"max-image-preview:large","max-video-preview":"max-video-preview:-1"},"canonical":"https:\/\/www.nordestsanita.it\/?p=2190","og_locale":"it_IT","og_type":"article","og_title":"Lo IOV di Castelfranco ha attivato un nuovo ambulatorio di dermato-oncologia - NES","og_description":"E\u2019 stato attivato un nuovo ambulatorio di dermato-oncologia nell&#8217;Istituto Oncologico Veneto nella sede di Castelfranco Veneto (Treviso). Il servizio \u00e8 situato nell\u2019area dei Poliambulatori, ed \u00e8 operativo il luned\u00ec dalle ore 8:00 alle 15:00 e il venerd\u00ec dalle 8:00 alle 15:30. L&#8217;attivit\u00e0 \u00e8 affidata alla squadra di medici specialisti che fanno riferimento alla Unit\u00e0 Operativa Complessa di Chirurgia Oncologica dei Tessuti Molli, del Peritoneo e dei Melanomi, diretta da Simone Mocellin, con competenza specifica nella diagnosi e prevenzione dei tumori cutanei. L&#8217;attivit\u00e0 dermatologica dello IOV punta sulla diagnosi precoce dei tumori cutanei come il melanoma, il carcinoma squamocellulare, il carcinoma","og_url":"https:\/\/www.nordestsanita.it\/?p=2190","og_site_name":"NES","article_published_time":"2025-02-19T11:42:45+00:00","og_image":[{"width":1280,"height":960,"url":"https:\/\/www.nordestsanita.it\/wp-content\/uploads\/2025\/02\/woman-567021_1280.jpg","type":"image\/jpeg"}],"author":"Redazione","twitter_card":"summary_large_image","twitter_misc":{"Scritto da":"Redazione","Tempo di lettura stimato":"2 minuti"},"schema":{"@context":"https:\/\/schema.org","@graph":[{"@type":"Article","@id":"https:\/\/www.nordestsanita.it\/?p=2190#article","isPartOf":{"@id":"https:\/\/www.nordestsanita.it\/?p=2190"},"author":{"name":"Redazione","@id":"https:\/\/www.nordestsanita.it\/#\/schema\/person\/e5a7dc6dca45cb55e67d4a127b0e969a"},"headline":"Lo IOV di Castelfranco ha attivato un nuovo ambulatorio di dermato-oncologia","datePublished":"2025-02-19T11:42:45+00:00","dateModified":"2025-02-19T11:42:45+00:00","mainEntityOfPage":{"@id":"https:\/\/www.nordestsanita.it\/?p=2190"},"wordCount":210,"publisher":{"@id":"https:\/\/www.nordestsanita.it\/#organization"},"keywords":["dermatologia","Iov Castelfranco","oncologia","tumori pelle"],"articleSection":["Sanit\u00e0"],"inLanguage":"it-IT"},{"@type":"WebPage","@id":"https:\/\/www.nordestsanita.it\/?p=2190","url":"https:\/\/www.nordestsanita.it\/?p=2190","name":"Lo IOV di Castelfranco ha attivato un nuovo ambulatorio di dermato-oncologia - NES","isPartOf":{"@id":"https:\/\/www.nordestsanita.it\/#website"},"datePublished":"2025-02-19T11:42:45+00:00","dateModified":"2025-02-19T11:42:45+00:00","breadcrumb":{"@id":"https:\/\/www.nordestsanita.it\/?p=2190#breadcrumb"},"inLanguage":"it-IT","potentialAction":[{"@type":"ReadAction","target":["https:\/\/www.nordestsanita.it\/?p=2190"]}]},{"@type":"BreadcrumbList","@id":"https:\/\/www.nordestsanita.it\/?p=2190#breadcrumb","itemListElement":[{"@type":"ListItem","position":1,"name":"Home","item":"https:\/\/www.nordestsanita.it\/"},{"@type":"ListItem","position":2,"name":"Lo IOV di Castelfranco ha attivato un nuovo ambulatorio di dermato-oncologia"}]},{"@type":"WebSite","@id":"https:\/\/www.nordestsanita.it\/#website","url":"https:\/\/www.nordestsanita.it\/","name":"NES","description":"Nord Est Sanit\u00e0","publisher":{"@id":"https:\/\/www.nordestsanita.it\/#organization"},"potentialAction":[{"@type":"SearchAction","target":{"@type":"EntryPoint","urlTemplate":"https:\/\/www.nordestsanita.it\/?s={search_term_string}"},"query-input":"required name=search_term_string"}],"inLanguage":"it-IT"},{"@type":"Organization","@id":"https:\/\/www.nordestsanita.it\/#organization","name":"NES","url":"https:\/\/www.nordestsanita.it\/","logo":{"@type":"ImageObject","inLanguage":"it-IT","@id":"https:\/\/www.nordestsanita.it\/#\/schema\/logo\/image\/","url":"https:\/\/www.nordestsanita.it\/wp-content\/uploads\/2021\/05\/NES-1280.png","contentUrl":"https:\/\/www.nordestsanita.it\/wp-content\/uploads\/2021\/05\/NES-1280.png","width":1280,"height":458,"caption":"NES"},"image":{"@id":"https:\/\/www.nordestsanita.it\/#\/schema\/logo\/image\/"}},{"@type":"Person","@id":"https:\/\/www.nordestsanita.it\/#\/schema\/person\/e5a7dc6dca45cb55e67d4a127b0e969a","name":"Redazione","image":{"@type":"ImageObject","inLanguage":"it-IT","@id":"https:\/\/www.nordestsanita.it\/#\/schema\/person\/image\/","url":"https:\/\/secure.gravatar.com\/avatar\/3f19a9b3d671ea36ec67c4badf3f961a?s=96&d=mm&r=g","contentUrl":"https:\/\/secure.gravatar.com\/avatar\/3f19a9b3d671ea36ec67c4badf3f961a?s=96&d=mm&r=g","caption":"Redazione"},"url":"https:\/\/www.nordestsanita.it\/?author=8"}]}},"jetpack_featured_media_url":"https:\/\/www.nordestsanita.it\/wp-content\/uploads\/2025\/02\/woman-567021_1280.jpg","_links":{"self":[{"href":"https:\/\/www.nordestsanita.it\/index.php?rest_route=\/wp\/v2\/posts\/2190"}],"collection":[{"href":"https:\/\/www.nordestsanita.it\/index.php?rest_route=\/wp\/v2\/posts"}],"about":[{"href":"https:\/\/www.nordestsanita.it\/index.php?rest_route=\/wp\/v2\/types\/post"}],"author":[{"embeddable":true,"href":"https:\/\/www.nordestsanita.it\/index.php?rest_route=\/wp\/v2\/users\/8"}],"replies":[{"embeddable":true,"href":"https:\/\/www.nordestsanita.it\/index.php?rest_route=%2Fwp%2Fv2%2Fcomments&post=2190"}],"version-history":[{"count":1,"href":"https:\/\/www.nordestsanita.it\/index.php?rest_route=\/wp\/v2\/posts\/2190\/revisions"}],"predecessor-version":[{"id":2192,"href":"https:\/\/www.nordestsanita.it\/index.php?rest_route=\/wp\/v2\/posts\/2190\/revisions\/2192"}],"wp:featuredmedia":[{"embeddable":true,"href":"https:\/\/www.nordestsanita.it\/index.php?rest_route=\/wp\/v2\/media\/2191"}],"wp:attachment":[{"href":"https:\/\/www.nordestsanita.it\/index.php?rest_route=%2Fwp%2Fv2%2Fmedia&parent=2190"}],"wp:term":[{"taxonomy":"category","embeddable":true,"href":"https:\/\/www.nordestsanita.it\/index.php?rest_route=%2Fwp%2Fv2%2Fcategories&post=2190"},{"taxonomy":"post_tag","embeddable":true,"href":"https:\/\/www.nordestsanita.it\/index.php?rest_route=%2Fwp%2Fv2%2Ftags&post=2190"}],"curies":[{"name":"wp","href":"https:\/\/api.w.org\/{rel}","templated":true}]}}