{"id":2302,"date":"2025-03-26T10:05:32","date_gmt":"2025-03-26T09:05:32","guid":{"rendered":"https:\/\/www.nordestsanita.it\/?p=2302"},"modified":"2025-03-26T10:05:33","modified_gmt":"2025-03-26T09:05:33","slug":"neurochirurgia-verona-concerto-di-ringraziamento-del-giovane-pianista-operato","status":"publish","type":"post","link":"https:\/\/www.nordestsanita.it\/?p=2302","title":{"rendered":"Neurochirurgia Verona: concerto di ringraziamento del giovane pianista operato"},"content":{"rendered":"\n<p>Si chiama Andrea Simone De Nicol\u00f2, ha 18 anni e studia pianoforte al Conservatorio di Bari. La sua vita di giovane musicista lo ha messo sulla strada di Verona quando, lo scorso settembre, una Tac all\u2019ospedale di Bari ha visto una lesione cerebrale. E\u2019 stato cos\u00ec che il mal di testa continuo ha avuto una svolta preoccupante, al punto che i genitori su consiglio di un neurochirurgo amico di famiglia hanno preso la macchina e sono venuti a Verona per la fama della Neurochirurgia Aoui. Hanno viaggiato tutta notte e la mattina del 3 settembre si sono presentati al Pronto soccorso di Borgo Trento, che dopo i primi accertamenti ne ha subito disposto il ricovero. La dottoressa Barbara Masotto, direttore della Unit\u00e0 dipartimentale Chirurgia della fossa cranica posteriore, lo ha portato subito in sala operatoria per un intervento salvavita e poi dopo soli 2 giorni di nuovo per asportare la massa.<\/p>\n\n\n\n<p>A distanza di pochi mesi da quella emergenza Andrea e i genitori, Tonio e Angelica, per esorcizzare lo spavento hanno deciso di ringraziare l\u2019Azienda ospedaliera universitaria integrata di Verona e la dottoressa Masotto organizzando un breve concerto nella hall del Polo Confortini. Il pianista si \u00e8 esibito con la violinista Fiorangela D\u2019Elia in un repertorio classico (Bach, Massenet, Prokofiev e altri). Al concerto, insieme al direttore generale, Callisto Marco Bravi, al primario di Neurochirurgia A, dott Giampietro Pinna, c\u2019era la dottoressa Masotto con la sua \u00e9quipe: dottor Vincenzo Fontana, la caposala Laura Battistoni, lo specializzando Christian Fasciani, oltre a medici, infermieri, personale Aoui e pazienti.<\/p>\n\n\n\n<p><strong>Chirurgia della fossa cranica posteriore e la malattia<\/strong>. L\u2019Usd diretta dalla dott.ssa Masotto fa parte dell\u2019Unit\u00e0 operativa Neurochirurgia A diretta dal dott Pinna ed \u00e8 specializzata in tutte le patologie della base cranica, un\u2019area particolarmente complessa i cui interventi durano molte ore. Nel caso del paziente De Nicol\u00f2, l\u2019intervento \u00e8 durato 10 ore per asportare un Germinoma, un tumore raro che si sviluppa nella regione pineale del cranio e che colpisce giovani adulti e adolescenti. Se non diagnosticata e non trattata, questa patologia porta a perdita di coscienza fino ad esiti letali. Anche l\u2019intervento \u00e8 particolarmente complesso perch\u00e9 la lesione \u00e8 in una sede che pu\u00f2 dare complicanze gravi anche al cervello. Ma se curato correttamente, come nel caso di Andrea, \u00e8 un tumore che risponde bene alle terapie, applicate seguendo il protocollo per evitare eventuali recidive. Andrea Simone De Nicol\u00f2 \u00e8 stato dimesso il 23 settembre e il 30 novembre aveva gi\u00e0 ripreso a suonare.<\/p>\n\n\n\n<p><strong>Il giovane pianista pluripremiato<\/strong>. Andrea Simone De Nicol\u00f2 vive a Valenzano. \u00c8 una delle Eccellenze del Conservatorio di Bari dove frequenta il corso accademico triennale di pianoforte. Nel prossimo mese di aprile, sar\u00e0 in Macedonia per un recital e una masterclass dove terr\u00e0 lezioni a giovani studenti di pianoforte provenienti da Macedonia, Serbia e Albania. Nel 2021 ha studiato ad Einbeck, in Germania, presso la Feuerwerk Einbeck International Piano Academy, sotto la direzione del maestro e concertista lituano Gintaras Janu\u0161evi\u010dius, ci\u00f2 grazie ad una borsa di studio destinata a soli altri dieci giovani pianisti selezionati in tutto il panorama internazionale. Ha all&#8217;attivo circa cinquanta tra primi premi assoluti e primi premi in concorsi musicali nazionali ed internazionali tenutisi in Italia, Ungheria, Macedonia, Serbia, Romania, Polonia, Slovenia, Svizzera, Emirati Arabi, Canada e Federazione Russa. Ha suonato diverse volte in concerto in Italia, Svizzera, Germania, Austria, Serbia, Slovenia e Spagna. Collabora proficuamente alla realizzazione degli eventi artistici e musicali organizzati nell&#8217;Auditorium Mirella Carriero gestito da Opera San Nicola nella sede di Valenzano. Attivo anche in diverse iniziative musicali benefiche, ha tenuto recital pro raccolta fondi per le Missioni Cristiane nel Centrafrica, per le popolazioni dell&#8217;Ucraina, per l&#8217;Ant Puglia e per il Piccolo Paolo. Ha inoltre suonato due volte per i detenuti della Casa Circondariale di Bari in collaborazione con l&#8217;Associazione &#8220;Il Carcere Possibile&#8221; e la Camera Penale di Bari.<\/p>\n\n\n\n<p><strong>Bravi, Dg<\/strong>: \u201cA grandi professionisti si accompagna la grande musica. La grande musica vuol dire che la cultura prevale sulle brutture che ci sono nel mondo oggi. Sempre pi\u00f9 dobbiamo favorire il connubio fra cultura e ospedale con iniziative come questa. La nostra Neurochirurgia con 45 sedute settimanali in sala operatoria \u00e8 una delle prime in Italia. Abbiamo una elevata attivit\u00e0 da fuori regione, e il caso del giovane pianista ne \u00e8 la prova concreta. Senza conoscere nessuno, sono venuti qui e si sono affidati a noi. Succede molto spesso, quando le persone hanno bisogno di curare patologie complesse al cervello si rivolgono primariamente alla nostra Azienda\u201d.<\/p>\n\n\n\n<p><strong>Pinna, primario Neurochirurgia A<\/strong>: \u201cLa dottoressa Masotto \u00e8 la numero 1 in Italia e nel mondo per la chirurgia di questa specifica area del cranio, ha un\u2019expertise specialistica che pochissimi chirurghi hanno maturato come lei. I tumori della fossa cranica sono molto complessi e delicati da asportare, per questo abbiamo moltissimi pazienti da fuori regione. Un\u2019attrattivit\u00e0 che \u00e8 frutto dei risultati della Neurochirurgia di Verona, nata nel \u201958 da grandi maestri dei quali noi siamo stati gli allievi e che oggi portiamo avanti la tradizione neurochirurgica\u201d.<\/p>\n\n\n\n<p><strong>Dott.ssa Masotto, direttore Chirurgia fossa cranica<\/strong> <strong>posteriore<\/strong>: \u201cQuando Andrea \u00e8 arrivato la sua situazione clinica era decisamente importante, con sintomatologia di mal di testa, nausea e vomito. Un quadro che poteva precipitare molto rapidamente e per questo siamo andati subito in sala operatoria, con un intervento salvavita per decomprimere la pressione intracranica. Poi, a distanza di un paio di giorni, abbiamo fatto l&#8217;intervento pi\u00f9 complesso per togliere la lesione. \u00c8 stato un intervento lungo, spesso i nostri durano tanto tempo e questo \u00e8 stato uno di quelli impegnativi. Ma se Andrea non lo avesse fatto in tempi rapidi, la sua situazione poteva evolvere in uno stato di perdita di coscienza e di coma, fino ad un esito anche fatale. Fortunatamente \u00e8 stato preso in tempo grazie ai genitori che si sono dati molto da fare. \u00c8 stato un periodo molto difficile per Andrea perch\u00e9 dopo l&#8217;intervento ha dovuto fare radioterapia e chemioterapia, per\u00f2 adesso sta bene e potr\u00e0 avere un bel futuro, sia per le sue altissime competenze e la sua passione per la musica, sia per la sua vita in generale. Abbiamo sempre curato persone un po&#8217; da tutta Italia, che arrivano gi\u00e0 con la valigia pronta per essere ricoverati perch\u00e9 sanno che qua trovano un\u2019accoglienza rapida\u201d.<\/p>\n\n\n\n<p><strong>Andrea Simone De Nicol\u00f2<\/strong>: &#8220;Per me \u00e8 una giornata importante perch\u00e9 \u00e8 un modo per dire grazie a tutto l\u2019ospedale a tutte le persone che mi hanno salvato la vita, che mi vogliono bene, che mi hanno curato con affetto, amore, professionalit\u00e0 e dedizione. Quest&#8217;oggi suono con una mia collega di conservatorio, Florangela D&#8217;Elia, per testimoniare un segno di amicizia sincera e profonda. Da qualche mese ho ripreso a fare quello che facevo, come prima e meglio di prima. Ci metto pi\u00f9 passione e pi\u00f9 amore perch\u00e9 do pi\u00f9 senso a quello che faccio. Soprattutto un senso diverso a quello che faccio con le persone che mi vogliono bene, adesso mi accorgo che do un abbraccio in pi\u00f9 o una manifestazione d&#8217;affetto in pi\u00f9. Queste cose che prima non avvenivano, adesso ho capito che sono gli aspetti essenziali della vita, i pi\u00f9 importanti. Il 3 settembre siamo arrivati all&#8217;ospedale di Verona, consigliati dall&#8217;ospedale di Bari, ci eravamo messi in macchina a mezzanotte. Il Signore ha voluto che ci fosse al Pronto soccorso in quel momento proprio il dott. Vincenzo Fontana, il vice della dott. ssa Barbara Masotto e quindi ero nelle loro mani&#8221;.<\/p>\n","protected":false},"excerpt":{"rendered":"<p>Si chiama Andrea Simone De Nicol\u00f2, ha 18 anni e studia pianoforte al Conservatorio di Bari. La sua vita di giovane musicista lo ha messo sulla strada di Verona quando, lo scorso settembre, una Tac all\u2019ospedale di Bari ha visto una lesione cerebrale. E\u2019 stato cos\u00ec che il mal di testa continuo ha avuto una svolta preoccupante, al punto che i genitori su consiglio di un neurochirurgo amico di famiglia hanno preso la macchina e sono venuti a Verona per la fama della Neurochirurgia Aoui. Hanno viaggiato tutta notte e la mattina del 3 settembre si sono presentati al Pronto<\/p>\n","protected":false},"author":8,"featured_media":2303,"comment_status":"closed","ping_status":"open","sticky":false,"template":"","format":"standard","meta":[],"categories":[24],"tags":[573,575,574,146],"yoast_head":"<!-- This site is optimized with the Yoast SEO plugin v20.2 - https:\/\/yoast.com\/wordpress\/plugins\/seo\/ -->\n<title>Neurochirurgia Verona: concerto di ringraziamento del giovane pianista operato - NES<\/title>\n<meta name=\"robots\" content=\"index, follow, max-snippet:-1, max-image-preview:large, max-video-preview:-1\" \/>\n<link rel=\"canonical\" href=\"https:\/\/www.nordestsanita.it\/?p=2302\" \/>\n<meta property=\"og:locale\" content=\"it_IT\" \/>\n<meta property=\"og:type\" content=\"article\" \/>\n<meta property=\"og:title\" content=\"Neurochirurgia Verona: concerto di ringraziamento del giovane pianista operato - NES\" \/>\n<meta property=\"og:description\" content=\"Si chiama Andrea Simone De Nicol\u00f2, ha 18 anni e studia pianoforte al Conservatorio di Bari. La sua vita di giovane musicista lo ha messo sulla strada di Verona quando, lo scorso settembre, una Tac all\u2019ospedale di Bari ha visto una lesione cerebrale. E\u2019 stato cos\u00ec che il mal di testa continuo ha avuto una svolta preoccupante, al punto che i genitori su consiglio di un neurochirurgo amico di famiglia hanno preso la macchina e sono venuti a Verona per la fama della Neurochirurgia Aoui. Hanno viaggiato tutta notte e la mattina del 3 settembre si sono presentati al Pronto\" \/>\n<meta property=\"og:url\" content=\"https:\/\/www.nordestsanita.it\/?p=2302\" \/>\n<meta property=\"og:site_name\" content=\"NES\" \/>\n<meta property=\"article:published_time\" content=\"2025-03-26T09:05:32+00:00\" \/>\n<meta property=\"article:modified_time\" content=\"2025-03-26T09:05:33+00:00\" \/>\n<meta property=\"og:image\" content=\"https:\/\/www.nordestsanita.it\/wp-content\/uploads\/2025\/03\/Un-momento-del-concerto-scaled.jpg\" \/>\n\t<meta property=\"og:image:width\" content=\"2560\" \/>\n\t<meta property=\"og:image:height\" content=\"1440\" \/>\n\t<meta property=\"og:image:type\" content=\"image\/jpeg\" \/>\n<meta name=\"author\" content=\"Redazione\" \/>\n<meta name=\"twitter:card\" content=\"summary_large_image\" \/>\n<meta name=\"twitter:label1\" content=\"Scritto da\" \/>\n\t<meta name=\"twitter:data1\" content=\"Redazione\" \/>\n\t<meta name=\"twitter:label2\" content=\"Tempo di lettura stimato\" \/>\n\t<meta name=\"twitter:data2\" content=\"7 minuti\" \/>\n<script type=\"application\/ld+json\" class=\"yoast-schema-graph\">{\"@context\":\"https:\/\/schema.org\",\"@graph\":[{\"@type\":\"Article\",\"@id\":\"https:\/\/www.nordestsanita.it\/?p=2302#article\",\"isPartOf\":{\"@id\":\"https:\/\/www.nordestsanita.it\/?p=2302\"},\"author\":{\"name\":\"Redazione\",\"@id\":\"https:\/\/www.nordestsanita.it\/#\/schema\/person\/e5a7dc6dca45cb55e67d4a127b0e969a\"},\"headline\":\"Neurochirurgia Verona: concerto di ringraziamento del giovane pianista operato\",\"datePublished\":\"2025-03-26T09:05:32+00:00\",\"dateModified\":\"2025-03-26T09:05:33+00:00\",\"mainEntityOfPage\":{\"@id\":\"https:\/\/www.nordestsanita.it\/?p=2302\"},\"wordCount\":1229,\"publisher\":{\"@id\":\"https:\/\/www.nordestsanita.it\/#organization\"},\"keywords\":[\"concerto\",\"neurochirurgia\",\"pianista\",\"verona\"],\"articleSection\":[\"Attualit\u00e0\"],\"inLanguage\":\"it-IT\"},{\"@type\":\"WebPage\",\"@id\":\"https:\/\/www.nordestsanita.it\/?p=2302\",\"url\":\"https:\/\/www.nordestsanita.it\/?p=2302\",\"name\":\"Neurochirurgia Verona: concerto di ringraziamento del giovane pianista operato - NES\",\"isPartOf\":{\"@id\":\"https:\/\/www.nordestsanita.it\/#website\"},\"datePublished\":\"2025-03-26T09:05:32+00:00\",\"dateModified\":\"2025-03-26T09:05:33+00:00\",\"breadcrumb\":{\"@id\":\"https:\/\/www.nordestsanita.it\/?p=2302#breadcrumb\"},\"inLanguage\":\"it-IT\",\"potentialAction\":[{\"@type\":\"ReadAction\",\"target\":[\"https:\/\/www.nordestsanita.it\/?p=2302\"]}]},{\"@type\":\"BreadcrumbList\",\"@id\":\"https:\/\/www.nordestsanita.it\/?p=2302#breadcrumb\",\"itemListElement\":[{\"@type\":\"ListItem\",\"position\":1,\"name\":\"Home\",\"item\":\"https:\/\/www.nordestsanita.it\/\"},{\"@type\":\"ListItem\",\"position\":2,\"name\":\"Neurochirurgia Verona: concerto di ringraziamento del giovane pianista operato\"}]},{\"@type\":\"WebSite\",\"@id\":\"https:\/\/www.nordestsanita.it\/#website\",\"url\":\"https:\/\/www.nordestsanita.it\/\",\"name\":\"NES\",\"description\":\"Nord Est Sanit\u00e0\",\"publisher\":{\"@id\":\"https:\/\/www.nordestsanita.it\/#organization\"},\"potentialAction\":[{\"@type\":\"SearchAction\",\"target\":{\"@type\":\"EntryPoint\",\"urlTemplate\":\"https:\/\/www.nordestsanita.it\/?s={search_term_string}\"},\"query-input\":\"required name=search_term_string\"}],\"inLanguage\":\"it-IT\"},{\"@type\":\"Organization\",\"@id\":\"https:\/\/www.nordestsanita.it\/#organization\",\"name\":\"NES\",\"url\":\"https:\/\/www.nordestsanita.it\/\",\"logo\":{\"@type\":\"ImageObject\",\"inLanguage\":\"it-IT\",\"@id\":\"https:\/\/www.nordestsanita.it\/#\/schema\/logo\/image\/\",\"url\":\"https:\/\/www.nordestsanita.it\/wp-content\/uploads\/2021\/05\/NES-1280.png\",\"contentUrl\":\"https:\/\/www.nordestsanita.it\/wp-content\/uploads\/2021\/05\/NES-1280.png\",\"width\":1280,\"height\":458,\"caption\":\"NES\"},\"image\":{\"@id\":\"https:\/\/www.nordestsanita.it\/#\/schema\/logo\/image\/\"}},{\"@type\":\"Person\",\"@id\":\"https:\/\/www.nordestsanita.it\/#\/schema\/person\/e5a7dc6dca45cb55e67d4a127b0e969a\",\"name\":\"Redazione\",\"image\":{\"@type\":\"ImageObject\",\"inLanguage\":\"it-IT\",\"@id\":\"https:\/\/www.nordestsanita.it\/#\/schema\/person\/image\/\",\"url\":\"https:\/\/secure.gravatar.com\/avatar\/3f19a9b3d671ea36ec67c4badf3f961a?s=96&d=mm&r=g\",\"contentUrl\":\"https:\/\/secure.gravatar.com\/avatar\/3f19a9b3d671ea36ec67c4badf3f961a?s=96&d=mm&r=g\",\"caption\":\"Redazione\"},\"url\":\"https:\/\/www.nordestsanita.it\/?author=8\"}]}<\/script>\n<!-- \/ Yoast SEO plugin. -->","yoast_head_json":{"title":"Neurochirurgia Verona: concerto di ringraziamento del giovane pianista operato - NES","robots":{"index":"index","follow":"follow","max-snippet":"max-snippet:-1","max-image-preview":"max-image-preview:large","max-video-preview":"max-video-preview:-1"},"canonical":"https:\/\/www.nordestsanita.it\/?p=2302","og_locale":"it_IT","og_type":"article","og_title":"Neurochirurgia Verona: concerto di ringraziamento del giovane pianista operato - NES","og_description":"Si chiama Andrea Simone De Nicol\u00f2, ha 18 anni e studia pianoforte al Conservatorio di Bari. La sua vita di giovane musicista lo ha messo sulla strada di Verona quando, lo scorso settembre, una Tac all\u2019ospedale di Bari ha visto una lesione cerebrale. E\u2019 stato cos\u00ec che il mal di testa continuo ha avuto una svolta preoccupante, al punto che i genitori su consiglio di un neurochirurgo amico di famiglia hanno preso la macchina e sono venuti a Verona per la fama della Neurochirurgia Aoui. Hanno viaggiato tutta notte e la mattina del 3 settembre si sono presentati al Pronto","og_url":"https:\/\/www.nordestsanita.it\/?p=2302","og_site_name":"NES","article_published_time":"2025-03-26T09:05:32+00:00","article_modified_time":"2025-03-26T09:05:33+00:00","og_image":[{"width":2560,"height":1440,"url":"https:\/\/www.nordestsanita.it\/wp-content\/uploads\/2025\/03\/Un-momento-del-concerto-scaled.jpg","type":"image\/jpeg"}],"author":"Redazione","twitter_card":"summary_large_image","twitter_misc":{"Scritto da":"Redazione","Tempo di lettura stimato":"7 minuti"},"schema":{"@context":"https:\/\/schema.org","@graph":[{"@type":"Article","@id":"https:\/\/www.nordestsanita.it\/?p=2302#article","isPartOf":{"@id":"https:\/\/www.nordestsanita.it\/?p=2302"},"author":{"name":"Redazione","@id":"https:\/\/www.nordestsanita.it\/#\/schema\/person\/e5a7dc6dca45cb55e67d4a127b0e969a"},"headline":"Neurochirurgia Verona: concerto di ringraziamento del giovane pianista operato","datePublished":"2025-03-26T09:05:32+00:00","dateModified":"2025-03-26T09:05:33+00:00","mainEntityOfPage":{"@id":"https:\/\/www.nordestsanita.it\/?p=2302"},"wordCount":1229,"publisher":{"@id":"https:\/\/www.nordestsanita.it\/#organization"},"keywords":["concerto","neurochirurgia","pianista","verona"],"articleSection":["Attualit\u00e0"],"inLanguage":"it-IT"},{"@type":"WebPage","@id":"https:\/\/www.nordestsanita.it\/?p=2302","url":"https:\/\/www.nordestsanita.it\/?p=2302","name":"Neurochirurgia Verona: concerto di ringraziamento del giovane pianista operato - NES","isPartOf":{"@id":"https:\/\/www.nordestsanita.it\/#website"},"datePublished":"2025-03-26T09:05:32+00:00","dateModified":"2025-03-26T09:05:33+00:00","breadcrumb":{"@id":"https:\/\/www.nordestsanita.it\/?p=2302#breadcrumb"},"inLanguage":"it-IT","potentialAction":[{"@type":"ReadAction","target":["https:\/\/www.nordestsanita.it\/?p=2302"]}]},{"@type":"BreadcrumbList","@id":"https:\/\/www.nordestsanita.it\/?p=2302#breadcrumb","itemListElement":[{"@type":"ListItem","position":1,"name":"Home","item":"https:\/\/www.nordestsanita.it\/"},{"@type":"ListItem","position":2,"name":"Neurochirurgia Verona: concerto di ringraziamento del giovane pianista operato"}]},{"@type":"WebSite","@id":"https:\/\/www.nordestsanita.it\/#website","url":"https:\/\/www.nordestsanita.it\/","name":"NES","description":"Nord Est Sanit\u00e0","publisher":{"@id":"https:\/\/www.nordestsanita.it\/#organization"},"potentialAction":[{"@type":"SearchAction","target":{"@type":"EntryPoint","urlTemplate":"https:\/\/www.nordestsanita.it\/?s={search_term_string}"},"query-input":"required name=search_term_string"}],"inLanguage":"it-IT"},{"@type":"Organization","@id":"https:\/\/www.nordestsanita.it\/#organization","name":"NES","url":"https:\/\/www.nordestsanita.it\/","logo":{"@type":"ImageObject","inLanguage":"it-IT","@id":"https:\/\/www.nordestsanita.it\/#\/schema\/logo\/image\/","url":"https:\/\/www.nordestsanita.it\/wp-content\/uploads\/2021\/05\/NES-1280.png","contentUrl":"https:\/\/www.nordestsanita.it\/wp-content\/uploads\/2021\/05\/NES-1280.png","width":1280,"height":458,"caption":"NES"},"image":{"@id":"https:\/\/www.nordestsanita.it\/#\/schema\/logo\/image\/"}},{"@type":"Person","@id":"https:\/\/www.nordestsanita.it\/#\/schema\/person\/e5a7dc6dca45cb55e67d4a127b0e969a","name":"Redazione","image":{"@type":"ImageObject","inLanguage":"it-IT","@id":"https:\/\/www.nordestsanita.it\/#\/schema\/person\/image\/","url":"https:\/\/secure.gravatar.com\/avatar\/3f19a9b3d671ea36ec67c4badf3f961a?s=96&d=mm&r=g","contentUrl":"https:\/\/secure.gravatar.com\/avatar\/3f19a9b3d671ea36ec67c4badf3f961a?s=96&d=mm&r=g","caption":"Redazione"},"url":"https:\/\/www.nordestsanita.it\/?author=8"}]}},"jetpack_featured_media_url":"https:\/\/www.nordestsanita.it\/wp-content\/uploads\/2025\/03\/Un-momento-del-concerto-scaled.jpg","_links":{"self":[{"href":"https:\/\/www.nordestsanita.it\/index.php?rest_route=\/wp\/v2\/posts\/2302"}],"collection":[{"href":"https:\/\/www.nordestsanita.it\/index.php?rest_route=\/wp\/v2\/posts"}],"about":[{"href":"https:\/\/www.nordestsanita.it\/index.php?rest_route=\/wp\/v2\/types\/post"}],"author":[{"embeddable":true,"href":"https:\/\/www.nordestsanita.it\/index.php?rest_route=\/wp\/v2\/users\/8"}],"replies":[{"embeddable":true,"href":"https:\/\/www.nordestsanita.it\/index.php?rest_route=%2Fwp%2Fv2%2Fcomments&post=2302"}],"version-history":[{"count":1,"href":"https:\/\/www.nordestsanita.it\/index.php?rest_route=\/wp\/v2\/posts\/2302\/revisions"}],"predecessor-version":[{"id":2304,"href":"https:\/\/www.nordestsanita.it\/index.php?rest_route=\/wp\/v2\/posts\/2302\/revisions\/2304"}],"wp:featuredmedia":[{"embeddable":true,"href":"https:\/\/www.nordestsanita.it\/index.php?rest_route=\/wp\/v2\/media\/2303"}],"wp:attachment":[{"href":"https:\/\/www.nordestsanita.it\/index.php?rest_route=%2Fwp%2Fv2%2Fmedia&parent=2302"}],"wp:term":[{"taxonomy":"category","embeddable":true,"href":"https:\/\/www.nordestsanita.it\/index.php?rest_route=%2Fwp%2Fv2%2Fcategories&post=2302"},{"taxonomy":"post_tag","embeddable":true,"href":"https:\/\/www.nordestsanita.it\/index.php?rest_route=%2Fwp%2Fv2%2Ftags&post=2302"}],"curies":[{"name":"wp","href":"https:\/\/api.w.org\/{rel}","templated":true}]}}