{"id":2358,"date":"2025-05-05T14:27:38","date_gmt":"2025-05-05T12:27:38","guid":{"rendered":"https:\/\/www.nordestsanita.it\/?p=2358"},"modified":"2025-05-05T14:27:39","modified_gmt":"2025-05-05T12:27:39","slug":"lassessore-lanzarin-a-padova-per-levento-giovani-salute-e-stili-di-vita","status":"publish","type":"post","link":"https:\/\/www.nordestsanita.it\/?p=2358","title":{"rendered":"L\u2019assessore Lanzarin a Padova per l\u2019evento \u2018Giovani, Salute e Stili di Vita\u2019"},"content":{"rendered":"\n<figure class=\"wp-block-table\"><table><tbody><tr><td>\u201cDobbiamo seminare una cultura del benessere, puntando sull\u2019importanza di promuovere corretti e sani stili di vita, valorizzando i comportamenti virtuosi: evitare la sedentariet\u00e0 e gli abusi di qualsiasi tipo, dal fumo agli alcolici; prediligere un&#8217;alimentazione sana, preferendo i prodotti locali della filiera corta; limitare lo screen time, ovvero l\u2019eccessivo collegamento ai dispositivi digitali; vivere relazioni sane. Prendersi cura di s\u00e9 \u00e8 il primo obiettivo per essere protagonisti della propria salute. Un traguardo che la Regione del Veneto sostiene da anni con la campagna \u2018Vivo bene Veneto\u2019, inserita nel Piano Regionale di Prevenzione\u201d. Lo ha evidenziato l\u2019assessore alla Sanit\u00e0 e al sociale Manuela Lanzarin, intervenendo questa mattina al Palazzo della Ragione a Padova, all\u2019evento &#8220;Giovani, Salute e Stili di Vita&#8221;, a cui hanno partecipato oltre 520 studenti e una cinquantina di docenti della Provincia di Padova. L\u2019appuntamento, che ha unito competenze scientifiche a momenti teatrali e di musica, \u00e8 stata un\u2019ulteriore tappa di un programma di promozione di Sani Stili di Vita, promosso da oltre tre anni dal Dipartimento Salute donna e bambino, in stretta collaborazione con l\u2019Universit\u00e0 di Padova, l\u2019Azienda Ospedale e la Fondazione Salus Pueri. Lo scopo \u00e8 di sensibilizzare i giovani sull&#8217;importanza di adottare comportamenti sani fin da piccoli, con l&#8217;obiettivo di prevenire problemi di salute a lungo termine, come quelli cardiovascolari e respiratori, i tumori, il diabete, l\u2019obesit\u00e0 e le alterazioni del benessere psicologico) che causano ogni anno il 70% delle morti premature e assorbono la maggior parte delle risorse dei servizi sanitari. Gli ultimi studi scientifici &#8211; \u00e8 stato evidenziato &#8211; parlano chiaro: meno del 2% degli adolescenti segue uno stile di vita sano, il 41% dei giovani fuma sigarette, nonostante il fumo sia la principale causa di morte prevenibile ed evitabile. Un adolescente su due non pratica attivit\u00e0 fisica, preferendo la sedentariet\u00e0; l\u2019uso dei dispositivi digitali \u00e8 cresciuto in modo esponenziale, determinando effetti collaterali significativi, quali l\u2019isolamento, la dipendenza, la depressione, la mancanza di autostima. \u201cPer questo motivo &#8211; ha ribadito l\u2019assessore Lanzarin &#8211; informare correttamente e impegnarsi per facilitare, fin dai primi anni di vita, corrette abitudini diventa una priorit\u00e0 imprescindibile e un vitale investimento per la salute non solo individuale ma anche collettiva soprattutto per le generazioni future. Oggi, grazie alla ricerca, abbiamo guadagnato anni di vita, ma sono cresciute anche le malattie croniche. Investire in prevenzione vuol dire quindi guadagnare in salute attraverso comportamenti virtuosi\u201d. \u201c\u00c8 questa una nuova \u201cmissione\u201d del pediatra moderno &#8211; ha spiegato il prof. Eugenio Baraldi, direttore del Dipartimento di Salute della Donna e del Bambino: non pi\u00f9 solo orientato esclusivamente alla cura del bambino gi\u00e0 malato, ma attento a preservarne la salute. Promuovere una cultura della salute per\u00f2 \u00e8 un compito assai arduo, perch\u00e9 significa far prendere coscienza a intere generazioni delle proprie scelte, smuovere la coscienza sociale, modificare i comportamenti di grandi gruppi, promuovere e offrire nuovi modelli culturali e comportamentali\u201d.\u00a0<\/td><\/tr><\/tbody><\/table><\/figure>\n","protected":false},"excerpt":{"rendered":"<p>\u201cDobbiamo seminare una cultura del benessere, puntando sull\u2019importanza di promuovere corretti e sani stili di vita, valorizzando i comportamenti virtuosi: evitare la sedentariet\u00e0 e gli abusi di qualsiasi tipo, dal fumo agli alcolici; prediligere un&#8217;alimentazione sana, preferendo i prodotti locali della filiera corta; limitare lo screen time, ovvero l\u2019eccessivo collegamento ai dispositivi digitali; vivere relazioni sane. Prendersi cura di s\u00e9 \u00e8 il primo obiettivo per essere protagonisti della propria salute. Un traguardo che la Regione del Veneto sostiene da anni con la campagna \u2018Vivo bene Veneto\u2019, inserita nel Piano Regionale di Prevenzione\u201d. Lo ha evidenziato l\u2019assessore alla Sanit\u00e0 e al<\/p>\n","protected":false},"author":8,"featured_media":2359,"comment_status":"closed","ping_status":"open","sticky":false,"template":"","format":"standard","meta":[],"categories":[24],"tags":[597,598],"yoast_head":"<!-- This site is optimized with the Yoast SEO plugin v20.2 - https:\/\/yoast.com\/wordpress\/plugins\/seo\/ -->\n<title>L\u2019assessore Lanzarin a Padova per l\u2019evento \u2018Giovani, Salute e Stili di Vita\u2019 - NES<\/title>\n<meta name=\"robots\" content=\"index, follow, max-snippet:-1, max-image-preview:large, max-video-preview:-1\" \/>\n<link rel=\"canonical\" href=\"https:\/\/www.nordestsanita.it\/?p=2358\" \/>\n<meta property=\"og:locale\" content=\"it_IT\" \/>\n<meta property=\"og:type\" content=\"article\" \/>\n<meta property=\"og:title\" content=\"L\u2019assessore Lanzarin a Padova per l\u2019evento \u2018Giovani, Salute e Stili di Vita\u2019 - NES\" \/>\n<meta property=\"og:description\" content=\"\u201cDobbiamo seminare una cultura del benessere, puntando sull\u2019importanza di promuovere corretti e sani stili di vita, valorizzando i comportamenti virtuosi: evitare la sedentariet\u00e0 e gli abusi di qualsiasi tipo, dal fumo agli alcolici; prediligere un&#8217;alimentazione sana, preferendo i prodotti locali della filiera corta; limitare lo screen time, ovvero l\u2019eccessivo collegamento ai dispositivi digitali; vivere relazioni sane. Prendersi cura di s\u00e9 \u00e8 il primo obiettivo per essere protagonisti della propria salute. Un traguardo che la Regione del Veneto sostiene da anni con la campagna \u2018Vivo bene Veneto\u2019, inserita nel Piano Regionale di Prevenzione\u201d. Lo ha evidenziato l\u2019assessore alla Sanit\u00e0 e al\" \/>\n<meta property=\"og:url\" content=\"https:\/\/www.nordestsanita.it\/?p=2358\" \/>\n<meta property=\"og:site_name\" content=\"NES\" \/>\n<meta property=\"article:published_time\" content=\"2025-05-05T12:27:38+00:00\" \/>\n<meta property=\"article:modified_time\" content=\"2025-05-05T12:27:39+00:00\" \/>\n<meta property=\"og:image\" content=\"https:\/\/www.nordestsanita.it\/wp-content\/uploads\/2025\/05\/children-4894710_1280.jpg\" \/>\n\t<meta property=\"og:image:width\" content=\"1280\" \/>\n\t<meta property=\"og:image:height\" content=\"720\" \/>\n\t<meta property=\"og:image:type\" content=\"image\/jpeg\" \/>\n<meta name=\"author\" content=\"Redazione\" \/>\n<meta name=\"twitter:card\" content=\"summary_large_image\" \/>\n<meta name=\"twitter:label1\" content=\"Scritto da\" \/>\n\t<meta name=\"twitter:data1\" content=\"Redazione\" \/>\n\t<meta name=\"twitter:label2\" content=\"Tempo di lettura stimato\" \/>\n\t<meta name=\"twitter:data2\" content=\"3 minuti\" \/>\n<script type=\"application\/ld+json\" class=\"yoast-schema-graph\">{\"@context\":\"https:\/\/schema.org\",\"@graph\":[{\"@type\":\"Article\",\"@id\":\"https:\/\/www.nordestsanita.it\/?p=2358#article\",\"isPartOf\":{\"@id\":\"https:\/\/www.nordestsanita.it\/?p=2358\"},\"author\":{\"name\":\"Redazione\",\"@id\":\"https:\/\/www.nordestsanita.it\/#\/schema\/person\/e5a7dc6dca45cb55e67d4a127b0e969a\"},\"headline\":\"L\u2019assessore Lanzarin a Padova per l\u2019evento \u2018Giovani, Salute e Stili di Vita\u2019\",\"datePublished\":\"2025-05-05T12:27:38+00:00\",\"dateModified\":\"2025-05-05T12:27:39+00:00\",\"mainEntityOfPage\":{\"@id\":\"https:\/\/www.nordestsanita.it\/?p=2358\"},\"wordCount\":490,\"publisher\":{\"@id\":\"https:\/\/www.nordestsanita.it\/#organization\"},\"keywords\":[\"benessere\",\"stili vita\"],\"articleSection\":[\"Attualit\u00e0\"],\"inLanguage\":\"it-IT\"},{\"@type\":\"WebPage\",\"@id\":\"https:\/\/www.nordestsanita.it\/?p=2358\",\"url\":\"https:\/\/www.nordestsanita.it\/?p=2358\",\"name\":\"L\u2019assessore Lanzarin a Padova per l\u2019evento \u2018Giovani, Salute e Stili di Vita\u2019 - NES\",\"isPartOf\":{\"@id\":\"https:\/\/www.nordestsanita.it\/#website\"},\"datePublished\":\"2025-05-05T12:27:38+00:00\",\"dateModified\":\"2025-05-05T12:27:39+00:00\",\"breadcrumb\":{\"@id\":\"https:\/\/www.nordestsanita.it\/?p=2358#breadcrumb\"},\"inLanguage\":\"it-IT\",\"potentialAction\":[{\"@type\":\"ReadAction\",\"target\":[\"https:\/\/www.nordestsanita.it\/?p=2358\"]}]},{\"@type\":\"BreadcrumbList\",\"@id\":\"https:\/\/www.nordestsanita.it\/?p=2358#breadcrumb\",\"itemListElement\":[{\"@type\":\"ListItem\",\"position\":1,\"name\":\"Home\",\"item\":\"https:\/\/www.nordestsanita.it\/\"},{\"@type\":\"ListItem\",\"position\":2,\"name\":\"L\u2019assessore Lanzarin a Padova per l\u2019evento \u2018Giovani, Salute e Stili di Vita\u2019\"}]},{\"@type\":\"WebSite\",\"@id\":\"https:\/\/www.nordestsanita.it\/#website\",\"url\":\"https:\/\/www.nordestsanita.it\/\",\"name\":\"NES\",\"description\":\"Nord Est Sanit\u00e0\",\"publisher\":{\"@id\":\"https:\/\/www.nordestsanita.it\/#organization\"},\"potentialAction\":[{\"@type\":\"SearchAction\",\"target\":{\"@type\":\"EntryPoint\",\"urlTemplate\":\"https:\/\/www.nordestsanita.it\/?s={search_term_string}\"},\"query-input\":\"required name=search_term_string\"}],\"inLanguage\":\"it-IT\"},{\"@type\":\"Organization\",\"@id\":\"https:\/\/www.nordestsanita.it\/#organization\",\"name\":\"NES\",\"url\":\"https:\/\/www.nordestsanita.it\/\",\"logo\":{\"@type\":\"ImageObject\",\"inLanguage\":\"it-IT\",\"@id\":\"https:\/\/www.nordestsanita.it\/#\/schema\/logo\/image\/\",\"url\":\"https:\/\/www.nordestsanita.it\/wp-content\/uploads\/2021\/05\/NES-1280.png\",\"contentUrl\":\"https:\/\/www.nordestsanita.it\/wp-content\/uploads\/2021\/05\/NES-1280.png\",\"width\":1280,\"height\":458,\"caption\":\"NES\"},\"image\":{\"@id\":\"https:\/\/www.nordestsanita.it\/#\/schema\/logo\/image\/\"}},{\"@type\":\"Person\",\"@id\":\"https:\/\/www.nordestsanita.it\/#\/schema\/person\/e5a7dc6dca45cb55e67d4a127b0e969a\",\"name\":\"Redazione\",\"image\":{\"@type\":\"ImageObject\",\"inLanguage\":\"it-IT\",\"@id\":\"https:\/\/www.nordestsanita.it\/#\/schema\/person\/image\/\",\"url\":\"https:\/\/secure.gravatar.com\/avatar\/3f19a9b3d671ea36ec67c4badf3f961a?s=96&d=mm&r=g\",\"contentUrl\":\"https:\/\/secure.gravatar.com\/avatar\/3f19a9b3d671ea36ec67c4badf3f961a?s=96&d=mm&r=g\",\"caption\":\"Redazione\"},\"url\":\"https:\/\/www.nordestsanita.it\/?author=8\"}]}<\/script>\n<!-- \/ Yoast SEO plugin. -->","yoast_head_json":{"title":"L\u2019assessore Lanzarin a Padova per l\u2019evento \u2018Giovani, Salute e Stili di Vita\u2019 - NES","robots":{"index":"index","follow":"follow","max-snippet":"max-snippet:-1","max-image-preview":"max-image-preview:large","max-video-preview":"max-video-preview:-1"},"canonical":"https:\/\/www.nordestsanita.it\/?p=2358","og_locale":"it_IT","og_type":"article","og_title":"L\u2019assessore Lanzarin a Padova per l\u2019evento \u2018Giovani, Salute e Stili di Vita\u2019 - NES","og_description":"\u201cDobbiamo seminare una cultura del benessere, puntando sull\u2019importanza di promuovere corretti e sani stili di vita, valorizzando i comportamenti virtuosi: evitare la sedentariet\u00e0 e gli abusi di qualsiasi tipo, dal fumo agli alcolici; prediligere un&#8217;alimentazione sana, preferendo i prodotti locali della filiera corta; limitare lo screen time, ovvero l\u2019eccessivo collegamento ai dispositivi digitali; vivere relazioni sane. Prendersi cura di s\u00e9 \u00e8 il primo obiettivo per essere protagonisti della propria salute. Un traguardo che la Regione del Veneto sostiene da anni con la campagna \u2018Vivo bene Veneto\u2019, inserita nel Piano Regionale di Prevenzione\u201d. Lo ha evidenziato l\u2019assessore alla Sanit\u00e0 e al","og_url":"https:\/\/www.nordestsanita.it\/?p=2358","og_site_name":"NES","article_published_time":"2025-05-05T12:27:38+00:00","article_modified_time":"2025-05-05T12:27:39+00:00","og_image":[{"width":1280,"height":720,"url":"https:\/\/www.nordestsanita.it\/wp-content\/uploads\/2025\/05\/children-4894710_1280.jpg","type":"image\/jpeg"}],"author":"Redazione","twitter_card":"summary_large_image","twitter_misc":{"Scritto da":"Redazione","Tempo di lettura stimato":"3 minuti"},"schema":{"@context":"https:\/\/schema.org","@graph":[{"@type":"Article","@id":"https:\/\/www.nordestsanita.it\/?p=2358#article","isPartOf":{"@id":"https:\/\/www.nordestsanita.it\/?p=2358"},"author":{"name":"Redazione","@id":"https:\/\/www.nordestsanita.it\/#\/schema\/person\/e5a7dc6dca45cb55e67d4a127b0e969a"},"headline":"L\u2019assessore Lanzarin a Padova per l\u2019evento \u2018Giovani, Salute e Stili di Vita\u2019","datePublished":"2025-05-05T12:27:38+00:00","dateModified":"2025-05-05T12:27:39+00:00","mainEntityOfPage":{"@id":"https:\/\/www.nordestsanita.it\/?p=2358"},"wordCount":490,"publisher":{"@id":"https:\/\/www.nordestsanita.it\/#organization"},"keywords":["benessere","stili vita"],"articleSection":["Attualit\u00e0"],"inLanguage":"it-IT"},{"@type":"WebPage","@id":"https:\/\/www.nordestsanita.it\/?p=2358","url":"https:\/\/www.nordestsanita.it\/?p=2358","name":"L\u2019assessore Lanzarin a Padova per l\u2019evento \u2018Giovani, Salute e Stili di Vita\u2019 - NES","isPartOf":{"@id":"https:\/\/www.nordestsanita.it\/#website"},"datePublished":"2025-05-05T12:27:38+00:00","dateModified":"2025-05-05T12:27:39+00:00","breadcrumb":{"@id":"https:\/\/www.nordestsanita.it\/?p=2358#breadcrumb"},"inLanguage":"it-IT","potentialAction":[{"@type":"ReadAction","target":["https:\/\/www.nordestsanita.it\/?p=2358"]}]},{"@type":"BreadcrumbList","@id":"https:\/\/www.nordestsanita.it\/?p=2358#breadcrumb","itemListElement":[{"@type":"ListItem","position":1,"name":"Home","item":"https:\/\/www.nordestsanita.it\/"},{"@type":"ListItem","position":2,"name":"L\u2019assessore Lanzarin a Padova per l\u2019evento \u2018Giovani, Salute e Stili di Vita\u2019"}]},{"@type":"WebSite","@id":"https:\/\/www.nordestsanita.it\/#website","url":"https:\/\/www.nordestsanita.it\/","name":"NES","description":"Nord Est Sanit\u00e0","publisher":{"@id":"https:\/\/www.nordestsanita.it\/#organization"},"potentialAction":[{"@type":"SearchAction","target":{"@type":"EntryPoint","urlTemplate":"https:\/\/www.nordestsanita.it\/?s={search_term_string}"},"query-input":"required name=search_term_string"}],"inLanguage":"it-IT"},{"@type":"Organization","@id":"https:\/\/www.nordestsanita.it\/#organization","name":"NES","url":"https:\/\/www.nordestsanita.it\/","logo":{"@type":"ImageObject","inLanguage":"it-IT","@id":"https:\/\/www.nordestsanita.it\/#\/schema\/logo\/image\/","url":"https:\/\/www.nordestsanita.it\/wp-content\/uploads\/2021\/05\/NES-1280.png","contentUrl":"https:\/\/www.nordestsanita.it\/wp-content\/uploads\/2021\/05\/NES-1280.png","width":1280,"height":458,"caption":"NES"},"image":{"@id":"https:\/\/www.nordestsanita.it\/#\/schema\/logo\/image\/"}},{"@type":"Person","@id":"https:\/\/www.nordestsanita.it\/#\/schema\/person\/e5a7dc6dca45cb55e67d4a127b0e969a","name":"Redazione","image":{"@type":"ImageObject","inLanguage":"it-IT","@id":"https:\/\/www.nordestsanita.it\/#\/schema\/person\/image\/","url":"https:\/\/secure.gravatar.com\/avatar\/3f19a9b3d671ea36ec67c4badf3f961a?s=96&d=mm&r=g","contentUrl":"https:\/\/secure.gravatar.com\/avatar\/3f19a9b3d671ea36ec67c4badf3f961a?s=96&d=mm&r=g","caption":"Redazione"},"url":"https:\/\/www.nordestsanita.it\/?author=8"}]}},"jetpack_featured_media_url":"https:\/\/www.nordestsanita.it\/wp-content\/uploads\/2025\/05\/children-4894710_1280.jpg","_links":{"self":[{"href":"https:\/\/www.nordestsanita.it\/index.php?rest_route=\/wp\/v2\/posts\/2358"}],"collection":[{"href":"https:\/\/www.nordestsanita.it\/index.php?rest_route=\/wp\/v2\/posts"}],"about":[{"href":"https:\/\/www.nordestsanita.it\/index.php?rest_route=\/wp\/v2\/types\/post"}],"author":[{"embeddable":true,"href":"https:\/\/www.nordestsanita.it\/index.php?rest_route=\/wp\/v2\/users\/8"}],"replies":[{"embeddable":true,"href":"https:\/\/www.nordestsanita.it\/index.php?rest_route=%2Fwp%2Fv2%2Fcomments&post=2358"}],"version-history":[{"count":1,"href":"https:\/\/www.nordestsanita.it\/index.php?rest_route=\/wp\/v2\/posts\/2358\/revisions"}],"predecessor-version":[{"id":2360,"href":"https:\/\/www.nordestsanita.it\/index.php?rest_route=\/wp\/v2\/posts\/2358\/revisions\/2360"}],"wp:featuredmedia":[{"embeddable":true,"href":"https:\/\/www.nordestsanita.it\/index.php?rest_route=\/wp\/v2\/media\/2359"}],"wp:attachment":[{"href":"https:\/\/www.nordestsanita.it\/index.php?rest_route=%2Fwp%2Fv2%2Fmedia&parent=2358"}],"wp:term":[{"taxonomy":"category","embeddable":true,"href":"https:\/\/www.nordestsanita.it\/index.php?rest_route=%2Fwp%2Fv2%2Fcategories&post=2358"},{"taxonomy":"post_tag","embeddable":true,"href":"https:\/\/www.nordestsanita.it\/index.php?rest_route=%2Fwp%2Fv2%2Ftags&post=2358"}],"curies":[{"name":"wp","href":"https:\/\/api.w.org\/{rel}","templated":true}]}}