{"id":2385,"date":"2025-05-16T10:11:03","date_gmt":"2025-05-16T08:11:03","guid":{"rendered":"https:\/\/www.nordestsanita.it\/?p=2385"},"modified":"2025-05-16T10:13:38","modified_gmt":"2025-05-16T08:13:38","slug":"lanzarin-ha-inaugurato-nuova-casa-di-comunita-ad-asiago-contiene-tutto-cio-che-serve-al-cittadino","status":"publish","type":"post","link":"https:\/\/www.nordestsanita.it\/?p=2385","title":{"rendered":"Lanzarin ha inaugurato nuova Casa di Comunit\u00e0 ad Asiago. \u201cContiene tutto ci\u00f2 che serve al cittadino"},"content":{"rendered":"\n<figure class=\"wp-block-table\"><table><tbody><tr><td>L\u2019Assessore regionale alla Sanit\u00e0, Manuela Lanzarin, ha inaugurato di recente la nuova Casa di Comunit\u00e0 di Asiago (VI), la prima a entrare in servizio nell\u2019Ulss 7 Pedemontana, realizzata nel pieno centro della localit\u00e0 con un investimento di 735 mila euro e in soli 11 mesi di lavori. \u00a0 Erano presenti, tra gli altri, i Sindaci dell\u2019Altopiano, quello di Bassano Nicola Finco, il DG dell\u2019Ulss 7 Carlo Bramezza. \u00a0 \u201cOggi \u2013 ha detto Lanzarin al momento della inaugurazione \u2013 viene tagliato un traguardo molto significativo. Proseguiamo infatti nella strategia di portare servizi sanitari e cure che non necessitano dell\u2019ospedale sul territorio, sempre pi\u00f9 vicini al cittadino. La Casa agir\u00e0 tra l\u2019altro in stretto contatto con i Comuni, segnale di una rivoluzione nell\u2019approccio dell\u2019organizzazione dell\u2019assistenza sanitaria. Asiago offre da oggi una struttura organizzata secondo le pi\u00f9 recenti indicazioni nazionali, perch\u00e9 ospita davvero tutto ci\u00f2 che il cittadino pu\u00f2 chiedere se non ha necessit\u00e0 dell\u2019intervento dell\u2019ospedale. Meno ospedale, pi\u00f9 territorio \u00e8 la strategia che come Regione abbiamo scelto per riequilibrare verso il cittadino i servizi sanitari, e che, come nel caso di Asiago, pu\u00f2 contribuire a fornire servizi pi\u00f9 celeri e comodi da raggiungere coadiuvando cos\u00ec l\u2019immenso lavoro, che ha gi\u00e0 dato ottimi risultati grazie all\u2019abnegazione del personale, per il taglio delle liste d\u2019attesa. L\u2019Agenas \u2013 ha concluso Lanzarin \u2013 ha certificato che il Veneto \u00e8 avanti nella realizzazione di queste strutture, con 25 gi\u00e0 realizzate e attive sulle 99 programmate che, come richiede il Pnrr, saranno pronte entro fine 2026. C\u2019\u00e8 da lavorare sodo, ma c\u2019\u00e8 anche il tempo per chiudere positivamente anche questa sfida\u201d. \u00a0 La Casa di Comunit\u00e0 ospita infatti, su una superficie di 1.850 metri quadrati in due piani, due ambulatori di continuit\u00e0 assistenziale, la centrale operativa dell\u2019Assistenza Domiciliare Integrata, altri 5 ambulatori, il prezioso Punto Unico di Accesso, la Centrale Operativa Territoriale, il Centro di Salute Mentale, il SerD, il Servizio Vaccinazioni, il Consultorio Familiare e una sala riunioni che funge anche da locale polifunzionale a disposizione della comunit\u00e0. Importante anche la presenza della specialistica ambulatoriale con varie specialit\u00e0: neurologia, cardiologia, pneumologia, diabetologia, oculistica e dermatologia. Gli spazi saranno utilizzati anche da altri servizi come le Cure Palliative, la Medicina dello Sport e il Dipartimento di Prevenzione per gli screening. L\u2019operativit\u00e0 della struttura \u00e8 organizzata H24.<\/td><\/tr><tr><td>&nbsp;<\/td><\/tr><\/tbody><\/table><\/figure>\n","protected":false},"excerpt":{"rendered":"<p>L\u2019Assessore regionale alla Sanit\u00e0, Manuela Lanzarin, ha inaugurato di recente la nuova Casa di Comunit\u00e0 di Asiago (VI), la prima a entrare in servizio nell\u2019Ulss 7 Pedemontana, realizzata nel pieno centro della localit\u00e0 con un investimento di 735 mila euro e in soli 11 mesi di lavori. \u00a0 Erano presenti, tra gli altri, i Sindaci dell\u2019Altopiano, quello di Bassano Nicola Finco, il DG dell\u2019Ulss 7 Carlo Bramezza. \u00a0 \u201cOggi \u2013 ha detto Lanzarin al momento della inaugurazione \u2013 viene tagliato un traguardo molto significativo. Proseguiamo infatti nella strategia di portare servizi sanitari e cure che non necessitano dell\u2019ospedale sul territorio,<\/p>\n","protected":false},"author":8,"featured_media":2386,"comment_status":"closed","ping_status":"open","sticky":false,"template":"","format":"standard","meta":[],"categories":[25],"tags":[607,606],"yoast_head":"<!-- This site is optimized with the Yoast SEO plugin v20.2 - https:\/\/yoast.com\/wordpress\/plugins\/seo\/ -->\n<title>Lanzarin ha inaugurato nuova Casa di Comunit\u00e0 ad Asiago. \u201cContiene tutto ci\u00f2 che serve al cittadino - NES<\/title>\n<meta name=\"robots\" content=\"index, follow, max-snippet:-1, max-image-preview:large, max-video-preview:-1\" \/>\n<link rel=\"canonical\" href=\"https:\/\/www.nordestsanita.it\/?p=2385\" \/>\n<meta property=\"og:locale\" content=\"it_IT\" \/>\n<meta property=\"og:type\" content=\"article\" \/>\n<meta property=\"og:title\" content=\"Lanzarin ha inaugurato nuova Casa di Comunit\u00e0 ad Asiago. \u201cContiene tutto ci\u00f2 che serve al cittadino - NES\" \/>\n<meta property=\"og:description\" content=\"L\u2019Assessore regionale alla Sanit\u00e0, Manuela Lanzarin, ha inaugurato di recente la nuova Casa di Comunit\u00e0 di Asiago (VI), la prima a entrare in servizio nell\u2019Ulss 7 Pedemontana, realizzata nel pieno centro della localit\u00e0 con un investimento di 735 mila euro e in soli 11 mesi di lavori. \u00a0 Erano presenti, tra gli altri, i Sindaci dell\u2019Altopiano, quello di Bassano Nicola Finco, il DG dell\u2019Ulss 7 Carlo Bramezza. \u00a0 \u201cOggi \u2013 ha detto Lanzarin al momento della inaugurazione \u2013 viene tagliato un traguardo molto significativo. Proseguiamo infatti nella strategia di portare servizi sanitari e cure che non necessitano dell\u2019ospedale sul territorio,\" \/>\n<meta property=\"og:url\" content=\"https:\/\/www.nordestsanita.it\/?p=2385\" \/>\n<meta property=\"og:site_name\" content=\"NES\" \/>\n<meta property=\"article:published_time\" content=\"2025-05-16T08:11:03+00:00\" \/>\n<meta property=\"article:modified_time\" content=\"2025-05-16T08:13:38+00:00\" \/>\n<meta property=\"og:image\" content=\"https:\/\/www.nordestsanita.it\/wp-content\/uploads\/2025\/05\/ASIAGO-1.jpeg\" \/>\n\t<meta property=\"og:image:width\" content=\"2000\" \/>\n\t<meta property=\"og:image:height\" content=\"1500\" \/>\n\t<meta property=\"og:image:type\" content=\"image\/jpeg\" \/>\n<meta name=\"author\" content=\"Redazione\" \/>\n<meta name=\"twitter:card\" content=\"summary_large_image\" \/>\n<meta name=\"twitter:label1\" content=\"Scritto da\" \/>\n\t<meta name=\"twitter:data1\" content=\"Redazione\" \/>\n\t<meta name=\"twitter:label2\" content=\"Tempo di lettura stimato\" \/>\n\t<meta name=\"twitter:data2\" content=\"2 minuti\" \/>\n<script type=\"application\/ld+json\" class=\"yoast-schema-graph\">{\"@context\":\"https:\/\/schema.org\",\"@graph\":[{\"@type\":\"Article\",\"@id\":\"https:\/\/www.nordestsanita.it\/?p=2385#article\",\"isPartOf\":{\"@id\":\"https:\/\/www.nordestsanita.it\/?p=2385\"},\"author\":{\"name\":\"Redazione\",\"@id\":\"https:\/\/www.nordestsanita.it\/#\/schema\/person\/e5a7dc6dca45cb55e67d4a127b0e969a\"},\"headline\":\"Lanzarin ha inaugurato nuova Casa di Comunit\u00e0 ad Asiago. \u201cContiene tutto ci\u00f2 che serve al cittadino\",\"datePublished\":\"2025-05-16T08:11:03+00:00\",\"dateModified\":\"2025-05-16T08:13:38+00:00\",\"mainEntityOfPage\":{\"@id\":\"https:\/\/www.nordestsanita.it\/?p=2385\"},\"wordCount\":393,\"publisher\":{\"@id\":\"https:\/\/www.nordestsanita.it\/#organization\"},\"keywords\":[\"Asiago\",\"Comunit\u00e0\"],\"articleSection\":[\"Sanit\u00e0\"],\"inLanguage\":\"it-IT\"},{\"@type\":\"WebPage\",\"@id\":\"https:\/\/www.nordestsanita.it\/?p=2385\",\"url\":\"https:\/\/www.nordestsanita.it\/?p=2385\",\"name\":\"Lanzarin ha inaugurato nuova Casa di Comunit\u00e0 ad Asiago. \u201cContiene tutto ci\u00f2 che serve al cittadino - NES\",\"isPartOf\":{\"@id\":\"https:\/\/www.nordestsanita.it\/#website\"},\"datePublished\":\"2025-05-16T08:11:03+00:00\",\"dateModified\":\"2025-05-16T08:13:38+00:00\",\"breadcrumb\":{\"@id\":\"https:\/\/www.nordestsanita.it\/?p=2385#breadcrumb\"},\"inLanguage\":\"it-IT\",\"potentialAction\":[{\"@type\":\"ReadAction\",\"target\":[\"https:\/\/www.nordestsanita.it\/?p=2385\"]}]},{\"@type\":\"BreadcrumbList\",\"@id\":\"https:\/\/www.nordestsanita.it\/?p=2385#breadcrumb\",\"itemListElement\":[{\"@type\":\"ListItem\",\"position\":1,\"name\":\"Home\",\"item\":\"https:\/\/www.nordestsanita.it\/\"},{\"@type\":\"ListItem\",\"position\":2,\"name\":\"Lanzarin ha inaugurato nuova Casa di Comunit\u00e0 ad Asiago. \u201cContiene tutto ci\u00f2 che serve al cittadino\"}]},{\"@type\":\"WebSite\",\"@id\":\"https:\/\/www.nordestsanita.it\/#website\",\"url\":\"https:\/\/www.nordestsanita.it\/\",\"name\":\"NES\",\"description\":\"Nord Est Sanit\u00e0\",\"publisher\":{\"@id\":\"https:\/\/www.nordestsanita.it\/#organization\"},\"potentialAction\":[{\"@type\":\"SearchAction\",\"target\":{\"@type\":\"EntryPoint\",\"urlTemplate\":\"https:\/\/www.nordestsanita.it\/?s={search_term_string}\"},\"query-input\":\"required name=search_term_string\"}],\"inLanguage\":\"it-IT\"},{\"@type\":\"Organization\",\"@id\":\"https:\/\/www.nordestsanita.it\/#organization\",\"name\":\"NES\",\"url\":\"https:\/\/www.nordestsanita.it\/\",\"logo\":{\"@type\":\"ImageObject\",\"inLanguage\":\"it-IT\",\"@id\":\"https:\/\/www.nordestsanita.it\/#\/schema\/logo\/image\/\",\"url\":\"https:\/\/www.nordestsanita.it\/wp-content\/uploads\/2021\/05\/NES-1280.png\",\"contentUrl\":\"https:\/\/www.nordestsanita.it\/wp-content\/uploads\/2021\/05\/NES-1280.png\",\"width\":1280,\"height\":458,\"caption\":\"NES\"},\"image\":{\"@id\":\"https:\/\/www.nordestsanita.it\/#\/schema\/logo\/image\/\"}},{\"@type\":\"Person\",\"@id\":\"https:\/\/www.nordestsanita.it\/#\/schema\/person\/e5a7dc6dca45cb55e67d4a127b0e969a\",\"name\":\"Redazione\",\"image\":{\"@type\":\"ImageObject\",\"inLanguage\":\"it-IT\",\"@id\":\"https:\/\/www.nordestsanita.it\/#\/schema\/person\/image\/\",\"url\":\"https:\/\/secure.gravatar.com\/avatar\/3f19a9b3d671ea36ec67c4badf3f961a?s=96&d=mm&r=g\",\"contentUrl\":\"https:\/\/secure.gravatar.com\/avatar\/3f19a9b3d671ea36ec67c4badf3f961a?s=96&d=mm&r=g\",\"caption\":\"Redazione\"},\"url\":\"https:\/\/www.nordestsanita.it\/?author=8\"}]}<\/script>\n<!-- \/ Yoast SEO plugin. -->","yoast_head_json":{"title":"Lanzarin ha inaugurato nuova Casa di Comunit\u00e0 ad Asiago. \u201cContiene tutto ci\u00f2 che serve al cittadino - NES","robots":{"index":"index","follow":"follow","max-snippet":"max-snippet:-1","max-image-preview":"max-image-preview:large","max-video-preview":"max-video-preview:-1"},"canonical":"https:\/\/www.nordestsanita.it\/?p=2385","og_locale":"it_IT","og_type":"article","og_title":"Lanzarin ha inaugurato nuova Casa di Comunit\u00e0 ad Asiago. \u201cContiene tutto ci\u00f2 che serve al cittadino - NES","og_description":"L\u2019Assessore regionale alla Sanit\u00e0, Manuela Lanzarin, ha inaugurato di recente la nuova Casa di Comunit\u00e0 di Asiago (VI), la prima a entrare in servizio nell\u2019Ulss 7 Pedemontana, realizzata nel pieno centro della localit\u00e0 con un investimento di 735 mila euro e in soli 11 mesi di lavori. \u00a0 Erano presenti, tra gli altri, i Sindaci dell\u2019Altopiano, quello di Bassano Nicola Finco, il DG dell\u2019Ulss 7 Carlo Bramezza. \u00a0 \u201cOggi \u2013 ha detto Lanzarin al momento della inaugurazione \u2013 viene tagliato un traguardo molto significativo. Proseguiamo infatti nella strategia di portare servizi sanitari e cure che non necessitano dell\u2019ospedale sul territorio,","og_url":"https:\/\/www.nordestsanita.it\/?p=2385","og_site_name":"NES","article_published_time":"2025-05-16T08:11:03+00:00","article_modified_time":"2025-05-16T08:13:38+00:00","og_image":[{"width":2000,"height":1500,"url":"https:\/\/www.nordestsanita.it\/wp-content\/uploads\/2025\/05\/ASIAGO-1.jpeg","type":"image\/jpeg"}],"author":"Redazione","twitter_card":"summary_large_image","twitter_misc":{"Scritto da":"Redazione","Tempo di lettura stimato":"2 minuti"},"schema":{"@context":"https:\/\/schema.org","@graph":[{"@type":"Article","@id":"https:\/\/www.nordestsanita.it\/?p=2385#article","isPartOf":{"@id":"https:\/\/www.nordestsanita.it\/?p=2385"},"author":{"name":"Redazione","@id":"https:\/\/www.nordestsanita.it\/#\/schema\/person\/e5a7dc6dca45cb55e67d4a127b0e969a"},"headline":"Lanzarin ha inaugurato nuova Casa di Comunit\u00e0 ad Asiago. \u201cContiene tutto ci\u00f2 che serve al cittadino","datePublished":"2025-05-16T08:11:03+00:00","dateModified":"2025-05-16T08:13:38+00:00","mainEntityOfPage":{"@id":"https:\/\/www.nordestsanita.it\/?p=2385"},"wordCount":393,"publisher":{"@id":"https:\/\/www.nordestsanita.it\/#organization"},"keywords":["Asiago","Comunit\u00e0"],"articleSection":["Sanit\u00e0"],"inLanguage":"it-IT"},{"@type":"WebPage","@id":"https:\/\/www.nordestsanita.it\/?p=2385","url":"https:\/\/www.nordestsanita.it\/?p=2385","name":"Lanzarin ha inaugurato nuova Casa di Comunit\u00e0 ad Asiago. \u201cContiene tutto ci\u00f2 che serve al cittadino - NES","isPartOf":{"@id":"https:\/\/www.nordestsanita.it\/#website"},"datePublished":"2025-05-16T08:11:03+00:00","dateModified":"2025-05-16T08:13:38+00:00","breadcrumb":{"@id":"https:\/\/www.nordestsanita.it\/?p=2385#breadcrumb"},"inLanguage":"it-IT","potentialAction":[{"@type":"ReadAction","target":["https:\/\/www.nordestsanita.it\/?p=2385"]}]},{"@type":"BreadcrumbList","@id":"https:\/\/www.nordestsanita.it\/?p=2385#breadcrumb","itemListElement":[{"@type":"ListItem","position":1,"name":"Home","item":"https:\/\/www.nordestsanita.it\/"},{"@type":"ListItem","position":2,"name":"Lanzarin ha inaugurato nuova Casa di Comunit\u00e0 ad Asiago. \u201cContiene tutto ci\u00f2 che serve al cittadino"}]},{"@type":"WebSite","@id":"https:\/\/www.nordestsanita.it\/#website","url":"https:\/\/www.nordestsanita.it\/","name":"NES","description":"Nord Est Sanit\u00e0","publisher":{"@id":"https:\/\/www.nordestsanita.it\/#organization"},"potentialAction":[{"@type":"SearchAction","target":{"@type":"EntryPoint","urlTemplate":"https:\/\/www.nordestsanita.it\/?s={search_term_string}"},"query-input":"required name=search_term_string"}],"inLanguage":"it-IT"},{"@type":"Organization","@id":"https:\/\/www.nordestsanita.it\/#organization","name":"NES","url":"https:\/\/www.nordestsanita.it\/","logo":{"@type":"ImageObject","inLanguage":"it-IT","@id":"https:\/\/www.nordestsanita.it\/#\/schema\/logo\/image\/","url":"https:\/\/www.nordestsanita.it\/wp-content\/uploads\/2021\/05\/NES-1280.png","contentUrl":"https:\/\/www.nordestsanita.it\/wp-content\/uploads\/2021\/05\/NES-1280.png","width":1280,"height":458,"caption":"NES"},"image":{"@id":"https:\/\/www.nordestsanita.it\/#\/schema\/logo\/image\/"}},{"@type":"Person","@id":"https:\/\/www.nordestsanita.it\/#\/schema\/person\/e5a7dc6dca45cb55e67d4a127b0e969a","name":"Redazione","image":{"@type":"ImageObject","inLanguage":"it-IT","@id":"https:\/\/www.nordestsanita.it\/#\/schema\/person\/image\/","url":"https:\/\/secure.gravatar.com\/avatar\/3f19a9b3d671ea36ec67c4badf3f961a?s=96&d=mm&r=g","contentUrl":"https:\/\/secure.gravatar.com\/avatar\/3f19a9b3d671ea36ec67c4badf3f961a?s=96&d=mm&r=g","caption":"Redazione"},"url":"https:\/\/www.nordestsanita.it\/?author=8"}]}},"jetpack_featured_media_url":"https:\/\/www.nordestsanita.it\/wp-content\/uploads\/2025\/05\/ASIAGO-1.jpeg","_links":{"self":[{"href":"https:\/\/www.nordestsanita.it\/index.php?rest_route=\/wp\/v2\/posts\/2385"}],"collection":[{"href":"https:\/\/www.nordestsanita.it\/index.php?rest_route=\/wp\/v2\/posts"}],"about":[{"href":"https:\/\/www.nordestsanita.it\/index.php?rest_route=\/wp\/v2\/types\/post"}],"author":[{"embeddable":true,"href":"https:\/\/www.nordestsanita.it\/index.php?rest_route=\/wp\/v2\/users\/8"}],"replies":[{"embeddable":true,"href":"https:\/\/www.nordestsanita.it\/index.php?rest_route=%2Fwp%2Fv2%2Fcomments&post=2385"}],"version-history":[{"count":2,"href":"https:\/\/www.nordestsanita.it\/index.php?rest_route=\/wp\/v2\/posts\/2385\/revisions"}],"predecessor-version":[{"id":2388,"href":"https:\/\/www.nordestsanita.it\/index.php?rest_route=\/wp\/v2\/posts\/2385\/revisions\/2388"}],"wp:featuredmedia":[{"embeddable":true,"href":"https:\/\/www.nordestsanita.it\/index.php?rest_route=\/wp\/v2\/media\/2386"}],"wp:attachment":[{"href":"https:\/\/www.nordestsanita.it\/index.php?rest_route=%2Fwp%2Fv2%2Fmedia&parent=2385"}],"wp:term":[{"taxonomy":"category","embeddable":true,"href":"https:\/\/www.nordestsanita.it\/index.php?rest_route=%2Fwp%2Fv2%2Fcategories&post=2385"},{"taxonomy":"post_tag","embeddable":true,"href":"https:\/\/www.nordestsanita.it\/index.php?rest_route=%2Fwp%2Fv2%2Ftags&post=2385"}],"curies":[{"name":"wp","href":"https:\/\/api.w.org\/{rel}","templated":true}]}}