{"id":2391,"date":"2025-05-21T12:10:01","date_gmt":"2025-05-21T10:10:01","guid":{"rendered":"https:\/\/www.nordestsanita.it\/?p=2391"},"modified":"2025-05-21T12:10:01","modified_gmt":"2025-05-21T10:10:01","slug":"agricoltura-sociale-lassessore-lanzarin-procede-spedito-liter-di-aggiornamento-della-legge-regionale-in-materia","status":"publish","type":"post","link":"https:\/\/www.nordestsanita.it\/?p=2391","title":{"rendered":"Agricoltura sociale. L\u2019assessore Lanzarin: \u201cProcede spedito l\u2019iter di aggiornamento della legge regionale in materia&#8221;"},"content":{"rendered":"\n<figure class=\"wp-block-table\"><table><tbody><tr><td>(AVN) Venezia, 16 maggio 2025 &nbsp; \u201cLe fattorie sociali iscritte nel registro regionale in Veneto sono 40 e occupano 140 persone con disabilit\u00e0 e altrettante in situazione di fragilit\u00e0. Costituiscono un punto di riferimento sociale e socio sanitario fondamentale per promuovere la multifunzionalit\u00e0 del settore agricolo, consentendo l\u2019inserimento lavorativo, progetti di reinserimento sociale ed educativi, in un percorso di integrazione capace di mettere in evidenza le potenzialit\u00e0 di ciascun individuo e valorizzando i suoi talenti. Le fattorie sociali sono un esempio di salute unica, \u2018one health\u2019, in cui uomini e animali vivono in un ecosistema naturale, sano e tutelato. Anche in questo ambito, nella nostra regione, siamo stati lungimiranti, tanto da aver promosso la prima legge regionale nel 2013, due anni prima che a livello nazionale si normasse la materia. A 12 anni da quella prima legge, la n. 14 del 28 giugno 2013, \u00e8 arrivato il momento di aggiornare le disposizioni normative per fare in modo che la disciplina possa rispondere ancora meglio alle esigenze delle persone, sia pi\u00f9 flessibile e consenta di costruire un progetto di vita su misura della singola persona. L\u2019obiettivo, a cui sta lavorando il tavolo tecnico regionale, \u00e8 far diventare le fattorie sociali delle vere e proprie Unit\u00e0 di offerta in ambito sociale e sociosanitario per le persone con disabilit\u00e0 affinch\u00e9 trovino in queste realt\u00e0 il loro percorso ideale, che tenga conto dei loro bisogni e dei desideri\u201d. L\u2019ha evidenziato recentemente l\u2019assessore alla Sanit\u00e0 e al sociale Manuela Lanzarin, all&#8217;Auditorium Rocca Sveva a Soave (VR), intervenendo al convegno &#8220;Le nuove frontiere dei servizi alla persona: collaborazione con gli attori del territorio e green care &#8211; Fattorie sociali: un\u2019opportunit\u00e0 da valorizzare\u201d. L\u2019evento, organizzato dall\u2019Azienda ULSS 9 Scaligera, in collaborazione con Coldiretti Verona e il Comune di Soave, aveva l\u2019obiettivo di fare il punto sulla proposta di legge regionale sull\u2019agricoltura sociale, la n. 285, che aggiorna la disciplina regionale in materia. Nel corso della mattinata, si sono alternati come relatori rappresentanti dell\u2019Istituto Zooprofilattico Sperimentale delle Venezie (IZSVe), Regione del Veneto, Coldiretti e specialisti dell\u2019ULSS 9, per parlare di \u201cgreen care\u201d, agricoltura sociale, fattorie sociali e dell\u2019esperienza della REMS di Nogara. Tanti gli amministratori della conferenza dei sindaci dell\u2019Ulss9 presenti, insieme a consiglieri regionali e rappresentanti di Coldiretti. La provincia di Verona accoglie il 33% delle fattorie sociali accreditate. Segue quella di Vicenza, con il 22%, di Treviso con il 14%, Padova (11%), Rovigo (8%), Venezia e Belluno (6%). \u201cLa proposta di Legge 285 &#8211; ha spiegato l\u2019assessore &#8211; \u00e8 stata licenziata ieri dalla V Commissione consiliare, passer\u00e0 ora al vaglio della I Commissione per le verifiche finanziarie e auspichiamo che possa essere approvata a breve, entro giugno. Si tratta di una legge trasversale, che aiuter\u00e0 ad affiancare le istituzioni locali contribuendo a potenziare il welfare e a rispondere in modo efficace ai bisogni della comunit\u00e0. Tra le novit\u00e0 vi \u00e8 il riconoscimento del ruolo delle imprese agricole e sociali e la semplificazione dell\u2019avvio dell\u2019attivit\u00e0: la presentazione della Scia comporter\u00e0 l\u2019automatica iscrizione all\u2019Albo delle fattorie sociali\u201d.<\/td><\/tr><\/tbody><\/table><\/figure>\n","protected":false},"excerpt":{"rendered":"<p>(AVN) Venezia, 16 maggio 2025 &nbsp; \u201cLe fattorie sociali iscritte nel registro regionale in Veneto sono 40 e occupano 140 persone con disabilit\u00e0 e altrettante in situazione di fragilit\u00e0. Costituiscono un punto di riferimento sociale e socio sanitario fondamentale per promuovere la multifunzionalit\u00e0 del settore agricolo, consentendo l\u2019inserimento lavorativo, progetti di reinserimento sociale ed educativi, in un percorso di integrazione capace di mettere in evidenza le potenzialit\u00e0 di ciascun individuo e valorizzando i suoi talenti. Le fattorie sociali sono un esempio di salute unica, \u2018one health\u2019, in cui uomini e animali vivono in un ecosistema naturale, sano e tutelato. Anche<\/p>\n","protected":false},"author":8,"featured_media":2392,"comment_status":"closed","ping_status":"open","sticky":false,"template":"","format":"standard","meta":[],"categories":[24],"tags":[609,137,610],"yoast_head":"<!-- This site is optimized with the Yoast SEO plugin v20.2 - https:\/\/yoast.com\/wordpress\/plugins\/seo\/ -->\n<title>Agricoltura sociale. L\u2019assessore Lanzarin: \u201cProcede spedito l\u2019iter di aggiornamento della legge regionale in materia&quot; - NES<\/title>\n<meta name=\"robots\" content=\"index, follow, max-snippet:-1, max-image-preview:large, max-video-preview:-1\" \/>\n<link rel=\"canonical\" href=\"https:\/\/www.nordestsanita.it\/?p=2391\" \/>\n<meta property=\"og:locale\" content=\"it_IT\" \/>\n<meta property=\"og:type\" content=\"article\" \/>\n<meta property=\"og:title\" content=\"Agricoltura sociale. L\u2019assessore Lanzarin: \u201cProcede spedito l\u2019iter di aggiornamento della legge regionale in materia&quot; - NES\" \/>\n<meta property=\"og:description\" content=\"(AVN) Venezia, 16 maggio 2025 &nbsp; \u201cLe fattorie sociali iscritte nel registro regionale in Veneto sono 40 e occupano 140 persone con disabilit\u00e0 e altrettante in situazione di fragilit\u00e0. Costituiscono un punto di riferimento sociale e socio sanitario fondamentale per promuovere la multifunzionalit\u00e0 del settore agricolo, consentendo l\u2019inserimento lavorativo, progetti di reinserimento sociale ed educativi, in un percorso di integrazione capace di mettere in evidenza le potenzialit\u00e0 di ciascun individuo e valorizzando i suoi talenti. Le fattorie sociali sono un esempio di salute unica, \u2018one health\u2019, in cui uomini e animali vivono in un ecosistema naturale, sano e tutelato. Anche\" \/>\n<meta property=\"og:url\" content=\"https:\/\/www.nordestsanita.it\/?p=2391\" \/>\n<meta property=\"og:site_name\" content=\"NES\" \/>\n<meta property=\"article:published_time\" content=\"2025-05-21T10:10:01+00:00\" \/>\n<meta property=\"og:image\" content=\"https:\/\/www.nordestsanita.it\/wp-content\/uploads\/2025\/05\/Convegno-Soave_Foto-1-scaled.jpeg\" \/>\n\t<meta property=\"og:image:width\" content=\"2560\" \/>\n\t<meta property=\"og:image:height\" content=\"1920\" \/>\n\t<meta property=\"og:image:type\" content=\"image\/jpeg\" \/>\n<meta name=\"author\" content=\"Redazione\" \/>\n<meta name=\"twitter:card\" content=\"summary_large_image\" \/>\n<meta name=\"twitter:label1\" content=\"Scritto da\" \/>\n\t<meta name=\"twitter:data1\" content=\"Redazione\" \/>\n\t<meta name=\"twitter:label2\" content=\"Tempo di lettura stimato\" \/>\n\t<meta name=\"twitter:data2\" content=\"3 minuti\" \/>\n<script type=\"application\/ld+json\" class=\"yoast-schema-graph\">{\"@context\":\"https:\/\/schema.org\",\"@graph\":[{\"@type\":\"Article\",\"@id\":\"https:\/\/www.nordestsanita.it\/?p=2391#article\",\"isPartOf\":{\"@id\":\"https:\/\/www.nordestsanita.it\/?p=2391\"},\"author\":{\"name\":\"Redazione\",\"@id\":\"https:\/\/www.nordestsanita.it\/#\/schema\/person\/e5a7dc6dca45cb55e67d4a127b0e969a\"},\"headline\":\"Agricoltura sociale. L\u2019assessore Lanzarin: \u201cProcede spedito l\u2019iter di aggiornamento della legge regionale in materia&#8221;\",\"datePublished\":\"2025-05-21T10:10:01+00:00\",\"dateModified\":\"2025-05-21T10:10:01+00:00\",\"mainEntityOfPage\":{\"@id\":\"https:\/\/www.nordestsanita.it\/?p=2391\"},\"wordCount\":510,\"publisher\":{\"@id\":\"https:\/\/www.nordestsanita.it\/#organization\"},\"keywords\":[\"agricoltura sociale\",\"lanzarin\",\"Ulss 8\"],\"articleSection\":[\"Attualit\u00e0\"],\"inLanguage\":\"it-IT\"},{\"@type\":\"WebPage\",\"@id\":\"https:\/\/www.nordestsanita.it\/?p=2391\",\"url\":\"https:\/\/www.nordestsanita.it\/?p=2391\",\"name\":\"Agricoltura sociale. L\u2019assessore Lanzarin: \u201cProcede spedito l\u2019iter di aggiornamento della legge regionale in materia\\\" - NES\",\"isPartOf\":{\"@id\":\"https:\/\/www.nordestsanita.it\/#website\"},\"datePublished\":\"2025-05-21T10:10:01+00:00\",\"dateModified\":\"2025-05-21T10:10:01+00:00\",\"breadcrumb\":{\"@id\":\"https:\/\/www.nordestsanita.it\/?p=2391#breadcrumb\"},\"inLanguage\":\"it-IT\",\"potentialAction\":[{\"@type\":\"ReadAction\",\"target\":[\"https:\/\/www.nordestsanita.it\/?p=2391\"]}]},{\"@type\":\"BreadcrumbList\",\"@id\":\"https:\/\/www.nordestsanita.it\/?p=2391#breadcrumb\",\"itemListElement\":[{\"@type\":\"ListItem\",\"position\":1,\"name\":\"Home\",\"item\":\"https:\/\/www.nordestsanita.it\/\"},{\"@type\":\"ListItem\",\"position\":2,\"name\":\"Agricoltura sociale. L\u2019assessore Lanzarin: \u201cProcede spedito l\u2019iter di aggiornamento della legge regionale in materia&#8221;\"}]},{\"@type\":\"WebSite\",\"@id\":\"https:\/\/www.nordestsanita.it\/#website\",\"url\":\"https:\/\/www.nordestsanita.it\/\",\"name\":\"NES\",\"description\":\"Nord Est Sanit\u00e0\",\"publisher\":{\"@id\":\"https:\/\/www.nordestsanita.it\/#organization\"},\"potentialAction\":[{\"@type\":\"SearchAction\",\"target\":{\"@type\":\"EntryPoint\",\"urlTemplate\":\"https:\/\/www.nordestsanita.it\/?s={search_term_string}\"},\"query-input\":\"required name=search_term_string\"}],\"inLanguage\":\"it-IT\"},{\"@type\":\"Organization\",\"@id\":\"https:\/\/www.nordestsanita.it\/#organization\",\"name\":\"NES\",\"url\":\"https:\/\/www.nordestsanita.it\/\",\"logo\":{\"@type\":\"ImageObject\",\"inLanguage\":\"it-IT\",\"@id\":\"https:\/\/www.nordestsanita.it\/#\/schema\/logo\/image\/\",\"url\":\"https:\/\/www.nordestsanita.it\/wp-content\/uploads\/2021\/05\/NES-1280.png\",\"contentUrl\":\"https:\/\/www.nordestsanita.it\/wp-content\/uploads\/2021\/05\/NES-1280.png\",\"width\":1280,\"height\":458,\"caption\":\"NES\"},\"image\":{\"@id\":\"https:\/\/www.nordestsanita.it\/#\/schema\/logo\/image\/\"}},{\"@type\":\"Person\",\"@id\":\"https:\/\/www.nordestsanita.it\/#\/schema\/person\/e5a7dc6dca45cb55e67d4a127b0e969a\",\"name\":\"Redazione\",\"image\":{\"@type\":\"ImageObject\",\"inLanguage\":\"it-IT\",\"@id\":\"https:\/\/www.nordestsanita.it\/#\/schema\/person\/image\/\",\"url\":\"https:\/\/secure.gravatar.com\/avatar\/3f19a9b3d671ea36ec67c4badf3f961a?s=96&d=mm&r=g\",\"contentUrl\":\"https:\/\/secure.gravatar.com\/avatar\/3f19a9b3d671ea36ec67c4badf3f961a?s=96&d=mm&r=g\",\"caption\":\"Redazione\"},\"url\":\"https:\/\/www.nordestsanita.it\/?author=8\"}]}<\/script>\n<!-- \/ Yoast SEO plugin. -->","yoast_head_json":{"title":"Agricoltura sociale. L\u2019assessore Lanzarin: \u201cProcede spedito l\u2019iter di aggiornamento della legge regionale in materia\" - NES","robots":{"index":"index","follow":"follow","max-snippet":"max-snippet:-1","max-image-preview":"max-image-preview:large","max-video-preview":"max-video-preview:-1"},"canonical":"https:\/\/www.nordestsanita.it\/?p=2391","og_locale":"it_IT","og_type":"article","og_title":"Agricoltura sociale. L\u2019assessore Lanzarin: \u201cProcede spedito l\u2019iter di aggiornamento della legge regionale in materia\" - NES","og_description":"(AVN) Venezia, 16 maggio 2025 &nbsp; \u201cLe fattorie sociali iscritte nel registro regionale in Veneto sono 40 e occupano 140 persone con disabilit\u00e0 e altrettante in situazione di fragilit\u00e0. Costituiscono un punto di riferimento sociale e socio sanitario fondamentale per promuovere la multifunzionalit\u00e0 del settore agricolo, consentendo l\u2019inserimento lavorativo, progetti di reinserimento sociale ed educativi, in un percorso di integrazione capace di mettere in evidenza le potenzialit\u00e0 di ciascun individuo e valorizzando i suoi talenti. Le fattorie sociali sono un esempio di salute unica, \u2018one health\u2019, in cui uomini e animali vivono in un ecosistema naturale, sano e tutelato. Anche","og_url":"https:\/\/www.nordestsanita.it\/?p=2391","og_site_name":"NES","article_published_time":"2025-05-21T10:10:01+00:00","og_image":[{"width":2560,"height":1920,"url":"https:\/\/www.nordestsanita.it\/wp-content\/uploads\/2025\/05\/Convegno-Soave_Foto-1-scaled.jpeg","type":"image\/jpeg"}],"author":"Redazione","twitter_card":"summary_large_image","twitter_misc":{"Scritto da":"Redazione","Tempo di lettura stimato":"3 minuti"},"schema":{"@context":"https:\/\/schema.org","@graph":[{"@type":"Article","@id":"https:\/\/www.nordestsanita.it\/?p=2391#article","isPartOf":{"@id":"https:\/\/www.nordestsanita.it\/?p=2391"},"author":{"name":"Redazione","@id":"https:\/\/www.nordestsanita.it\/#\/schema\/person\/e5a7dc6dca45cb55e67d4a127b0e969a"},"headline":"Agricoltura sociale. L\u2019assessore Lanzarin: \u201cProcede spedito l\u2019iter di aggiornamento della legge regionale in materia&#8221;","datePublished":"2025-05-21T10:10:01+00:00","dateModified":"2025-05-21T10:10:01+00:00","mainEntityOfPage":{"@id":"https:\/\/www.nordestsanita.it\/?p=2391"},"wordCount":510,"publisher":{"@id":"https:\/\/www.nordestsanita.it\/#organization"},"keywords":["agricoltura sociale","lanzarin","Ulss 8"],"articleSection":["Attualit\u00e0"],"inLanguage":"it-IT"},{"@type":"WebPage","@id":"https:\/\/www.nordestsanita.it\/?p=2391","url":"https:\/\/www.nordestsanita.it\/?p=2391","name":"Agricoltura sociale. L\u2019assessore Lanzarin: \u201cProcede spedito l\u2019iter di aggiornamento della legge regionale in materia\" - NES","isPartOf":{"@id":"https:\/\/www.nordestsanita.it\/#website"},"datePublished":"2025-05-21T10:10:01+00:00","dateModified":"2025-05-21T10:10:01+00:00","breadcrumb":{"@id":"https:\/\/www.nordestsanita.it\/?p=2391#breadcrumb"},"inLanguage":"it-IT","potentialAction":[{"@type":"ReadAction","target":["https:\/\/www.nordestsanita.it\/?p=2391"]}]},{"@type":"BreadcrumbList","@id":"https:\/\/www.nordestsanita.it\/?p=2391#breadcrumb","itemListElement":[{"@type":"ListItem","position":1,"name":"Home","item":"https:\/\/www.nordestsanita.it\/"},{"@type":"ListItem","position":2,"name":"Agricoltura sociale. L\u2019assessore Lanzarin: \u201cProcede spedito l\u2019iter di aggiornamento della legge regionale in materia&#8221;"}]},{"@type":"WebSite","@id":"https:\/\/www.nordestsanita.it\/#website","url":"https:\/\/www.nordestsanita.it\/","name":"NES","description":"Nord Est Sanit\u00e0","publisher":{"@id":"https:\/\/www.nordestsanita.it\/#organization"},"potentialAction":[{"@type":"SearchAction","target":{"@type":"EntryPoint","urlTemplate":"https:\/\/www.nordestsanita.it\/?s={search_term_string}"},"query-input":"required name=search_term_string"}],"inLanguage":"it-IT"},{"@type":"Organization","@id":"https:\/\/www.nordestsanita.it\/#organization","name":"NES","url":"https:\/\/www.nordestsanita.it\/","logo":{"@type":"ImageObject","inLanguage":"it-IT","@id":"https:\/\/www.nordestsanita.it\/#\/schema\/logo\/image\/","url":"https:\/\/www.nordestsanita.it\/wp-content\/uploads\/2021\/05\/NES-1280.png","contentUrl":"https:\/\/www.nordestsanita.it\/wp-content\/uploads\/2021\/05\/NES-1280.png","width":1280,"height":458,"caption":"NES"},"image":{"@id":"https:\/\/www.nordestsanita.it\/#\/schema\/logo\/image\/"}},{"@type":"Person","@id":"https:\/\/www.nordestsanita.it\/#\/schema\/person\/e5a7dc6dca45cb55e67d4a127b0e969a","name":"Redazione","image":{"@type":"ImageObject","inLanguage":"it-IT","@id":"https:\/\/www.nordestsanita.it\/#\/schema\/person\/image\/","url":"https:\/\/secure.gravatar.com\/avatar\/3f19a9b3d671ea36ec67c4badf3f961a?s=96&d=mm&r=g","contentUrl":"https:\/\/secure.gravatar.com\/avatar\/3f19a9b3d671ea36ec67c4badf3f961a?s=96&d=mm&r=g","caption":"Redazione"},"url":"https:\/\/www.nordestsanita.it\/?author=8"}]}},"jetpack_featured_media_url":"https:\/\/www.nordestsanita.it\/wp-content\/uploads\/2025\/05\/Convegno-Soave_Foto-1-scaled.jpeg","_links":{"self":[{"href":"https:\/\/www.nordestsanita.it\/index.php?rest_route=\/wp\/v2\/posts\/2391"}],"collection":[{"href":"https:\/\/www.nordestsanita.it\/index.php?rest_route=\/wp\/v2\/posts"}],"about":[{"href":"https:\/\/www.nordestsanita.it\/index.php?rest_route=\/wp\/v2\/types\/post"}],"author":[{"embeddable":true,"href":"https:\/\/www.nordestsanita.it\/index.php?rest_route=\/wp\/v2\/users\/8"}],"replies":[{"embeddable":true,"href":"https:\/\/www.nordestsanita.it\/index.php?rest_route=%2Fwp%2Fv2%2Fcomments&post=2391"}],"version-history":[{"count":1,"href":"https:\/\/www.nordestsanita.it\/index.php?rest_route=\/wp\/v2\/posts\/2391\/revisions"}],"predecessor-version":[{"id":2393,"href":"https:\/\/www.nordestsanita.it\/index.php?rest_route=\/wp\/v2\/posts\/2391\/revisions\/2393"}],"wp:featuredmedia":[{"embeddable":true,"href":"https:\/\/www.nordestsanita.it\/index.php?rest_route=\/wp\/v2\/media\/2392"}],"wp:attachment":[{"href":"https:\/\/www.nordestsanita.it\/index.php?rest_route=%2Fwp%2Fv2%2Fmedia&parent=2391"}],"wp:term":[{"taxonomy":"category","embeddable":true,"href":"https:\/\/www.nordestsanita.it\/index.php?rest_route=%2Fwp%2Fv2%2Fcategories&post=2391"},{"taxonomy":"post_tag","embeddable":true,"href":"https:\/\/www.nordestsanita.it\/index.php?rest_route=%2Fwp%2Fv2%2Ftags&post=2391"}],"curies":[{"name":"wp","href":"https:\/\/api.w.org\/{rel}","templated":true}]}}