{"id":2403,"date":"2025-05-26T11:55:16","date_gmt":"2025-05-26T09:55:16","guid":{"rendered":"https:\/\/www.nordestsanita.it\/?p=2403"},"modified":"2025-05-26T11:55:17","modified_gmt":"2025-05-26T09:55:17","slug":"giornata-del-sollievo-le-cure-palliative-dellulss-3","status":"publish","type":"post","link":"https:\/\/www.nordestsanita.it\/?p=2403","title":{"rendered":"<strong>Giornata del Sollievo: le Cure palliative dell&#8217;Ulss 3<\/strong>"},"content":{"rendered":"\n<p>Anche l\u2019Ulss\u00a03 Serenissima,\u00a0con\u00a0i suoi specialisti ed operatori competenti,\u00a0celebra nei prossimi giorni la\u00a0XXIV\u00a0Giornata\u00a0nazionale del Sollievo: luned\u00ec 26 maggio,\u00a0dalle 9:00 alle 15:00, operatori e specialisti si mettono in ascolto della\u00a0cittadinanza nelle sedi della\u00a0rete\u00a0territoriale delle Cure Palliative,\u00a0per dare\u00a0informazioni e rispondere alle domande sulle modalit\u00e0 di accesso alla rete\u00a0stessa\u00a0e sulla\u00a0gestione del dolore. &#8220;La Giornata del Sollievo &#8211; spiega il Direttore delle Cure Palliative, Giovanni Poles &#8211;\u00a0\u00e8 dedicata alla sensibilizzazione e alla promozione della cultura del\u00a0sollievo in ogni sua dimensione: fisica, psichica, morale e sociale, in particolare per\u00a0chi sta affrontando malattie in fase avanzata.\u00a0Puntare al sollievo in ogni sua dimensione \u00e8 fondamentale, perch\u00e9 la dimensione della cura \u00e8 sempre presente e possibile, anche l\u00e0 dove non si pu\u00f2 far regredire la malattia.\u00a0Il motivo cardine di questa Giornata \u00e8 pertanto sensibilizzare tutta la societ\u00e0 civile,\u00a0e non solo le persone sofferenti, alla cultura del sollievo&#8221;.<\/p>\n\n\n\n<p>Nella giornata di luned\u00ec 26 maggio sar\u00e0 possibile per gli utenti interessati contattare le sedi della rete territoriale, cio\u00e8 la sede delle\u00a0Cure Palliative\u00a0per\u00a0Venezia\u00a0e\u00a0Mestre, in\u00a0via Cappuccina,\u00a0telefonando al numero 041.2608066-041.2608016; i servizi del\u00a0Distretto\u00a0di\u00a0Mirano-Dolo, a\u00a0Camponogara\u00a0in\u00a0Piazzetta Unit\u00e0 d\u2019Italia, direttamente oppure\u00a0telefonando al numero 041.5133325; infine le Cure Palliative\u00a0per l&#8217;area di\u00a0Chioggia-Cavarzere, nella sede distrettuale\u00a0di\u00a0Viale Vespucci, direttamente oppure\u00a0telefonando al numero 338.4704013. L&#8217;attivit\u00e0 di Cure palliative \u00e8 presente in tutto il territorio dell&#8217;Ulss 3 Serenissima: &#8220;Pu\u00f2 essere erogata a domicilio, negli hospice, in ospedale, negli ambulatori dedicati, e presso le strutture residenziali &#8211; spiega il dottor Poles -. I nostri operatori si prendono cura in maniera attiva dei pazienti colpiti da una malattia che non risponde pi\u00f9 a trattamenti specifici, con il fine di migliorarne il pi\u00f9 possibile la qualit\u00e0 della vita, garantendo l&#8217;equit\u00e0 nell&#8217;accesso all&#8217;assistenza, la qualit\u00e0 nelle cure e la loro appropriatezza&#8221;.<\/p>\n","protected":false},"excerpt":{"rendered":"<p>Anche l\u2019Ulss\u00a03 Serenissima,\u00a0con\u00a0i suoi specialisti ed operatori competenti,\u00a0celebra nei prossimi giorni la\u00a0XXIV\u00a0Giornata\u00a0nazionale del Sollievo: luned\u00ec 26 maggio,\u00a0dalle 9:00 alle 15:00, operatori e specialisti si mettono in ascolto della\u00a0cittadinanza nelle sedi della\u00a0rete\u00a0territoriale delle Cure Palliative,\u00a0per dare\u00a0informazioni e rispondere alle domande sulle modalit\u00e0 di accesso alla rete\u00a0stessa\u00a0e sulla\u00a0gestione del dolore. &#8220;La Giornata del Sollievo &#8211; spiega il Direttore delle Cure Palliative, Giovanni Poles &#8211;\u00a0\u00e8 dedicata alla sensibilizzazione e alla promozione della cultura del\u00a0sollievo in ogni sua dimensione: fisica, psichica, morale e sociale, in particolare per\u00a0chi sta affrontando malattie in fase avanzata.\u00a0Puntare al sollievo in ogni sua dimensione \u00e8 fondamentale, perch\u00e9 la dimensione<\/p>\n","protected":false},"author":8,"featured_media":2175,"comment_status":"closed","ping_status":"open","sticky":false,"template":"","format":"standard","meta":[],"categories":[25],"tags":[462,618,35],"yoast_head":"<!-- This site is optimized with the Yoast SEO plugin v20.2 - https:\/\/yoast.com\/wordpress\/plugins\/seo\/ -->\n<title>Giornata del Sollievo: le Cure palliative dell&#039;Ulss 3 - NES<\/title>\n<meta name=\"robots\" content=\"index, follow, max-snippet:-1, max-image-preview:large, max-video-preview:-1\" \/>\n<link rel=\"canonical\" href=\"https:\/\/www.nordestsanita.it\/?p=2403\" \/>\n<meta property=\"og:locale\" content=\"it_IT\" \/>\n<meta property=\"og:type\" content=\"article\" \/>\n<meta property=\"og:title\" content=\"Giornata del Sollievo: le Cure palliative dell&#039;Ulss 3 - NES\" \/>\n<meta property=\"og:description\" content=\"Anche l\u2019Ulss\u00a03 Serenissima,\u00a0con\u00a0i suoi specialisti ed operatori competenti,\u00a0celebra nei prossimi giorni la\u00a0XXIV\u00a0Giornata\u00a0nazionale del Sollievo: luned\u00ec 26 maggio,\u00a0dalle 9:00 alle 15:00, operatori e specialisti si mettono in ascolto della\u00a0cittadinanza nelle sedi della\u00a0rete\u00a0territoriale delle Cure Palliative,\u00a0per dare\u00a0informazioni e rispondere alle domande sulle modalit\u00e0 di accesso alla rete\u00a0stessa\u00a0e sulla\u00a0gestione del dolore. &#8220;La Giornata del Sollievo &#8211; spiega il Direttore delle Cure Palliative, Giovanni Poles &#8211;\u00a0\u00e8 dedicata alla sensibilizzazione e alla promozione della cultura del\u00a0sollievo in ogni sua dimensione: fisica, psichica, morale e sociale, in particolare per\u00a0chi sta affrontando malattie in fase avanzata.\u00a0Puntare al sollievo in ogni sua dimensione \u00e8 fondamentale, perch\u00e9 la dimensione\" \/>\n<meta property=\"og:url\" content=\"https:\/\/www.nordestsanita.it\/?p=2403\" \/>\n<meta property=\"og:site_name\" content=\"NES\" \/>\n<meta property=\"article:published_time\" content=\"2025-05-26T09:55:16+00:00\" \/>\n<meta property=\"article:modified_time\" content=\"2025-05-26T09:55:17+00:00\" \/>\n<meta property=\"og:image\" content=\"https:\/\/www.nordestsanita.it\/wp-content\/uploads\/2025\/02\/dependent-100345_1280.jpg\" \/>\n\t<meta property=\"og:image:width\" content=\"1280\" \/>\n\t<meta property=\"og:image:height\" content=\"960\" \/>\n\t<meta property=\"og:image:type\" content=\"image\/jpeg\" \/>\n<meta name=\"author\" content=\"Redazione\" \/>\n<meta name=\"twitter:card\" content=\"summary_large_image\" \/>\n<meta name=\"twitter:label1\" content=\"Scritto da\" \/>\n\t<meta name=\"twitter:data1\" content=\"Redazione\" \/>\n\t<meta name=\"twitter:label2\" content=\"Tempo di lettura stimato\" \/>\n\t<meta name=\"twitter:data2\" content=\"2 minuti\" \/>\n<script type=\"application\/ld+json\" class=\"yoast-schema-graph\">{\"@context\":\"https:\/\/schema.org\",\"@graph\":[{\"@type\":\"Article\",\"@id\":\"https:\/\/www.nordestsanita.it\/?p=2403#article\",\"isPartOf\":{\"@id\":\"https:\/\/www.nordestsanita.it\/?p=2403\"},\"author\":{\"name\":\"Redazione\",\"@id\":\"https:\/\/www.nordestsanita.it\/#\/schema\/person\/e5a7dc6dca45cb55e67d4a127b0e969a\"},\"headline\":\"Giornata del Sollievo: le Cure palliative dell&#8217;Ulss 3\",\"datePublished\":\"2025-05-26T09:55:16+00:00\",\"dateModified\":\"2025-05-26T09:55:17+00:00\",\"mainEntityOfPage\":{\"@id\":\"https:\/\/www.nordestsanita.it\/?p=2403\"},\"wordCount\":311,\"publisher\":{\"@id\":\"https:\/\/www.nordestsanita.it\/#organization\"},\"keywords\":[\"cure palliative\",\"Giornata sollievo\",\"ulss 3\"],\"articleSection\":[\"Sanit\u00e0\"],\"inLanguage\":\"it-IT\"},{\"@type\":\"WebPage\",\"@id\":\"https:\/\/www.nordestsanita.it\/?p=2403\",\"url\":\"https:\/\/www.nordestsanita.it\/?p=2403\",\"name\":\"Giornata del Sollievo: le Cure palliative dell'Ulss 3 - NES\",\"isPartOf\":{\"@id\":\"https:\/\/www.nordestsanita.it\/#website\"},\"datePublished\":\"2025-05-26T09:55:16+00:00\",\"dateModified\":\"2025-05-26T09:55:17+00:00\",\"breadcrumb\":{\"@id\":\"https:\/\/www.nordestsanita.it\/?p=2403#breadcrumb\"},\"inLanguage\":\"it-IT\",\"potentialAction\":[{\"@type\":\"ReadAction\",\"target\":[\"https:\/\/www.nordestsanita.it\/?p=2403\"]}]},{\"@type\":\"BreadcrumbList\",\"@id\":\"https:\/\/www.nordestsanita.it\/?p=2403#breadcrumb\",\"itemListElement\":[{\"@type\":\"ListItem\",\"position\":1,\"name\":\"Home\",\"item\":\"https:\/\/www.nordestsanita.it\/\"},{\"@type\":\"ListItem\",\"position\":2,\"name\":\"Giornata del Sollievo: le Cure palliative dell&#8217;Ulss 3\"}]},{\"@type\":\"WebSite\",\"@id\":\"https:\/\/www.nordestsanita.it\/#website\",\"url\":\"https:\/\/www.nordestsanita.it\/\",\"name\":\"NES\",\"description\":\"Nord Est Sanit\u00e0\",\"publisher\":{\"@id\":\"https:\/\/www.nordestsanita.it\/#organization\"},\"potentialAction\":[{\"@type\":\"SearchAction\",\"target\":{\"@type\":\"EntryPoint\",\"urlTemplate\":\"https:\/\/www.nordestsanita.it\/?s={search_term_string}\"},\"query-input\":\"required name=search_term_string\"}],\"inLanguage\":\"it-IT\"},{\"@type\":\"Organization\",\"@id\":\"https:\/\/www.nordestsanita.it\/#organization\",\"name\":\"NES\",\"url\":\"https:\/\/www.nordestsanita.it\/\",\"logo\":{\"@type\":\"ImageObject\",\"inLanguage\":\"it-IT\",\"@id\":\"https:\/\/www.nordestsanita.it\/#\/schema\/logo\/image\/\",\"url\":\"https:\/\/www.nordestsanita.it\/wp-content\/uploads\/2021\/05\/NES-1280.png\",\"contentUrl\":\"https:\/\/www.nordestsanita.it\/wp-content\/uploads\/2021\/05\/NES-1280.png\",\"width\":1280,\"height\":458,\"caption\":\"NES\"},\"image\":{\"@id\":\"https:\/\/www.nordestsanita.it\/#\/schema\/logo\/image\/\"}},{\"@type\":\"Person\",\"@id\":\"https:\/\/www.nordestsanita.it\/#\/schema\/person\/e5a7dc6dca45cb55e67d4a127b0e969a\",\"name\":\"Redazione\",\"image\":{\"@type\":\"ImageObject\",\"inLanguage\":\"it-IT\",\"@id\":\"https:\/\/www.nordestsanita.it\/#\/schema\/person\/image\/\",\"url\":\"https:\/\/secure.gravatar.com\/avatar\/3f19a9b3d671ea36ec67c4badf3f961a?s=96&d=mm&r=g\",\"contentUrl\":\"https:\/\/secure.gravatar.com\/avatar\/3f19a9b3d671ea36ec67c4badf3f961a?s=96&d=mm&r=g\",\"caption\":\"Redazione\"},\"url\":\"https:\/\/www.nordestsanita.it\/?author=8\"}]}<\/script>\n<!-- \/ Yoast SEO plugin. -->","yoast_head_json":{"title":"Giornata del Sollievo: le Cure palliative dell'Ulss 3 - NES","robots":{"index":"index","follow":"follow","max-snippet":"max-snippet:-1","max-image-preview":"max-image-preview:large","max-video-preview":"max-video-preview:-1"},"canonical":"https:\/\/www.nordestsanita.it\/?p=2403","og_locale":"it_IT","og_type":"article","og_title":"Giornata del Sollievo: le Cure palliative dell'Ulss 3 - NES","og_description":"Anche l\u2019Ulss\u00a03 Serenissima,\u00a0con\u00a0i suoi specialisti ed operatori competenti,\u00a0celebra nei prossimi giorni la\u00a0XXIV\u00a0Giornata\u00a0nazionale del Sollievo: luned\u00ec 26 maggio,\u00a0dalle 9:00 alle 15:00, operatori e specialisti si mettono in ascolto della\u00a0cittadinanza nelle sedi della\u00a0rete\u00a0territoriale delle Cure Palliative,\u00a0per dare\u00a0informazioni e rispondere alle domande sulle modalit\u00e0 di accesso alla rete\u00a0stessa\u00a0e sulla\u00a0gestione del dolore. &#8220;La Giornata del Sollievo &#8211; spiega il Direttore delle Cure Palliative, Giovanni Poles &#8211;\u00a0\u00e8 dedicata alla sensibilizzazione e alla promozione della cultura del\u00a0sollievo in ogni sua dimensione: fisica, psichica, morale e sociale, in particolare per\u00a0chi sta affrontando malattie in fase avanzata.\u00a0Puntare al sollievo in ogni sua dimensione \u00e8 fondamentale, perch\u00e9 la dimensione","og_url":"https:\/\/www.nordestsanita.it\/?p=2403","og_site_name":"NES","article_published_time":"2025-05-26T09:55:16+00:00","article_modified_time":"2025-05-26T09:55:17+00:00","og_image":[{"width":1280,"height":960,"url":"https:\/\/www.nordestsanita.it\/wp-content\/uploads\/2025\/02\/dependent-100345_1280.jpg","type":"image\/jpeg"}],"author":"Redazione","twitter_card":"summary_large_image","twitter_misc":{"Scritto da":"Redazione","Tempo di lettura stimato":"2 minuti"},"schema":{"@context":"https:\/\/schema.org","@graph":[{"@type":"Article","@id":"https:\/\/www.nordestsanita.it\/?p=2403#article","isPartOf":{"@id":"https:\/\/www.nordestsanita.it\/?p=2403"},"author":{"name":"Redazione","@id":"https:\/\/www.nordestsanita.it\/#\/schema\/person\/e5a7dc6dca45cb55e67d4a127b0e969a"},"headline":"Giornata del Sollievo: le Cure palliative dell&#8217;Ulss 3","datePublished":"2025-05-26T09:55:16+00:00","dateModified":"2025-05-26T09:55:17+00:00","mainEntityOfPage":{"@id":"https:\/\/www.nordestsanita.it\/?p=2403"},"wordCount":311,"publisher":{"@id":"https:\/\/www.nordestsanita.it\/#organization"},"keywords":["cure palliative","Giornata sollievo","ulss 3"],"articleSection":["Sanit\u00e0"],"inLanguage":"it-IT"},{"@type":"WebPage","@id":"https:\/\/www.nordestsanita.it\/?p=2403","url":"https:\/\/www.nordestsanita.it\/?p=2403","name":"Giornata del Sollievo: le Cure palliative dell'Ulss 3 - NES","isPartOf":{"@id":"https:\/\/www.nordestsanita.it\/#website"},"datePublished":"2025-05-26T09:55:16+00:00","dateModified":"2025-05-26T09:55:17+00:00","breadcrumb":{"@id":"https:\/\/www.nordestsanita.it\/?p=2403#breadcrumb"},"inLanguage":"it-IT","potentialAction":[{"@type":"ReadAction","target":["https:\/\/www.nordestsanita.it\/?p=2403"]}]},{"@type":"BreadcrumbList","@id":"https:\/\/www.nordestsanita.it\/?p=2403#breadcrumb","itemListElement":[{"@type":"ListItem","position":1,"name":"Home","item":"https:\/\/www.nordestsanita.it\/"},{"@type":"ListItem","position":2,"name":"Giornata del Sollievo: le Cure palliative dell&#8217;Ulss 3"}]},{"@type":"WebSite","@id":"https:\/\/www.nordestsanita.it\/#website","url":"https:\/\/www.nordestsanita.it\/","name":"NES","description":"Nord Est Sanit\u00e0","publisher":{"@id":"https:\/\/www.nordestsanita.it\/#organization"},"potentialAction":[{"@type":"SearchAction","target":{"@type":"EntryPoint","urlTemplate":"https:\/\/www.nordestsanita.it\/?s={search_term_string}"},"query-input":"required name=search_term_string"}],"inLanguage":"it-IT"},{"@type":"Organization","@id":"https:\/\/www.nordestsanita.it\/#organization","name":"NES","url":"https:\/\/www.nordestsanita.it\/","logo":{"@type":"ImageObject","inLanguage":"it-IT","@id":"https:\/\/www.nordestsanita.it\/#\/schema\/logo\/image\/","url":"https:\/\/www.nordestsanita.it\/wp-content\/uploads\/2021\/05\/NES-1280.png","contentUrl":"https:\/\/www.nordestsanita.it\/wp-content\/uploads\/2021\/05\/NES-1280.png","width":1280,"height":458,"caption":"NES"},"image":{"@id":"https:\/\/www.nordestsanita.it\/#\/schema\/logo\/image\/"}},{"@type":"Person","@id":"https:\/\/www.nordestsanita.it\/#\/schema\/person\/e5a7dc6dca45cb55e67d4a127b0e969a","name":"Redazione","image":{"@type":"ImageObject","inLanguage":"it-IT","@id":"https:\/\/www.nordestsanita.it\/#\/schema\/person\/image\/","url":"https:\/\/secure.gravatar.com\/avatar\/3f19a9b3d671ea36ec67c4badf3f961a?s=96&d=mm&r=g","contentUrl":"https:\/\/secure.gravatar.com\/avatar\/3f19a9b3d671ea36ec67c4badf3f961a?s=96&d=mm&r=g","caption":"Redazione"},"url":"https:\/\/www.nordestsanita.it\/?author=8"}]}},"jetpack_featured_media_url":"https:\/\/www.nordestsanita.it\/wp-content\/uploads\/2025\/02\/dependent-100345_1280.jpg","_links":{"self":[{"href":"https:\/\/www.nordestsanita.it\/index.php?rest_route=\/wp\/v2\/posts\/2403"}],"collection":[{"href":"https:\/\/www.nordestsanita.it\/index.php?rest_route=\/wp\/v2\/posts"}],"about":[{"href":"https:\/\/www.nordestsanita.it\/index.php?rest_route=\/wp\/v2\/types\/post"}],"author":[{"embeddable":true,"href":"https:\/\/www.nordestsanita.it\/index.php?rest_route=\/wp\/v2\/users\/8"}],"replies":[{"embeddable":true,"href":"https:\/\/www.nordestsanita.it\/index.php?rest_route=%2Fwp%2Fv2%2Fcomments&post=2403"}],"version-history":[{"count":1,"href":"https:\/\/www.nordestsanita.it\/index.php?rest_route=\/wp\/v2\/posts\/2403\/revisions"}],"predecessor-version":[{"id":2404,"href":"https:\/\/www.nordestsanita.it\/index.php?rest_route=\/wp\/v2\/posts\/2403\/revisions\/2404"}],"wp:featuredmedia":[{"embeddable":true,"href":"https:\/\/www.nordestsanita.it\/index.php?rest_route=\/wp\/v2\/media\/2175"}],"wp:attachment":[{"href":"https:\/\/www.nordestsanita.it\/index.php?rest_route=%2Fwp%2Fv2%2Fmedia&parent=2403"}],"wp:term":[{"taxonomy":"category","embeddable":true,"href":"https:\/\/www.nordestsanita.it\/index.php?rest_route=%2Fwp%2Fv2%2Fcategories&post=2403"},{"taxonomy":"post_tag","embeddable":true,"href":"https:\/\/www.nordestsanita.it\/index.php?rest_route=%2Fwp%2Fv2%2Ftags&post=2403"}],"curies":[{"name":"wp","href":"https:\/\/api.w.org\/{rel}","templated":true}]}}