{"id":2411,"date":"2025-05-29T15:06:44","date_gmt":"2025-05-29T13:06:44","guid":{"rendered":"https:\/\/www.nordestsanita.it\/?p=2411"},"modified":"2025-05-29T15:06:45","modified_gmt":"2025-05-29T13:06:45","slug":"la-legge-regionale-quadro-sulle-politiche-familiari-compie-5-anni","status":"publish","type":"post","link":"https:\/\/www.nordestsanita.it\/?p=2411","title":{"rendered":"La Legge regionale quadro sulle politiche familiari compie 5 anni."},"content":{"rendered":"\n<figure class=\"wp-block-table\"><table><tbody><tr><td>\u00a0&#8220;Uno strumento fondamentale per rispondere alla complessit\u00e0 della societ\u00e0 odierna che ha dimostrato tutta la sua efficacia, consentendo di attivare\u00a0quasi 70 milioni di euro\u00a0per accompagnare il ciclo vitale della famiglia in tutte le sue evoluzioni. Dal 2020, anno della sua approvazione, la legge regionale quadro sulle politiche familiari ha consentito di promuovere, nelle nostre comunit\u00e0, politiche programmate che\u00a0hanno messo al centro la famiglia, intesa come luogo primario di relazione e cura, in cui l\u2019individuo cresce ed evolve\u201d. A cinque anni di distanza dall\u2019approvazione dalla Legge Regionale 28 maggio 2020, n. 20, \u201cInterventi a sostegno della famiglia e della natalit\u00e0\u201d, entrata in vigore il 30 maggio dello stesso anno, l\u2019assessore alla Sanit\u00e0 e al sociale, Manuela Lanzarin, traccia un bilancio della legge quadro di cui ora \u00e8 in corso la nuova programmazione per l\u2019anno 2025.\u00a0 <br>\u201cUno degli elementi di novit\u00e0 previsti dalla norma\u00a0\u2013 spiega l\u2019assessore \u2013 \u00e8 stata l\u2019introduzione del fattore familiare, che, se applicato, migliora la valutazione della situazione familiare rispetto al ben noto indicatore\u00a0nazionale\u00a0ISEE. Si tratta di uno strumento integrativo per definire le condizioni economiche e sociali della famiglia,\u00a0che accede alle prestazioni sociali ed ai servizi a domanda individuale,\u00a0al fine di cogliere in modo pi\u00f9 preciso e attento le molteplici dimensioni del bisogno.\u00a0Lo strumento \u00e8 utilizzato dagli Ambiti Territoriali Sociali (ATS) e ritengo sarebbe molto utile applicarlo anche alle politiche locali, per gli effetti che determina, garantendo una maggiore equit\u00e0 nell\u2019accesso ai servizi locali. Potrebbe infatti diventare un utile strumento di programmazione locale\u201d. In cinque anni la Legge Regionale n.20 del 2020 ha consentito di mettere a frutto\u00a0quasi 70 milioni di euro, cos\u00ec articolati: Alleanze territoriali per la famiglia: 1.600.000,00 \u20ac Reti territoriali costituite da enti locali (anche associati) che &#8211; in collaborazione e in accordo anche con altri enti pubblici e organismi sociali, economici e culturali &#8211; promuovono, nelle comunit\u00e0 locali, iniziative di politiche attente ai\u00a0bisogni delle famiglie, attivando ad esempio sinergie territoriali, iniziative formative, erogazione di contributi economici. <br>Sportello per la famiglia: 1.500.000,00 \u20ac <br>1.\u00a0\u00a0Diffusione, a favore delle famiglie e delle persone interessate a costituirne una, di informazioni relative ai servizi, alle realt\u00e0 e alle opportunit\u00e0 per la comunit\u00e0\u00a0del territorio (con particolare riguardo a quella del locale \u201cPiano di zona dei servizi sociali\u201d), in merito ai temi e agli ambiti di interesse per la famiglia: relazione di coppia, gestione\/educazione\/cura dei figli, necessit\u00e0 di assistenza a familiari\/congiunti anziani-disabili, conciliazione vita-lavoro, agevolazioni esistenti. <br>2. Ascolto del bisogno espresso dalle famiglie-utenti ed orientamento ai servizi pi\u00f9 appropriati del territorio, erogati da soggetti pubblici o privati (autorizzati ai sensi della normativa vigente), in grado di offrire il sostegno necessario alla famiglia, con particolare attenzione agli aspetti sociali, psicologici e legali.\u00a0 <br>Famiglie fragili: 24.400.000,00 \u20ac\u00a0 \u00a0 \u00a0 \u00a0\u00a0 <br>Attivazione di progetti finalizzati ad evitare nuove emarginazioni sociali e a garantire le condizioni per svolgere il ruolo genitoriale, la prosecuzione di una vita dignitosa e il recupero dell&#8217;autonomia del nucleo familiare nella particolare situazione che si determina in seguito alla condizione di: <br>1. famiglia con figli minori di et\u00e0 rimasti orfani di uno o di entrambi i genitori; <br>2. famiglia monoparentale (figli riconosciuti alla nascita da un solo genitore, un solo genitore con uno o pi\u00f9 figli, un solo genitore convivente con ascendenti e\/o parenti e con uno o pi\u00f9 figli, genitori separati o divorziati con figli a carico); <br>3. famiglia con figli a seguito di parto trigemellare; <br>4. famiglia con numero di figli pari o superiore a 4. Fattore famiglia: 5.295.400,00 \u20ac Introduzione dell\u2019indicatore\u00a0sintetico della situazione reddituale e patrimoniale, che garantisce condizioni migliorative ed integra ogni altro indicatore, coefficiente e quoziente di premialit\u00e0 per le famiglie, al fine\u00a0di individuare eque modalit\u00e0 di accesso alle prestazioni sociali e ai servizi a domanda individuale erogati dai Comuni. Interventi a sostegno della natalit\u00e0: 5.295.400,00\u00a0\u20ac\u00a0 Intervento economico per ogni nuovo nato. <br>Potenziamento dei Consultori familiari\u00a0\u00a0\u00a0\u00a0\u00a0\u00a0\u00a0\u00a0\u00a0 <br>\u2022\u00a0\u00a0\u00a0\u00a0\u00a0\u00a0\u00a0\u00a0\u00a0\u00a0Trasferimento economico alle Aziende ULSS vincolato al potenziamento dei Consultori familari per le azioni di sostegno alla coppia nella delicata fase di costituzione e di transizione in famiglia con la nascita di un figlio ma anche alle azioni volte alla\u00a0precoce individuazione di situazioni di disagio familiare e al sostegno per il recupero delle competenze genitoriali nei casi di allontanamento del minore (cos\u00ec da ridurne l\u2019istituzionalizzazione). Fondi dal 2020 al 2024: 14.198.289,09 \u20ac <br>\u2022\u00a0\u00a0\u00a0\u00a0\u00a0\u00a0\u00a0\u00a0\u00a0\u00a0Sostegno economico al servizio di consulenza e di assistenza al singolo, alla coppia ed alla famiglia, in atto o in via di formazione erogato, senza fine di lucro, dai &#8220;Consultori familiari socio-educativi&#8221; (di cui alla L.R. 28\/1977). Fondi dal 2020 al 2024: 1.824.913,70 \u20ac Valutazione d&#8217;impatto familiare: 300.000,00 \u20ac<br>Valutazione qualitativa e quantitativa (sul breve, medio e lungo periodo) degli effetti delle attivit\u00e0 svolte sulla comunit\u00e0 territoriale di riferimento rispetto alle politiche perseguite in ambito di sostegno della famiglia e della natalit\u00e0.<\/td><\/tr><\/tbody><\/table><\/figure>\n","protected":false},"excerpt":{"rendered":"<p>\u00a0&#8220;Uno strumento fondamentale per rispondere alla complessit\u00e0 della societ\u00e0 odierna che ha dimostrato tutta la sua efficacia, consentendo di attivare\u00a0quasi 70 milioni di euro\u00a0per accompagnare il ciclo vitale della famiglia in tutte le sue evoluzioni. Dal 2020, anno della sua approvazione, la legge regionale quadro sulle politiche familiari ha consentito di promuovere, nelle nostre comunit\u00e0, politiche programmate che\u00a0hanno messo al centro la famiglia, intesa come luogo primario di relazione e cura, in cui l\u2019individuo cresce ed evolve\u201d. A cinque anni di distanza dall\u2019approvazione dalla Legge Regionale 28 maggio 2020, n. 20, \u201cInterventi a sostegno della famiglia e della natalit\u00e0\u201d, entrata<\/p>\n","protected":false},"author":8,"featured_media":2412,"comment_status":"closed","ping_status":"open","sticky":false,"template":"","format":"standard","meta":[],"categories":[25],"tags":[622,621],"yoast_head":"<!-- This site is optimized with the Yoast SEO plugin v20.2 - https:\/\/yoast.com\/wordpress\/plugins\/seo\/ -->\n<title>La Legge regionale quadro sulle politiche familiari compie 5 anni. - NES<\/title>\n<meta name=\"robots\" content=\"index, follow, max-snippet:-1, max-image-preview:large, max-video-preview:-1\" \/>\n<link rel=\"canonical\" href=\"https:\/\/www.nordestsanita.it\/?p=2411\" \/>\n<meta property=\"og:locale\" content=\"it_IT\" \/>\n<meta property=\"og:type\" content=\"article\" \/>\n<meta property=\"og:title\" content=\"La Legge regionale quadro sulle politiche familiari compie 5 anni. - NES\" \/>\n<meta property=\"og:description\" content=\"\u00a0&#8220;Uno strumento fondamentale per rispondere alla complessit\u00e0 della societ\u00e0 odierna che ha dimostrato tutta la sua efficacia, consentendo di attivare\u00a0quasi 70 milioni di euro\u00a0per accompagnare il ciclo vitale della famiglia in tutte le sue evoluzioni. Dal 2020, anno della sua approvazione, la legge regionale quadro sulle politiche familiari ha consentito di promuovere, nelle nostre comunit\u00e0, politiche programmate che\u00a0hanno messo al centro la famiglia, intesa come luogo primario di relazione e cura, in cui l\u2019individuo cresce ed evolve\u201d. A cinque anni di distanza dall\u2019approvazione dalla Legge Regionale 28 maggio 2020, n. 20, \u201cInterventi a sostegno della famiglia e della natalit\u00e0\u201d, entrata\" \/>\n<meta property=\"og:url\" content=\"https:\/\/www.nordestsanita.it\/?p=2411\" \/>\n<meta property=\"og:site_name\" content=\"NES\" \/>\n<meta property=\"article:published_time\" content=\"2025-05-29T13:06:44+00:00\" \/>\n<meta property=\"article:modified_time\" content=\"2025-05-29T13:06:45+00:00\" \/>\n<meta property=\"og:image\" content=\"https:\/\/www.nordestsanita.it\/wp-content\/uploads\/2025\/05\/family-7392843_1280.jpg\" \/>\n\t<meta property=\"og:image:width\" content=\"1280\" \/>\n\t<meta property=\"og:image:height\" content=\"853\" \/>\n\t<meta property=\"og:image:type\" content=\"image\/jpeg\" \/>\n<meta name=\"author\" content=\"Redazione\" \/>\n<meta name=\"twitter:card\" content=\"summary_large_image\" \/>\n<meta name=\"twitter:label1\" content=\"Scritto da\" \/>\n\t<meta name=\"twitter:data1\" content=\"Redazione\" \/>\n\t<meta name=\"twitter:label2\" content=\"Tempo di lettura stimato\" \/>\n\t<meta name=\"twitter:data2\" content=\"5 minuti\" \/>\n<script type=\"application\/ld+json\" class=\"yoast-schema-graph\">{\"@context\":\"https:\/\/schema.org\",\"@graph\":[{\"@type\":\"Article\",\"@id\":\"https:\/\/www.nordestsanita.it\/?p=2411#article\",\"isPartOf\":{\"@id\":\"https:\/\/www.nordestsanita.it\/?p=2411\"},\"author\":{\"name\":\"Redazione\",\"@id\":\"https:\/\/www.nordestsanita.it\/#\/schema\/person\/e5a7dc6dca45cb55e67d4a127b0e969a\"},\"headline\":\"La Legge regionale quadro sulle politiche familiari compie 5 anni.\",\"datePublished\":\"2025-05-29T13:06:44+00:00\",\"dateModified\":\"2025-05-29T13:06:45+00:00\",\"mainEntityOfPage\":{\"@id\":\"https:\/\/www.nordestsanita.it\/?p=2411\"},\"wordCount\":778,\"publisher\":{\"@id\":\"https:\/\/www.nordestsanita.it\/#organization\"},\"keywords\":[\"legge regionale\",\"sportello famiglia\"],\"articleSection\":[\"Sanit\u00e0\"],\"inLanguage\":\"it-IT\"},{\"@type\":\"WebPage\",\"@id\":\"https:\/\/www.nordestsanita.it\/?p=2411\",\"url\":\"https:\/\/www.nordestsanita.it\/?p=2411\",\"name\":\"La Legge regionale quadro sulle politiche familiari compie 5 anni. - NES\",\"isPartOf\":{\"@id\":\"https:\/\/www.nordestsanita.it\/#website\"},\"datePublished\":\"2025-05-29T13:06:44+00:00\",\"dateModified\":\"2025-05-29T13:06:45+00:00\",\"breadcrumb\":{\"@id\":\"https:\/\/www.nordestsanita.it\/?p=2411#breadcrumb\"},\"inLanguage\":\"it-IT\",\"potentialAction\":[{\"@type\":\"ReadAction\",\"target\":[\"https:\/\/www.nordestsanita.it\/?p=2411\"]}]},{\"@type\":\"BreadcrumbList\",\"@id\":\"https:\/\/www.nordestsanita.it\/?p=2411#breadcrumb\",\"itemListElement\":[{\"@type\":\"ListItem\",\"position\":1,\"name\":\"Home\",\"item\":\"https:\/\/www.nordestsanita.it\/\"},{\"@type\":\"ListItem\",\"position\":2,\"name\":\"La Legge regionale quadro sulle politiche familiari compie 5 anni.\"}]},{\"@type\":\"WebSite\",\"@id\":\"https:\/\/www.nordestsanita.it\/#website\",\"url\":\"https:\/\/www.nordestsanita.it\/\",\"name\":\"NES\",\"description\":\"Nord Est Sanit\u00e0\",\"publisher\":{\"@id\":\"https:\/\/www.nordestsanita.it\/#organization\"},\"potentialAction\":[{\"@type\":\"SearchAction\",\"target\":{\"@type\":\"EntryPoint\",\"urlTemplate\":\"https:\/\/www.nordestsanita.it\/?s={search_term_string}\"},\"query-input\":\"required name=search_term_string\"}],\"inLanguage\":\"it-IT\"},{\"@type\":\"Organization\",\"@id\":\"https:\/\/www.nordestsanita.it\/#organization\",\"name\":\"NES\",\"url\":\"https:\/\/www.nordestsanita.it\/\",\"logo\":{\"@type\":\"ImageObject\",\"inLanguage\":\"it-IT\",\"@id\":\"https:\/\/www.nordestsanita.it\/#\/schema\/logo\/image\/\",\"url\":\"https:\/\/www.nordestsanita.it\/wp-content\/uploads\/2021\/05\/NES-1280.png\",\"contentUrl\":\"https:\/\/www.nordestsanita.it\/wp-content\/uploads\/2021\/05\/NES-1280.png\",\"width\":1280,\"height\":458,\"caption\":\"NES\"},\"image\":{\"@id\":\"https:\/\/www.nordestsanita.it\/#\/schema\/logo\/image\/\"}},{\"@type\":\"Person\",\"@id\":\"https:\/\/www.nordestsanita.it\/#\/schema\/person\/e5a7dc6dca45cb55e67d4a127b0e969a\",\"name\":\"Redazione\",\"image\":{\"@type\":\"ImageObject\",\"inLanguage\":\"it-IT\",\"@id\":\"https:\/\/www.nordestsanita.it\/#\/schema\/person\/image\/\",\"url\":\"https:\/\/secure.gravatar.com\/avatar\/3f19a9b3d671ea36ec67c4badf3f961a?s=96&d=mm&r=g\",\"contentUrl\":\"https:\/\/secure.gravatar.com\/avatar\/3f19a9b3d671ea36ec67c4badf3f961a?s=96&d=mm&r=g\",\"caption\":\"Redazione\"},\"url\":\"https:\/\/www.nordestsanita.it\/?author=8\"}]}<\/script>\n<!-- \/ Yoast SEO plugin. -->","yoast_head_json":{"title":"La Legge regionale quadro sulle politiche familiari compie 5 anni. - NES","robots":{"index":"index","follow":"follow","max-snippet":"max-snippet:-1","max-image-preview":"max-image-preview:large","max-video-preview":"max-video-preview:-1"},"canonical":"https:\/\/www.nordestsanita.it\/?p=2411","og_locale":"it_IT","og_type":"article","og_title":"La Legge regionale quadro sulle politiche familiari compie 5 anni. - NES","og_description":"\u00a0&#8220;Uno strumento fondamentale per rispondere alla complessit\u00e0 della societ\u00e0 odierna che ha dimostrato tutta la sua efficacia, consentendo di attivare\u00a0quasi 70 milioni di euro\u00a0per accompagnare il ciclo vitale della famiglia in tutte le sue evoluzioni. Dal 2020, anno della sua approvazione, la legge regionale quadro sulle politiche familiari ha consentito di promuovere, nelle nostre comunit\u00e0, politiche programmate che\u00a0hanno messo al centro la famiglia, intesa come luogo primario di relazione e cura, in cui l\u2019individuo cresce ed evolve\u201d. A cinque anni di distanza dall\u2019approvazione dalla Legge Regionale 28 maggio 2020, n. 20, \u201cInterventi a sostegno della famiglia e della natalit\u00e0\u201d, entrata","og_url":"https:\/\/www.nordestsanita.it\/?p=2411","og_site_name":"NES","article_published_time":"2025-05-29T13:06:44+00:00","article_modified_time":"2025-05-29T13:06:45+00:00","og_image":[{"width":1280,"height":853,"url":"https:\/\/www.nordestsanita.it\/wp-content\/uploads\/2025\/05\/family-7392843_1280.jpg","type":"image\/jpeg"}],"author":"Redazione","twitter_card":"summary_large_image","twitter_misc":{"Scritto da":"Redazione","Tempo di lettura stimato":"5 minuti"},"schema":{"@context":"https:\/\/schema.org","@graph":[{"@type":"Article","@id":"https:\/\/www.nordestsanita.it\/?p=2411#article","isPartOf":{"@id":"https:\/\/www.nordestsanita.it\/?p=2411"},"author":{"name":"Redazione","@id":"https:\/\/www.nordestsanita.it\/#\/schema\/person\/e5a7dc6dca45cb55e67d4a127b0e969a"},"headline":"La Legge regionale quadro sulle politiche familiari compie 5 anni.","datePublished":"2025-05-29T13:06:44+00:00","dateModified":"2025-05-29T13:06:45+00:00","mainEntityOfPage":{"@id":"https:\/\/www.nordestsanita.it\/?p=2411"},"wordCount":778,"publisher":{"@id":"https:\/\/www.nordestsanita.it\/#organization"},"keywords":["legge regionale","sportello famiglia"],"articleSection":["Sanit\u00e0"],"inLanguage":"it-IT"},{"@type":"WebPage","@id":"https:\/\/www.nordestsanita.it\/?p=2411","url":"https:\/\/www.nordestsanita.it\/?p=2411","name":"La Legge regionale quadro sulle politiche familiari compie 5 anni. - NES","isPartOf":{"@id":"https:\/\/www.nordestsanita.it\/#website"},"datePublished":"2025-05-29T13:06:44+00:00","dateModified":"2025-05-29T13:06:45+00:00","breadcrumb":{"@id":"https:\/\/www.nordestsanita.it\/?p=2411#breadcrumb"},"inLanguage":"it-IT","potentialAction":[{"@type":"ReadAction","target":["https:\/\/www.nordestsanita.it\/?p=2411"]}]},{"@type":"BreadcrumbList","@id":"https:\/\/www.nordestsanita.it\/?p=2411#breadcrumb","itemListElement":[{"@type":"ListItem","position":1,"name":"Home","item":"https:\/\/www.nordestsanita.it\/"},{"@type":"ListItem","position":2,"name":"La Legge regionale quadro sulle politiche familiari compie 5 anni."}]},{"@type":"WebSite","@id":"https:\/\/www.nordestsanita.it\/#website","url":"https:\/\/www.nordestsanita.it\/","name":"NES","description":"Nord Est Sanit\u00e0","publisher":{"@id":"https:\/\/www.nordestsanita.it\/#organization"},"potentialAction":[{"@type":"SearchAction","target":{"@type":"EntryPoint","urlTemplate":"https:\/\/www.nordestsanita.it\/?s={search_term_string}"},"query-input":"required name=search_term_string"}],"inLanguage":"it-IT"},{"@type":"Organization","@id":"https:\/\/www.nordestsanita.it\/#organization","name":"NES","url":"https:\/\/www.nordestsanita.it\/","logo":{"@type":"ImageObject","inLanguage":"it-IT","@id":"https:\/\/www.nordestsanita.it\/#\/schema\/logo\/image\/","url":"https:\/\/www.nordestsanita.it\/wp-content\/uploads\/2021\/05\/NES-1280.png","contentUrl":"https:\/\/www.nordestsanita.it\/wp-content\/uploads\/2021\/05\/NES-1280.png","width":1280,"height":458,"caption":"NES"},"image":{"@id":"https:\/\/www.nordestsanita.it\/#\/schema\/logo\/image\/"}},{"@type":"Person","@id":"https:\/\/www.nordestsanita.it\/#\/schema\/person\/e5a7dc6dca45cb55e67d4a127b0e969a","name":"Redazione","image":{"@type":"ImageObject","inLanguage":"it-IT","@id":"https:\/\/www.nordestsanita.it\/#\/schema\/person\/image\/","url":"https:\/\/secure.gravatar.com\/avatar\/3f19a9b3d671ea36ec67c4badf3f961a?s=96&d=mm&r=g","contentUrl":"https:\/\/secure.gravatar.com\/avatar\/3f19a9b3d671ea36ec67c4badf3f961a?s=96&d=mm&r=g","caption":"Redazione"},"url":"https:\/\/www.nordestsanita.it\/?author=8"}]}},"jetpack_featured_media_url":"https:\/\/www.nordestsanita.it\/wp-content\/uploads\/2025\/05\/family-7392843_1280.jpg","_links":{"self":[{"href":"https:\/\/www.nordestsanita.it\/index.php?rest_route=\/wp\/v2\/posts\/2411"}],"collection":[{"href":"https:\/\/www.nordestsanita.it\/index.php?rest_route=\/wp\/v2\/posts"}],"about":[{"href":"https:\/\/www.nordestsanita.it\/index.php?rest_route=\/wp\/v2\/types\/post"}],"author":[{"embeddable":true,"href":"https:\/\/www.nordestsanita.it\/index.php?rest_route=\/wp\/v2\/users\/8"}],"replies":[{"embeddable":true,"href":"https:\/\/www.nordestsanita.it\/index.php?rest_route=%2Fwp%2Fv2%2Fcomments&post=2411"}],"version-history":[{"count":1,"href":"https:\/\/www.nordestsanita.it\/index.php?rest_route=\/wp\/v2\/posts\/2411\/revisions"}],"predecessor-version":[{"id":2413,"href":"https:\/\/www.nordestsanita.it\/index.php?rest_route=\/wp\/v2\/posts\/2411\/revisions\/2413"}],"wp:featuredmedia":[{"embeddable":true,"href":"https:\/\/www.nordestsanita.it\/index.php?rest_route=\/wp\/v2\/media\/2412"}],"wp:attachment":[{"href":"https:\/\/www.nordestsanita.it\/index.php?rest_route=%2Fwp%2Fv2%2Fmedia&parent=2411"}],"wp:term":[{"taxonomy":"category","embeddable":true,"href":"https:\/\/www.nordestsanita.it\/index.php?rest_route=%2Fwp%2Fv2%2Fcategories&post=2411"},{"taxonomy":"post_tag","embeddable":true,"href":"https:\/\/www.nordestsanita.it\/index.php?rest_route=%2Fwp%2Fv2%2Ftags&post=2411"}],"curies":[{"name":"wp","href":"https:\/\/api.w.org\/{rel}","templated":true}]}}