{"id":2475,"date":"2025-08-04T12:26:14","date_gmt":"2025-08-04T10:26:14","guid":{"rendered":"https:\/\/www.nordestsanita.it\/?p=2475"},"modified":"2025-08-04T12:26:14","modified_gmt":"2025-08-04T10:26:14","slug":"caso-autoctono-di-dengue-a-brendola-in-corso-gli-approfondimenti-epidemiologici-nota-della-regione-veneto","status":"publish","type":"post","link":"https:\/\/www.nordestsanita.it\/?p=2475","title":{"rendered":"Caso autoctono di Dengue a Brendola. In corso gli approfondimenti epidemiologici. Nota della Regione Veneto"},"content":{"rendered":"\n<figure class=\"wp-block-table\"><table><tbody><tr><td>\u00c8 stato diagnosticato dall\u2019Unit\u00e0 Operativa di Malattie Infettive e Tropicali dell\u2019Azienda ULSS 8 Berica un caso di dengue in un uomo di 53 anni domiciliato a Brendola (VI), senza storia di viaggi recenti in Paesi in cui la malattia \u00e8 endemica. La dengue, malattia virale trasmessa all\u2019uomo attraverso la puntura di zanzare infette Aedes species, si pu\u00f2 manifestare con febbre alta, dolori muscolari e articolari, mal di testa, dolore retrorbitario con i movimenti oculari, nausea, astenia e talvolta eruzione cutanea. In alcuni casi pu\u00f2 presentare complicanze, ma nella maggior parte delle situazioni ha un decorso autolimitante e pu\u00f2 essere gestita efficacemente con trattamento sintomatico e monitoraggio clinico. \u00c8 importante sottolineare che la dengue non si trasmette da persona a persona, ma attraverso la puntura di zanzare Aedes spp. infette. Il contagio pu\u00f2 avvenire quando una zanzara punge una persona infetta e successivamente trasmette il virus a soggetti sani pungendoli. In Veneto, tutti i casi confermati di dengue fino a oggi sono sempre stati correlati a viaggi in aree endemiche. Questo caso rappresenta quindi un primo evento autoctono nella Regione, legato all\u2019intensificazione dei viaggi internazionali nel periodo estivo, con il rientro di molti soggetti da Paesi in cui la malattia \u00e8 endemica e al clima favorevole alla proliferazione di Aedes albopictus (la zanzara tigre). La Regione del Veneto, in stretta collaborazione con l\u2019ULSS 8 e con l\u2019Istituto Zooprofilattico Sperimentale delle Venezie, appena ricevuta comunicazione del caso, ha attivato tempestivamente le misure di sorveglianza previste: &#8211; approfondimento dell\u2019indagine epidemiologica sul caso, con valutazione tempestiva rispetto alle possibili esposizioni a rischio &#8211; monitoraggio entomologico &#8211; attivazione della procedura di disinfestazione straordinaria &#8211; misure di sorveglianza sanitaria rivolte agli altri soggetti nei luoghi di possibile esposizione &#8211; rafforzamento della sorveglianza sindromica in Pronto Soccorso<\/td><\/tr><\/tbody><\/table><\/figure>\n","protected":false},"excerpt":{"rendered":"<p>\u00c8 stato diagnosticato dall\u2019Unit\u00e0 Operativa di Malattie Infettive e Tropicali dell\u2019Azienda ULSS 8 Berica un caso di dengue in un uomo di 53 anni domiciliato a Brendola (VI), senza storia di viaggi recenti in Paesi in cui la malattia \u00e8 endemica. La dengue, malattia virale trasmessa all\u2019uomo attraverso la puntura di zanzare infette Aedes species, si pu\u00f2 manifestare con febbre alta, dolori muscolari e articolari, mal di testa, dolore retrorbitario con i movimenti oculari, nausea, astenia e talvolta eruzione cutanea. In alcuni casi pu\u00f2 presentare complicanze, ma nella maggior parte delle situazioni ha un decorso autolimitante e pu\u00f2 essere gestita<\/p>\n","protected":false},"author":8,"featured_media":2476,"comment_status":"closed","ping_status":"open","sticky":false,"template":"","format":"standard","meta":[],"categories":[25],"tags":[652,651,611],"yoast_head":"<!-- This site is optimized with the Yoast SEO plugin v20.2 - https:\/\/yoast.com\/wordpress\/plugins\/seo\/ -->\n<title>Caso autoctono di Dengue a Brendola. In corso gli approfondimenti epidemiologici. Nota della Regione Veneto - NES<\/title>\n<meta name=\"robots\" content=\"index, follow, max-snippet:-1, max-image-preview:large, max-video-preview:-1\" \/>\n<link rel=\"canonical\" href=\"https:\/\/www.nordestsanita.it\/?p=2475\" \/>\n<meta property=\"og:locale\" content=\"it_IT\" \/>\n<meta property=\"og:type\" content=\"article\" \/>\n<meta property=\"og:title\" content=\"Caso autoctono di Dengue a Brendola. In corso gli approfondimenti epidemiologici. Nota della Regione Veneto - NES\" \/>\n<meta property=\"og:description\" content=\"\u00c8 stato diagnosticato dall\u2019Unit\u00e0 Operativa di Malattie Infettive e Tropicali dell\u2019Azienda ULSS 8 Berica un caso di dengue in un uomo di 53 anni domiciliato a Brendola (VI), senza storia di viaggi recenti in Paesi in cui la malattia \u00e8 endemica. La dengue, malattia virale trasmessa all\u2019uomo attraverso la puntura di zanzare infette Aedes species, si pu\u00f2 manifestare con febbre alta, dolori muscolari e articolari, mal di testa, dolore retrorbitario con i movimenti oculari, nausea, astenia e talvolta eruzione cutanea. In alcuni casi pu\u00f2 presentare complicanze, ma nella maggior parte delle situazioni ha un decorso autolimitante e pu\u00f2 essere gestita\" \/>\n<meta property=\"og:url\" content=\"https:\/\/www.nordestsanita.it\/?p=2475\" \/>\n<meta property=\"og:site_name\" content=\"NES\" \/>\n<meta property=\"article:published_time\" content=\"2025-08-04T10:26:14+00:00\" \/>\n<meta property=\"og:image\" content=\"https:\/\/www.nordestsanita.it\/wp-content\/uploads\/2025\/08\/mosquito-5317880_1280.jpg\" \/>\n\t<meta property=\"og:image:width\" content=\"1280\" \/>\n\t<meta property=\"og:image:height\" content=\"995\" \/>\n\t<meta property=\"og:image:type\" content=\"image\/jpeg\" \/>\n<meta name=\"author\" content=\"Redazione\" \/>\n<meta name=\"twitter:card\" content=\"summary_large_image\" \/>\n<meta name=\"twitter:label1\" content=\"Scritto da\" \/>\n\t<meta name=\"twitter:data1\" content=\"Redazione\" \/>\n\t<meta name=\"twitter:label2\" content=\"Tempo di lettura stimato\" \/>\n\t<meta name=\"twitter:data2\" content=\"2 minuti\" \/>\n<script type=\"application\/ld+json\" class=\"yoast-schema-graph\">{\"@context\":\"https:\/\/schema.org\",\"@graph\":[{\"@type\":\"Article\",\"@id\":\"https:\/\/www.nordestsanita.it\/?p=2475#article\",\"isPartOf\":{\"@id\":\"https:\/\/www.nordestsanita.it\/?p=2475\"},\"author\":{\"name\":\"Redazione\",\"@id\":\"https:\/\/www.nordestsanita.it\/#\/schema\/person\/e5a7dc6dca45cb55e67d4a127b0e969a\"},\"headline\":\"Caso autoctono di Dengue a Brendola. In corso gli approfondimenti epidemiologici. Nota della Regione Veneto\",\"datePublished\":\"2025-08-04T10:26:14+00:00\",\"dateModified\":\"2025-08-04T10:26:14+00:00\",\"mainEntityOfPage\":{\"@id\":\"https:\/\/www.nordestsanita.it\/?p=2475\"},\"wordCount\":305,\"publisher\":{\"@id\":\"https:\/\/www.nordestsanita.it\/#organization\"},\"keywords\":[\"Brendola\",\"Dengue\",\"epidemiologia\"],\"articleSection\":[\"Sanit\u00e0\"],\"inLanguage\":\"it-IT\"},{\"@type\":\"WebPage\",\"@id\":\"https:\/\/www.nordestsanita.it\/?p=2475\",\"url\":\"https:\/\/www.nordestsanita.it\/?p=2475\",\"name\":\"Caso autoctono di Dengue a Brendola. In corso gli approfondimenti epidemiologici. Nota della Regione Veneto - NES\",\"isPartOf\":{\"@id\":\"https:\/\/www.nordestsanita.it\/#website\"},\"datePublished\":\"2025-08-04T10:26:14+00:00\",\"dateModified\":\"2025-08-04T10:26:14+00:00\",\"breadcrumb\":{\"@id\":\"https:\/\/www.nordestsanita.it\/?p=2475#breadcrumb\"},\"inLanguage\":\"it-IT\",\"potentialAction\":[{\"@type\":\"ReadAction\",\"target\":[\"https:\/\/www.nordestsanita.it\/?p=2475\"]}]},{\"@type\":\"BreadcrumbList\",\"@id\":\"https:\/\/www.nordestsanita.it\/?p=2475#breadcrumb\",\"itemListElement\":[{\"@type\":\"ListItem\",\"position\":1,\"name\":\"Home\",\"item\":\"https:\/\/www.nordestsanita.it\/\"},{\"@type\":\"ListItem\",\"position\":2,\"name\":\"Caso autoctono di Dengue a Brendola. In corso gli approfondimenti epidemiologici. Nota della Regione Veneto\"}]},{\"@type\":\"WebSite\",\"@id\":\"https:\/\/www.nordestsanita.it\/#website\",\"url\":\"https:\/\/www.nordestsanita.it\/\",\"name\":\"NES\",\"description\":\"Nord Est Sanit\u00e0\",\"publisher\":{\"@id\":\"https:\/\/www.nordestsanita.it\/#organization\"},\"potentialAction\":[{\"@type\":\"SearchAction\",\"target\":{\"@type\":\"EntryPoint\",\"urlTemplate\":\"https:\/\/www.nordestsanita.it\/?s={search_term_string}\"},\"query-input\":\"required name=search_term_string\"}],\"inLanguage\":\"it-IT\"},{\"@type\":\"Organization\",\"@id\":\"https:\/\/www.nordestsanita.it\/#organization\",\"name\":\"NES\",\"url\":\"https:\/\/www.nordestsanita.it\/\",\"logo\":{\"@type\":\"ImageObject\",\"inLanguage\":\"it-IT\",\"@id\":\"https:\/\/www.nordestsanita.it\/#\/schema\/logo\/image\/\",\"url\":\"https:\/\/www.nordestsanita.it\/wp-content\/uploads\/2021\/05\/NES-1280.png\",\"contentUrl\":\"https:\/\/www.nordestsanita.it\/wp-content\/uploads\/2021\/05\/NES-1280.png\",\"width\":1280,\"height\":458,\"caption\":\"NES\"},\"image\":{\"@id\":\"https:\/\/www.nordestsanita.it\/#\/schema\/logo\/image\/\"}},{\"@type\":\"Person\",\"@id\":\"https:\/\/www.nordestsanita.it\/#\/schema\/person\/e5a7dc6dca45cb55e67d4a127b0e969a\",\"name\":\"Redazione\",\"image\":{\"@type\":\"ImageObject\",\"inLanguage\":\"it-IT\",\"@id\":\"https:\/\/www.nordestsanita.it\/#\/schema\/person\/image\/\",\"url\":\"https:\/\/secure.gravatar.com\/avatar\/3f19a9b3d671ea36ec67c4badf3f961a?s=96&d=mm&r=g\",\"contentUrl\":\"https:\/\/secure.gravatar.com\/avatar\/3f19a9b3d671ea36ec67c4badf3f961a?s=96&d=mm&r=g\",\"caption\":\"Redazione\"},\"url\":\"https:\/\/www.nordestsanita.it\/?author=8\"}]}<\/script>\n<!-- \/ Yoast SEO plugin. -->","yoast_head_json":{"title":"Caso autoctono di Dengue a Brendola. In corso gli approfondimenti epidemiologici. Nota della Regione Veneto - NES","robots":{"index":"index","follow":"follow","max-snippet":"max-snippet:-1","max-image-preview":"max-image-preview:large","max-video-preview":"max-video-preview:-1"},"canonical":"https:\/\/www.nordestsanita.it\/?p=2475","og_locale":"it_IT","og_type":"article","og_title":"Caso autoctono di Dengue a Brendola. In corso gli approfondimenti epidemiologici. Nota della Regione Veneto - NES","og_description":"\u00c8 stato diagnosticato dall\u2019Unit\u00e0 Operativa di Malattie Infettive e Tropicali dell\u2019Azienda ULSS 8 Berica un caso di dengue in un uomo di 53 anni domiciliato a Brendola (VI), senza storia di viaggi recenti in Paesi in cui la malattia \u00e8 endemica. La dengue, malattia virale trasmessa all\u2019uomo attraverso la puntura di zanzare infette Aedes species, si pu\u00f2 manifestare con febbre alta, dolori muscolari e articolari, mal di testa, dolore retrorbitario con i movimenti oculari, nausea, astenia e talvolta eruzione cutanea. In alcuni casi pu\u00f2 presentare complicanze, ma nella maggior parte delle situazioni ha un decorso autolimitante e pu\u00f2 essere gestita","og_url":"https:\/\/www.nordestsanita.it\/?p=2475","og_site_name":"NES","article_published_time":"2025-08-04T10:26:14+00:00","og_image":[{"width":1280,"height":995,"url":"https:\/\/www.nordestsanita.it\/wp-content\/uploads\/2025\/08\/mosquito-5317880_1280.jpg","type":"image\/jpeg"}],"author":"Redazione","twitter_card":"summary_large_image","twitter_misc":{"Scritto da":"Redazione","Tempo di lettura stimato":"2 minuti"},"schema":{"@context":"https:\/\/schema.org","@graph":[{"@type":"Article","@id":"https:\/\/www.nordestsanita.it\/?p=2475#article","isPartOf":{"@id":"https:\/\/www.nordestsanita.it\/?p=2475"},"author":{"name":"Redazione","@id":"https:\/\/www.nordestsanita.it\/#\/schema\/person\/e5a7dc6dca45cb55e67d4a127b0e969a"},"headline":"Caso autoctono di Dengue a Brendola. In corso gli approfondimenti epidemiologici. Nota della Regione Veneto","datePublished":"2025-08-04T10:26:14+00:00","dateModified":"2025-08-04T10:26:14+00:00","mainEntityOfPage":{"@id":"https:\/\/www.nordestsanita.it\/?p=2475"},"wordCount":305,"publisher":{"@id":"https:\/\/www.nordestsanita.it\/#organization"},"keywords":["Brendola","Dengue","epidemiologia"],"articleSection":["Sanit\u00e0"],"inLanguage":"it-IT"},{"@type":"WebPage","@id":"https:\/\/www.nordestsanita.it\/?p=2475","url":"https:\/\/www.nordestsanita.it\/?p=2475","name":"Caso autoctono di Dengue a Brendola. In corso gli approfondimenti epidemiologici. Nota della Regione Veneto - NES","isPartOf":{"@id":"https:\/\/www.nordestsanita.it\/#website"},"datePublished":"2025-08-04T10:26:14+00:00","dateModified":"2025-08-04T10:26:14+00:00","breadcrumb":{"@id":"https:\/\/www.nordestsanita.it\/?p=2475#breadcrumb"},"inLanguage":"it-IT","potentialAction":[{"@type":"ReadAction","target":["https:\/\/www.nordestsanita.it\/?p=2475"]}]},{"@type":"BreadcrumbList","@id":"https:\/\/www.nordestsanita.it\/?p=2475#breadcrumb","itemListElement":[{"@type":"ListItem","position":1,"name":"Home","item":"https:\/\/www.nordestsanita.it\/"},{"@type":"ListItem","position":2,"name":"Caso autoctono di Dengue a Brendola. In corso gli approfondimenti epidemiologici. Nota della Regione Veneto"}]},{"@type":"WebSite","@id":"https:\/\/www.nordestsanita.it\/#website","url":"https:\/\/www.nordestsanita.it\/","name":"NES","description":"Nord Est Sanit\u00e0","publisher":{"@id":"https:\/\/www.nordestsanita.it\/#organization"},"potentialAction":[{"@type":"SearchAction","target":{"@type":"EntryPoint","urlTemplate":"https:\/\/www.nordestsanita.it\/?s={search_term_string}"},"query-input":"required name=search_term_string"}],"inLanguage":"it-IT"},{"@type":"Organization","@id":"https:\/\/www.nordestsanita.it\/#organization","name":"NES","url":"https:\/\/www.nordestsanita.it\/","logo":{"@type":"ImageObject","inLanguage":"it-IT","@id":"https:\/\/www.nordestsanita.it\/#\/schema\/logo\/image\/","url":"https:\/\/www.nordestsanita.it\/wp-content\/uploads\/2021\/05\/NES-1280.png","contentUrl":"https:\/\/www.nordestsanita.it\/wp-content\/uploads\/2021\/05\/NES-1280.png","width":1280,"height":458,"caption":"NES"},"image":{"@id":"https:\/\/www.nordestsanita.it\/#\/schema\/logo\/image\/"}},{"@type":"Person","@id":"https:\/\/www.nordestsanita.it\/#\/schema\/person\/e5a7dc6dca45cb55e67d4a127b0e969a","name":"Redazione","image":{"@type":"ImageObject","inLanguage":"it-IT","@id":"https:\/\/www.nordestsanita.it\/#\/schema\/person\/image\/","url":"https:\/\/secure.gravatar.com\/avatar\/3f19a9b3d671ea36ec67c4badf3f961a?s=96&d=mm&r=g","contentUrl":"https:\/\/secure.gravatar.com\/avatar\/3f19a9b3d671ea36ec67c4badf3f961a?s=96&d=mm&r=g","caption":"Redazione"},"url":"https:\/\/www.nordestsanita.it\/?author=8"}]}},"jetpack_featured_media_url":"https:\/\/www.nordestsanita.it\/wp-content\/uploads\/2025\/08\/mosquito-5317880_1280.jpg","_links":{"self":[{"href":"https:\/\/www.nordestsanita.it\/index.php?rest_route=\/wp\/v2\/posts\/2475"}],"collection":[{"href":"https:\/\/www.nordestsanita.it\/index.php?rest_route=\/wp\/v2\/posts"}],"about":[{"href":"https:\/\/www.nordestsanita.it\/index.php?rest_route=\/wp\/v2\/types\/post"}],"author":[{"embeddable":true,"href":"https:\/\/www.nordestsanita.it\/index.php?rest_route=\/wp\/v2\/users\/8"}],"replies":[{"embeddable":true,"href":"https:\/\/www.nordestsanita.it\/index.php?rest_route=%2Fwp%2Fv2%2Fcomments&post=2475"}],"version-history":[{"count":1,"href":"https:\/\/www.nordestsanita.it\/index.php?rest_route=\/wp\/v2\/posts\/2475\/revisions"}],"predecessor-version":[{"id":2477,"href":"https:\/\/www.nordestsanita.it\/index.php?rest_route=\/wp\/v2\/posts\/2475\/revisions\/2477"}],"wp:featuredmedia":[{"embeddable":true,"href":"https:\/\/www.nordestsanita.it\/index.php?rest_route=\/wp\/v2\/media\/2476"}],"wp:attachment":[{"href":"https:\/\/www.nordestsanita.it\/index.php?rest_route=%2Fwp%2Fv2%2Fmedia&parent=2475"}],"wp:term":[{"taxonomy":"category","embeddable":true,"href":"https:\/\/www.nordestsanita.it\/index.php?rest_route=%2Fwp%2Fv2%2Fcategories&post=2475"},{"taxonomy":"post_tag","embeddable":true,"href":"https:\/\/www.nordestsanita.it\/index.php?rest_route=%2Fwp%2Fv2%2Ftags&post=2475"}],"curies":[{"name":"wp","href":"https:\/\/api.w.org\/{rel}","templated":true}]}}