{"id":2495,"date":"2025-08-29T14:26:54","date_gmt":"2025-08-29T12:26:54","guid":{"rendered":"https:\/\/www.nordestsanita.it\/?p=2495"},"modified":"2025-08-29T14:26:54","modified_gmt":"2025-08-29T12:26:54","slug":"oncologia-iov-dg-bonavina-in-pensione-zaia-nomina-benazzi-commissario","status":"publish","type":"post","link":"https:\/\/www.nordestsanita.it\/?p=2495","title":{"rendered":"Oncologia, Iov. Dg Bonavina in pensione. Zaia nomina Benazzi Commissario"},"content":{"rendered":"\n<figure class=\"wp-block-table\"><table><tbody><tr><td>&nbsp; Con un proprio decreto, firmato oggi, il Presidente della Regione del Veneto Luca Zaia ha conferito al Direttore Generale dell\u2019Ulss 2 Marca Trevigiana, Francesco Benazzi, l\u2019incarico di Commissario dell\u2019Istituto Oncologico Veneto IRCSS. La nomina consegue alle dimissioni presentate dalla Direttrice Generale dello Iov, Maria Giuseppina Bonavina, che andr\u00e0 in pensione l\u20191settembre prossimo, data dalla quale scatta l\u2019incarico a Benazzi, che sar\u00e0 svolto a titolo gratuito. \u201cStiamo parlando di due storici e apprezzatissimi manager della sanit\u00e0 veneta \u2013 sottolinea Zaia \u2013 che, nei rispettivi incarichi, per anni e anni hanno condotto egregiamente le strutture loro affidate. In quest\u2019ottica si tratta di una sorta di staffetta tra due professionisti di chiara esperienza e capacit\u00e0. Maria Giuseppina Bonavina \u2013 prosegue il Governatore \u2013 ha operato nell\u2019ambito della sanit\u00e0 veneta dal 1987, ricoprendo innumerevoli incarichi di prestigio, allo IOV come in alcune Aziende Ulss che ha guidato con esperienza, polso fermo e visione strategica non comuni. La ringrazio a nome di tutta la Regione e mio personale per il lungo e sempre apprezzato contributo dato alla crescita della sanit\u00e0 veneta\u201d. \u201cFrancesco Benazzi \u2013 prosegue Zaia \u2013 non \u00e8 certo meno titolato. Ha esperienza pluriennale, sia sul piano commissariale che di dirigente sanitario, ed \u00e8 la figura ideale per subentrare nella guida dello Iov, del quale peraltro gi\u00e0 si occupa per la parte dell\u2019Istituto che ha sede a Castelfranco Veneto, nel territorio dell\u2019Ulss 2. Con questa nomina, oltre che un apprezzatissimo manager, \u00e8 stata anche scelta la figura migliore per la capacit\u00e0 di avere fin da subito una visione d\u2019insieme del sistema IOV. A Benazzi, che ringrazio per aver accettato l\u2019incarico in forma gratuita rivolgo i migliori auguri di buon lavoro e di ulteriori soddisfazioni nella sua veste di manager sanitario\u201d. \u201cAuguri di buon lavoro a Benazzi e un sentito ringraziamento per l\u2019opera portata avanti a Maria Giuseppina Bonavina\u201d sono stati rivolti ai due manager anche dall\u2019Assessore alla Sanit\u00e0, Manuela Lanzarin.<\/td><\/tr><\/tbody><\/table><\/figure>\n","protected":false},"excerpt":{"rendered":"<p>&nbsp; Con un proprio decreto, firmato oggi, il Presidente della Regione del Veneto Luca Zaia ha conferito al Direttore Generale dell\u2019Ulss 2 Marca Trevigiana, Francesco Benazzi, l\u2019incarico di Commissario dell\u2019Istituto Oncologico Veneto IRCSS. La nomina consegue alle dimissioni presentate dalla Direttrice Generale dello Iov, Maria Giuseppina Bonavina, che andr\u00e0 in pensione l\u20191settembre prossimo, data dalla quale scatta l\u2019incarico a Benazzi, che sar\u00e0 svolto a titolo gratuito. \u201cStiamo parlando di due storici e apprezzatissimi manager della sanit\u00e0 veneta \u2013 sottolinea Zaia \u2013 che, nei rispettivi incarichi, per anni e anni hanno condotto egregiamente le strutture loro affidate. In quest\u2019ottica si tratta<\/p>\n","protected":false},"author":8,"featured_media":2496,"comment_status":"closed","ping_status":"open","sticky":false,"template":"","format":"standard","meta":[],"categories":[24],"tags":[287,644,188],"yoast_head":"<!-- This site is optimized with the Yoast SEO plugin v20.2 - https:\/\/yoast.com\/wordpress\/plugins\/seo\/ -->\n<title>Oncologia, Iov. Dg Bonavina in pensione. Zaia nomina Benazzi Commissario - NES<\/title>\n<meta name=\"robots\" content=\"index, follow, max-snippet:-1, max-image-preview:large, max-video-preview:-1\" \/>\n<link rel=\"canonical\" href=\"https:\/\/www.nordestsanita.it\/?p=2495\" \/>\n<meta property=\"og:locale\" content=\"it_IT\" \/>\n<meta property=\"og:type\" content=\"article\" \/>\n<meta property=\"og:title\" content=\"Oncologia, Iov. Dg Bonavina in pensione. Zaia nomina Benazzi Commissario - NES\" \/>\n<meta property=\"og:description\" content=\"&nbsp; Con un proprio decreto, firmato oggi, il Presidente della Regione del Veneto Luca Zaia ha conferito al Direttore Generale dell\u2019Ulss 2 Marca Trevigiana, Francesco Benazzi, l\u2019incarico di Commissario dell\u2019Istituto Oncologico Veneto IRCSS. La nomina consegue alle dimissioni presentate dalla Direttrice Generale dello Iov, Maria Giuseppina Bonavina, che andr\u00e0 in pensione l\u20191settembre prossimo, data dalla quale scatta l\u2019incarico a Benazzi, che sar\u00e0 svolto a titolo gratuito. \u201cStiamo parlando di due storici e apprezzatissimi manager della sanit\u00e0 veneta \u2013 sottolinea Zaia \u2013 che, nei rispettivi incarichi, per anni e anni hanno condotto egregiamente le strutture loro affidate. In quest\u2019ottica si tratta\" \/>\n<meta property=\"og:url\" content=\"https:\/\/www.nordestsanita.it\/?p=2495\" \/>\n<meta property=\"og:site_name\" content=\"NES\" \/>\n<meta property=\"article:published_time\" content=\"2025-08-29T12:26:54+00:00\" \/>\n<meta property=\"og:image\" content=\"https:\/\/www.nordestsanita.it\/wp-content\/uploads\/2025\/08\/PHOTO-2025-08-29-14-22-47.jpg\" \/>\n\t<meta property=\"og:image:width\" content=\"640\" \/>\n\t<meta property=\"og:image:height\" content=\"619\" \/>\n\t<meta property=\"og:image:type\" content=\"image\/jpeg\" \/>\n<meta name=\"author\" content=\"Redazione\" \/>\n<meta name=\"twitter:card\" content=\"summary_large_image\" \/>\n<meta name=\"twitter:label1\" content=\"Scritto da\" \/>\n\t<meta name=\"twitter:data1\" content=\"Redazione\" \/>\n\t<meta name=\"twitter:label2\" content=\"Tempo di lettura stimato\" \/>\n\t<meta name=\"twitter:data2\" content=\"2 minuti\" \/>\n<script type=\"application\/ld+json\" class=\"yoast-schema-graph\">{\"@context\":\"https:\/\/schema.org\",\"@graph\":[{\"@type\":\"Article\",\"@id\":\"https:\/\/www.nordestsanita.it\/?p=2495#article\",\"isPartOf\":{\"@id\":\"https:\/\/www.nordestsanita.it\/?p=2495\"},\"author\":{\"name\":\"Redazione\",\"@id\":\"https:\/\/www.nordestsanita.it\/#\/schema\/person\/e5a7dc6dca45cb55e67d4a127b0e969a\"},\"headline\":\"Oncologia, Iov. Dg Bonavina in pensione. Zaia nomina Benazzi Commissario\",\"datePublished\":\"2025-08-29T12:26:54+00:00\",\"dateModified\":\"2025-08-29T12:26:54+00:00\",\"mainEntityOfPage\":{\"@id\":\"https:\/\/www.nordestsanita.it\/?p=2495\"},\"wordCount\":328,\"publisher\":{\"@id\":\"https:\/\/www.nordestsanita.it\/#organization\"},\"keywords\":[\"benazzi\",\"Bonavina\",\"IOV\"],\"articleSection\":[\"Attualit\u00e0\"],\"inLanguage\":\"it-IT\"},{\"@type\":\"WebPage\",\"@id\":\"https:\/\/www.nordestsanita.it\/?p=2495\",\"url\":\"https:\/\/www.nordestsanita.it\/?p=2495\",\"name\":\"Oncologia, Iov. Dg Bonavina in pensione. Zaia nomina Benazzi Commissario - NES\",\"isPartOf\":{\"@id\":\"https:\/\/www.nordestsanita.it\/#website\"},\"datePublished\":\"2025-08-29T12:26:54+00:00\",\"dateModified\":\"2025-08-29T12:26:54+00:00\",\"breadcrumb\":{\"@id\":\"https:\/\/www.nordestsanita.it\/?p=2495#breadcrumb\"},\"inLanguage\":\"it-IT\",\"potentialAction\":[{\"@type\":\"ReadAction\",\"target\":[\"https:\/\/www.nordestsanita.it\/?p=2495\"]}]},{\"@type\":\"BreadcrumbList\",\"@id\":\"https:\/\/www.nordestsanita.it\/?p=2495#breadcrumb\",\"itemListElement\":[{\"@type\":\"ListItem\",\"position\":1,\"name\":\"Home\",\"item\":\"https:\/\/www.nordestsanita.it\/\"},{\"@type\":\"ListItem\",\"position\":2,\"name\":\"Oncologia, Iov. Dg Bonavina in pensione. Zaia nomina Benazzi Commissario\"}]},{\"@type\":\"WebSite\",\"@id\":\"https:\/\/www.nordestsanita.it\/#website\",\"url\":\"https:\/\/www.nordestsanita.it\/\",\"name\":\"NES\",\"description\":\"Nord Est Sanit\u00e0\",\"publisher\":{\"@id\":\"https:\/\/www.nordestsanita.it\/#organization\"},\"potentialAction\":[{\"@type\":\"SearchAction\",\"target\":{\"@type\":\"EntryPoint\",\"urlTemplate\":\"https:\/\/www.nordestsanita.it\/?s={search_term_string}\"},\"query-input\":\"required name=search_term_string\"}],\"inLanguage\":\"it-IT\"},{\"@type\":\"Organization\",\"@id\":\"https:\/\/www.nordestsanita.it\/#organization\",\"name\":\"NES\",\"url\":\"https:\/\/www.nordestsanita.it\/\",\"logo\":{\"@type\":\"ImageObject\",\"inLanguage\":\"it-IT\",\"@id\":\"https:\/\/www.nordestsanita.it\/#\/schema\/logo\/image\/\",\"url\":\"https:\/\/www.nordestsanita.it\/wp-content\/uploads\/2021\/05\/NES-1280.png\",\"contentUrl\":\"https:\/\/www.nordestsanita.it\/wp-content\/uploads\/2021\/05\/NES-1280.png\",\"width\":1280,\"height\":458,\"caption\":\"NES\"},\"image\":{\"@id\":\"https:\/\/www.nordestsanita.it\/#\/schema\/logo\/image\/\"}},{\"@type\":\"Person\",\"@id\":\"https:\/\/www.nordestsanita.it\/#\/schema\/person\/e5a7dc6dca45cb55e67d4a127b0e969a\",\"name\":\"Redazione\",\"image\":{\"@type\":\"ImageObject\",\"inLanguage\":\"it-IT\",\"@id\":\"https:\/\/www.nordestsanita.it\/#\/schema\/person\/image\/\",\"url\":\"https:\/\/secure.gravatar.com\/avatar\/3f19a9b3d671ea36ec67c4badf3f961a?s=96&d=mm&r=g\",\"contentUrl\":\"https:\/\/secure.gravatar.com\/avatar\/3f19a9b3d671ea36ec67c4badf3f961a?s=96&d=mm&r=g\",\"caption\":\"Redazione\"},\"url\":\"https:\/\/www.nordestsanita.it\/?author=8\"}]}<\/script>\n<!-- \/ Yoast SEO plugin. -->","yoast_head_json":{"title":"Oncologia, Iov. Dg Bonavina in pensione. Zaia nomina Benazzi Commissario - NES","robots":{"index":"index","follow":"follow","max-snippet":"max-snippet:-1","max-image-preview":"max-image-preview:large","max-video-preview":"max-video-preview:-1"},"canonical":"https:\/\/www.nordestsanita.it\/?p=2495","og_locale":"it_IT","og_type":"article","og_title":"Oncologia, Iov. Dg Bonavina in pensione. Zaia nomina Benazzi Commissario - NES","og_description":"&nbsp; Con un proprio decreto, firmato oggi, il Presidente della Regione del Veneto Luca Zaia ha conferito al Direttore Generale dell\u2019Ulss 2 Marca Trevigiana, Francesco Benazzi, l\u2019incarico di Commissario dell\u2019Istituto Oncologico Veneto IRCSS. La nomina consegue alle dimissioni presentate dalla Direttrice Generale dello Iov, Maria Giuseppina Bonavina, che andr\u00e0 in pensione l\u20191settembre prossimo, data dalla quale scatta l\u2019incarico a Benazzi, che sar\u00e0 svolto a titolo gratuito. \u201cStiamo parlando di due storici e apprezzatissimi manager della sanit\u00e0 veneta \u2013 sottolinea Zaia \u2013 che, nei rispettivi incarichi, per anni e anni hanno condotto egregiamente le strutture loro affidate. In quest\u2019ottica si tratta","og_url":"https:\/\/www.nordestsanita.it\/?p=2495","og_site_name":"NES","article_published_time":"2025-08-29T12:26:54+00:00","og_image":[{"width":640,"height":619,"url":"https:\/\/www.nordestsanita.it\/wp-content\/uploads\/2025\/08\/PHOTO-2025-08-29-14-22-47.jpg","type":"image\/jpeg"}],"author":"Redazione","twitter_card":"summary_large_image","twitter_misc":{"Scritto da":"Redazione","Tempo di lettura stimato":"2 minuti"},"schema":{"@context":"https:\/\/schema.org","@graph":[{"@type":"Article","@id":"https:\/\/www.nordestsanita.it\/?p=2495#article","isPartOf":{"@id":"https:\/\/www.nordestsanita.it\/?p=2495"},"author":{"name":"Redazione","@id":"https:\/\/www.nordestsanita.it\/#\/schema\/person\/e5a7dc6dca45cb55e67d4a127b0e969a"},"headline":"Oncologia, Iov. Dg Bonavina in pensione. Zaia nomina Benazzi Commissario","datePublished":"2025-08-29T12:26:54+00:00","dateModified":"2025-08-29T12:26:54+00:00","mainEntityOfPage":{"@id":"https:\/\/www.nordestsanita.it\/?p=2495"},"wordCount":328,"publisher":{"@id":"https:\/\/www.nordestsanita.it\/#organization"},"keywords":["benazzi","Bonavina","IOV"],"articleSection":["Attualit\u00e0"],"inLanguage":"it-IT"},{"@type":"WebPage","@id":"https:\/\/www.nordestsanita.it\/?p=2495","url":"https:\/\/www.nordestsanita.it\/?p=2495","name":"Oncologia, Iov. Dg Bonavina in pensione. Zaia nomina Benazzi Commissario - NES","isPartOf":{"@id":"https:\/\/www.nordestsanita.it\/#website"},"datePublished":"2025-08-29T12:26:54+00:00","dateModified":"2025-08-29T12:26:54+00:00","breadcrumb":{"@id":"https:\/\/www.nordestsanita.it\/?p=2495#breadcrumb"},"inLanguage":"it-IT","potentialAction":[{"@type":"ReadAction","target":["https:\/\/www.nordestsanita.it\/?p=2495"]}]},{"@type":"BreadcrumbList","@id":"https:\/\/www.nordestsanita.it\/?p=2495#breadcrumb","itemListElement":[{"@type":"ListItem","position":1,"name":"Home","item":"https:\/\/www.nordestsanita.it\/"},{"@type":"ListItem","position":2,"name":"Oncologia, Iov. Dg Bonavina in pensione. Zaia nomina Benazzi Commissario"}]},{"@type":"WebSite","@id":"https:\/\/www.nordestsanita.it\/#website","url":"https:\/\/www.nordestsanita.it\/","name":"NES","description":"Nord Est Sanit\u00e0","publisher":{"@id":"https:\/\/www.nordestsanita.it\/#organization"},"potentialAction":[{"@type":"SearchAction","target":{"@type":"EntryPoint","urlTemplate":"https:\/\/www.nordestsanita.it\/?s={search_term_string}"},"query-input":"required name=search_term_string"}],"inLanguage":"it-IT"},{"@type":"Organization","@id":"https:\/\/www.nordestsanita.it\/#organization","name":"NES","url":"https:\/\/www.nordestsanita.it\/","logo":{"@type":"ImageObject","inLanguage":"it-IT","@id":"https:\/\/www.nordestsanita.it\/#\/schema\/logo\/image\/","url":"https:\/\/www.nordestsanita.it\/wp-content\/uploads\/2021\/05\/NES-1280.png","contentUrl":"https:\/\/www.nordestsanita.it\/wp-content\/uploads\/2021\/05\/NES-1280.png","width":1280,"height":458,"caption":"NES"},"image":{"@id":"https:\/\/www.nordestsanita.it\/#\/schema\/logo\/image\/"}},{"@type":"Person","@id":"https:\/\/www.nordestsanita.it\/#\/schema\/person\/e5a7dc6dca45cb55e67d4a127b0e969a","name":"Redazione","image":{"@type":"ImageObject","inLanguage":"it-IT","@id":"https:\/\/www.nordestsanita.it\/#\/schema\/person\/image\/","url":"https:\/\/secure.gravatar.com\/avatar\/3f19a9b3d671ea36ec67c4badf3f961a?s=96&d=mm&r=g","contentUrl":"https:\/\/secure.gravatar.com\/avatar\/3f19a9b3d671ea36ec67c4badf3f961a?s=96&d=mm&r=g","caption":"Redazione"},"url":"https:\/\/www.nordestsanita.it\/?author=8"}]}},"jetpack_featured_media_url":"https:\/\/www.nordestsanita.it\/wp-content\/uploads\/2025\/08\/PHOTO-2025-08-29-14-22-47.jpg","_links":{"self":[{"href":"https:\/\/www.nordestsanita.it\/index.php?rest_route=\/wp\/v2\/posts\/2495"}],"collection":[{"href":"https:\/\/www.nordestsanita.it\/index.php?rest_route=\/wp\/v2\/posts"}],"about":[{"href":"https:\/\/www.nordestsanita.it\/index.php?rest_route=\/wp\/v2\/types\/post"}],"author":[{"embeddable":true,"href":"https:\/\/www.nordestsanita.it\/index.php?rest_route=\/wp\/v2\/users\/8"}],"replies":[{"embeddable":true,"href":"https:\/\/www.nordestsanita.it\/index.php?rest_route=%2Fwp%2Fv2%2Fcomments&post=2495"}],"version-history":[{"count":1,"href":"https:\/\/www.nordestsanita.it\/index.php?rest_route=\/wp\/v2\/posts\/2495\/revisions"}],"predecessor-version":[{"id":2497,"href":"https:\/\/www.nordestsanita.it\/index.php?rest_route=\/wp\/v2\/posts\/2495\/revisions\/2497"}],"wp:featuredmedia":[{"embeddable":true,"href":"https:\/\/www.nordestsanita.it\/index.php?rest_route=\/wp\/v2\/media\/2496"}],"wp:attachment":[{"href":"https:\/\/www.nordestsanita.it\/index.php?rest_route=%2Fwp%2Fv2%2Fmedia&parent=2495"}],"wp:term":[{"taxonomy":"category","embeddable":true,"href":"https:\/\/www.nordestsanita.it\/index.php?rest_route=%2Fwp%2Fv2%2Fcategories&post=2495"},{"taxonomy":"post_tag","embeddable":true,"href":"https:\/\/www.nordestsanita.it\/index.php?rest_route=%2Fwp%2Fv2%2Ftags&post=2495"}],"curies":[{"name":"wp","href":"https:\/\/api.w.org\/{rel}","templated":true}]}}