{"id":2504,"date":"2025-09-04T14:57:31","date_gmt":"2025-09-04T12:57:31","guid":{"rendered":"https:\/\/www.nordestsanita.it\/?p=2504"},"modified":"2025-09-04T14:57:32","modified_gmt":"2025-09-04T12:57:32","slug":"configliachi-retta-agevolata-per-gli-anziani-non-vedenti-dignita-e-inclusione-al-centro","status":"publish","type":"post","link":"https:\/\/www.nordestsanita.it\/?p=2504","title":{"rendered":"Configliachi, retta agevolata per gli anziani non vedenti: dignit\u00e0 e inclusione al centro"},"content":{"rendered":"\n<p>Il Consiglio di Amministrazione dell\u2019Istituto Luigi Configliachi per i Minorati della Vista, con la Delibera n. 24\/2025, ha istituito\u00a0<strong>una retta agevolata per ospiti non vedenti o ipovedenti, titolari di impegnativa di residenzialit\u00e0.<\/strong>\u00a0La misura \u00e8 gi\u00e0 attiva e consente fin da ora di<strong>\u00a0usufruire di una riduzione del 10%<\/strong>\u00a0rispetto alla retta ordinaria riservata agli ospiti non autosufficienti. L\u2019Istituto Configliachi, fondato con la missione originaria di accogliere e assistere le persone affette da disabilit\u00e0 visiva, ribadisce oggi la sua vocazione storica attraverso un\u2019azione concreta e inclusiva. La<strong>\u00a0tariffa agevolata<\/strong>\u00a0non \u00e8 solo uno strumento economico:\u00a0<strong>rappresenta la traduzione tangibile di un impegno sociale, volto a garantire pari dignit\u00e0 e accessibilit\u00e0 agli anziani con disabilit\u00e0 visiva, una fascia di popolazione che spesso si trova in condizioni di vulnerabilit\u00e0 economica.<\/strong> I dati pi\u00f9 recenti evidenziano come le persone con disabilit\u00e0 visiva, in particolare i ciechi assoluti, vivano spesso con redditi significativamente inferiori alla media nazionale. Nel\u00a0<strong>2025, la pensione destinata ai ciechi civili assoluti non ricoverati \u00e8 pari a 363,37 \u20ac mensili per 13 mensilit\u00e0,\u00a0<\/strong>mentre il limite di reddito personale per l\u2019accesso a tale prestazione si attesta a 19.772,50 \u20ac annui\u00b9. In un contesto in cui una parte rilevante della popolazione anziana si trova gi\u00e0 in condizione di fragilit\u00e0 economica, l\u2019introduzione di una\u00a0<strong>tariffa agevolata dedicata ai non vedenti diventa un segnale concreto di equit\u00e0, consentendo all\u2019anziano di poter accedere ai servizi della casa di riposo per s\u00e9 o per un suo familiare<\/strong>; servizi che, considerate le difficolt\u00e0 economiche e la situazione registrata dall\u2019INPS, troppo spesso restano inaccessibili per gli anziani non vedenti. Oltre all\u2019assistenza sanitaria e residenziale, il Configliachi svolge un ruolo prezioso nel tessuto sociale della provincia di Padova, rappresentando un punto di riferimento inclusivo per gli anziani non vedenti, offrendo assistenza qualificata e spazi di relazione, attivit\u00e0 sociali e momenti di aggregazione progettati per contrastare l\u2019isolamento e promuovere l\u2019autonomia. \u00abCon questo provvedimento \u2013 afferma Sabrina Baldin, vicepresidente del Configliachi e presidente della sezione di Padova dell\u2019UICI \u2013 il nostro Istituto conferma non solo la sua identit\u00e0 storica, ma anche il suo ruolo sociale. La\u00a0<strong>tariffa agevolata, pensata in modo mirato per i non vedenti e gli ipovedenti, \u00e8 un gesto concreto di equit\u00e0 e inclusione. In un contesto di fragilit\u00e0 economica, questa misura contribuisce a garantire dignit\u00e0, accesso e partecipazione alle nostre strutture.<\/strong>\u00a0Il Configliachi si conferma faro e presidio di speranza nel panorama assistenziale padovano\u00bb.<\/p>\n","protected":false},"excerpt":{"rendered":"<p>Il Consiglio di Amministrazione dell\u2019Istituto Luigi Configliachi per i Minorati della Vista, con la Delibera n. 24\/2025, ha istituito\u00a0una retta agevolata per ospiti non vedenti o ipovedenti, titolari di impegnativa di residenzialit\u00e0.\u00a0La misura \u00e8 gi\u00e0 attiva e consente fin da ora di\u00a0usufruire di una riduzione del 10%\u00a0rispetto alla retta ordinaria riservata agli ospiti non autosufficienti. L\u2019Istituto Configliachi, fondato con la missione originaria di accogliere e assistere le persone affette da disabilit\u00e0 visiva, ribadisce oggi la sua vocazione storica attraverso un\u2019azione concreta e inclusiva. La\u00a0tariffa agevolata\u00a0non \u00e8 solo uno strumento economico:\u00a0rappresenta la traduzione tangibile di un impegno sociale, volto a garantire<\/p>\n","protected":false},"author":8,"featured_media":2505,"comment_status":"closed","ping_status":"open","sticky":false,"template":"","format":"standard","meta":[],"categories":[25],"tags":[267,663,664],"yoast_head":"<!-- This site is optimized with the Yoast SEO plugin v20.2 - https:\/\/yoast.com\/wordpress\/plugins\/seo\/ -->\n<title>Configliachi, retta agevolata per gli anziani non vedenti: dignit\u00e0 e inclusione al centro - NES<\/title>\n<meta name=\"robots\" content=\"index, follow, max-snippet:-1, max-image-preview:large, max-video-preview:-1\" \/>\n<link rel=\"canonical\" href=\"https:\/\/www.nordestsanita.it\/?p=2504\" \/>\n<meta property=\"og:locale\" content=\"it_IT\" \/>\n<meta property=\"og:type\" content=\"article\" \/>\n<meta property=\"og:title\" content=\"Configliachi, retta agevolata per gli anziani non vedenti: dignit\u00e0 e inclusione al centro - NES\" \/>\n<meta property=\"og:description\" content=\"Il Consiglio di Amministrazione dell\u2019Istituto Luigi Configliachi per i Minorati della Vista, con la Delibera n. 24\/2025, ha istituito\u00a0una retta agevolata per ospiti non vedenti o ipovedenti, titolari di impegnativa di residenzialit\u00e0.\u00a0La misura \u00e8 gi\u00e0 attiva e consente fin da ora di\u00a0usufruire di una riduzione del 10%\u00a0rispetto alla retta ordinaria riservata agli ospiti non autosufficienti. L\u2019Istituto Configliachi, fondato con la missione originaria di accogliere e assistere le persone affette da disabilit\u00e0 visiva, ribadisce oggi la sua vocazione storica attraverso un\u2019azione concreta e inclusiva. La\u00a0tariffa agevolata\u00a0non \u00e8 solo uno strumento economico:\u00a0rappresenta la traduzione tangibile di un impegno sociale, volto a garantire\" \/>\n<meta property=\"og:url\" content=\"https:\/\/www.nordestsanita.it\/?p=2504\" \/>\n<meta property=\"og:site_name\" content=\"NES\" \/>\n<meta property=\"article:published_time\" content=\"2025-09-04T12:57:31+00:00\" \/>\n<meta property=\"article:modified_time\" content=\"2025-09-04T12:57:32+00:00\" \/>\n<meta property=\"og:image\" content=\"https:\/\/www.nordestsanita.it\/wp-content\/uploads\/2025\/09\/DSC_2989-scaled.jpg\" \/>\n\t<meta property=\"og:image:width\" content=\"2560\" \/>\n\t<meta property=\"og:image:height\" content=\"1696\" \/>\n\t<meta property=\"og:image:type\" content=\"image\/jpeg\" \/>\n<meta name=\"author\" content=\"Redazione\" \/>\n<meta name=\"twitter:card\" content=\"summary_large_image\" \/>\n<meta name=\"twitter:label1\" content=\"Scritto da\" \/>\n\t<meta name=\"twitter:data1\" content=\"Redazione\" \/>\n\t<meta name=\"twitter:label2\" content=\"Tempo di lettura stimato\" \/>\n\t<meta name=\"twitter:data2\" content=\"3 minuti\" \/>\n<script type=\"application\/ld+json\" class=\"yoast-schema-graph\">{\"@context\":\"https:\/\/schema.org\",\"@graph\":[{\"@type\":\"Article\",\"@id\":\"https:\/\/www.nordestsanita.it\/?p=2504#article\",\"isPartOf\":{\"@id\":\"https:\/\/www.nordestsanita.it\/?p=2504\"},\"author\":{\"name\":\"Redazione\",\"@id\":\"https:\/\/www.nordestsanita.it\/#\/schema\/person\/e5a7dc6dca45cb55e67d4a127b0e969a\"},\"headline\":\"Configliachi, retta agevolata per gli anziani non vedenti: dignit\u00e0 e inclusione al centro\",\"datePublished\":\"2025-09-04T12:57:31+00:00\",\"dateModified\":\"2025-09-04T12:57:32+00:00\",\"mainEntityOfPage\":{\"@id\":\"https:\/\/www.nordestsanita.it\/?p=2504\"},\"wordCount\":409,\"publisher\":{\"@id\":\"https:\/\/www.nordestsanita.it\/#organization\"},\"keywords\":[\"anziani\",\"Configliachi\",\"non vedenti\"],\"articleSection\":[\"Sanit\u00e0\"],\"inLanguage\":\"it-IT\"},{\"@type\":\"WebPage\",\"@id\":\"https:\/\/www.nordestsanita.it\/?p=2504\",\"url\":\"https:\/\/www.nordestsanita.it\/?p=2504\",\"name\":\"Configliachi, retta agevolata per gli anziani non vedenti: dignit\u00e0 e inclusione al centro - NES\",\"isPartOf\":{\"@id\":\"https:\/\/www.nordestsanita.it\/#website\"},\"datePublished\":\"2025-09-04T12:57:31+00:00\",\"dateModified\":\"2025-09-04T12:57:32+00:00\",\"breadcrumb\":{\"@id\":\"https:\/\/www.nordestsanita.it\/?p=2504#breadcrumb\"},\"inLanguage\":\"it-IT\",\"potentialAction\":[{\"@type\":\"ReadAction\",\"target\":[\"https:\/\/www.nordestsanita.it\/?p=2504\"]}]},{\"@type\":\"BreadcrumbList\",\"@id\":\"https:\/\/www.nordestsanita.it\/?p=2504#breadcrumb\",\"itemListElement\":[{\"@type\":\"ListItem\",\"position\":1,\"name\":\"Home\",\"item\":\"https:\/\/www.nordestsanita.it\/\"},{\"@type\":\"ListItem\",\"position\":2,\"name\":\"Configliachi, retta agevolata per gli anziani non vedenti: dignit\u00e0 e inclusione al centro\"}]},{\"@type\":\"WebSite\",\"@id\":\"https:\/\/www.nordestsanita.it\/#website\",\"url\":\"https:\/\/www.nordestsanita.it\/\",\"name\":\"NES\",\"description\":\"Nord Est Sanit\u00e0\",\"publisher\":{\"@id\":\"https:\/\/www.nordestsanita.it\/#organization\"},\"potentialAction\":[{\"@type\":\"SearchAction\",\"target\":{\"@type\":\"EntryPoint\",\"urlTemplate\":\"https:\/\/www.nordestsanita.it\/?s={search_term_string}\"},\"query-input\":\"required name=search_term_string\"}],\"inLanguage\":\"it-IT\"},{\"@type\":\"Organization\",\"@id\":\"https:\/\/www.nordestsanita.it\/#organization\",\"name\":\"NES\",\"url\":\"https:\/\/www.nordestsanita.it\/\",\"logo\":{\"@type\":\"ImageObject\",\"inLanguage\":\"it-IT\",\"@id\":\"https:\/\/www.nordestsanita.it\/#\/schema\/logo\/image\/\",\"url\":\"https:\/\/www.nordestsanita.it\/wp-content\/uploads\/2021\/05\/NES-1280.png\",\"contentUrl\":\"https:\/\/www.nordestsanita.it\/wp-content\/uploads\/2021\/05\/NES-1280.png\",\"width\":1280,\"height\":458,\"caption\":\"NES\"},\"image\":{\"@id\":\"https:\/\/www.nordestsanita.it\/#\/schema\/logo\/image\/\"}},{\"@type\":\"Person\",\"@id\":\"https:\/\/www.nordestsanita.it\/#\/schema\/person\/e5a7dc6dca45cb55e67d4a127b0e969a\",\"name\":\"Redazione\",\"image\":{\"@type\":\"ImageObject\",\"inLanguage\":\"it-IT\",\"@id\":\"https:\/\/www.nordestsanita.it\/#\/schema\/person\/image\/\",\"url\":\"https:\/\/secure.gravatar.com\/avatar\/3f19a9b3d671ea36ec67c4badf3f961a?s=96&d=mm&r=g\",\"contentUrl\":\"https:\/\/secure.gravatar.com\/avatar\/3f19a9b3d671ea36ec67c4badf3f961a?s=96&d=mm&r=g\",\"caption\":\"Redazione\"},\"url\":\"https:\/\/www.nordestsanita.it\/?author=8\"}]}<\/script>\n<!-- \/ Yoast SEO plugin. -->","yoast_head_json":{"title":"Configliachi, retta agevolata per gli anziani non vedenti: dignit\u00e0 e inclusione al centro - NES","robots":{"index":"index","follow":"follow","max-snippet":"max-snippet:-1","max-image-preview":"max-image-preview:large","max-video-preview":"max-video-preview:-1"},"canonical":"https:\/\/www.nordestsanita.it\/?p=2504","og_locale":"it_IT","og_type":"article","og_title":"Configliachi, retta agevolata per gli anziani non vedenti: dignit\u00e0 e inclusione al centro - NES","og_description":"Il Consiglio di Amministrazione dell\u2019Istituto Luigi Configliachi per i Minorati della Vista, con la Delibera n. 24\/2025, ha istituito\u00a0una retta agevolata per ospiti non vedenti o ipovedenti, titolari di impegnativa di residenzialit\u00e0.\u00a0La misura \u00e8 gi\u00e0 attiva e consente fin da ora di\u00a0usufruire di una riduzione del 10%\u00a0rispetto alla retta ordinaria riservata agli ospiti non autosufficienti. L\u2019Istituto Configliachi, fondato con la missione originaria di accogliere e assistere le persone affette da disabilit\u00e0 visiva, ribadisce oggi la sua vocazione storica attraverso un\u2019azione concreta e inclusiva. La\u00a0tariffa agevolata\u00a0non \u00e8 solo uno strumento economico:\u00a0rappresenta la traduzione tangibile di un impegno sociale, volto a garantire","og_url":"https:\/\/www.nordestsanita.it\/?p=2504","og_site_name":"NES","article_published_time":"2025-09-04T12:57:31+00:00","article_modified_time":"2025-09-04T12:57:32+00:00","og_image":[{"width":2560,"height":1696,"url":"https:\/\/www.nordestsanita.it\/wp-content\/uploads\/2025\/09\/DSC_2989-scaled.jpg","type":"image\/jpeg"}],"author":"Redazione","twitter_card":"summary_large_image","twitter_misc":{"Scritto da":"Redazione","Tempo di lettura stimato":"3 minuti"},"schema":{"@context":"https:\/\/schema.org","@graph":[{"@type":"Article","@id":"https:\/\/www.nordestsanita.it\/?p=2504#article","isPartOf":{"@id":"https:\/\/www.nordestsanita.it\/?p=2504"},"author":{"name":"Redazione","@id":"https:\/\/www.nordestsanita.it\/#\/schema\/person\/e5a7dc6dca45cb55e67d4a127b0e969a"},"headline":"Configliachi, retta agevolata per gli anziani non vedenti: dignit\u00e0 e inclusione al centro","datePublished":"2025-09-04T12:57:31+00:00","dateModified":"2025-09-04T12:57:32+00:00","mainEntityOfPage":{"@id":"https:\/\/www.nordestsanita.it\/?p=2504"},"wordCount":409,"publisher":{"@id":"https:\/\/www.nordestsanita.it\/#organization"},"keywords":["anziani","Configliachi","non vedenti"],"articleSection":["Sanit\u00e0"],"inLanguage":"it-IT"},{"@type":"WebPage","@id":"https:\/\/www.nordestsanita.it\/?p=2504","url":"https:\/\/www.nordestsanita.it\/?p=2504","name":"Configliachi, retta agevolata per gli anziani non vedenti: dignit\u00e0 e inclusione al centro - NES","isPartOf":{"@id":"https:\/\/www.nordestsanita.it\/#website"},"datePublished":"2025-09-04T12:57:31+00:00","dateModified":"2025-09-04T12:57:32+00:00","breadcrumb":{"@id":"https:\/\/www.nordestsanita.it\/?p=2504#breadcrumb"},"inLanguage":"it-IT","potentialAction":[{"@type":"ReadAction","target":["https:\/\/www.nordestsanita.it\/?p=2504"]}]},{"@type":"BreadcrumbList","@id":"https:\/\/www.nordestsanita.it\/?p=2504#breadcrumb","itemListElement":[{"@type":"ListItem","position":1,"name":"Home","item":"https:\/\/www.nordestsanita.it\/"},{"@type":"ListItem","position":2,"name":"Configliachi, retta agevolata per gli anziani non vedenti: dignit\u00e0 e inclusione al centro"}]},{"@type":"WebSite","@id":"https:\/\/www.nordestsanita.it\/#website","url":"https:\/\/www.nordestsanita.it\/","name":"NES","description":"Nord Est Sanit\u00e0","publisher":{"@id":"https:\/\/www.nordestsanita.it\/#organization"},"potentialAction":[{"@type":"SearchAction","target":{"@type":"EntryPoint","urlTemplate":"https:\/\/www.nordestsanita.it\/?s={search_term_string}"},"query-input":"required name=search_term_string"}],"inLanguage":"it-IT"},{"@type":"Organization","@id":"https:\/\/www.nordestsanita.it\/#organization","name":"NES","url":"https:\/\/www.nordestsanita.it\/","logo":{"@type":"ImageObject","inLanguage":"it-IT","@id":"https:\/\/www.nordestsanita.it\/#\/schema\/logo\/image\/","url":"https:\/\/www.nordestsanita.it\/wp-content\/uploads\/2021\/05\/NES-1280.png","contentUrl":"https:\/\/www.nordestsanita.it\/wp-content\/uploads\/2021\/05\/NES-1280.png","width":1280,"height":458,"caption":"NES"},"image":{"@id":"https:\/\/www.nordestsanita.it\/#\/schema\/logo\/image\/"}},{"@type":"Person","@id":"https:\/\/www.nordestsanita.it\/#\/schema\/person\/e5a7dc6dca45cb55e67d4a127b0e969a","name":"Redazione","image":{"@type":"ImageObject","inLanguage":"it-IT","@id":"https:\/\/www.nordestsanita.it\/#\/schema\/person\/image\/","url":"https:\/\/secure.gravatar.com\/avatar\/3f19a9b3d671ea36ec67c4badf3f961a?s=96&d=mm&r=g","contentUrl":"https:\/\/secure.gravatar.com\/avatar\/3f19a9b3d671ea36ec67c4badf3f961a?s=96&d=mm&r=g","caption":"Redazione"},"url":"https:\/\/www.nordestsanita.it\/?author=8"}]}},"jetpack_featured_media_url":"https:\/\/www.nordestsanita.it\/wp-content\/uploads\/2025\/09\/DSC_2989-scaled.jpg","_links":{"self":[{"href":"https:\/\/www.nordestsanita.it\/index.php?rest_route=\/wp\/v2\/posts\/2504"}],"collection":[{"href":"https:\/\/www.nordestsanita.it\/index.php?rest_route=\/wp\/v2\/posts"}],"about":[{"href":"https:\/\/www.nordestsanita.it\/index.php?rest_route=\/wp\/v2\/types\/post"}],"author":[{"embeddable":true,"href":"https:\/\/www.nordestsanita.it\/index.php?rest_route=\/wp\/v2\/users\/8"}],"replies":[{"embeddable":true,"href":"https:\/\/www.nordestsanita.it\/index.php?rest_route=%2Fwp%2Fv2%2Fcomments&post=2504"}],"version-history":[{"count":1,"href":"https:\/\/www.nordestsanita.it\/index.php?rest_route=\/wp\/v2\/posts\/2504\/revisions"}],"predecessor-version":[{"id":2506,"href":"https:\/\/www.nordestsanita.it\/index.php?rest_route=\/wp\/v2\/posts\/2504\/revisions\/2506"}],"wp:featuredmedia":[{"embeddable":true,"href":"https:\/\/www.nordestsanita.it\/index.php?rest_route=\/wp\/v2\/media\/2505"}],"wp:attachment":[{"href":"https:\/\/www.nordestsanita.it\/index.php?rest_route=%2Fwp%2Fv2%2Fmedia&parent=2504"}],"wp:term":[{"taxonomy":"category","embeddable":true,"href":"https:\/\/www.nordestsanita.it\/index.php?rest_route=%2Fwp%2Fv2%2Fcategories&post=2504"},{"taxonomy":"post_tag","embeddable":true,"href":"https:\/\/www.nordestsanita.it\/index.php?rest_route=%2Fwp%2Fv2%2Ftags&post=2504"}],"curies":[{"name":"wp","href":"https:\/\/api.w.org\/{rel}","templated":true}]}}