{"id":2507,"date":"2025-09-08T09:55:52","date_gmt":"2025-09-08T07:55:52","guid":{"rendered":"https:\/\/www.nordestsanita.it\/?p=2507"},"modified":"2025-09-08T09:55:53","modified_gmt":"2025-09-08T07:55:53","slug":"inaugurato-il-nuovo-ospedale-di-comunita-di-lonigo","status":"publish","type":"post","link":"https:\/\/www.nordestsanita.it\/?p=2507","title":{"rendered":"<strong>Inaugurato il nuovo ospedale di comunit\u00e0 di Lonigo<\/strong>"},"content":{"rendered":"\n<p>L\u2019ULSS 8 Berica potenzia ulteriormente il presidio sanitario territoriale nell\u2019area berica, con l\u2019inaugurazione del nuovo Ospedale di Comunit\u00e0 di Lonigo. La struttura \u00e8 frutto di un investimento di 2,2 milioni di euro finanziato tramite i fondi PNRR. Il nuovo Ospedale di Comunit\u00e0 si sviluppa su una superficie complessiva di 1.100 mq ed \u00e8 frutto di una completa ristrutturazione di una porzione del secondo piano del monoblocco della Struttura Riabilitativa Provinciale di Lonigo.\u00a0La struttura comprende 24 posti letto distribuiti in 11 stanze doppie di degenza e 2 stanze singole, tutte particolarmente spaziose (da 14 a 24 mq), tutte dotate di bagni \u201cassistiti\u201d per agevolare l\u2019ospite con difficolt\u00e0 motorie; all\u2019interno della struttura sono inoltre presenti anche 2 ambulatori medici, 1 studio per il coordinatore infermieristico e altri spazi comuni a disposizione degli ospiti (soggiorno e tisaneria) e di servizio per gli operatori (2 postazioni di lavoro per gli infermieri e 3 locali di deposito). \u00abL\u2019inaugurazione del nuovo Ospedale di Comunit\u00e0 di Lonigo conferma il buon avanzamento dei cantieri PNRR di questa Azienda &#8211; commenta la dott.ssa Patrizia Simionato, Direttore Generale dell\u2019ULSS 8 Berica. L\u2019Ospedale di Comunit\u00e0 \u00e8 una struttura intermedia che va a rafforzare l\u2019integrazione tra ospedale e territorio. Tale integrazione avviene peraltro nell\u2019Ospedale San Giovanni Battista, struttura ospedaliera di riferimento provinciale per la riabilitazione ed ove insiste anche la riabilitazione cardiologica. Dallo scorso gennaio, anche il servizio di radiologia \u00e8 stato potenziato estendendone l\u2019apertura fino alle 20.00 di ogni giorno proprio per meglio rispondere soprattutto alla diagnostica di base di cui necessitano i pazienti ricoverati in Ospedale di Comunit\u00e0\u201d. L\u2019Ospedale di Comunit\u00e0 \u00e8 una struttura con funzione intermedia tra il ricovero ospedaliero e il domicilio, dove possono essere accolti persone con bisogni di salute post-acuti o cronici, con bassa probabilit\u00e0 di peggiorare\u00a0 o di essere instabili dal punto di vista clinico, provenienti da una struttura ospedaliera per acuti o riabilitativa e che non sono ancora in condizione di tornare a casa, oppure provenienti da un reparto per acuti in attesa di essere nelle condizioni per iniziative un\u2019attivit\u00e0 di tipo riabilitativo. Parallelamente, l\u2019Ospedale di Comunit\u00e0 potr\u00e0 accogliere anche persone con cronicit\u00e0 o fragili provenienti direttamente dal domicilio e che necessitano di cure che non \u00e8 possibile erogare a casa. In entrambi i casi, la funzione dell\u2019Ospedale di Comunit\u00e0 \u00e8 dunque quella di inserire il processo di cura nel contesto pi\u00f9 idoneo rispetto al fabbisogno assistenziale della persona, sia che provenga dalla struttura ospedaliera sia che provenga dal domicilio.<\/p>\n","protected":false},"excerpt":{"rendered":"<p>L\u2019ULSS 8 Berica potenzia ulteriormente il presidio sanitario territoriale nell\u2019area berica, con l\u2019inaugurazione del nuovo Ospedale di Comunit\u00e0 di Lonigo. La struttura \u00e8 frutto di un investimento di 2,2 milioni di euro finanziato tramite i fondi PNRR. Il nuovo Ospedale di Comunit\u00e0 si sviluppa su una superficie complessiva di 1.100 mq ed \u00e8 frutto di una completa ristrutturazione di una porzione del secondo piano del monoblocco della Struttura Riabilitativa Provinciale di Lonigo.\u00a0La struttura comprende 24 posti letto distribuiti in 11 stanze doppie di degenza e 2 stanze singole, tutte particolarmente spaziose (da 14 a 24 mq), tutte dotate di bagni<\/p>\n","protected":false},"author":8,"featured_media":2508,"comment_status":"closed","ping_status":"open","sticky":false,"template":"","format":"standard","meta":[],"categories":[25],"tags":[665,610],"yoast_head":"<!-- This site is optimized with the Yoast SEO plugin v20.2 - https:\/\/yoast.com\/wordpress\/plugins\/seo\/ -->\n<title>Inaugurato il nuovo ospedale di comunit\u00e0 di Lonigo - NES<\/title>\n<meta name=\"robots\" content=\"index, follow, max-snippet:-1, max-image-preview:large, max-video-preview:-1\" \/>\n<link rel=\"canonical\" href=\"https:\/\/www.nordestsanita.it\/?p=2507\" \/>\n<meta property=\"og:locale\" content=\"it_IT\" \/>\n<meta property=\"og:type\" content=\"article\" \/>\n<meta property=\"og:title\" content=\"Inaugurato il nuovo ospedale di comunit\u00e0 di Lonigo - NES\" \/>\n<meta property=\"og:description\" content=\"L\u2019ULSS 8 Berica potenzia ulteriormente il presidio sanitario territoriale nell\u2019area berica, con l\u2019inaugurazione del nuovo Ospedale di Comunit\u00e0 di Lonigo. La struttura \u00e8 frutto di un investimento di 2,2 milioni di euro finanziato tramite i fondi PNRR. Il nuovo Ospedale di Comunit\u00e0 si sviluppa su una superficie complessiva di 1.100 mq ed \u00e8 frutto di una completa ristrutturazione di una porzione del secondo piano del monoblocco della Struttura Riabilitativa Provinciale di Lonigo.\u00a0La struttura comprende 24 posti letto distribuiti in 11 stanze doppie di degenza e 2 stanze singole, tutte particolarmente spaziose (da 14 a 24 mq), tutte dotate di bagni\" \/>\n<meta property=\"og:url\" content=\"https:\/\/www.nordestsanita.it\/?p=2507\" \/>\n<meta property=\"og:site_name\" content=\"NES\" \/>\n<meta property=\"article:published_time\" content=\"2025-09-08T07:55:52+00:00\" \/>\n<meta property=\"article:modified_time\" content=\"2025-09-08T07:55:53+00:00\" \/>\n<meta property=\"og:image\" content=\"https:\/\/www.nordestsanita.it\/wp-content\/uploads\/2025\/09\/4.jpg\" \/>\n\t<meta property=\"og:image:width\" content=\"2016\" \/>\n\t<meta property=\"og:image:height\" content=\"1134\" \/>\n\t<meta property=\"og:image:type\" content=\"image\/jpeg\" \/>\n<meta name=\"author\" content=\"Redazione\" \/>\n<meta name=\"twitter:card\" content=\"summary_large_image\" \/>\n<meta name=\"twitter:label1\" content=\"Scritto da\" \/>\n\t<meta name=\"twitter:data1\" content=\"Redazione\" \/>\n\t<meta name=\"twitter:label2\" content=\"Tempo di lettura stimato\" \/>\n\t<meta name=\"twitter:data2\" content=\"3 minuti\" \/>\n<script type=\"application\/ld+json\" class=\"yoast-schema-graph\">{\"@context\":\"https:\/\/schema.org\",\"@graph\":[{\"@type\":\"Article\",\"@id\":\"https:\/\/www.nordestsanita.it\/?p=2507#article\",\"isPartOf\":{\"@id\":\"https:\/\/www.nordestsanita.it\/?p=2507\"},\"author\":{\"name\":\"Redazione\",\"@id\":\"https:\/\/www.nordestsanita.it\/#\/schema\/person\/e5a7dc6dca45cb55e67d4a127b0e969a\"},\"headline\":\"Inaugurato il nuovo ospedale di comunit\u00e0 di Lonigo\",\"datePublished\":\"2025-09-08T07:55:52+00:00\",\"dateModified\":\"2025-09-08T07:55:53+00:00\",\"mainEntityOfPage\":{\"@id\":\"https:\/\/www.nordestsanita.it\/?p=2507\"},\"wordCount\":410,\"publisher\":{\"@id\":\"https:\/\/www.nordestsanita.it\/#organization\"},\"keywords\":[\"ospedale di comunit\u00e0 Lonigo\",\"Ulss 8\"],\"articleSection\":[\"Sanit\u00e0\"],\"inLanguage\":\"it-IT\"},{\"@type\":\"WebPage\",\"@id\":\"https:\/\/www.nordestsanita.it\/?p=2507\",\"url\":\"https:\/\/www.nordestsanita.it\/?p=2507\",\"name\":\"Inaugurato il nuovo ospedale di comunit\u00e0 di Lonigo - NES\",\"isPartOf\":{\"@id\":\"https:\/\/www.nordestsanita.it\/#website\"},\"datePublished\":\"2025-09-08T07:55:52+00:00\",\"dateModified\":\"2025-09-08T07:55:53+00:00\",\"breadcrumb\":{\"@id\":\"https:\/\/www.nordestsanita.it\/?p=2507#breadcrumb\"},\"inLanguage\":\"it-IT\",\"potentialAction\":[{\"@type\":\"ReadAction\",\"target\":[\"https:\/\/www.nordestsanita.it\/?p=2507\"]}]},{\"@type\":\"BreadcrumbList\",\"@id\":\"https:\/\/www.nordestsanita.it\/?p=2507#breadcrumb\",\"itemListElement\":[{\"@type\":\"ListItem\",\"position\":1,\"name\":\"Home\",\"item\":\"https:\/\/www.nordestsanita.it\/\"},{\"@type\":\"ListItem\",\"position\":2,\"name\":\"Inaugurato il nuovo ospedale di comunit\u00e0 di Lonigo\"}]},{\"@type\":\"WebSite\",\"@id\":\"https:\/\/www.nordestsanita.it\/#website\",\"url\":\"https:\/\/www.nordestsanita.it\/\",\"name\":\"NES\",\"description\":\"Nord Est Sanit\u00e0\",\"publisher\":{\"@id\":\"https:\/\/www.nordestsanita.it\/#organization\"},\"potentialAction\":[{\"@type\":\"SearchAction\",\"target\":{\"@type\":\"EntryPoint\",\"urlTemplate\":\"https:\/\/www.nordestsanita.it\/?s={search_term_string}\"},\"query-input\":\"required name=search_term_string\"}],\"inLanguage\":\"it-IT\"},{\"@type\":\"Organization\",\"@id\":\"https:\/\/www.nordestsanita.it\/#organization\",\"name\":\"NES\",\"url\":\"https:\/\/www.nordestsanita.it\/\",\"logo\":{\"@type\":\"ImageObject\",\"inLanguage\":\"it-IT\",\"@id\":\"https:\/\/www.nordestsanita.it\/#\/schema\/logo\/image\/\",\"url\":\"https:\/\/www.nordestsanita.it\/wp-content\/uploads\/2021\/05\/NES-1280.png\",\"contentUrl\":\"https:\/\/www.nordestsanita.it\/wp-content\/uploads\/2021\/05\/NES-1280.png\",\"width\":1280,\"height\":458,\"caption\":\"NES\"},\"image\":{\"@id\":\"https:\/\/www.nordestsanita.it\/#\/schema\/logo\/image\/\"}},{\"@type\":\"Person\",\"@id\":\"https:\/\/www.nordestsanita.it\/#\/schema\/person\/e5a7dc6dca45cb55e67d4a127b0e969a\",\"name\":\"Redazione\",\"image\":{\"@type\":\"ImageObject\",\"inLanguage\":\"it-IT\",\"@id\":\"https:\/\/www.nordestsanita.it\/#\/schema\/person\/image\/\",\"url\":\"https:\/\/secure.gravatar.com\/avatar\/3f19a9b3d671ea36ec67c4badf3f961a?s=96&d=mm&r=g\",\"contentUrl\":\"https:\/\/secure.gravatar.com\/avatar\/3f19a9b3d671ea36ec67c4badf3f961a?s=96&d=mm&r=g\",\"caption\":\"Redazione\"},\"url\":\"https:\/\/www.nordestsanita.it\/?author=8\"}]}<\/script>\n<!-- \/ Yoast SEO plugin. -->","yoast_head_json":{"title":"Inaugurato il nuovo ospedale di comunit\u00e0 di Lonigo - NES","robots":{"index":"index","follow":"follow","max-snippet":"max-snippet:-1","max-image-preview":"max-image-preview:large","max-video-preview":"max-video-preview:-1"},"canonical":"https:\/\/www.nordestsanita.it\/?p=2507","og_locale":"it_IT","og_type":"article","og_title":"Inaugurato il nuovo ospedale di comunit\u00e0 di Lonigo - NES","og_description":"L\u2019ULSS 8 Berica potenzia ulteriormente il presidio sanitario territoriale nell\u2019area berica, con l\u2019inaugurazione del nuovo Ospedale di Comunit\u00e0 di Lonigo. La struttura \u00e8 frutto di un investimento di 2,2 milioni di euro finanziato tramite i fondi PNRR. Il nuovo Ospedale di Comunit\u00e0 si sviluppa su una superficie complessiva di 1.100 mq ed \u00e8 frutto di una completa ristrutturazione di una porzione del secondo piano del monoblocco della Struttura Riabilitativa Provinciale di Lonigo.\u00a0La struttura comprende 24 posti letto distribuiti in 11 stanze doppie di degenza e 2 stanze singole, tutte particolarmente spaziose (da 14 a 24 mq), tutte dotate di bagni","og_url":"https:\/\/www.nordestsanita.it\/?p=2507","og_site_name":"NES","article_published_time":"2025-09-08T07:55:52+00:00","article_modified_time":"2025-09-08T07:55:53+00:00","og_image":[{"width":2016,"height":1134,"url":"https:\/\/www.nordestsanita.it\/wp-content\/uploads\/2025\/09\/4.jpg","type":"image\/jpeg"}],"author":"Redazione","twitter_card":"summary_large_image","twitter_misc":{"Scritto da":"Redazione","Tempo di lettura stimato":"3 minuti"},"schema":{"@context":"https:\/\/schema.org","@graph":[{"@type":"Article","@id":"https:\/\/www.nordestsanita.it\/?p=2507#article","isPartOf":{"@id":"https:\/\/www.nordestsanita.it\/?p=2507"},"author":{"name":"Redazione","@id":"https:\/\/www.nordestsanita.it\/#\/schema\/person\/e5a7dc6dca45cb55e67d4a127b0e969a"},"headline":"Inaugurato il nuovo ospedale di comunit\u00e0 di Lonigo","datePublished":"2025-09-08T07:55:52+00:00","dateModified":"2025-09-08T07:55:53+00:00","mainEntityOfPage":{"@id":"https:\/\/www.nordestsanita.it\/?p=2507"},"wordCount":410,"publisher":{"@id":"https:\/\/www.nordestsanita.it\/#organization"},"keywords":["ospedale di comunit\u00e0 Lonigo","Ulss 8"],"articleSection":["Sanit\u00e0"],"inLanguage":"it-IT"},{"@type":"WebPage","@id":"https:\/\/www.nordestsanita.it\/?p=2507","url":"https:\/\/www.nordestsanita.it\/?p=2507","name":"Inaugurato il nuovo ospedale di comunit\u00e0 di Lonigo - NES","isPartOf":{"@id":"https:\/\/www.nordestsanita.it\/#website"},"datePublished":"2025-09-08T07:55:52+00:00","dateModified":"2025-09-08T07:55:53+00:00","breadcrumb":{"@id":"https:\/\/www.nordestsanita.it\/?p=2507#breadcrumb"},"inLanguage":"it-IT","potentialAction":[{"@type":"ReadAction","target":["https:\/\/www.nordestsanita.it\/?p=2507"]}]},{"@type":"BreadcrumbList","@id":"https:\/\/www.nordestsanita.it\/?p=2507#breadcrumb","itemListElement":[{"@type":"ListItem","position":1,"name":"Home","item":"https:\/\/www.nordestsanita.it\/"},{"@type":"ListItem","position":2,"name":"Inaugurato il nuovo ospedale di comunit\u00e0 di Lonigo"}]},{"@type":"WebSite","@id":"https:\/\/www.nordestsanita.it\/#website","url":"https:\/\/www.nordestsanita.it\/","name":"NES","description":"Nord Est Sanit\u00e0","publisher":{"@id":"https:\/\/www.nordestsanita.it\/#organization"},"potentialAction":[{"@type":"SearchAction","target":{"@type":"EntryPoint","urlTemplate":"https:\/\/www.nordestsanita.it\/?s={search_term_string}"},"query-input":"required name=search_term_string"}],"inLanguage":"it-IT"},{"@type":"Organization","@id":"https:\/\/www.nordestsanita.it\/#organization","name":"NES","url":"https:\/\/www.nordestsanita.it\/","logo":{"@type":"ImageObject","inLanguage":"it-IT","@id":"https:\/\/www.nordestsanita.it\/#\/schema\/logo\/image\/","url":"https:\/\/www.nordestsanita.it\/wp-content\/uploads\/2021\/05\/NES-1280.png","contentUrl":"https:\/\/www.nordestsanita.it\/wp-content\/uploads\/2021\/05\/NES-1280.png","width":1280,"height":458,"caption":"NES"},"image":{"@id":"https:\/\/www.nordestsanita.it\/#\/schema\/logo\/image\/"}},{"@type":"Person","@id":"https:\/\/www.nordestsanita.it\/#\/schema\/person\/e5a7dc6dca45cb55e67d4a127b0e969a","name":"Redazione","image":{"@type":"ImageObject","inLanguage":"it-IT","@id":"https:\/\/www.nordestsanita.it\/#\/schema\/person\/image\/","url":"https:\/\/secure.gravatar.com\/avatar\/3f19a9b3d671ea36ec67c4badf3f961a?s=96&d=mm&r=g","contentUrl":"https:\/\/secure.gravatar.com\/avatar\/3f19a9b3d671ea36ec67c4badf3f961a?s=96&d=mm&r=g","caption":"Redazione"},"url":"https:\/\/www.nordestsanita.it\/?author=8"}]}},"jetpack_featured_media_url":"https:\/\/www.nordestsanita.it\/wp-content\/uploads\/2025\/09\/4.jpg","_links":{"self":[{"href":"https:\/\/www.nordestsanita.it\/index.php?rest_route=\/wp\/v2\/posts\/2507"}],"collection":[{"href":"https:\/\/www.nordestsanita.it\/index.php?rest_route=\/wp\/v2\/posts"}],"about":[{"href":"https:\/\/www.nordestsanita.it\/index.php?rest_route=\/wp\/v2\/types\/post"}],"author":[{"embeddable":true,"href":"https:\/\/www.nordestsanita.it\/index.php?rest_route=\/wp\/v2\/users\/8"}],"replies":[{"embeddable":true,"href":"https:\/\/www.nordestsanita.it\/index.php?rest_route=%2Fwp%2Fv2%2Fcomments&post=2507"}],"version-history":[{"count":1,"href":"https:\/\/www.nordestsanita.it\/index.php?rest_route=\/wp\/v2\/posts\/2507\/revisions"}],"predecessor-version":[{"id":2509,"href":"https:\/\/www.nordestsanita.it\/index.php?rest_route=\/wp\/v2\/posts\/2507\/revisions\/2509"}],"wp:featuredmedia":[{"embeddable":true,"href":"https:\/\/www.nordestsanita.it\/index.php?rest_route=\/wp\/v2\/media\/2508"}],"wp:attachment":[{"href":"https:\/\/www.nordestsanita.it\/index.php?rest_route=%2Fwp%2Fv2%2Fmedia&parent=2507"}],"wp:term":[{"taxonomy":"category","embeddable":true,"href":"https:\/\/www.nordestsanita.it\/index.php?rest_route=%2Fwp%2Fv2%2Fcategories&post=2507"},{"taxonomy":"post_tag","embeddable":true,"href":"https:\/\/www.nordestsanita.it\/index.php?rest_route=%2Fwp%2Fv2%2Ftags&post=2507"}],"curies":[{"name":"wp","href":"https:\/\/api.w.org\/{rel}","templated":true}]}}