{"id":2519,"date":"2025-09-22T11:26:19","date_gmt":"2025-09-22T09:26:19","guid":{"rendered":"https:\/\/www.nordestsanita.it\/?p=2519"},"modified":"2025-09-22T11:26:19","modified_gmt":"2025-09-22T09:26:19","slug":"tosi-forza-italia-accusa-liste-di-attesa-piu-lunghe-per-i-tagli-alla-sanita-privata","status":"publish","type":"post","link":"https:\/\/www.nordestsanita.it\/?p=2519","title":{"rendered":"Tosi (Forza Italia) accusa: liste di attesa pi\u00f9 lunghe per i tagli alla sanit\u00e0 privata"},"content":{"rendered":"\n<p>L&#8217;europarlamentare e coordinatore regionale del Veneto di Forza Italia Flavio Tosi denuncia che i tagli effettuati alla sanit\u00e0 privata convenzionata hanno condizionato il peggioramento delle liste di attesa in Veneto. &#8220;La Regione, &#8211; ha detto Tosi tramite l&#8217;Ansa &#8211; in questi anni, ha bloccato i fondi al privato convenzionato, che cos\u00ec \u00e8 costretto a diminuire le prestazioni sanitarie in regime di<br>ticket. A farne le spese \u00e8 il cittadino, che deve ricorrere alla prestazione in libera professione spendendo cifre enormi (quasi 4 miliardi in Veneto nel 2024), oppure arriva addirittura a non<br>curarsi. Inaccettabile e ingiusto&#8221;. Tosi (sempre fonte Ansa) evidenzia anche che &#8220;come ha certificato la Corte dei Conti, nel 2024 in Veneto oltre un milione di prestazioni da erogarsi entro i 30 e i 90 giorni (classe D e P) non sono state gestite nei tempi. In Veneto, quindi, c&#8217;\u00e8 un grave e reale problema di liste d&#8217;attesa; eppure la Regione, anzich\u00e9 collaborare con la sanit\u00e0 privata convenzionata, le ha tagliato<br>le gambe. Noi pensiamo invece che il privato convenzionato deve essere visto come un sostegno al sistema sanitario regionale pubblico, del quale \u00e8 assolutamente complementare, per garantire<br>il sacrosanto diritto del cittadino alle cure. Al paziente, infatti, dal momento che con la ricetta il costo \u00e8 uguale ovunque, non interessa se la prestazione gliela eroga il pubblico o il privato convenzionato, al cittadino interessa essere curato nei tempi previsti&#8221;. Infine l&#8217;europarlamentare ha ricordato che bisognerebbe seguire il modello lombardo che &#8220;ai soldi del Fondo sanitario nazionale, ogni anno aggiunge di tasca propria oltre 800 milioni di euro per il sistema sanitario regionale. Il Veneto invece mette zero&#8221;. &#8220;Non \u00e8 casuale che la Lombardia abbia ridotto pi\u00f9 di noi le liste d&#8217;attesa e che attragga maggiormente pazienti anche da fuori Regione, il che garantisce ulteriori risorse aggiuntive al sistema&#8221;. <\/p>\n","protected":false},"excerpt":{"rendered":"<p>L&#8217;europarlamentare e coordinatore regionale del Veneto di Forza Italia Flavio Tosi denuncia che i tagli effettuati alla sanit\u00e0 privata convenzionata hanno condizionato il peggioramento delle liste di attesa in Veneto. &#8220;La Regione, &#8211; ha detto Tosi tramite l&#8217;Ansa &#8211; in questi anni, ha bloccato i fondi al privato convenzionato, che cos\u00ec \u00e8 costretto a diminuire le prestazioni sanitarie in regime diticket. A farne le spese \u00e8 il cittadino, che deve ricorrere alla prestazione in libera professione spendendo cifre enormi (quasi 4 miliardi in Veneto nel 2024), oppure arriva addirittura a noncurarsi. Inaccettabile e ingiusto&#8221;. Tosi (sempre fonte Ansa) evidenzia anche<\/p>\n","protected":false},"author":8,"featured_media":2520,"comment_status":"closed","ping_status":"open","sticky":false,"template":"","format":"standard","meta":[],"categories":[25],"tags":[672,673,461],"yoast_head":"<!-- This site is optimized with the Yoast SEO plugin v20.2 - https:\/\/yoast.com\/wordpress\/plugins\/seo\/ -->\n<title>Tosi (Forza Italia) accusa: liste di attesa pi\u00f9 lunghe per i tagli alla sanit\u00e0 privata - NES<\/title>\n<meta name=\"robots\" content=\"index, follow, max-snippet:-1, max-image-preview:large, max-video-preview:-1\" \/>\n<link rel=\"canonical\" href=\"https:\/\/www.nordestsanita.it\/?p=2519\" \/>\n<meta property=\"og:locale\" content=\"it_IT\" \/>\n<meta property=\"og:type\" content=\"article\" \/>\n<meta property=\"og:title\" content=\"Tosi (Forza Italia) accusa: liste di attesa pi\u00f9 lunghe per i tagli alla sanit\u00e0 privata - NES\" \/>\n<meta property=\"og:description\" content=\"L&#8217;europarlamentare e coordinatore regionale del Veneto di Forza Italia Flavio Tosi denuncia che i tagli effettuati alla sanit\u00e0 privata convenzionata hanno condizionato il peggioramento delle liste di attesa in Veneto. &#8220;La Regione, &#8211; ha detto Tosi tramite l&#8217;Ansa &#8211; in questi anni, ha bloccato i fondi al privato convenzionato, che cos\u00ec \u00e8 costretto a diminuire le prestazioni sanitarie in regime diticket. A farne le spese \u00e8 il cittadino, che deve ricorrere alla prestazione in libera professione spendendo cifre enormi (quasi 4 miliardi in Veneto nel 2024), oppure arriva addirittura a noncurarsi. Inaccettabile e ingiusto&#8221;. Tosi (sempre fonte Ansa) evidenzia anche\" \/>\n<meta property=\"og:url\" content=\"https:\/\/www.nordestsanita.it\/?p=2519\" \/>\n<meta property=\"og:site_name\" content=\"NES\" \/>\n<meta property=\"article:published_time\" content=\"2025-09-22T09:26:19+00:00\" \/>\n<meta property=\"og:image\" content=\"https:\/\/www.nordestsanita.it\/wp-content\/uploads\/2025\/09\/FLAVIO-TOSI-2-1.jpg\" \/>\n\t<meta property=\"og:image:width\" content=\"1280\" \/>\n\t<meta property=\"og:image:height\" content=\"720\" \/>\n\t<meta property=\"og:image:type\" content=\"image\/jpeg\" \/>\n<meta name=\"author\" content=\"Redazione\" \/>\n<meta name=\"twitter:card\" content=\"summary_large_image\" \/>\n<meta name=\"twitter:label1\" content=\"Scritto da\" \/>\n\t<meta name=\"twitter:data1\" content=\"Redazione\" \/>\n\t<meta name=\"twitter:label2\" content=\"Tempo di lettura stimato\" \/>\n\t<meta name=\"twitter:data2\" content=\"2 minuti\" \/>\n<script type=\"application\/ld+json\" class=\"yoast-schema-graph\">{\"@context\":\"https:\/\/schema.org\",\"@graph\":[{\"@type\":\"Article\",\"@id\":\"https:\/\/www.nordestsanita.it\/?p=2519#article\",\"isPartOf\":{\"@id\":\"https:\/\/www.nordestsanita.it\/?p=2519\"},\"author\":{\"name\":\"Redazione\",\"@id\":\"https:\/\/www.nordestsanita.it\/#\/schema\/person\/e5a7dc6dca45cb55e67d4a127b0e969a\"},\"headline\":\"Tosi (Forza Italia) accusa: liste di attesa pi\u00f9 lunghe per i tagli alla sanit\u00e0 privata\",\"datePublished\":\"2025-09-22T09:26:19+00:00\",\"dateModified\":\"2025-09-22T09:26:19+00:00\",\"mainEntityOfPage\":{\"@id\":\"https:\/\/www.nordestsanita.it\/?p=2519\"},\"wordCount\":301,\"publisher\":{\"@id\":\"https:\/\/www.nordestsanita.it\/#organization\"},\"keywords\":[\"Flavio Tosi\",\"Forza Italia\",\"liste attesa\"],\"articleSection\":[\"Sanit\u00e0\"],\"inLanguage\":\"it-IT\"},{\"@type\":\"WebPage\",\"@id\":\"https:\/\/www.nordestsanita.it\/?p=2519\",\"url\":\"https:\/\/www.nordestsanita.it\/?p=2519\",\"name\":\"Tosi (Forza Italia) accusa: liste di attesa pi\u00f9 lunghe per i tagli alla sanit\u00e0 privata - NES\",\"isPartOf\":{\"@id\":\"https:\/\/www.nordestsanita.it\/#website\"},\"datePublished\":\"2025-09-22T09:26:19+00:00\",\"dateModified\":\"2025-09-22T09:26:19+00:00\",\"breadcrumb\":{\"@id\":\"https:\/\/www.nordestsanita.it\/?p=2519#breadcrumb\"},\"inLanguage\":\"it-IT\",\"potentialAction\":[{\"@type\":\"ReadAction\",\"target\":[\"https:\/\/www.nordestsanita.it\/?p=2519\"]}]},{\"@type\":\"BreadcrumbList\",\"@id\":\"https:\/\/www.nordestsanita.it\/?p=2519#breadcrumb\",\"itemListElement\":[{\"@type\":\"ListItem\",\"position\":1,\"name\":\"Home\",\"item\":\"https:\/\/www.nordestsanita.it\/\"},{\"@type\":\"ListItem\",\"position\":2,\"name\":\"Tosi (Forza Italia) accusa: liste di attesa pi\u00f9 lunghe per i tagli alla sanit\u00e0 privata\"}]},{\"@type\":\"WebSite\",\"@id\":\"https:\/\/www.nordestsanita.it\/#website\",\"url\":\"https:\/\/www.nordestsanita.it\/\",\"name\":\"NES\",\"description\":\"Nord Est Sanit\u00e0\",\"publisher\":{\"@id\":\"https:\/\/www.nordestsanita.it\/#organization\"},\"potentialAction\":[{\"@type\":\"SearchAction\",\"target\":{\"@type\":\"EntryPoint\",\"urlTemplate\":\"https:\/\/www.nordestsanita.it\/?s={search_term_string}\"},\"query-input\":\"required name=search_term_string\"}],\"inLanguage\":\"it-IT\"},{\"@type\":\"Organization\",\"@id\":\"https:\/\/www.nordestsanita.it\/#organization\",\"name\":\"NES\",\"url\":\"https:\/\/www.nordestsanita.it\/\",\"logo\":{\"@type\":\"ImageObject\",\"inLanguage\":\"it-IT\",\"@id\":\"https:\/\/www.nordestsanita.it\/#\/schema\/logo\/image\/\",\"url\":\"https:\/\/www.nordestsanita.it\/wp-content\/uploads\/2021\/05\/NES-1280.png\",\"contentUrl\":\"https:\/\/www.nordestsanita.it\/wp-content\/uploads\/2021\/05\/NES-1280.png\",\"width\":1280,\"height\":458,\"caption\":\"NES\"},\"image\":{\"@id\":\"https:\/\/www.nordestsanita.it\/#\/schema\/logo\/image\/\"}},{\"@type\":\"Person\",\"@id\":\"https:\/\/www.nordestsanita.it\/#\/schema\/person\/e5a7dc6dca45cb55e67d4a127b0e969a\",\"name\":\"Redazione\",\"image\":{\"@type\":\"ImageObject\",\"inLanguage\":\"it-IT\",\"@id\":\"https:\/\/www.nordestsanita.it\/#\/schema\/person\/image\/\",\"url\":\"https:\/\/secure.gravatar.com\/avatar\/3f19a9b3d671ea36ec67c4badf3f961a?s=96&d=mm&r=g\",\"contentUrl\":\"https:\/\/secure.gravatar.com\/avatar\/3f19a9b3d671ea36ec67c4badf3f961a?s=96&d=mm&r=g\",\"caption\":\"Redazione\"},\"url\":\"https:\/\/www.nordestsanita.it\/?author=8\"}]}<\/script>\n<!-- \/ Yoast SEO plugin. -->","yoast_head_json":{"title":"Tosi (Forza Italia) accusa: liste di attesa pi\u00f9 lunghe per i tagli alla sanit\u00e0 privata - NES","robots":{"index":"index","follow":"follow","max-snippet":"max-snippet:-1","max-image-preview":"max-image-preview:large","max-video-preview":"max-video-preview:-1"},"canonical":"https:\/\/www.nordestsanita.it\/?p=2519","og_locale":"it_IT","og_type":"article","og_title":"Tosi (Forza Italia) accusa: liste di attesa pi\u00f9 lunghe per i tagli alla sanit\u00e0 privata - NES","og_description":"L&#8217;europarlamentare e coordinatore regionale del Veneto di Forza Italia Flavio Tosi denuncia che i tagli effettuati alla sanit\u00e0 privata convenzionata hanno condizionato il peggioramento delle liste di attesa in Veneto. &#8220;La Regione, &#8211; ha detto Tosi tramite l&#8217;Ansa &#8211; in questi anni, ha bloccato i fondi al privato convenzionato, che cos\u00ec \u00e8 costretto a diminuire le prestazioni sanitarie in regime diticket. A farne le spese \u00e8 il cittadino, che deve ricorrere alla prestazione in libera professione spendendo cifre enormi (quasi 4 miliardi in Veneto nel 2024), oppure arriva addirittura a noncurarsi. Inaccettabile e ingiusto&#8221;. Tosi (sempre fonte Ansa) evidenzia anche","og_url":"https:\/\/www.nordestsanita.it\/?p=2519","og_site_name":"NES","article_published_time":"2025-09-22T09:26:19+00:00","og_image":[{"width":1280,"height":720,"url":"https:\/\/www.nordestsanita.it\/wp-content\/uploads\/2025\/09\/FLAVIO-TOSI-2-1.jpg","type":"image\/jpeg"}],"author":"Redazione","twitter_card":"summary_large_image","twitter_misc":{"Scritto da":"Redazione","Tempo di lettura stimato":"2 minuti"},"schema":{"@context":"https:\/\/schema.org","@graph":[{"@type":"Article","@id":"https:\/\/www.nordestsanita.it\/?p=2519#article","isPartOf":{"@id":"https:\/\/www.nordestsanita.it\/?p=2519"},"author":{"name":"Redazione","@id":"https:\/\/www.nordestsanita.it\/#\/schema\/person\/e5a7dc6dca45cb55e67d4a127b0e969a"},"headline":"Tosi (Forza Italia) accusa: liste di attesa pi\u00f9 lunghe per i tagli alla sanit\u00e0 privata","datePublished":"2025-09-22T09:26:19+00:00","dateModified":"2025-09-22T09:26:19+00:00","mainEntityOfPage":{"@id":"https:\/\/www.nordestsanita.it\/?p=2519"},"wordCount":301,"publisher":{"@id":"https:\/\/www.nordestsanita.it\/#organization"},"keywords":["Flavio Tosi","Forza Italia","liste attesa"],"articleSection":["Sanit\u00e0"],"inLanguage":"it-IT"},{"@type":"WebPage","@id":"https:\/\/www.nordestsanita.it\/?p=2519","url":"https:\/\/www.nordestsanita.it\/?p=2519","name":"Tosi (Forza Italia) accusa: liste di attesa pi\u00f9 lunghe per i tagli alla sanit\u00e0 privata - NES","isPartOf":{"@id":"https:\/\/www.nordestsanita.it\/#website"},"datePublished":"2025-09-22T09:26:19+00:00","dateModified":"2025-09-22T09:26:19+00:00","breadcrumb":{"@id":"https:\/\/www.nordestsanita.it\/?p=2519#breadcrumb"},"inLanguage":"it-IT","potentialAction":[{"@type":"ReadAction","target":["https:\/\/www.nordestsanita.it\/?p=2519"]}]},{"@type":"BreadcrumbList","@id":"https:\/\/www.nordestsanita.it\/?p=2519#breadcrumb","itemListElement":[{"@type":"ListItem","position":1,"name":"Home","item":"https:\/\/www.nordestsanita.it\/"},{"@type":"ListItem","position":2,"name":"Tosi (Forza Italia) accusa: liste di attesa pi\u00f9 lunghe per i tagli alla sanit\u00e0 privata"}]},{"@type":"WebSite","@id":"https:\/\/www.nordestsanita.it\/#website","url":"https:\/\/www.nordestsanita.it\/","name":"NES","description":"Nord Est Sanit\u00e0","publisher":{"@id":"https:\/\/www.nordestsanita.it\/#organization"},"potentialAction":[{"@type":"SearchAction","target":{"@type":"EntryPoint","urlTemplate":"https:\/\/www.nordestsanita.it\/?s={search_term_string}"},"query-input":"required name=search_term_string"}],"inLanguage":"it-IT"},{"@type":"Organization","@id":"https:\/\/www.nordestsanita.it\/#organization","name":"NES","url":"https:\/\/www.nordestsanita.it\/","logo":{"@type":"ImageObject","inLanguage":"it-IT","@id":"https:\/\/www.nordestsanita.it\/#\/schema\/logo\/image\/","url":"https:\/\/www.nordestsanita.it\/wp-content\/uploads\/2021\/05\/NES-1280.png","contentUrl":"https:\/\/www.nordestsanita.it\/wp-content\/uploads\/2021\/05\/NES-1280.png","width":1280,"height":458,"caption":"NES"},"image":{"@id":"https:\/\/www.nordestsanita.it\/#\/schema\/logo\/image\/"}},{"@type":"Person","@id":"https:\/\/www.nordestsanita.it\/#\/schema\/person\/e5a7dc6dca45cb55e67d4a127b0e969a","name":"Redazione","image":{"@type":"ImageObject","inLanguage":"it-IT","@id":"https:\/\/www.nordestsanita.it\/#\/schema\/person\/image\/","url":"https:\/\/secure.gravatar.com\/avatar\/3f19a9b3d671ea36ec67c4badf3f961a?s=96&d=mm&r=g","contentUrl":"https:\/\/secure.gravatar.com\/avatar\/3f19a9b3d671ea36ec67c4badf3f961a?s=96&d=mm&r=g","caption":"Redazione"},"url":"https:\/\/www.nordestsanita.it\/?author=8"}]}},"jetpack_featured_media_url":"https:\/\/www.nordestsanita.it\/wp-content\/uploads\/2025\/09\/FLAVIO-TOSI-2-1.jpg","_links":{"self":[{"href":"https:\/\/www.nordestsanita.it\/index.php?rest_route=\/wp\/v2\/posts\/2519"}],"collection":[{"href":"https:\/\/www.nordestsanita.it\/index.php?rest_route=\/wp\/v2\/posts"}],"about":[{"href":"https:\/\/www.nordestsanita.it\/index.php?rest_route=\/wp\/v2\/types\/post"}],"author":[{"embeddable":true,"href":"https:\/\/www.nordestsanita.it\/index.php?rest_route=\/wp\/v2\/users\/8"}],"replies":[{"embeddable":true,"href":"https:\/\/www.nordestsanita.it\/index.php?rest_route=%2Fwp%2Fv2%2Fcomments&post=2519"}],"version-history":[{"count":1,"href":"https:\/\/www.nordestsanita.it\/index.php?rest_route=\/wp\/v2\/posts\/2519\/revisions"}],"predecessor-version":[{"id":2521,"href":"https:\/\/www.nordestsanita.it\/index.php?rest_route=\/wp\/v2\/posts\/2519\/revisions\/2521"}],"wp:featuredmedia":[{"embeddable":true,"href":"https:\/\/www.nordestsanita.it\/index.php?rest_route=\/wp\/v2\/media\/2520"}],"wp:attachment":[{"href":"https:\/\/www.nordestsanita.it\/index.php?rest_route=%2Fwp%2Fv2%2Fmedia&parent=2519"}],"wp:term":[{"taxonomy":"category","embeddable":true,"href":"https:\/\/www.nordestsanita.it\/index.php?rest_route=%2Fwp%2Fv2%2Fcategories&post=2519"},{"taxonomy":"post_tag","embeddable":true,"href":"https:\/\/www.nordestsanita.it\/index.php?rest_route=%2Fwp%2Fv2%2Ftags&post=2519"}],"curies":[{"name":"wp","href":"https:\/\/api.w.org\/{rel}","templated":true}]}}