{"id":2532,"date":"2025-09-23T11:44:25","date_gmt":"2025-09-23T09:44:25","guid":{"rendered":"https:\/\/www.nordestsanita.it\/?p=2532"},"modified":"2025-09-23T11:44:25","modified_gmt":"2025-09-23T09:44:25","slug":"dal-1-ottobre-al-via-la-campagna-regionale-contro-linfluenza","status":"publish","type":"post","link":"https:\/\/www.nordestsanita.it\/?p=2532","title":{"rendered":"Dal 1\u00b0 ottobre al via la campagna regionale contro l\u2019influenza."},"content":{"rendered":"\n<figure class=\"wp-block-table\"><table><tbody><tr><td>\u201cIl Veneto si prepara a fronteggiare i virus influenzali, tipici delle stagioni pi\u00f9 fredde, con la vaccinazione, che \u00e8 la forma pi\u00f9 efficace di prevenzione in particolare contro le forme gravi di questa malattia,\u00a0<strong>soprattutto nei soggetti pi\u00f9 fragili o con pi\u00f9 di 60 anni<\/strong>. La vaccinazione permette di evitare che le persone debbano ricorrere alle cure urgenti in pronto soccorso quindi ridurre la mortalit\u00e0 e i ricoveri ospedalieri legati alle complicanze anche gravi date dall\u2019influenza.\u00a0<br>Considerato che questi virus iniziano a circolare gi\u00e0 nella seconda met\u00e0 del mese di ottobre, secondo quanto indicato anche dal Ministero della Salute,\u00a0<strong>la campagna vaccinale inizier\u00e0 dal 1\u00b0 ottobre<\/strong>, in modo graduale, anticipando l\u2019avvio rispetto alle precedenti stagioni. Per programmare la vaccinazione, sar\u00e0 possibile rivolgersi ai principali servizi sanitari di prossimit\u00e0, come il proprio Medico di Medicina Generale, il Pediatra di Libera Scelta e le Farmacie aderenti.<br>Con una delibera \u00e8 stato inoltre rafforzato il coinvolgimento delle farmacie pubbliche o private convenzionate per la vaccinazione antinfluenzale gratuita\u201d.<br><br>Lo annuncia l\u2019assessore alla Sanit\u00e0 e al sociale Manuela Lanzarin che comunica le disposizioni elaborate dalla\u00a0<strong>Direzione Prevenzione Sicurezza alimentare veterinaria della Regione del Veneto<\/strong>.<br><br>Per facilitare l\u2019accessibilit\u00e0 alla vaccinazione sono state programmate anche due giornate \u201cVax Day\u201d regionali:\u00a0<strong>sabato 26 ottobre e sabato 9 novembre<\/strong>. In queste date saranno organizzate sedute vaccinali dedicate da parte di tutte le ULSS. Per informazioni su come accedere o prenotare la vaccinazione in queste due giornate si rimanda ai siti della propria Azienda ULSS. La Regione del Veneto ha messo a disposizione delle Aziende Sanitarie,\u00a0<strong>quasi un milione di dosi di vaccino antinfluenzale<\/strong>. Il vaccino antinfluenzale pu\u00f2 essere co-somministrato con altri vaccini.<br>\u00c8 stata\u00a0<strong>incrementata del 25% la disponibilit\u00e0 di vaccino spray nasale\u00a0<\/strong>contro l\u2019influenza, dedicato ai pi\u00f9 piccoli. Sono infatti disponibili 35.000 dosi di tale vaccino per i bambini dai 2 ai 6 anni, presso i Pediatri di Libera Scelta aderenti e i Servizi di Igiene e Sanit\u00e0 Pubblica presenti nel territorio regionale.<br>Per quanto riguarda la vaccinazione contro COVID-19, la Regione Veneto sta gi\u00e0 organizzando l\u2019offerta che sar\u00e0 avviata prontamente appena saranno disponibili le dosi e le relative raccomandazioni di utilizzo da parte del Ministero della Salute. <br><br><strong>LA VACCINAZIONE EFFICACE STRUMENTO DI PROTEZIONE\u00a0<\/strong><br>La vaccinazione \u00e8 importante perch\u00e9 riduce il rischio di gravi complicanze, non solo polmonari ma anche a carico del cuore, che possono aggravare lo stato di salute di tutte le persone a rischio. Vaccinarsi contro l\u2019influenza riduce di oltre un terzo il rischio di eventi cardiovascolari gravi, soprattutto nei soggetti che gi\u00e0 soffrono di malattie cardiache (infarto, ictus, etc.).\u00a0<br>Non occorre prendere nessun farmaco o integratore prima della somministrazione del vaccino. Gli effetti indesiderati pi\u00f9 frequenti sono qualche linea di febbre e talvolta un po&#8217; di dolore nel sito di iniezione. <strong>CATEGORIE DI OFFERTA PRIORITARIA\u00a0<\/strong> Risulta particolarmente utile proteggersi per evitare riacutizzazioni di malattia nei soggetti immunocompromessi, diabetici, asmatici o con broncopneumopatia cronica ostruttiva (BPCO).<br>La protezione \u00e8 particolarmente raccomandata per tutti i soggetti ospiti delle Casa di Riposo e in Assistenza Domiciliare: queste persone infatti sono a maggior rischio di complicanze, di ospedalizzazione e di decesso.<br><br>La vaccinazione antinfluenzale \u00e8 raccomandata prioritariamente ai seguenti soggetti:\u00a0<br>&#8211; \u00a0 \u00a0Persone ad alto rischio di complicanze o ricoveri correlati all&#8217;influenza, a partire dai 6 mesi di vita:<br>&#8211; \u00a0 \u00a0alterazione del sistema immunitario<br>&#8211; \u00a0 \u00a0diabete<br>&#8211; \u00a0 \u00a0asma o con broncopneumopatia cronica ostruttiva (BPCO)<br>&#8211; \u00a0 \u00a0cardiopatie<br>&#8211; \u00a0 \u00a0malattie oncologiche<br>&#8211; \u00a0 \u00a0obesit\u00e0<br>&#8211; \u00a0 \u00a0Familiari, conviventi e caregiver di persone con gravi fragilit\u00e0<br>&#8211; \u00a0 \u00a0Tutte le persone di et\u00e0 pari o superiore a 60 anni<br>&#8211; \u00a0 \u00a0Lavoratori addetti a servizi pubblici di primario interesse collettivo e categorie di lavoratori<br>&#8211; \u00a0 \u00a0Personale che, per motivi di lavoro, \u00e8 a contatto con animali che potrebbero costituire fonte di infezione da virus influenzali non umani<br>&#8211; \u00a0 \u00a0Donatori di sangue\u00a0<br>&#8211; \u00a0 \u00a0Bambini sani nella fascia di et\u00e0 6 mesi &#8211; 6 anni (vaccino antinfluenzale)<br>&#8211; \u00a0 \u00a0Donne in gravidanza<br>&#8211; \u00a0 \u00a0Tutti gli operatori sanitari<br><br><strong>DOVE VACCINARSI<\/strong> Sar\u00e0 possibile vaccinarsi rivolgendosi al proprio Medico di Medicina Generale, al Pediatra di Libera Scelta o presso le Farmacie aderenti.\u00a0<br>Anche i Servizi Vaccinali delle ULSS, nelle prossime settimane, attiveranno ambulatori dedicati alle vaccinazioni contro Influenza: nei prossimi giorni sar\u00e0 possibile iniziare a prenotare un appuntamento anche accedendo al seguente indirizzo o scansionando il QR code.<br><a href=\"https:\/\/prenotavaccino.regione.veneto.it\/\" target=\"_blank\" rel=\"noreferrer noopener\">https:\/\/prenotavaccino.regione.veneto.it\/<\/a> <br><br><strong>ULTERIORI RACCOMANDAZIONI<\/strong> Per ridurre la trasmissione dei virus stagionali (Influenza, COVID-19 ma anche virus respiratorio sinciziale, rinovirus, e altri agenti infettivi) \u00e8 importante:<br>\u25cf \u00a0 \u00a0lavare regolarmente le mani e asciugarle correttamente,<br>\u25cf \u00a0 \u00a0prestare attenzione anche nelle azioni quotidiane pi\u00f9 semplici come non riutilizzare i fazzoletti sporchi, starnutire nella piega del gomito e evitare di toccarsi occhi, naso o bocca con le mani,<br>\u25cf \u00a0 \u00a0evitare il contatto stretto con persone ammalate, ad esempio mantenendo un distanziamento fisico di almeno un metro da chi presenta sintomi respiratori (es. tosse, raffreddore, febbre),<br>\u25cf \u00a0 \u00a0avere particolare attenzione con i bimbi molto piccoli, evitando di portarli in luoghi affollati e toccare viso e mani,<br>\u25cf \u00a0 \u00a0usare la mascherina, o isolarsi volontariamente a casa, se si presentano sintomi attribuibili a malattie respiratorie febbrili specie in fase iniziale,<br>\u25cf \u00a0 \u00a0preferire l\u2019utilizzo della mascherina, per tutelare la propria salute, quando si frequentano luoghi particolarmente affollati (es. mezzi pubblici) nel periodo di alta circolazione di questi virus.<\/td><\/tr><\/tbody><\/table><\/figure>\n","protected":false},"excerpt":{"rendered":"<p>\u201cIl Veneto si prepara a fronteggiare i virus influenzali, tipici delle stagioni pi\u00f9 fredde, con la vaccinazione, che \u00e8 la forma pi\u00f9 efficace di prevenzione in particolare contro le forme gravi di questa malattia,\u00a0soprattutto nei soggetti pi\u00f9 fragili o con pi\u00f9 di 60 anni. La vaccinazione permette di evitare che le persone debbano ricorrere alle cure urgenti in pronto soccorso quindi ridurre la mortalit\u00e0 e i ricoveri ospedalieri legati alle complicanze anche gravi date dall\u2019influenza.\u00a0Considerato che questi virus iniziano a circolare gi\u00e0 nella seconda met\u00e0 del mese di ottobre, secondo quanto indicato anche dal Ministero della Salute,\u00a0la campagna vaccinale inizier\u00e0<\/p>\n","protected":false},"author":8,"featured_media":2533,"comment_status":"closed","ping_status":"open","sticky":false,"template":"","format":"standard","meta":[],"categories":[25],"tags":[92,96,201],"yoast_head":"<!-- This site is optimized with the Yoast SEO plugin v20.2 - https:\/\/yoast.com\/wordpress\/plugins\/seo\/ -->\n<title>Dal 1\u00b0 ottobre al via la campagna regionale contro l\u2019influenza. - NES<\/title>\n<meta name=\"robots\" content=\"index, follow, max-snippet:-1, max-image-preview:large, max-video-preview:-1\" \/>\n<link rel=\"canonical\" href=\"https:\/\/www.nordestsanita.it\/?p=2532\" \/>\n<meta property=\"og:locale\" content=\"it_IT\" \/>\n<meta property=\"og:type\" content=\"article\" \/>\n<meta property=\"og:title\" content=\"Dal 1\u00b0 ottobre al via la campagna regionale contro l\u2019influenza. - NES\" \/>\n<meta property=\"og:description\" content=\"\u201cIl Veneto si prepara a fronteggiare i virus influenzali, tipici delle stagioni pi\u00f9 fredde, con la vaccinazione, che \u00e8 la forma pi\u00f9 efficace di prevenzione in particolare contro le forme gravi di questa malattia,\u00a0soprattutto nei soggetti pi\u00f9 fragili o con pi\u00f9 di 60 anni. La vaccinazione permette di evitare che le persone debbano ricorrere alle cure urgenti in pronto soccorso quindi ridurre la mortalit\u00e0 e i ricoveri ospedalieri legati alle complicanze anche gravi date dall\u2019influenza.\u00a0Considerato che questi virus iniziano a circolare gi\u00e0 nella seconda met\u00e0 del mese di ottobre, secondo quanto indicato anche dal Ministero della Salute,\u00a0la campagna vaccinale inizier\u00e0\" \/>\n<meta property=\"og:url\" content=\"https:\/\/www.nordestsanita.it\/?p=2532\" \/>\n<meta property=\"og:site_name\" content=\"NES\" \/>\n<meta property=\"article:published_time\" content=\"2025-09-23T09:44:25+00:00\" \/>\n<meta property=\"og:image\" content=\"https:\/\/www.nordestsanita.it\/wp-content\/uploads\/2025\/09\/syringe-5411506_1280.jpg\" \/>\n\t<meta property=\"og:image:width\" content=\"1280\" \/>\n\t<meta property=\"og:image:height\" content=\"853\" \/>\n\t<meta property=\"og:image:type\" content=\"image\/jpeg\" \/>\n<meta name=\"author\" content=\"Redazione\" \/>\n<meta name=\"twitter:card\" content=\"summary_large_image\" \/>\n<meta name=\"twitter:label1\" content=\"Scritto da\" \/>\n\t<meta name=\"twitter:data1\" content=\"Redazione\" \/>\n\t<meta name=\"twitter:label2\" content=\"Tempo di lettura stimato\" \/>\n\t<meta name=\"twitter:data2\" content=\"5 minuti\" \/>\n<script type=\"application\/ld+json\" class=\"yoast-schema-graph\">{\"@context\":\"https:\/\/schema.org\",\"@graph\":[{\"@type\":\"Article\",\"@id\":\"https:\/\/www.nordestsanita.it\/?p=2532#article\",\"isPartOf\":{\"@id\":\"https:\/\/www.nordestsanita.it\/?p=2532\"},\"author\":{\"name\":\"Redazione\",\"@id\":\"https:\/\/www.nordestsanita.it\/#\/schema\/person\/e5a7dc6dca45cb55e67d4a127b0e969a\"},\"headline\":\"Dal 1\u00b0 ottobre al via la campagna regionale contro l\u2019influenza.\",\"datePublished\":\"2025-09-23T09:44:25+00:00\",\"dateModified\":\"2025-09-23T09:44:25+00:00\",\"mainEntityOfPage\":{\"@id\":\"https:\/\/www.nordestsanita.it\/?p=2532\"},\"wordCount\":853,\"publisher\":{\"@id\":\"https:\/\/www.nordestsanita.it\/#organization\"},\"keywords\":[\"covid\",\"influenza\",\"vaccinazione\"],\"articleSection\":[\"Sanit\u00e0\"],\"inLanguage\":\"it-IT\"},{\"@type\":\"WebPage\",\"@id\":\"https:\/\/www.nordestsanita.it\/?p=2532\",\"url\":\"https:\/\/www.nordestsanita.it\/?p=2532\",\"name\":\"Dal 1\u00b0 ottobre al via la campagna regionale contro l\u2019influenza. - NES\",\"isPartOf\":{\"@id\":\"https:\/\/www.nordestsanita.it\/#website\"},\"datePublished\":\"2025-09-23T09:44:25+00:00\",\"dateModified\":\"2025-09-23T09:44:25+00:00\",\"breadcrumb\":{\"@id\":\"https:\/\/www.nordestsanita.it\/?p=2532#breadcrumb\"},\"inLanguage\":\"it-IT\",\"potentialAction\":[{\"@type\":\"ReadAction\",\"target\":[\"https:\/\/www.nordestsanita.it\/?p=2532\"]}]},{\"@type\":\"BreadcrumbList\",\"@id\":\"https:\/\/www.nordestsanita.it\/?p=2532#breadcrumb\",\"itemListElement\":[{\"@type\":\"ListItem\",\"position\":1,\"name\":\"Home\",\"item\":\"https:\/\/www.nordestsanita.it\/\"},{\"@type\":\"ListItem\",\"position\":2,\"name\":\"Dal 1\u00b0 ottobre al via la campagna regionale contro l\u2019influenza.\"}]},{\"@type\":\"WebSite\",\"@id\":\"https:\/\/www.nordestsanita.it\/#website\",\"url\":\"https:\/\/www.nordestsanita.it\/\",\"name\":\"NES\",\"description\":\"Nord Est Sanit\u00e0\",\"publisher\":{\"@id\":\"https:\/\/www.nordestsanita.it\/#organization\"},\"potentialAction\":[{\"@type\":\"SearchAction\",\"target\":{\"@type\":\"EntryPoint\",\"urlTemplate\":\"https:\/\/www.nordestsanita.it\/?s={search_term_string}\"},\"query-input\":\"required name=search_term_string\"}],\"inLanguage\":\"it-IT\"},{\"@type\":\"Organization\",\"@id\":\"https:\/\/www.nordestsanita.it\/#organization\",\"name\":\"NES\",\"url\":\"https:\/\/www.nordestsanita.it\/\",\"logo\":{\"@type\":\"ImageObject\",\"inLanguage\":\"it-IT\",\"@id\":\"https:\/\/www.nordestsanita.it\/#\/schema\/logo\/image\/\",\"url\":\"https:\/\/www.nordestsanita.it\/wp-content\/uploads\/2021\/05\/NES-1280.png\",\"contentUrl\":\"https:\/\/www.nordestsanita.it\/wp-content\/uploads\/2021\/05\/NES-1280.png\",\"width\":1280,\"height\":458,\"caption\":\"NES\"},\"image\":{\"@id\":\"https:\/\/www.nordestsanita.it\/#\/schema\/logo\/image\/\"}},{\"@type\":\"Person\",\"@id\":\"https:\/\/www.nordestsanita.it\/#\/schema\/person\/e5a7dc6dca45cb55e67d4a127b0e969a\",\"name\":\"Redazione\",\"image\":{\"@type\":\"ImageObject\",\"inLanguage\":\"it-IT\",\"@id\":\"https:\/\/www.nordestsanita.it\/#\/schema\/person\/image\/\",\"url\":\"https:\/\/secure.gravatar.com\/avatar\/3f19a9b3d671ea36ec67c4badf3f961a?s=96&d=mm&r=g\",\"contentUrl\":\"https:\/\/secure.gravatar.com\/avatar\/3f19a9b3d671ea36ec67c4badf3f961a?s=96&d=mm&r=g\",\"caption\":\"Redazione\"},\"url\":\"https:\/\/www.nordestsanita.it\/?author=8\"}]}<\/script>\n<!-- \/ Yoast SEO plugin. -->","yoast_head_json":{"title":"Dal 1\u00b0 ottobre al via la campagna regionale contro l\u2019influenza. - NES","robots":{"index":"index","follow":"follow","max-snippet":"max-snippet:-1","max-image-preview":"max-image-preview:large","max-video-preview":"max-video-preview:-1"},"canonical":"https:\/\/www.nordestsanita.it\/?p=2532","og_locale":"it_IT","og_type":"article","og_title":"Dal 1\u00b0 ottobre al via la campagna regionale contro l\u2019influenza. - NES","og_description":"\u201cIl Veneto si prepara a fronteggiare i virus influenzali, tipici delle stagioni pi\u00f9 fredde, con la vaccinazione, che \u00e8 la forma pi\u00f9 efficace di prevenzione in particolare contro le forme gravi di questa malattia,\u00a0soprattutto nei soggetti pi\u00f9 fragili o con pi\u00f9 di 60 anni. La vaccinazione permette di evitare che le persone debbano ricorrere alle cure urgenti in pronto soccorso quindi ridurre la mortalit\u00e0 e i ricoveri ospedalieri legati alle complicanze anche gravi date dall\u2019influenza.\u00a0Considerato che questi virus iniziano a circolare gi\u00e0 nella seconda met\u00e0 del mese di ottobre, secondo quanto indicato anche dal Ministero della Salute,\u00a0la campagna vaccinale inizier\u00e0","og_url":"https:\/\/www.nordestsanita.it\/?p=2532","og_site_name":"NES","article_published_time":"2025-09-23T09:44:25+00:00","og_image":[{"width":1280,"height":853,"url":"https:\/\/www.nordestsanita.it\/wp-content\/uploads\/2025\/09\/syringe-5411506_1280.jpg","type":"image\/jpeg"}],"author":"Redazione","twitter_card":"summary_large_image","twitter_misc":{"Scritto da":"Redazione","Tempo di lettura stimato":"5 minuti"},"schema":{"@context":"https:\/\/schema.org","@graph":[{"@type":"Article","@id":"https:\/\/www.nordestsanita.it\/?p=2532#article","isPartOf":{"@id":"https:\/\/www.nordestsanita.it\/?p=2532"},"author":{"name":"Redazione","@id":"https:\/\/www.nordestsanita.it\/#\/schema\/person\/e5a7dc6dca45cb55e67d4a127b0e969a"},"headline":"Dal 1\u00b0 ottobre al via la campagna regionale contro l\u2019influenza.","datePublished":"2025-09-23T09:44:25+00:00","dateModified":"2025-09-23T09:44:25+00:00","mainEntityOfPage":{"@id":"https:\/\/www.nordestsanita.it\/?p=2532"},"wordCount":853,"publisher":{"@id":"https:\/\/www.nordestsanita.it\/#organization"},"keywords":["covid","influenza","vaccinazione"],"articleSection":["Sanit\u00e0"],"inLanguage":"it-IT"},{"@type":"WebPage","@id":"https:\/\/www.nordestsanita.it\/?p=2532","url":"https:\/\/www.nordestsanita.it\/?p=2532","name":"Dal 1\u00b0 ottobre al via la campagna regionale contro l\u2019influenza. - NES","isPartOf":{"@id":"https:\/\/www.nordestsanita.it\/#website"},"datePublished":"2025-09-23T09:44:25+00:00","dateModified":"2025-09-23T09:44:25+00:00","breadcrumb":{"@id":"https:\/\/www.nordestsanita.it\/?p=2532#breadcrumb"},"inLanguage":"it-IT","potentialAction":[{"@type":"ReadAction","target":["https:\/\/www.nordestsanita.it\/?p=2532"]}]},{"@type":"BreadcrumbList","@id":"https:\/\/www.nordestsanita.it\/?p=2532#breadcrumb","itemListElement":[{"@type":"ListItem","position":1,"name":"Home","item":"https:\/\/www.nordestsanita.it\/"},{"@type":"ListItem","position":2,"name":"Dal 1\u00b0 ottobre al via la campagna regionale contro l\u2019influenza."}]},{"@type":"WebSite","@id":"https:\/\/www.nordestsanita.it\/#website","url":"https:\/\/www.nordestsanita.it\/","name":"NES","description":"Nord Est Sanit\u00e0","publisher":{"@id":"https:\/\/www.nordestsanita.it\/#organization"},"potentialAction":[{"@type":"SearchAction","target":{"@type":"EntryPoint","urlTemplate":"https:\/\/www.nordestsanita.it\/?s={search_term_string}"},"query-input":"required name=search_term_string"}],"inLanguage":"it-IT"},{"@type":"Organization","@id":"https:\/\/www.nordestsanita.it\/#organization","name":"NES","url":"https:\/\/www.nordestsanita.it\/","logo":{"@type":"ImageObject","inLanguage":"it-IT","@id":"https:\/\/www.nordestsanita.it\/#\/schema\/logo\/image\/","url":"https:\/\/www.nordestsanita.it\/wp-content\/uploads\/2021\/05\/NES-1280.png","contentUrl":"https:\/\/www.nordestsanita.it\/wp-content\/uploads\/2021\/05\/NES-1280.png","width":1280,"height":458,"caption":"NES"},"image":{"@id":"https:\/\/www.nordestsanita.it\/#\/schema\/logo\/image\/"}},{"@type":"Person","@id":"https:\/\/www.nordestsanita.it\/#\/schema\/person\/e5a7dc6dca45cb55e67d4a127b0e969a","name":"Redazione","image":{"@type":"ImageObject","inLanguage":"it-IT","@id":"https:\/\/www.nordestsanita.it\/#\/schema\/person\/image\/","url":"https:\/\/secure.gravatar.com\/avatar\/3f19a9b3d671ea36ec67c4badf3f961a?s=96&d=mm&r=g","contentUrl":"https:\/\/secure.gravatar.com\/avatar\/3f19a9b3d671ea36ec67c4badf3f961a?s=96&d=mm&r=g","caption":"Redazione"},"url":"https:\/\/www.nordestsanita.it\/?author=8"}]}},"jetpack_featured_media_url":"https:\/\/www.nordestsanita.it\/wp-content\/uploads\/2025\/09\/syringe-5411506_1280.jpg","_links":{"self":[{"href":"https:\/\/www.nordestsanita.it\/index.php?rest_route=\/wp\/v2\/posts\/2532"}],"collection":[{"href":"https:\/\/www.nordestsanita.it\/index.php?rest_route=\/wp\/v2\/posts"}],"about":[{"href":"https:\/\/www.nordestsanita.it\/index.php?rest_route=\/wp\/v2\/types\/post"}],"author":[{"embeddable":true,"href":"https:\/\/www.nordestsanita.it\/index.php?rest_route=\/wp\/v2\/users\/8"}],"replies":[{"embeddable":true,"href":"https:\/\/www.nordestsanita.it\/index.php?rest_route=%2Fwp%2Fv2%2Fcomments&post=2532"}],"version-history":[{"count":1,"href":"https:\/\/www.nordestsanita.it\/index.php?rest_route=\/wp\/v2\/posts\/2532\/revisions"}],"predecessor-version":[{"id":2534,"href":"https:\/\/www.nordestsanita.it\/index.php?rest_route=\/wp\/v2\/posts\/2532\/revisions\/2534"}],"wp:featuredmedia":[{"embeddable":true,"href":"https:\/\/www.nordestsanita.it\/index.php?rest_route=\/wp\/v2\/media\/2533"}],"wp:attachment":[{"href":"https:\/\/www.nordestsanita.it\/index.php?rest_route=%2Fwp%2Fv2%2Fmedia&parent=2532"}],"wp:term":[{"taxonomy":"category","embeddable":true,"href":"https:\/\/www.nordestsanita.it\/index.php?rest_route=%2Fwp%2Fv2%2Fcategories&post=2532"},{"taxonomy":"post_tag","embeddable":true,"href":"https:\/\/www.nordestsanita.it\/index.php?rest_route=%2Fwp%2Fv2%2Ftags&post=2532"}],"curies":[{"name":"wp","href":"https:\/\/api.w.org\/{rel}","templated":true}]}}