{"id":2568,"date":"2025-10-15T11:41:30","date_gmt":"2025-10-15T09:41:30","guid":{"rendered":"https:\/\/www.nordestsanita.it\/?p=2568"},"modified":"2025-10-15T11:41:31","modified_gmt":"2025-10-15T09:41:31","slug":"inaugurata-la-casa-della-comunita-di-schio","status":"publish","type":"post","link":"https:\/\/www.nordestsanita.it\/?p=2568","title":{"rendered":"<a><\/a><a><\/a><strong>Inaugurata la Casa della comunit\u00e0 di Schio<\/strong>"},"content":{"rendered":"\n<p>Si \u00e8 svolta recentemente l&#8217;inaugurazione della nuova Casa della Comunit\u00e0 di Schio, alla presenza dell\u2019Assessore regionale alla Sanit\u00e0 e ai Servizi Socio-Sanitari Manuela Lanzarin, della Direzione Strategica dell\u2019ULSS 7 Pedemontana, del sindaco Cristina Marigo e gli altri rappresentanti del territorio.<\/p>\n\n\n\n<p>La struttura, ospitata al piano terra del Centro Polifunzionale De Lellis, si sviluppa su una superficie complessiva di 788 mq, che \u00e8 stata oggetto di una completa ristrutturazione per ricavare 12 nuovi ambulatori, oltre ad una serie di locali di servizio e alle sale di attesa. Il tutto con una particolare attenzione sia al confort e alla privacy degli utenti, sia alla funzionalit\u00e0 della distribuzione interna degli spazi rispetto alle molteplici attivit\u00e0 che saranno ospitate.<\/p>\n\n\n\n<p>I lavori sono durati un anno, per un investimento complessivo di circa 700 mila euro, di cui 449 mila euro tramite finanziamento PNRR &#8211; Missione 6.C1 &#8211; Investimento 1.1 \u201cCase della Comunit\u00e0 e presa in carico della persona\u201d, circa 214 mila euro tramite fondi regionali e il rimanente mediante un lascito all\u2019ULSS 7 Pedemontana.<\/p>\n\n\n\n<p>\u00abQuesta \u00e8 gi\u00e0 la quarta Casa della Comunit\u00e0 che inauguriamo &#8211; sottolinea il Direttore Generale dell\u2019ULSS 7 Pedemontana Carlo Bramezza -, confermando cos\u00ec l\u2019impegno a rispettare il serrato cronoprogramma dei cantieri PNRR. Sta ormai prendendo forma la visione legata al nuovo modello organizzativo dei servizi territoriali, che tramite le Case della Comunit\u00e0 metter\u00e0 a disposizione dei cittadini un punto di riferimento vicino a casa non solo per la Medicina Territoriale e la Continuit\u00e0 Assistenziale, ma anche per l\u2019attivit\u00e0 specialistica, oltre a tutta una serie di altri servizi territoriali che in una nuova sede potranno essere meglio valorizzati, anche agli occhi dell\u2019utenza\u00bb.<\/p>\n\n\n\n<p>Secondo un format ormai ben noto, infatti, la nuova Casa della Comunit\u00e0 di Schio ospiter\u00e0 i Medici di Medicina Generale, la Continuit\u00e0 Assistenziale, il punto prelievi e la specialistica territoriale con la presenza a rotazione, in funzione delle necessit\u00e0 dei pazienti, di varie specialit\u00e0 come ad esempio Diabetologia, Cardiologia, Pneumologia Territoriale e Oculistica (ma l\u2019elenco potr\u00e0 essere ulteriormente ampliato in futuro). Ulteriori spazi saranno utilizzati per la centrale operativa dell\u2019ADI (Assistenza Domiciliare Integrata), il Centro di Salute Mentale, il SerD, il servizio Vaccinazioni, il Consultorio Familiare (ostetricia\/ginecologia).<\/p>\n\n\n\n<p>Inoltre sar\u00e0 presente l\u2019Infermiere di Famiglia, che a seconda delle necessit\u00e0 potr\u00e0 integrare i diversi percorsi di presa in carico, per varie necessit\u00e0 assistenziali come ad esempio attivit\u00e0 di prevenzione ed educazione alla salute, monitoraggio, addestramento dei pazienti e caregiver sulle procedure da svolgere a domicilio e in generale per favorire la continuit\u00e0 assistenziale tra ospedale e territorio. Infine, gli spazi saranno inoltre utilizzati anche da altri servizi come il Dipartimento di Prevenzione per gli Screening.<\/p>\n\n\n\n<p>Non mancher\u00e0 inoltre il Punto Unico di Accesso (PUA), previsto in tutte le Case della Comunit\u00e0, che come suggerisce la denominazione funger\u00e0 da riferimento unico per le diverse esigenze dei cittadini, garantendo una risposta coordinata ai loro bisogni.<\/p>\n\n\n\n<p>Commenta il sindaco di Schio, Cristina Marigo: \u00abL\u2019apertura della Casa della Comunit\u00e0 rappresenta un passo avanti nel rendere pi\u00f9 accessibili i servizi sanitari e socio-sanitari del nostro territorio. \u00c8 importante che i cittadini possano contare su un punto di riferimento unico, vicino e facilmente raggiungibile, dove trovare risposte ai propri bisogni di salute quotidiani. Inoltre, avere questa struttura dentro il De Lellis significa anche valorizzare un luogo che da sempre \u00e8 parte della storia e della vita della nostra citt\u00e0\u00bb.<\/p>\n","protected":false},"excerpt":{"rendered":"<p>Si \u00e8 svolta recentemente l&#8217;inaugurazione della nuova Casa della Comunit\u00e0 di Schio, alla presenza dell\u2019Assessore regionale alla Sanit\u00e0 e ai Servizi Socio-Sanitari Manuela Lanzarin, della Direzione Strategica dell\u2019ULSS 7 Pedemontana, del sindaco Cristina Marigo e gli altri rappresentanti del territorio. La struttura, ospitata al piano terra del Centro Polifunzionale De Lellis, si sviluppa su una superficie complessiva di 788 mq, che \u00e8 stata oggetto di una completa ristrutturazione per ricavare 12 nuovi ambulatori, oltre ad una serie di locali di servizio e alle sale di attesa. Il tutto con una particolare attenzione sia al confort e alla privacy degli utenti,<\/p>\n","protected":false},"author":8,"featured_media":2569,"comment_status":"closed","ping_status":"open","sticky":false,"template":"","format":"standard","meta":[],"categories":[25],"tags":[570,688,137,530],"yoast_head":"<!-- This site is optimized with the Yoast SEO plugin v20.2 - https:\/\/yoast.com\/wordpress\/plugins\/seo\/ -->\n<title>Inaugurata la Casa della comunit\u00e0 di Schio - NES<\/title>\n<meta name=\"robots\" content=\"index, follow, max-snippet:-1, max-image-preview:large, max-video-preview:-1\" \/>\n<link rel=\"canonical\" href=\"https:\/\/www.nordestsanita.it\/?p=2568\" \/>\n<meta property=\"og:locale\" content=\"it_IT\" \/>\n<meta property=\"og:type\" content=\"article\" \/>\n<meta property=\"og:title\" content=\"Inaugurata la Casa della comunit\u00e0 di Schio - NES\" \/>\n<meta property=\"og:description\" content=\"Si \u00e8 svolta recentemente l&#8217;inaugurazione della nuova Casa della Comunit\u00e0 di Schio, alla presenza dell\u2019Assessore regionale alla Sanit\u00e0 e ai Servizi Socio-Sanitari Manuela Lanzarin, della Direzione Strategica dell\u2019ULSS 7 Pedemontana, del sindaco Cristina Marigo e gli altri rappresentanti del territorio. La struttura, ospitata al piano terra del Centro Polifunzionale De Lellis, si sviluppa su una superficie complessiva di 788 mq, che \u00e8 stata oggetto di una completa ristrutturazione per ricavare 12 nuovi ambulatori, oltre ad una serie di locali di servizio e alle sale di attesa. Il tutto con una particolare attenzione sia al confort e alla privacy degli utenti,\" \/>\n<meta property=\"og:url\" content=\"https:\/\/www.nordestsanita.it\/?p=2568\" \/>\n<meta property=\"og:site_name\" content=\"NES\" \/>\n<meta property=\"article:published_time\" content=\"2025-10-15T09:41:30+00:00\" \/>\n<meta property=\"article:modified_time\" content=\"2025-10-15T09:41:31+00:00\" \/>\n<meta property=\"og:image\" content=\"https:\/\/www.nordestsanita.it\/wp-content\/uploads\/2025\/10\/3.jpg\" \/>\n\t<meta property=\"og:image:width\" content=\"2016\" \/>\n\t<meta property=\"og:image:height\" content=\"1134\" \/>\n\t<meta property=\"og:image:type\" content=\"image\/jpeg\" \/>\n<meta name=\"author\" content=\"Redazione\" \/>\n<meta name=\"twitter:card\" content=\"summary_large_image\" \/>\n<meta name=\"twitter:label1\" content=\"Scritto da\" \/>\n\t<meta name=\"twitter:data1\" content=\"Redazione\" \/>\n\t<meta name=\"twitter:label2\" content=\"Tempo di lettura stimato\" \/>\n\t<meta name=\"twitter:data2\" content=\"3 minuti\" \/>\n<script type=\"application\/ld+json\" class=\"yoast-schema-graph\">{\"@context\":\"https:\/\/schema.org\",\"@graph\":[{\"@type\":\"Article\",\"@id\":\"https:\/\/www.nordestsanita.it\/?p=2568#article\",\"isPartOf\":{\"@id\":\"https:\/\/www.nordestsanita.it\/?p=2568\"},\"author\":{\"name\":\"Redazione\",\"@id\":\"https:\/\/www.nordestsanita.it\/#\/schema\/person\/e5a7dc6dca45cb55e67d4a127b0e969a\"},\"headline\":\"Inaugurata la Casa della comunit\u00e0 di Schio\",\"datePublished\":\"2025-10-15T09:41:30+00:00\",\"dateModified\":\"2025-10-15T09:41:31+00:00\",\"mainEntityOfPage\":{\"@id\":\"https:\/\/www.nordestsanita.it\/?p=2568\"},\"wordCount\":556,\"publisher\":{\"@id\":\"https:\/\/www.nordestsanita.it\/#organization\"},\"keywords\":[\"Bramezza\",\"Casa di Comunit\u00e0 Schio\",\"lanzarin\",\"Ulss 7 Pedemontana\"],\"articleSection\":[\"Sanit\u00e0\"],\"inLanguage\":\"it-IT\"},{\"@type\":\"WebPage\",\"@id\":\"https:\/\/www.nordestsanita.it\/?p=2568\",\"url\":\"https:\/\/www.nordestsanita.it\/?p=2568\",\"name\":\"Inaugurata la Casa della comunit\u00e0 di Schio - NES\",\"isPartOf\":{\"@id\":\"https:\/\/www.nordestsanita.it\/#website\"},\"datePublished\":\"2025-10-15T09:41:30+00:00\",\"dateModified\":\"2025-10-15T09:41:31+00:00\",\"breadcrumb\":{\"@id\":\"https:\/\/www.nordestsanita.it\/?p=2568#breadcrumb\"},\"inLanguage\":\"it-IT\",\"potentialAction\":[{\"@type\":\"ReadAction\",\"target\":[\"https:\/\/www.nordestsanita.it\/?p=2568\"]}]},{\"@type\":\"BreadcrumbList\",\"@id\":\"https:\/\/www.nordestsanita.it\/?p=2568#breadcrumb\",\"itemListElement\":[{\"@type\":\"ListItem\",\"position\":1,\"name\":\"Home\",\"item\":\"https:\/\/www.nordestsanita.it\/\"},{\"@type\":\"ListItem\",\"position\":2,\"name\":\"Inaugurata la Casa della comunit\u00e0 di Schio\"}]},{\"@type\":\"WebSite\",\"@id\":\"https:\/\/www.nordestsanita.it\/#website\",\"url\":\"https:\/\/www.nordestsanita.it\/\",\"name\":\"NES\",\"description\":\"Nord Est Sanit\u00e0\",\"publisher\":{\"@id\":\"https:\/\/www.nordestsanita.it\/#organization\"},\"potentialAction\":[{\"@type\":\"SearchAction\",\"target\":{\"@type\":\"EntryPoint\",\"urlTemplate\":\"https:\/\/www.nordestsanita.it\/?s={search_term_string}\"},\"query-input\":\"required name=search_term_string\"}],\"inLanguage\":\"it-IT\"},{\"@type\":\"Organization\",\"@id\":\"https:\/\/www.nordestsanita.it\/#organization\",\"name\":\"NES\",\"url\":\"https:\/\/www.nordestsanita.it\/\",\"logo\":{\"@type\":\"ImageObject\",\"inLanguage\":\"it-IT\",\"@id\":\"https:\/\/www.nordestsanita.it\/#\/schema\/logo\/image\/\",\"url\":\"https:\/\/www.nordestsanita.it\/wp-content\/uploads\/2021\/05\/NES-1280.png\",\"contentUrl\":\"https:\/\/www.nordestsanita.it\/wp-content\/uploads\/2021\/05\/NES-1280.png\",\"width\":1280,\"height\":458,\"caption\":\"NES\"},\"image\":{\"@id\":\"https:\/\/www.nordestsanita.it\/#\/schema\/logo\/image\/\"}},{\"@type\":\"Person\",\"@id\":\"https:\/\/www.nordestsanita.it\/#\/schema\/person\/e5a7dc6dca45cb55e67d4a127b0e969a\",\"name\":\"Redazione\",\"image\":{\"@type\":\"ImageObject\",\"inLanguage\":\"it-IT\",\"@id\":\"https:\/\/www.nordestsanita.it\/#\/schema\/person\/image\/\",\"url\":\"https:\/\/secure.gravatar.com\/avatar\/3f19a9b3d671ea36ec67c4badf3f961a?s=96&d=mm&r=g\",\"contentUrl\":\"https:\/\/secure.gravatar.com\/avatar\/3f19a9b3d671ea36ec67c4badf3f961a?s=96&d=mm&r=g\",\"caption\":\"Redazione\"},\"url\":\"https:\/\/www.nordestsanita.it\/?author=8\"}]}<\/script>\n<!-- \/ Yoast SEO plugin. -->","yoast_head_json":{"title":"Inaugurata la Casa della comunit\u00e0 di Schio - NES","robots":{"index":"index","follow":"follow","max-snippet":"max-snippet:-1","max-image-preview":"max-image-preview:large","max-video-preview":"max-video-preview:-1"},"canonical":"https:\/\/www.nordestsanita.it\/?p=2568","og_locale":"it_IT","og_type":"article","og_title":"Inaugurata la Casa della comunit\u00e0 di Schio - NES","og_description":"Si \u00e8 svolta recentemente l&#8217;inaugurazione della nuova Casa della Comunit\u00e0 di Schio, alla presenza dell\u2019Assessore regionale alla Sanit\u00e0 e ai Servizi Socio-Sanitari Manuela Lanzarin, della Direzione Strategica dell\u2019ULSS 7 Pedemontana, del sindaco Cristina Marigo e gli altri rappresentanti del territorio. La struttura, ospitata al piano terra del Centro Polifunzionale De Lellis, si sviluppa su una superficie complessiva di 788 mq, che \u00e8 stata oggetto di una completa ristrutturazione per ricavare 12 nuovi ambulatori, oltre ad una serie di locali di servizio e alle sale di attesa. Il tutto con una particolare attenzione sia al confort e alla privacy degli utenti,","og_url":"https:\/\/www.nordestsanita.it\/?p=2568","og_site_name":"NES","article_published_time":"2025-10-15T09:41:30+00:00","article_modified_time":"2025-10-15T09:41:31+00:00","og_image":[{"width":2016,"height":1134,"url":"https:\/\/www.nordestsanita.it\/wp-content\/uploads\/2025\/10\/3.jpg","type":"image\/jpeg"}],"author":"Redazione","twitter_card":"summary_large_image","twitter_misc":{"Scritto da":"Redazione","Tempo di lettura stimato":"3 minuti"},"schema":{"@context":"https:\/\/schema.org","@graph":[{"@type":"Article","@id":"https:\/\/www.nordestsanita.it\/?p=2568#article","isPartOf":{"@id":"https:\/\/www.nordestsanita.it\/?p=2568"},"author":{"name":"Redazione","@id":"https:\/\/www.nordestsanita.it\/#\/schema\/person\/e5a7dc6dca45cb55e67d4a127b0e969a"},"headline":"Inaugurata la Casa della comunit\u00e0 di Schio","datePublished":"2025-10-15T09:41:30+00:00","dateModified":"2025-10-15T09:41:31+00:00","mainEntityOfPage":{"@id":"https:\/\/www.nordestsanita.it\/?p=2568"},"wordCount":556,"publisher":{"@id":"https:\/\/www.nordestsanita.it\/#organization"},"keywords":["Bramezza","Casa di Comunit\u00e0 Schio","lanzarin","Ulss 7 Pedemontana"],"articleSection":["Sanit\u00e0"],"inLanguage":"it-IT"},{"@type":"WebPage","@id":"https:\/\/www.nordestsanita.it\/?p=2568","url":"https:\/\/www.nordestsanita.it\/?p=2568","name":"Inaugurata la Casa della comunit\u00e0 di Schio - NES","isPartOf":{"@id":"https:\/\/www.nordestsanita.it\/#website"},"datePublished":"2025-10-15T09:41:30+00:00","dateModified":"2025-10-15T09:41:31+00:00","breadcrumb":{"@id":"https:\/\/www.nordestsanita.it\/?p=2568#breadcrumb"},"inLanguage":"it-IT","potentialAction":[{"@type":"ReadAction","target":["https:\/\/www.nordestsanita.it\/?p=2568"]}]},{"@type":"BreadcrumbList","@id":"https:\/\/www.nordestsanita.it\/?p=2568#breadcrumb","itemListElement":[{"@type":"ListItem","position":1,"name":"Home","item":"https:\/\/www.nordestsanita.it\/"},{"@type":"ListItem","position":2,"name":"Inaugurata la Casa della comunit\u00e0 di Schio"}]},{"@type":"WebSite","@id":"https:\/\/www.nordestsanita.it\/#website","url":"https:\/\/www.nordestsanita.it\/","name":"NES","description":"Nord Est Sanit\u00e0","publisher":{"@id":"https:\/\/www.nordestsanita.it\/#organization"},"potentialAction":[{"@type":"SearchAction","target":{"@type":"EntryPoint","urlTemplate":"https:\/\/www.nordestsanita.it\/?s={search_term_string}"},"query-input":"required name=search_term_string"}],"inLanguage":"it-IT"},{"@type":"Organization","@id":"https:\/\/www.nordestsanita.it\/#organization","name":"NES","url":"https:\/\/www.nordestsanita.it\/","logo":{"@type":"ImageObject","inLanguage":"it-IT","@id":"https:\/\/www.nordestsanita.it\/#\/schema\/logo\/image\/","url":"https:\/\/www.nordestsanita.it\/wp-content\/uploads\/2021\/05\/NES-1280.png","contentUrl":"https:\/\/www.nordestsanita.it\/wp-content\/uploads\/2021\/05\/NES-1280.png","width":1280,"height":458,"caption":"NES"},"image":{"@id":"https:\/\/www.nordestsanita.it\/#\/schema\/logo\/image\/"}},{"@type":"Person","@id":"https:\/\/www.nordestsanita.it\/#\/schema\/person\/e5a7dc6dca45cb55e67d4a127b0e969a","name":"Redazione","image":{"@type":"ImageObject","inLanguage":"it-IT","@id":"https:\/\/www.nordestsanita.it\/#\/schema\/person\/image\/","url":"https:\/\/secure.gravatar.com\/avatar\/3f19a9b3d671ea36ec67c4badf3f961a?s=96&d=mm&r=g","contentUrl":"https:\/\/secure.gravatar.com\/avatar\/3f19a9b3d671ea36ec67c4badf3f961a?s=96&d=mm&r=g","caption":"Redazione"},"url":"https:\/\/www.nordestsanita.it\/?author=8"}]}},"jetpack_featured_media_url":"https:\/\/www.nordestsanita.it\/wp-content\/uploads\/2025\/10\/3.jpg","_links":{"self":[{"href":"https:\/\/www.nordestsanita.it\/index.php?rest_route=\/wp\/v2\/posts\/2568"}],"collection":[{"href":"https:\/\/www.nordestsanita.it\/index.php?rest_route=\/wp\/v2\/posts"}],"about":[{"href":"https:\/\/www.nordestsanita.it\/index.php?rest_route=\/wp\/v2\/types\/post"}],"author":[{"embeddable":true,"href":"https:\/\/www.nordestsanita.it\/index.php?rest_route=\/wp\/v2\/users\/8"}],"replies":[{"embeddable":true,"href":"https:\/\/www.nordestsanita.it\/index.php?rest_route=%2Fwp%2Fv2%2Fcomments&post=2568"}],"version-history":[{"count":1,"href":"https:\/\/www.nordestsanita.it\/index.php?rest_route=\/wp\/v2\/posts\/2568\/revisions"}],"predecessor-version":[{"id":2570,"href":"https:\/\/www.nordestsanita.it\/index.php?rest_route=\/wp\/v2\/posts\/2568\/revisions\/2570"}],"wp:featuredmedia":[{"embeddable":true,"href":"https:\/\/www.nordestsanita.it\/index.php?rest_route=\/wp\/v2\/media\/2569"}],"wp:attachment":[{"href":"https:\/\/www.nordestsanita.it\/index.php?rest_route=%2Fwp%2Fv2%2Fmedia&parent=2568"}],"wp:term":[{"taxonomy":"category","embeddable":true,"href":"https:\/\/www.nordestsanita.it\/index.php?rest_route=%2Fwp%2Fv2%2Fcategories&post=2568"},{"taxonomy":"post_tag","embeddable":true,"href":"https:\/\/www.nordestsanita.it\/index.php?rest_route=%2Fwp%2Fv2%2Ftags&post=2568"}],"curies":[{"name":"wp","href":"https:\/\/api.w.org\/{rel}","templated":true}]}}