{"id":2659,"date":"2026-01-24T14:59:03","date_gmt":"2026-01-24T13:59:03","guid":{"rendered":"https:\/\/www.nordestsanita.it\/?p=2659"},"modified":"2026-01-24T14:59:04","modified_gmt":"2026-01-24T13:59:04","slug":"sanita-pubblica-senza-ossigeno-dal-2012-33-miliardi-sottratti-al-personale","status":"publish","type":"post","link":"https:\/\/www.nordestsanita.it\/?p=2659","title":{"rendered":"Sanit\u00e0 pubblica senza ossigeno: dal 2012 33 miliardi sottratti al personale"},"content":{"rendered":"\n<p>\u00abLa legge delega sulla riforma delle professioni sanitarie enuncia princ\u00ecpi condivisibili, ma senza alcun impegno finanziario rischia di restare lettera morta e di non riuscire ad arginare la fuga dei professionisti dal Servizio Sanitario Nazionale (SSN) e a rendere davvero attrattive le professioni e le specialit\u00e0 mediche sempre pi\u00f9 disertate. Preoccupa inoltre la revisione della norma sulla responsabilit\u00e0 professionale, che risolve parzialmente le criticit\u00e0, ma ne introduce di nuove, finendo per equiparare impropriamente linee guida e buone pratiche clinico-assistenziali\u00bb. \u00c8 la posizione che Nino Cartabellotta, Presidente della Fondazione GIMBE, ha espresso nel corso dell\u2019audizione presso la Camera dei Deputati sul DdL C. 2700, recante \u201cDelega al Governo in materia di professioni sanitarie e disposizioni relative alla responsabilit\u00e0 professionale degli esercenti le professioni sanitarie\u201d.<\/p>\n\n\n\n<p><strong>PERSONALE SANITARIO: I NUMERI DELLA CRISI<\/strong>. Nella parte iniziale dell\u2019audizione, il Presidente ha richiamato i numeri principali documentando che:<\/p>\n\n\n\n<ul><li>In Italia i medici non mancano in valore assoluto: con 5,4 medici per 1.000 abitanti, il nostro Paese si colloca al secondo posto tra i paesi OCSE (media 3,9). \u00abIl paradosso \u2013 ha commentato Cartabellotta \u2013 \u00e8 che oltre 92 mila medici non lavorano nel SSN n\u00e9 come dipendenti, n\u00e9 come convenzionati, n\u00e9 come medici in formazione specialistica\u00bb.<\/li><li>Le carenze sono selettive e riguardano i medici di famiglia (al 1\u00b0 gennaio 2024 ne mancavano oltre 5.500) e tutte le specialit\u00e0 meno attrattive: emergenza-urgenza, discipline di laboratorio, radioterapia, medicina nucleare, cure palliative, medicina di comunit\u00e0 e delle cure primarie.<\/li><li>La situazione pi\u00f9 critica riguarda il personale infermieristico: l\u2019Italia \u00e8 al 23\u00b0 posto su 31 paesi europei dell\u2019area OCSE, con 6,9 infermieri per 1.000 abitanti (media OCSE 9,5). \u00abMa soprattutto \u2013 ha spiegato il Presidente \u2013 la professione non \u00e8 pi\u00f9 attrattiva e i laureati sono sempre meno: nell\u2019anno accademico 2025-2026 il numero di domande di accesso ai corsi di laurea in infermieristica \u00e8 stato addirittura inferiore a quello dei posti disponibili\u00bb.&nbsp;<\/li><\/ul>\n\n\n\n<p><strong>PROFESSIONI SANITARIE: POCHE LEVE CONCRETE<\/strong>. \u00abDi fronte a una crisi senza precedenti del personale sanitario \u2013 ha spiegato Cartabellotta \u2013 la sezione della legge delega dedicata alla valorizzazione delle professioni sanitarie si limita ad un\u2019elencazione di princ\u00ecpi molto generici, offrendo pochissime leve concrete. Il risultato \u00e8 una norma sovrabbondante nella forma, ma povera nella sostanza: molte misure sono difficilmente attuabili e, soprattutto, non \u00e8 previsto alcun investimento aggiuntivo\u00bb. In dettaglio, il Presidente ha illustrato le valutazioni della Fondazione GIMBE sulle misure previste dal Capo I, distinguendo tra interventi privi di effetti tangibili, disposizioni che richiedono chiarimenti e misure con criticit\u00e0 di attuazione.<\/p>\n\n\n\n<p><strong>Misure senza effetti tangibili. <\/strong>Diversi interventi introdotti dalla legge delega appaiono, nel complesso, incapaci di produrre cambiamenti reali: il riordino dell\u2019impiego degli specializzandi, ad esempio, non interviene su contratti, tutele e continuit\u00e0 formazione-lavoro. Le misure finalizzate a \u201ctrattenere\u201d in servizio il personale sanitario si limitano a riconoscimenti formali, privi di progressioni economiche, professionali o incentivi concreti, anche nelle aree pi\u00f9 disagiate. Analogamente, il tentativo di affinare la stima del fabbisogno di specializzandi non affronta il vero nodo, ovvero la crescente disaffezione verso numerose specialit\u00e0, che alimenta le carenze indipendentemente da qualsiasi esercizio di programmazione.<\/p>\n\n\n\n<p><strong>Misure che richiedono chiarimenti<\/strong>. Alcune disposizioni risultano ambigue e poco definite. \u00c8 il caso dell\u2019aggiornamento dei criteri per la formazione manageriale del personale del SSN e della ridefinizione del percorso della medicina generale, rispetto al quale non \u00e8 chiarito se si intenda o meno istituire una Scuola di Specializzazione e soprattutto allinearsi alla normativa europea.<\/p>\n\n\n\n<p><strong>Misure con criticit\u00e0 attuative. <\/strong>Altre misure presentano criticit\u00e0 ancora pi\u00f9 evidenti sul piano dell\u2019attuazione: la semplificazione amministrativa e i meccanismi premiali dipendono quasi interamente da competenze e risorse regionali, in un contesto segnato da profonde disomogeneit\u00e0 organizzative e, soprattutto, dall\u2019assenza di risorse aggiuntive. Anche il sistema nazionale di certificazione delle competenze rischia di restare marginale: in Italia la certificazione \u00e8 facoltativa e gestita da soggetti privati e l\u2019ipotesi di un accreditamento obbligatorio da parte del sistema pubblico non appare realistico nel contesto normativo attuale.<\/p>\n\n\n\n<p><strong>RESPONSABILIT\u00c0 PROFESSIONALE: ATTENZIONE AL \u201cRIGORE\u201d DELLE FONTI E AL VACUUM NORMATIVO. &nbsp;<br><\/strong>Il Capo II del DdL delega rafforza lo scudo penale per i professionisti sanitari e tiene conto delle criticit\u00e0 organizzative del SSN per limitare la responsabilit\u00e0 penale e civile. Tuttavia, questa impostazione presenta criticit\u00e0 rilevanti legate all\u2019evoluzione del Sistema Nazionale Linee Guida (SNLG). Negli ultimi anni, infatti, la produzione documentale si \u00e8 progressivamente spostata dalle linee guida alle buone pratiche clinico-assistenziali (BPCA), spesso basate sul consenso tra esperti e caratterizzate da un minore rigore metodologico. \u00abQuesta involuzione \u2013 spiega Nino Cartabellotta \u2013 non \u00e8 stata accompagnata da un necessario intervento normativo, creando un vuoto che si riflette direttamente sulla responsabilit\u00e0 penale e civile dei professionisti sanitari\u00bb. Le societ\u00e0 scientifiche, infatti, sono chiamate per legge a produrre linee guida, ma non buone pratiche clinico-assistenziali. \u00abLa scelta dell\u2019Istituto Superiore di Sanit\u00e0 di estendere alle societ\u00e0 scientifiche la possibilit\u00e0 di elaborare BPCA \u2013 ha precisato Cartabellotta \u2013 \u00e8 avvenuta senza sanare una lacuna normativa, con il rischio di indebolire le tutele giuridiche dei professionisti sanitari, sia in ambito penale che civile\u00bb. Di conseguenza, la parificazione tra linee guida e BPCA rischia di generare incertezza applicativa, ampliare la discrezionalit\u00e0 dei giudici e, paradossalmente, aumentare il contenzioso.<\/p>\n\n\n\n<p><strong>IL NODO DELLE RISORSE: UNA RIFORMA SULLA CARTA. <\/strong>Nel corso dell\u2019audizione,il Presidente ha documentato come, nel periodo 2012-2024, il capitolo di spesa per il personale sanitario sia stato notevolmente sacrificato. In termini percentuali, la quota destinata al personale dipendente e convenzionato \u00e8 scesa dal 39,7% del 2012 al 36,6% del 2024. L\u2019entit\u00e0 della riduzione emerge in tutta la sua gravit\u00e0 da una simulazione che ipotizza il mantenimento costante, nel periodo 2012-2024, della quota di spesa per il personale del 2012 (39,7%). In soli 12 anni il personale sanitario del SSN ha complessivamente \u201cperso\u201d \u20ac 33,04 miliardi, di cui \u20ac 12,82 miliardi nel solo periodo 2020-2024. \u00ab\u00c8 del tutto evidente \u2013 ha commentato il Presidente \u2013 che un \u201csaccheggio\u201d di risorse pubbliche di tale portata ha progressivamente indebolito e demotivato il capitale umano del SSN, alimentando l\u2019abbandono del servizio pubblico e la crescente disaffezione verso alcune professioni e specialit\u00e0\u00bb.<\/p>\n\n\n\n<p>\u00abSenza risorse aggiuntive e vincolate al personale sanitario \u2013 ha concluso Cartabellotta \u2013 la legge delega e i successivi decreti legislativi rischiano di ridursi a un intervento meramente ordinamentale, incapace di incidere sulla crisi strutturale del personale sanitario, in termini sia di attrattivit\u00e0 delle professioni e delle specialit\u00e0 pi\u00f9 disertate, sia di capacit\u00e0 di trattenere i professionisti nel servizio pubblico. In assenza di criteri rigorosi per la determinazione dei fabbisogni, la riforma rischia inoltre di produrre interventi disomogenei e di aggravare le diseguaglianze territoriali, anche in considerazione della legge sull\u2019autonomia differenziata. \u00c8 molto grave perch\u00e9 questa riforma rappresenta un\u2019ultima chiamata per rilanciare le politiche del personale sanitario. Se anche questa volta si interverr\u00e0 senza risorse, senza scelte strutturali e senza una visione di lungo periodo, il SSN non avr\u00e0 pi\u00f9 margini per recuperare il capitale umano perduto. In presenza della clausola di invarianza finanziaria, la legge delega sulle professioni sanitarie si traduce in un mero esercizio di stile, rendendo di fatto impossibile il rilancio delle politiche del personale sanitario, <em>condicio sine qua non<\/em> per la sopravvivenza del SSN e per la tutela della salute pubblica\u00bb.<\/p>\n\n\n\n<p><\/p>\n\n\n\n<p><\/p>\n","protected":false},"excerpt":{"rendered":"<p>\u00abLa legge delega sulla riforma delle professioni sanitarie enuncia princ\u00ecpi condivisibili, ma senza alcun impegno finanziario rischia di restare lettera morta e di non riuscire ad arginare la fuga dei professionisti dal Servizio Sanitario Nazionale (SSN) e a rendere davvero attrattive le professioni e le specialit\u00e0 mediche sempre pi\u00f9 disertate. Preoccupa inoltre la revisione della norma sulla responsabilit\u00e0 professionale, che risolve parzialmente le criticit\u00e0, ma ne introduce di nuove, finendo per equiparare impropriamente linee guida e buone pratiche clinico-assistenziali\u00bb. \u00c8 la posizione che Nino Cartabellotta, Presidente della Fondazione GIMBE, ha espresso nel corso dell\u2019audizione presso la Camera dei Deputati sul<\/p>\n","protected":false},"author":8,"featured_media":2125,"comment_status":"closed","ping_status":"open","sticky":false,"template":"","format":"standard","meta":[],"categories":[25],"tags":[471,470,232],"yoast_head":"<!-- This site is optimized with the Yoast SEO plugin v20.2 - https:\/\/yoast.com\/wordpress\/plugins\/seo\/ -->\n<title>Sanit\u00e0 pubblica senza ossigeno: dal 2012 33 miliardi sottratti al personale - NES<\/title>\n<meta name=\"robots\" content=\"index, follow, max-snippet:-1, max-image-preview:large, max-video-preview:-1\" \/>\n<link rel=\"canonical\" href=\"https:\/\/www.nordestsanita.it\/?p=2659\" \/>\n<meta property=\"og:locale\" content=\"it_IT\" \/>\n<meta property=\"og:type\" content=\"article\" \/>\n<meta property=\"og:title\" content=\"Sanit\u00e0 pubblica senza ossigeno: dal 2012 33 miliardi sottratti al personale - NES\" \/>\n<meta property=\"og:description\" content=\"\u00abLa legge delega sulla riforma delle professioni sanitarie enuncia princ\u00ecpi condivisibili, ma senza alcun impegno finanziario rischia di restare lettera morta e di non riuscire ad arginare la fuga dei professionisti dal Servizio Sanitario Nazionale (SSN) e a rendere davvero attrattive le professioni e le specialit\u00e0 mediche sempre pi\u00f9 disertate. Preoccupa inoltre la revisione della norma sulla responsabilit\u00e0 professionale, che risolve parzialmente le criticit\u00e0, ma ne introduce di nuove, finendo per equiparare impropriamente linee guida e buone pratiche clinico-assistenziali\u00bb. \u00c8 la posizione che Nino Cartabellotta, Presidente della Fondazione GIMBE, ha espresso nel corso dell\u2019audizione presso la Camera dei Deputati sul\" \/>\n<meta property=\"og:url\" content=\"https:\/\/www.nordestsanita.it\/?p=2659\" \/>\n<meta property=\"og:site_name\" content=\"NES\" \/>\n<meta property=\"article:published_time\" content=\"2026-01-24T13:59:03+00:00\" \/>\n<meta property=\"article:modified_time\" content=\"2026-01-24T13:59:04+00:00\" \/>\n<meta property=\"og:image\" content=\"https:\/\/www.nordestsanita.it\/wp-content\/uploads\/2025\/02\/doctor-650534_1280.jpg\" \/>\n\t<meta property=\"og:image:width\" content=\"1280\" \/>\n\t<meta property=\"og:image:height\" content=\"853\" \/>\n\t<meta property=\"og:image:type\" content=\"image\/jpeg\" \/>\n<meta name=\"author\" content=\"Redazione\" \/>\n<meta name=\"twitter:card\" content=\"summary_large_image\" \/>\n<meta name=\"twitter:label1\" content=\"Scritto da\" \/>\n\t<meta name=\"twitter:data1\" content=\"Redazione\" \/>\n\t<meta name=\"twitter:label2\" content=\"Tempo di lettura stimato\" \/>\n\t<meta name=\"twitter:data2\" content=\"7 minuti\" \/>\n<script type=\"application\/ld+json\" class=\"yoast-schema-graph\">{\"@context\":\"https:\/\/schema.org\",\"@graph\":[{\"@type\":\"Article\",\"@id\":\"https:\/\/www.nordestsanita.it\/?p=2659#article\",\"isPartOf\":{\"@id\":\"https:\/\/www.nordestsanita.it\/?p=2659\"},\"author\":{\"name\":\"Redazione\",\"@id\":\"https:\/\/www.nordestsanita.it\/#\/schema\/person\/e5a7dc6dca45cb55e67d4a127b0e969a\"},\"headline\":\"Sanit\u00e0 pubblica senza ossigeno: dal 2012 33 miliardi sottratti al personale\",\"datePublished\":\"2026-01-24T13:59:03+00:00\",\"dateModified\":\"2026-01-24T13:59:04+00:00\",\"mainEntityOfPage\":{\"@id\":\"https:\/\/www.nordestsanita.it\/?p=2659\"},\"wordCount\":1161,\"publisher\":{\"@id\":\"https:\/\/www.nordestsanita.it\/#organization\"},\"keywords\":[\"Cartabellotta\",\"Gimbe\",\"sanit\u00e0 pubblica\"],\"articleSection\":[\"Sanit\u00e0\"],\"inLanguage\":\"it-IT\"},{\"@type\":\"WebPage\",\"@id\":\"https:\/\/www.nordestsanita.it\/?p=2659\",\"url\":\"https:\/\/www.nordestsanita.it\/?p=2659\",\"name\":\"Sanit\u00e0 pubblica senza ossigeno: dal 2012 33 miliardi sottratti al personale - NES\",\"isPartOf\":{\"@id\":\"https:\/\/www.nordestsanita.it\/#website\"},\"datePublished\":\"2026-01-24T13:59:03+00:00\",\"dateModified\":\"2026-01-24T13:59:04+00:00\",\"breadcrumb\":{\"@id\":\"https:\/\/www.nordestsanita.it\/?p=2659#breadcrumb\"},\"inLanguage\":\"it-IT\",\"potentialAction\":[{\"@type\":\"ReadAction\",\"target\":[\"https:\/\/www.nordestsanita.it\/?p=2659\"]}]},{\"@type\":\"BreadcrumbList\",\"@id\":\"https:\/\/www.nordestsanita.it\/?p=2659#breadcrumb\",\"itemListElement\":[{\"@type\":\"ListItem\",\"position\":1,\"name\":\"Home\",\"item\":\"https:\/\/www.nordestsanita.it\/\"},{\"@type\":\"ListItem\",\"position\":2,\"name\":\"Sanit\u00e0 pubblica senza ossigeno: dal 2012 33 miliardi sottratti al personale\"}]},{\"@type\":\"WebSite\",\"@id\":\"https:\/\/www.nordestsanita.it\/#website\",\"url\":\"https:\/\/www.nordestsanita.it\/\",\"name\":\"NES\",\"description\":\"Nord Est Sanit\u00e0\",\"publisher\":{\"@id\":\"https:\/\/www.nordestsanita.it\/#organization\"},\"potentialAction\":[{\"@type\":\"SearchAction\",\"target\":{\"@type\":\"EntryPoint\",\"urlTemplate\":\"https:\/\/www.nordestsanita.it\/?s={search_term_string}\"},\"query-input\":\"required name=search_term_string\"}],\"inLanguage\":\"it-IT\"},{\"@type\":\"Organization\",\"@id\":\"https:\/\/www.nordestsanita.it\/#organization\",\"name\":\"NES\",\"url\":\"https:\/\/www.nordestsanita.it\/\",\"logo\":{\"@type\":\"ImageObject\",\"inLanguage\":\"it-IT\",\"@id\":\"https:\/\/www.nordestsanita.it\/#\/schema\/logo\/image\/\",\"url\":\"https:\/\/www.nordestsanita.it\/wp-content\/uploads\/2021\/05\/NES-1280.png\",\"contentUrl\":\"https:\/\/www.nordestsanita.it\/wp-content\/uploads\/2021\/05\/NES-1280.png\",\"width\":1280,\"height\":458,\"caption\":\"NES\"},\"image\":{\"@id\":\"https:\/\/www.nordestsanita.it\/#\/schema\/logo\/image\/\"}},{\"@type\":\"Person\",\"@id\":\"https:\/\/www.nordestsanita.it\/#\/schema\/person\/e5a7dc6dca45cb55e67d4a127b0e969a\",\"name\":\"Redazione\",\"image\":{\"@type\":\"ImageObject\",\"inLanguage\":\"it-IT\",\"@id\":\"https:\/\/www.nordestsanita.it\/#\/schema\/person\/image\/\",\"url\":\"https:\/\/secure.gravatar.com\/avatar\/3f19a9b3d671ea36ec67c4badf3f961a?s=96&d=mm&r=g\",\"contentUrl\":\"https:\/\/secure.gravatar.com\/avatar\/3f19a9b3d671ea36ec67c4badf3f961a?s=96&d=mm&r=g\",\"caption\":\"Redazione\"},\"url\":\"https:\/\/www.nordestsanita.it\/?author=8\"}]}<\/script>\n<!-- \/ Yoast SEO plugin. -->","yoast_head_json":{"title":"Sanit\u00e0 pubblica senza ossigeno: dal 2012 33 miliardi sottratti al personale - NES","robots":{"index":"index","follow":"follow","max-snippet":"max-snippet:-1","max-image-preview":"max-image-preview:large","max-video-preview":"max-video-preview:-1"},"canonical":"https:\/\/www.nordestsanita.it\/?p=2659","og_locale":"it_IT","og_type":"article","og_title":"Sanit\u00e0 pubblica senza ossigeno: dal 2012 33 miliardi sottratti al personale - NES","og_description":"\u00abLa legge delega sulla riforma delle professioni sanitarie enuncia princ\u00ecpi condivisibili, ma senza alcun impegno finanziario rischia di restare lettera morta e di non riuscire ad arginare la fuga dei professionisti dal Servizio Sanitario Nazionale (SSN) e a rendere davvero attrattive le professioni e le specialit\u00e0 mediche sempre pi\u00f9 disertate. Preoccupa inoltre la revisione della norma sulla responsabilit\u00e0 professionale, che risolve parzialmente le criticit\u00e0, ma ne introduce di nuove, finendo per equiparare impropriamente linee guida e buone pratiche clinico-assistenziali\u00bb. \u00c8 la posizione che Nino Cartabellotta, Presidente della Fondazione GIMBE, ha espresso nel corso dell\u2019audizione presso la Camera dei Deputati sul","og_url":"https:\/\/www.nordestsanita.it\/?p=2659","og_site_name":"NES","article_published_time":"2026-01-24T13:59:03+00:00","article_modified_time":"2026-01-24T13:59:04+00:00","og_image":[{"width":1280,"height":853,"url":"https:\/\/www.nordestsanita.it\/wp-content\/uploads\/2025\/02\/doctor-650534_1280.jpg","type":"image\/jpeg"}],"author":"Redazione","twitter_card":"summary_large_image","twitter_misc":{"Scritto da":"Redazione","Tempo di lettura stimato":"7 minuti"},"schema":{"@context":"https:\/\/schema.org","@graph":[{"@type":"Article","@id":"https:\/\/www.nordestsanita.it\/?p=2659#article","isPartOf":{"@id":"https:\/\/www.nordestsanita.it\/?p=2659"},"author":{"name":"Redazione","@id":"https:\/\/www.nordestsanita.it\/#\/schema\/person\/e5a7dc6dca45cb55e67d4a127b0e969a"},"headline":"Sanit\u00e0 pubblica senza ossigeno: dal 2012 33 miliardi sottratti al personale","datePublished":"2026-01-24T13:59:03+00:00","dateModified":"2026-01-24T13:59:04+00:00","mainEntityOfPage":{"@id":"https:\/\/www.nordestsanita.it\/?p=2659"},"wordCount":1161,"publisher":{"@id":"https:\/\/www.nordestsanita.it\/#organization"},"keywords":["Cartabellotta","Gimbe","sanit\u00e0 pubblica"],"articleSection":["Sanit\u00e0"],"inLanguage":"it-IT"},{"@type":"WebPage","@id":"https:\/\/www.nordestsanita.it\/?p=2659","url":"https:\/\/www.nordestsanita.it\/?p=2659","name":"Sanit\u00e0 pubblica senza ossigeno: dal 2012 33 miliardi sottratti al personale - NES","isPartOf":{"@id":"https:\/\/www.nordestsanita.it\/#website"},"datePublished":"2026-01-24T13:59:03+00:00","dateModified":"2026-01-24T13:59:04+00:00","breadcrumb":{"@id":"https:\/\/www.nordestsanita.it\/?p=2659#breadcrumb"},"inLanguage":"it-IT","potentialAction":[{"@type":"ReadAction","target":["https:\/\/www.nordestsanita.it\/?p=2659"]}]},{"@type":"BreadcrumbList","@id":"https:\/\/www.nordestsanita.it\/?p=2659#breadcrumb","itemListElement":[{"@type":"ListItem","position":1,"name":"Home","item":"https:\/\/www.nordestsanita.it\/"},{"@type":"ListItem","position":2,"name":"Sanit\u00e0 pubblica senza ossigeno: dal 2012 33 miliardi sottratti al personale"}]},{"@type":"WebSite","@id":"https:\/\/www.nordestsanita.it\/#website","url":"https:\/\/www.nordestsanita.it\/","name":"NES","description":"Nord Est Sanit\u00e0","publisher":{"@id":"https:\/\/www.nordestsanita.it\/#organization"},"potentialAction":[{"@type":"SearchAction","target":{"@type":"EntryPoint","urlTemplate":"https:\/\/www.nordestsanita.it\/?s={search_term_string}"},"query-input":"required name=search_term_string"}],"inLanguage":"it-IT"},{"@type":"Organization","@id":"https:\/\/www.nordestsanita.it\/#organization","name":"NES","url":"https:\/\/www.nordestsanita.it\/","logo":{"@type":"ImageObject","inLanguage":"it-IT","@id":"https:\/\/www.nordestsanita.it\/#\/schema\/logo\/image\/","url":"https:\/\/www.nordestsanita.it\/wp-content\/uploads\/2021\/05\/NES-1280.png","contentUrl":"https:\/\/www.nordestsanita.it\/wp-content\/uploads\/2021\/05\/NES-1280.png","width":1280,"height":458,"caption":"NES"},"image":{"@id":"https:\/\/www.nordestsanita.it\/#\/schema\/logo\/image\/"}},{"@type":"Person","@id":"https:\/\/www.nordestsanita.it\/#\/schema\/person\/e5a7dc6dca45cb55e67d4a127b0e969a","name":"Redazione","image":{"@type":"ImageObject","inLanguage":"it-IT","@id":"https:\/\/www.nordestsanita.it\/#\/schema\/person\/image\/","url":"https:\/\/secure.gravatar.com\/avatar\/3f19a9b3d671ea36ec67c4badf3f961a?s=96&d=mm&r=g","contentUrl":"https:\/\/secure.gravatar.com\/avatar\/3f19a9b3d671ea36ec67c4badf3f961a?s=96&d=mm&r=g","caption":"Redazione"},"url":"https:\/\/www.nordestsanita.it\/?author=8"}]}},"jetpack_featured_media_url":"https:\/\/www.nordestsanita.it\/wp-content\/uploads\/2025\/02\/doctor-650534_1280.jpg","_links":{"self":[{"href":"https:\/\/www.nordestsanita.it\/index.php?rest_route=\/wp\/v2\/posts\/2659"}],"collection":[{"href":"https:\/\/www.nordestsanita.it\/index.php?rest_route=\/wp\/v2\/posts"}],"about":[{"href":"https:\/\/www.nordestsanita.it\/index.php?rest_route=\/wp\/v2\/types\/post"}],"author":[{"embeddable":true,"href":"https:\/\/www.nordestsanita.it\/index.php?rest_route=\/wp\/v2\/users\/8"}],"replies":[{"embeddable":true,"href":"https:\/\/www.nordestsanita.it\/index.php?rest_route=%2Fwp%2Fv2%2Fcomments&post=2659"}],"version-history":[{"count":1,"href":"https:\/\/www.nordestsanita.it\/index.php?rest_route=\/wp\/v2\/posts\/2659\/revisions"}],"predecessor-version":[{"id":2660,"href":"https:\/\/www.nordestsanita.it\/index.php?rest_route=\/wp\/v2\/posts\/2659\/revisions\/2660"}],"wp:featuredmedia":[{"embeddable":true,"href":"https:\/\/www.nordestsanita.it\/index.php?rest_route=\/wp\/v2\/media\/2125"}],"wp:attachment":[{"href":"https:\/\/www.nordestsanita.it\/index.php?rest_route=%2Fwp%2Fv2%2Fmedia&parent=2659"}],"wp:term":[{"taxonomy":"category","embeddable":true,"href":"https:\/\/www.nordestsanita.it\/index.php?rest_route=%2Fwp%2Fv2%2Fcategories&post=2659"},{"taxonomy":"post_tag","embeddable":true,"href":"https:\/\/www.nordestsanita.it\/index.php?rest_route=%2Fwp%2Fv2%2Ftags&post=2659"}],"curies":[{"name":"wp","href":"https:\/\/api.w.org\/{rel}","templated":true}]}}