{"id":2723,"date":"2026-03-07T16:09:56","date_gmt":"2026-03-07T15:09:56","guid":{"rendered":"https:\/\/www.nordestsanita.it\/?p=2723"},"modified":"2026-03-07T16:09:57","modified_gmt":"2026-03-07T15:09:57","slug":"lassessore-alla-sanita-gerosa-allospedale-dellangelo","status":"publish","type":"post","link":"https:\/\/www.nordestsanita.it\/?p=2723","title":{"rendered":"L&#8217;assessore alla Sanit\u00e0 Gerosa all&#8217;Ospedale dell&#8217;Angelo"},"content":{"rendered":"\n<p>L&#8217;Ospedale di Mestre ha ricevuto la visita dell&#8217;Assessore regionale alla Sanit\u00e0, Gino Gerosa.\u00a0L&#8217;Assessore, accompagnato dalla consigliera regionale\u00a0con delega per Venezia,\u00a0Laura Besio, ha incontrato all&#8217;Angelo il Direttore\u00a0generale\u00a0dell&#8217;Ulss 3 Serenissima, Massimo Zuin, e si \u00e8 confrontato con un gruppo di specialisti su progettualit\u00e0 e innovazione, a partire dalle esperienze gi\u00e0 avviate nell&#8217;ospedale HUB della provincia di Venezia.<br>Una particolare attenzione \u00e8 stata data al lavoro della Farmacia Ospedaliera.\u00a0La direzione dell&#8217;Ospedale ha\u00a0illustrato\u00a0all&#8217;Assessore come sia\u00a0stata recentemente concentrata a Mestre la produzione di preparati chemioterapici, che poi vengono utilizzati dell&#8217;Ematologia dell&#8217;Angelo e dalle Oncologie di Mestre, Venezia e Chioggia. Gli importanti lavori di ristrutturazione del 2025 e l&#8217;acquisizione di un robot e due cappe semiautomatiche, inoltre,\u00a0hanno consentito\u00a0all&#8217;Unit\u00e0 farmaci antiblastici di Mestre di garantire la preparazione dei farmaci necessari anche all\u2019Oncologia di Dolo-Mirano: \u00e8 stata completata cos\u00ec la concentrazione di tutta la produzione aziendale in un&#8217;unica sede di altissima qualit\u00e0.\u00a0L\u2019Unit\u00e0 farmaci antiblastici\u00a0dell&#8217;Ospedale dell&#8217;Angelo\u00a0si colloca ora, per volumi di operativit\u00e0, nella fascia ad alta intensit\u00e0 \u2013 si stimano, su base annua, circa 44 mila preparazioni \u2013 innescando un notevole efficientamento dei processi con un risparmio annuo stimato di circa 180.000 euro.\u00a0<\/p>\n","protected":false},"excerpt":{"rendered":"<p>L&#8217;Ospedale di Mestre ha ricevuto la visita dell&#8217;Assessore regionale alla Sanit\u00e0, Gino Gerosa.\u00a0L&#8217;Assessore, accompagnato dalla consigliera regionale\u00a0con delega per Venezia,\u00a0Laura Besio, ha incontrato all&#8217;Angelo il Direttore\u00a0generale\u00a0dell&#8217;Ulss 3 Serenissima, Massimo Zuin, e si \u00e8 confrontato con un gruppo di specialisti su progettualit\u00e0 e innovazione, a partire dalle esperienze gi\u00e0 avviate nell&#8217;ospedale HUB della provincia di Venezia.Una particolare attenzione \u00e8 stata data al lavoro della Farmacia Ospedaliera.\u00a0La direzione dell&#8217;Ospedale ha\u00a0illustrato\u00a0all&#8217;Assessore come sia\u00a0stata recentemente concentrata a Mestre la produzione di preparati chemioterapici, che poi vengono utilizzati dell&#8217;Ematologia dell&#8217;Angelo e dalle Oncologie di Mestre, Venezia e Chioggia. Gli importanti lavori di ristrutturazione del 2025<\/p>\n","protected":false},"author":8,"featured_media":2724,"comment_status":"closed","ping_status":"open","sticky":false,"template":"","format":"standard","meta":[],"categories":[25],"tags":[533,745,81],"yoast_head":"<!-- This site is optimized with the Yoast SEO plugin v20.2 - https:\/\/yoast.com\/wordpress\/plugins\/seo\/ -->\n<title>L&#039;assessore alla Sanit\u00e0 Gerosa all&#039;Ospedale dell&#039;Angelo - NES<\/title>\n<meta name=\"robots\" content=\"index, follow, max-snippet:-1, max-image-preview:large, max-video-preview:-1\" \/>\n<link rel=\"canonical\" href=\"https:\/\/www.nordestsanita.it\/?p=2723\" \/>\n<meta property=\"og:locale\" content=\"it_IT\" \/>\n<meta property=\"og:type\" content=\"article\" \/>\n<meta property=\"og:title\" content=\"L&#039;assessore alla Sanit\u00e0 Gerosa all&#039;Ospedale dell&#039;Angelo - NES\" \/>\n<meta property=\"og:description\" content=\"L&#8217;Ospedale di Mestre ha ricevuto la visita dell&#8217;Assessore regionale alla Sanit\u00e0, Gino Gerosa.\u00a0L&#8217;Assessore, accompagnato dalla consigliera regionale\u00a0con delega per Venezia,\u00a0Laura Besio, ha incontrato all&#8217;Angelo il Direttore\u00a0generale\u00a0dell&#8217;Ulss 3 Serenissima, Massimo Zuin, e si \u00e8 confrontato con un gruppo di specialisti su progettualit\u00e0 e innovazione, a partire dalle esperienze gi\u00e0 avviate nell&#8217;ospedale HUB della provincia di Venezia.Una particolare attenzione \u00e8 stata data al lavoro della Farmacia Ospedaliera.\u00a0La direzione dell&#8217;Ospedale ha\u00a0illustrato\u00a0all&#8217;Assessore come sia\u00a0stata recentemente concentrata a Mestre la produzione di preparati chemioterapici, che poi vengono utilizzati dell&#8217;Ematologia dell&#8217;Angelo e dalle Oncologie di Mestre, Venezia e Chioggia. Gli importanti lavori di ristrutturazione del 2025\" \/>\n<meta property=\"og:url\" content=\"https:\/\/www.nordestsanita.it\/?p=2723\" \/>\n<meta property=\"og:site_name\" content=\"NES\" \/>\n<meta property=\"article:published_time\" content=\"2026-03-07T15:09:56+00:00\" \/>\n<meta property=\"article:modified_time\" content=\"2026-03-07T15:09:57+00:00\" \/>\n<meta property=\"og:image\" content=\"https:\/\/www.nordestsanita.it\/wp-content\/uploads\/2026\/03\/IMG_9086-scaled.jpeg\" \/>\n\t<meta property=\"og:image:width\" content=\"2560\" \/>\n\t<meta property=\"og:image:height\" content=\"1920\" \/>\n\t<meta property=\"og:image:type\" content=\"image\/jpeg\" \/>\n<meta name=\"author\" content=\"Redazione\" \/>\n<meta name=\"twitter:card\" content=\"summary_large_image\" \/>\n<meta name=\"twitter:label1\" content=\"Scritto da\" \/>\n\t<meta name=\"twitter:data1\" content=\"Redazione\" \/>\n\t<meta name=\"twitter:label2\" content=\"Tempo di lettura stimato\" \/>\n\t<meta name=\"twitter:data2\" content=\"2 minuti\" \/>\n<script type=\"application\/ld+json\" class=\"yoast-schema-graph\">{\"@context\":\"https:\/\/schema.org\",\"@graph\":[{\"@type\":\"Article\",\"@id\":\"https:\/\/www.nordestsanita.it\/?p=2723#article\",\"isPartOf\":{\"@id\":\"https:\/\/www.nordestsanita.it\/?p=2723\"},\"author\":{\"name\":\"Redazione\",\"@id\":\"https:\/\/www.nordestsanita.it\/#\/schema\/person\/e5a7dc6dca45cb55e67d4a127b0e969a\"},\"headline\":\"L&#8217;assessore alla Sanit\u00e0 Gerosa all&#8217;Ospedale dell&#8217;Angelo\",\"datePublished\":\"2026-03-07T15:09:56+00:00\",\"dateModified\":\"2026-03-07T15:09:57+00:00\",\"mainEntityOfPage\":{\"@id\":\"https:\/\/www.nordestsanita.it\/?p=2723\"},\"wordCount\":197,\"publisher\":{\"@id\":\"https:\/\/www.nordestsanita.it\/#organization\"},\"keywords\":[\"Gino Gerosa\",\"Massimo Zuin\",\"ULSS3\"],\"articleSection\":[\"Sanit\u00e0\"],\"inLanguage\":\"it-IT\"},{\"@type\":\"WebPage\",\"@id\":\"https:\/\/www.nordestsanita.it\/?p=2723\",\"url\":\"https:\/\/www.nordestsanita.it\/?p=2723\",\"name\":\"L'assessore alla Sanit\u00e0 Gerosa all'Ospedale dell'Angelo - NES\",\"isPartOf\":{\"@id\":\"https:\/\/www.nordestsanita.it\/#website\"},\"datePublished\":\"2026-03-07T15:09:56+00:00\",\"dateModified\":\"2026-03-07T15:09:57+00:00\",\"breadcrumb\":{\"@id\":\"https:\/\/www.nordestsanita.it\/?p=2723#breadcrumb\"},\"inLanguage\":\"it-IT\",\"potentialAction\":[{\"@type\":\"ReadAction\",\"target\":[\"https:\/\/www.nordestsanita.it\/?p=2723\"]}]},{\"@type\":\"BreadcrumbList\",\"@id\":\"https:\/\/www.nordestsanita.it\/?p=2723#breadcrumb\",\"itemListElement\":[{\"@type\":\"ListItem\",\"position\":1,\"name\":\"Home\",\"item\":\"https:\/\/www.nordestsanita.it\/\"},{\"@type\":\"ListItem\",\"position\":2,\"name\":\"L&#8217;assessore alla Sanit\u00e0 Gerosa all&#8217;Ospedale dell&#8217;Angelo\"}]},{\"@type\":\"WebSite\",\"@id\":\"https:\/\/www.nordestsanita.it\/#website\",\"url\":\"https:\/\/www.nordestsanita.it\/\",\"name\":\"NES\",\"description\":\"Nord Est Sanit\u00e0\",\"publisher\":{\"@id\":\"https:\/\/www.nordestsanita.it\/#organization\"},\"potentialAction\":[{\"@type\":\"SearchAction\",\"target\":{\"@type\":\"EntryPoint\",\"urlTemplate\":\"https:\/\/www.nordestsanita.it\/?s={search_term_string}\"},\"query-input\":\"required name=search_term_string\"}],\"inLanguage\":\"it-IT\"},{\"@type\":\"Organization\",\"@id\":\"https:\/\/www.nordestsanita.it\/#organization\",\"name\":\"NES\",\"url\":\"https:\/\/www.nordestsanita.it\/\",\"logo\":{\"@type\":\"ImageObject\",\"inLanguage\":\"it-IT\",\"@id\":\"https:\/\/www.nordestsanita.it\/#\/schema\/logo\/image\/\",\"url\":\"https:\/\/www.nordestsanita.it\/wp-content\/uploads\/2021\/05\/NES-1280.png\",\"contentUrl\":\"https:\/\/www.nordestsanita.it\/wp-content\/uploads\/2021\/05\/NES-1280.png\",\"width\":1280,\"height\":458,\"caption\":\"NES\"},\"image\":{\"@id\":\"https:\/\/www.nordestsanita.it\/#\/schema\/logo\/image\/\"}},{\"@type\":\"Person\",\"@id\":\"https:\/\/www.nordestsanita.it\/#\/schema\/person\/e5a7dc6dca45cb55e67d4a127b0e969a\",\"name\":\"Redazione\",\"image\":{\"@type\":\"ImageObject\",\"inLanguage\":\"it-IT\",\"@id\":\"https:\/\/www.nordestsanita.it\/#\/schema\/person\/image\/\",\"url\":\"https:\/\/secure.gravatar.com\/avatar\/3f19a9b3d671ea36ec67c4badf3f961a?s=96&d=mm&r=g\",\"contentUrl\":\"https:\/\/secure.gravatar.com\/avatar\/3f19a9b3d671ea36ec67c4badf3f961a?s=96&d=mm&r=g\",\"caption\":\"Redazione\"},\"url\":\"https:\/\/www.nordestsanita.it\/?author=8\"}]}<\/script>\n<!-- \/ Yoast SEO plugin. -->","yoast_head_json":{"title":"L'assessore alla Sanit\u00e0 Gerosa all'Ospedale dell'Angelo - NES","robots":{"index":"index","follow":"follow","max-snippet":"max-snippet:-1","max-image-preview":"max-image-preview:large","max-video-preview":"max-video-preview:-1"},"canonical":"https:\/\/www.nordestsanita.it\/?p=2723","og_locale":"it_IT","og_type":"article","og_title":"L'assessore alla Sanit\u00e0 Gerosa all'Ospedale dell'Angelo - NES","og_description":"L&#8217;Ospedale di Mestre ha ricevuto la visita dell&#8217;Assessore regionale alla Sanit\u00e0, Gino Gerosa.\u00a0L&#8217;Assessore, accompagnato dalla consigliera regionale\u00a0con delega per Venezia,\u00a0Laura Besio, ha incontrato all&#8217;Angelo il Direttore\u00a0generale\u00a0dell&#8217;Ulss 3 Serenissima, Massimo Zuin, e si \u00e8 confrontato con un gruppo di specialisti su progettualit\u00e0 e innovazione, a partire dalle esperienze gi\u00e0 avviate nell&#8217;ospedale HUB della provincia di Venezia.Una particolare attenzione \u00e8 stata data al lavoro della Farmacia Ospedaliera.\u00a0La direzione dell&#8217;Ospedale ha\u00a0illustrato\u00a0all&#8217;Assessore come sia\u00a0stata recentemente concentrata a Mestre la produzione di preparati chemioterapici, che poi vengono utilizzati dell&#8217;Ematologia dell&#8217;Angelo e dalle Oncologie di Mestre, Venezia e Chioggia. Gli importanti lavori di ristrutturazione del 2025","og_url":"https:\/\/www.nordestsanita.it\/?p=2723","og_site_name":"NES","article_published_time":"2026-03-07T15:09:56+00:00","article_modified_time":"2026-03-07T15:09:57+00:00","og_image":[{"width":2560,"height":1920,"url":"https:\/\/www.nordestsanita.it\/wp-content\/uploads\/2026\/03\/IMG_9086-scaled.jpeg","type":"image\/jpeg"}],"author":"Redazione","twitter_card":"summary_large_image","twitter_misc":{"Scritto da":"Redazione","Tempo di lettura stimato":"2 minuti"},"schema":{"@context":"https:\/\/schema.org","@graph":[{"@type":"Article","@id":"https:\/\/www.nordestsanita.it\/?p=2723#article","isPartOf":{"@id":"https:\/\/www.nordestsanita.it\/?p=2723"},"author":{"name":"Redazione","@id":"https:\/\/www.nordestsanita.it\/#\/schema\/person\/e5a7dc6dca45cb55e67d4a127b0e969a"},"headline":"L&#8217;assessore alla Sanit\u00e0 Gerosa all&#8217;Ospedale dell&#8217;Angelo","datePublished":"2026-03-07T15:09:56+00:00","dateModified":"2026-03-07T15:09:57+00:00","mainEntityOfPage":{"@id":"https:\/\/www.nordestsanita.it\/?p=2723"},"wordCount":197,"publisher":{"@id":"https:\/\/www.nordestsanita.it\/#organization"},"keywords":["Gino Gerosa","Massimo Zuin","ULSS3"],"articleSection":["Sanit\u00e0"],"inLanguage":"it-IT"},{"@type":"WebPage","@id":"https:\/\/www.nordestsanita.it\/?p=2723","url":"https:\/\/www.nordestsanita.it\/?p=2723","name":"L'assessore alla Sanit\u00e0 Gerosa all'Ospedale dell'Angelo - NES","isPartOf":{"@id":"https:\/\/www.nordestsanita.it\/#website"},"datePublished":"2026-03-07T15:09:56+00:00","dateModified":"2026-03-07T15:09:57+00:00","breadcrumb":{"@id":"https:\/\/www.nordestsanita.it\/?p=2723#breadcrumb"},"inLanguage":"it-IT","potentialAction":[{"@type":"ReadAction","target":["https:\/\/www.nordestsanita.it\/?p=2723"]}]},{"@type":"BreadcrumbList","@id":"https:\/\/www.nordestsanita.it\/?p=2723#breadcrumb","itemListElement":[{"@type":"ListItem","position":1,"name":"Home","item":"https:\/\/www.nordestsanita.it\/"},{"@type":"ListItem","position":2,"name":"L&#8217;assessore alla Sanit\u00e0 Gerosa all&#8217;Ospedale dell&#8217;Angelo"}]},{"@type":"WebSite","@id":"https:\/\/www.nordestsanita.it\/#website","url":"https:\/\/www.nordestsanita.it\/","name":"NES","description":"Nord Est Sanit\u00e0","publisher":{"@id":"https:\/\/www.nordestsanita.it\/#organization"},"potentialAction":[{"@type":"SearchAction","target":{"@type":"EntryPoint","urlTemplate":"https:\/\/www.nordestsanita.it\/?s={search_term_string}"},"query-input":"required name=search_term_string"}],"inLanguage":"it-IT"},{"@type":"Organization","@id":"https:\/\/www.nordestsanita.it\/#organization","name":"NES","url":"https:\/\/www.nordestsanita.it\/","logo":{"@type":"ImageObject","inLanguage":"it-IT","@id":"https:\/\/www.nordestsanita.it\/#\/schema\/logo\/image\/","url":"https:\/\/www.nordestsanita.it\/wp-content\/uploads\/2021\/05\/NES-1280.png","contentUrl":"https:\/\/www.nordestsanita.it\/wp-content\/uploads\/2021\/05\/NES-1280.png","width":1280,"height":458,"caption":"NES"},"image":{"@id":"https:\/\/www.nordestsanita.it\/#\/schema\/logo\/image\/"}},{"@type":"Person","@id":"https:\/\/www.nordestsanita.it\/#\/schema\/person\/e5a7dc6dca45cb55e67d4a127b0e969a","name":"Redazione","image":{"@type":"ImageObject","inLanguage":"it-IT","@id":"https:\/\/www.nordestsanita.it\/#\/schema\/person\/image\/","url":"https:\/\/secure.gravatar.com\/avatar\/3f19a9b3d671ea36ec67c4badf3f961a?s=96&d=mm&r=g","contentUrl":"https:\/\/secure.gravatar.com\/avatar\/3f19a9b3d671ea36ec67c4badf3f961a?s=96&d=mm&r=g","caption":"Redazione"},"url":"https:\/\/www.nordestsanita.it\/?author=8"}]}},"jetpack_featured_media_url":"https:\/\/www.nordestsanita.it\/wp-content\/uploads\/2026\/03\/IMG_9086-scaled.jpeg","_links":{"self":[{"href":"https:\/\/www.nordestsanita.it\/index.php?rest_route=\/wp\/v2\/posts\/2723"}],"collection":[{"href":"https:\/\/www.nordestsanita.it\/index.php?rest_route=\/wp\/v2\/posts"}],"about":[{"href":"https:\/\/www.nordestsanita.it\/index.php?rest_route=\/wp\/v2\/types\/post"}],"author":[{"embeddable":true,"href":"https:\/\/www.nordestsanita.it\/index.php?rest_route=\/wp\/v2\/users\/8"}],"replies":[{"embeddable":true,"href":"https:\/\/www.nordestsanita.it\/index.php?rest_route=%2Fwp%2Fv2%2Fcomments&post=2723"}],"version-history":[{"count":1,"href":"https:\/\/www.nordestsanita.it\/index.php?rest_route=\/wp\/v2\/posts\/2723\/revisions"}],"predecessor-version":[{"id":2725,"href":"https:\/\/www.nordestsanita.it\/index.php?rest_route=\/wp\/v2\/posts\/2723\/revisions\/2725"}],"wp:featuredmedia":[{"embeddable":true,"href":"https:\/\/www.nordestsanita.it\/index.php?rest_route=\/wp\/v2\/media\/2724"}],"wp:attachment":[{"href":"https:\/\/www.nordestsanita.it\/index.php?rest_route=%2Fwp%2Fv2%2Fmedia&parent=2723"}],"wp:term":[{"taxonomy":"category","embeddable":true,"href":"https:\/\/www.nordestsanita.it\/index.php?rest_route=%2Fwp%2Fv2%2Fcategories&post=2723"},{"taxonomy":"post_tag","embeddable":true,"href":"https:\/\/www.nordestsanita.it\/index.php?rest_route=%2Fwp%2Fv2%2Ftags&post=2723"}],"curies":[{"name":"wp","href":"https:\/\/api.w.org\/{rel}","templated":true}]}}