{"id":2759,"date":"2026-04-17T12:51:08","date_gmt":"2026-04-17T10:51:08","guid":{"rendered":"https:\/\/www.nordestsanita.it\/?p=2759"},"modified":"2026-04-17T12:51:13","modified_gmt":"2026-04-17T10:51:13","slug":"ufficiale-il-nuovo-dg-della-sanita-e-ruscitti","status":"publish","type":"post","link":"https:\/\/www.nordestsanita.it\/?p=2759","title":{"rendered":"Ufficiale, il nuovo DG della Sanit\u00e0 \u00e8 Ruscitti"},"content":{"rendered":"\n<p>Come avevamo anticipato qualche giorno fa, Giancarlo Ruscitti \u00e8 da ieri il nuovo Direttore generale dell&#8217;Area Sanit\u00e0 e Sociale della Regione del Veneto. RUsicci ha siglato il contratto che lo designa nell&#8217;incarico, succedendo a Massimo Annichiarico. <br>&#8220;Con la firma del contratto, il dottor Ruscitti assume la guida della sanit\u00e0 regionale&#8221; &#8211; conferma il presidente della Regione del Veneto, Alberto Stefani. &#8220;La scelta \u00e8 stata portata a termine di concerto con la Giunta, alla luce della provata esperienza e di un curriculum di indubbio valore. Quello veneto \u00e8 un sistema sanitario complesso del quale \u00e8 prioritario continuare a garantire l&#8217;eccellenza a beneficio dei cittadini e del personale che ogni giorno ne \u00e8 l&#8217;anima. Per farlo, in questa fase di transizione \u00e8 indispensabile l&#8217;esperienza che nel bagaglio del nuovo direttore non manca. A lui auguro buon lavoro&#8221;. Giancarlo Ruscitti, laureato in Medicina e Chirurgia, \u00e8 gi\u00e0 stato al vertice della sanit\u00e0 veneta dal 2006 al 2010, maturando in seguito, e fino ad oggi, esperienze di alto profilo manageriale in quella di diverse altre regioni<\/p>\n","protected":false},"excerpt":{"rendered":"<p>Come avevamo anticipato qualche giorno fa, Giancarlo Ruscitti \u00e8 da ieri il nuovo Direttore generale dell&#8217;Area Sanit\u00e0 e Sociale della Regione del Veneto. RUsicci ha siglato il contratto che lo designa nell&#8217;incarico, succedendo a Massimo Annichiarico. &#8220;Con la firma del contratto, il dottor Ruscitti assume la guida della sanit\u00e0 regionale&#8221; &#8211; conferma il presidente della Regione del Veneto, Alberto Stefani. &#8220;La scelta \u00e8 stata portata a termine di concerto con la Giunta, alla luce della provata esperienza e di un curriculum di indubbio valore. Quello veneto \u00e8 un sistema sanitario complesso del quale \u00e8 prioritario continuare a garantire l&#8217;eccellenza a<\/p>\n","protected":false},"author":4,"featured_media":2746,"comment_status":"closed","ping_status":"open","sticky":false,"template":"","format":"standard","meta":[],"categories":[25],"tags":[760],"yoast_head":"<!-- This site is optimized with the Yoast SEO plugin v20.2 - https:\/\/yoast.com\/wordpress\/plugins\/seo\/ -->\n<title>Ufficiale, il nuovo DG della Sanit\u00e0 \u00e8 Ruscitti - NES<\/title>\n<meta name=\"robots\" content=\"index, follow, max-snippet:-1, max-image-preview:large, max-video-preview:-1\" \/>\n<link rel=\"canonical\" href=\"https:\/\/www.nordestsanita.it\/?p=2759\" \/>\n<meta property=\"og:locale\" content=\"it_IT\" \/>\n<meta property=\"og:type\" content=\"article\" \/>\n<meta property=\"og:title\" content=\"Ufficiale, il nuovo DG della Sanit\u00e0 \u00e8 Ruscitti - NES\" \/>\n<meta property=\"og:description\" content=\"Come avevamo anticipato qualche giorno fa, Giancarlo Ruscitti \u00e8 da ieri il nuovo Direttore generale dell&#8217;Area Sanit\u00e0 e Sociale della Regione del Veneto. RUsicci ha siglato il contratto che lo designa nell&#8217;incarico, succedendo a Massimo Annichiarico. &#8220;Con la firma del contratto, il dottor Ruscitti assume la guida della sanit\u00e0 regionale&#8221; &#8211; conferma il presidente della Regione del Veneto, Alberto Stefani. &#8220;La scelta \u00e8 stata portata a termine di concerto con la Giunta, alla luce della provata esperienza e di un curriculum di indubbio valore. Quello veneto \u00e8 un sistema sanitario complesso del quale \u00e8 prioritario continuare a garantire l&#8217;eccellenza a\" \/>\n<meta property=\"og:url\" content=\"https:\/\/www.nordestsanita.it\/?p=2759\" \/>\n<meta property=\"og:site_name\" content=\"NES\" \/>\n<meta property=\"article:published_time\" content=\"2026-04-17T10:51:08+00:00\" \/>\n<meta property=\"article:modified_time\" content=\"2026-04-17T10:51:13+00:00\" \/>\n<meta property=\"og:image\" content=\"https:\/\/www.nordestsanita.it\/wp-content\/uploads\/2026\/04\/IMG_3793.jpeg\" \/>\n\t<meta property=\"og:image:width\" content=\"812\" \/>\n\t<meta property=\"og:image:height\" content=\"404\" \/>\n\t<meta property=\"og:image:type\" content=\"image\/jpeg\" \/>\n<meta name=\"author\" content=\"Giuliano Gargano\" \/>\n<meta name=\"twitter:card\" content=\"summary_large_image\" \/>\n<meta name=\"twitter:label1\" content=\"Scritto da\" \/>\n\t<meta name=\"twitter:data1\" content=\"Giuliano Gargano\" \/>\n\t<meta name=\"twitter:label2\" content=\"Tempo di lettura stimato\" \/>\n\t<meta name=\"twitter:data2\" content=\"1 minuto\" \/>\n<script type=\"application\/ld+json\" class=\"yoast-schema-graph\">{\"@context\":\"https:\/\/schema.org\",\"@graph\":[{\"@type\":\"Article\",\"@id\":\"https:\/\/www.nordestsanita.it\/?p=2759#article\",\"isPartOf\":{\"@id\":\"https:\/\/www.nordestsanita.it\/?p=2759\"},\"author\":{\"name\":\"Giuliano Gargano\",\"@id\":\"https:\/\/www.nordestsanita.it\/#\/schema\/person\/b4d794d64b96b99781f85e73d2f335e8\"},\"headline\":\"Ufficiale, il nuovo DG della Sanit\u00e0 \u00e8 Ruscitti\",\"datePublished\":\"2026-04-17T10:51:08+00:00\",\"dateModified\":\"2026-04-17T10:51:13+00:00\",\"mainEntityOfPage\":{\"@id\":\"https:\/\/www.nordestsanita.it\/?p=2759\"},\"wordCount\":170,\"publisher\":{\"@id\":\"https:\/\/www.nordestsanita.it\/#organization\"},\"keywords\":[\"ruscitti\"],\"articleSection\":[\"Sanit\u00e0\"],\"inLanguage\":\"it-IT\"},{\"@type\":\"WebPage\",\"@id\":\"https:\/\/www.nordestsanita.it\/?p=2759\",\"url\":\"https:\/\/www.nordestsanita.it\/?p=2759\",\"name\":\"Ufficiale, il nuovo DG della Sanit\u00e0 \u00e8 Ruscitti - NES\",\"isPartOf\":{\"@id\":\"https:\/\/www.nordestsanita.it\/#website\"},\"datePublished\":\"2026-04-17T10:51:08+00:00\",\"dateModified\":\"2026-04-17T10:51:13+00:00\",\"breadcrumb\":{\"@id\":\"https:\/\/www.nordestsanita.it\/?p=2759#breadcrumb\"},\"inLanguage\":\"it-IT\",\"potentialAction\":[{\"@type\":\"ReadAction\",\"target\":[\"https:\/\/www.nordestsanita.it\/?p=2759\"]}]},{\"@type\":\"BreadcrumbList\",\"@id\":\"https:\/\/www.nordestsanita.it\/?p=2759#breadcrumb\",\"itemListElement\":[{\"@type\":\"ListItem\",\"position\":1,\"name\":\"Home\",\"item\":\"https:\/\/www.nordestsanita.it\/\"},{\"@type\":\"ListItem\",\"position\":2,\"name\":\"Ufficiale, il nuovo DG della Sanit\u00e0 \u00e8 Ruscitti\"}]},{\"@type\":\"WebSite\",\"@id\":\"https:\/\/www.nordestsanita.it\/#website\",\"url\":\"https:\/\/www.nordestsanita.it\/\",\"name\":\"NES\",\"description\":\"Nord Est Sanit\u00e0\",\"publisher\":{\"@id\":\"https:\/\/www.nordestsanita.it\/#organization\"},\"potentialAction\":[{\"@type\":\"SearchAction\",\"target\":{\"@type\":\"EntryPoint\",\"urlTemplate\":\"https:\/\/www.nordestsanita.it\/?s={search_term_string}\"},\"query-input\":\"required name=search_term_string\"}],\"inLanguage\":\"it-IT\"},{\"@type\":\"Organization\",\"@id\":\"https:\/\/www.nordestsanita.it\/#organization\",\"name\":\"NES\",\"url\":\"https:\/\/www.nordestsanita.it\/\",\"logo\":{\"@type\":\"ImageObject\",\"inLanguage\":\"it-IT\",\"@id\":\"https:\/\/www.nordestsanita.it\/#\/schema\/logo\/image\/\",\"url\":\"https:\/\/www.nordestsanita.it\/wp-content\/uploads\/2021\/05\/NES-1280.png\",\"contentUrl\":\"https:\/\/www.nordestsanita.it\/wp-content\/uploads\/2021\/05\/NES-1280.png\",\"width\":1280,\"height\":458,\"caption\":\"NES\"},\"image\":{\"@id\":\"https:\/\/www.nordestsanita.it\/#\/schema\/logo\/image\/\"}},{\"@type\":\"Person\",\"@id\":\"https:\/\/www.nordestsanita.it\/#\/schema\/person\/b4d794d64b96b99781f85e73d2f335e8\",\"name\":\"Giuliano Gargano\",\"image\":{\"@type\":\"ImageObject\",\"inLanguage\":\"it-IT\",\"@id\":\"https:\/\/www.nordestsanita.it\/#\/schema\/person\/image\/\",\"url\":\"https:\/\/secure.gravatar.com\/avatar\/2358b20e394b61d6f72d0ddb2a3df6b3?s=96&d=mm&r=g\",\"contentUrl\":\"https:\/\/secure.gravatar.com\/avatar\/2358b20e394b61d6f72d0ddb2a3df6b3?s=96&d=mm&r=g\",\"caption\":\"Giuliano Gargano\"},\"url\":\"https:\/\/www.nordestsanita.it\/?author=4\"}]}<\/script>\n<!-- \/ Yoast SEO plugin. -->","yoast_head_json":{"title":"Ufficiale, il nuovo DG della Sanit\u00e0 \u00e8 Ruscitti - NES","robots":{"index":"index","follow":"follow","max-snippet":"max-snippet:-1","max-image-preview":"max-image-preview:large","max-video-preview":"max-video-preview:-1"},"canonical":"https:\/\/www.nordestsanita.it\/?p=2759","og_locale":"it_IT","og_type":"article","og_title":"Ufficiale, il nuovo DG della Sanit\u00e0 \u00e8 Ruscitti - NES","og_description":"Come avevamo anticipato qualche giorno fa, Giancarlo Ruscitti \u00e8 da ieri il nuovo Direttore generale dell&#8217;Area Sanit\u00e0 e Sociale della Regione del Veneto. RUsicci ha siglato il contratto che lo designa nell&#8217;incarico, succedendo a Massimo Annichiarico. &#8220;Con la firma del contratto, il dottor Ruscitti assume la guida della sanit\u00e0 regionale&#8221; &#8211; conferma il presidente della Regione del Veneto, Alberto Stefani. &#8220;La scelta \u00e8 stata portata a termine di concerto con la Giunta, alla luce della provata esperienza e di un curriculum di indubbio valore. Quello veneto \u00e8 un sistema sanitario complesso del quale \u00e8 prioritario continuare a garantire l&#8217;eccellenza a","og_url":"https:\/\/www.nordestsanita.it\/?p=2759","og_site_name":"NES","article_published_time":"2026-04-17T10:51:08+00:00","article_modified_time":"2026-04-17T10:51:13+00:00","og_image":[{"width":812,"height":404,"url":"https:\/\/www.nordestsanita.it\/wp-content\/uploads\/2026\/04\/IMG_3793.jpeg","type":"image\/jpeg"}],"author":"Giuliano Gargano","twitter_card":"summary_large_image","twitter_misc":{"Scritto da":"Giuliano Gargano","Tempo di lettura stimato":"1 minuto"},"schema":{"@context":"https:\/\/schema.org","@graph":[{"@type":"Article","@id":"https:\/\/www.nordestsanita.it\/?p=2759#article","isPartOf":{"@id":"https:\/\/www.nordestsanita.it\/?p=2759"},"author":{"name":"Giuliano Gargano","@id":"https:\/\/www.nordestsanita.it\/#\/schema\/person\/b4d794d64b96b99781f85e73d2f335e8"},"headline":"Ufficiale, il nuovo DG della Sanit\u00e0 \u00e8 Ruscitti","datePublished":"2026-04-17T10:51:08+00:00","dateModified":"2026-04-17T10:51:13+00:00","mainEntityOfPage":{"@id":"https:\/\/www.nordestsanita.it\/?p=2759"},"wordCount":170,"publisher":{"@id":"https:\/\/www.nordestsanita.it\/#organization"},"keywords":["ruscitti"],"articleSection":["Sanit\u00e0"],"inLanguage":"it-IT"},{"@type":"WebPage","@id":"https:\/\/www.nordestsanita.it\/?p=2759","url":"https:\/\/www.nordestsanita.it\/?p=2759","name":"Ufficiale, il nuovo DG della Sanit\u00e0 \u00e8 Ruscitti - NES","isPartOf":{"@id":"https:\/\/www.nordestsanita.it\/#website"},"datePublished":"2026-04-17T10:51:08+00:00","dateModified":"2026-04-17T10:51:13+00:00","breadcrumb":{"@id":"https:\/\/www.nordestsanita.it\/?p=2759#breadcrumb"},"inLanguage":"it-IT","potentialAction":[{"@type":"ReadAction","target":["https:\/\/www.nordestsanita.it\/?p=2759"]}]},{"@type":"BreadcrumbList","@id":"https:\/\/www.nordestsanita.it\/?p=2759#breadcrumb","itemListElement":[{"@type":"ListItem","position":1,"name":"Home","item":"https:\/\/www.nordestsanita.it\/"},{"@type":"ListItem","position":2,"name":"Ufficiale, il nuovo DG della Sanit\u00e0 \u00e8 Ruscitti"}]},{"@type":"WebSite","@id":"https:\/\/www.nordestsanita.it\/#website","url":"https:\/\/www.nordestsanita.it\/","name":"NES","description":"Nord Est Sanit\u00e0","publisher":{"@id":"https:\/\/www.nordestsanita.it\/#organization"},"potentialAction":[{"@type":"SearchAction","target":{"@type":"EntryPoint","urlTemplate":"https:\/\/www.nordestsanita.it\/?s={search_term_string}"},"query-input":"required name=search_term_string"}],"inLanguage":"it-IT"},{"@type":"Organization","@id":"https:\/\/www.nordestsanita.it\/#organization","name":"NES","url":"https:\/\/www.nordestsanita.it\/","logo":{"@type":"ImageObject","inLanguage":"it-IT","@id":"https:\/\/www.nordestsanita.it\/#\/schema\/logo\/image\/","url":"https:\/\/www.nordestsanita.it\/wp-content\/uploads\/2021\/05\/NES-1280.png","contentUrl":"https:\/\/www.nordestsanita.it\/wp-content\/uploads\/2021\/05\/NES-1280.png","width":1280,"height":458,"caption":"NES"},"image":{"@id":"https:\/\/www.nordestsanita.it\/#\/schema\/logo\/image\/"}},{"@type":"Person","@id":"https:\/\/www.nordestsanita.it\/#\/schema\/person\/b4d794d64b96b99781f85e73d2f335e8","name":"Giuliano Gargano","image":{"@type":"ImageObject","inLanguage":"it-IT","@id":"https:\/\/www.nordestsanita.it\/#\/schema\/person\/image\/","url":"https:\/\/secure.gravatar.com\/avatar\/2358b20e394b61d6f72d0ddb2a3df6b3?s=96&d=mm&r=g","contentUrl":"https:\/\/secure.gravatar.com\/avatar\/2358b20e394b61d6f72d0ddb2a3df6b3?s=96&d=mm&r=g","caption":"Giuliano Gargano"},"url":"https:\/\/www.nordestsanita.it\/?author=4"}]}},"jetpack_featured_media_url":"https:\/\/www.nordestsanita.it\/wp-content\/uploads\/2026\/04\/IMG_3793.jpeg","_links":{"self":[{"href":"https:\/\/www.nordestsanita.it\/index.php?rest_route=\/wp\/v2\/posts\/2759"}],"collection":[{"href":"https:\/\/www.nordestsanita.it\/index.php?rest_route=\/wp\/v2\/posts"}],"about":[{"href":"https:\/\/www.nordestsanita.it\/index.php?rest_route=\/wp\/v2\/types\/post"}],"author":[{"embeddable":true,"href":"https:\/\/www.nordestsanita.it\/index.php?rest_route=\/wp\/v2\/users\/4"}],"replies":[{"embeddable":true,"href":"https:\/\/www.nordestsanita.it\/index.php?rest_route=%2Fwp%2Fv2%2Fcomments&post=2759"}],"version-history":[{"count":1,"href":"https:\/\/www.nordestsanita.it\/index.php?rest_route=\/wp\/v2\/posts\/2759\/revisions"}],"predecessor-version":[{"id":2760,"href":"https:\/\/www.nordestsanita.it\/index.php?rest_route=\/wp\/v2\/posts\/2759\/revisions\/2760"}],"wp:featuredmedia":[{"embeddable":true,"href":"https:\/\/www.nordestsanita.it\/index.php?rest_route=\/wp\/v2\/media\/2746"}],"wp:attachment":[{"href":"https:\/\/www.nordestsanita.it\/index.php?rest_route=%2Fwp%2Fv2%2Fmedia&parent=2759"}],"wp:term":[{"taxonomy":"category","embeddable":true,"href":"https:\/\/www.nordestsanita.it\/index.php?rest_route=%2Fwp%2Fv2%2Fcategories&post=2759"},{"taxonomy":"post_tag","embeddable":true,"href":"https:\/\/www.nordestsanita.it\/index.php?rest_route=%2Fwp%2Fv2%2Ftags&post=2759"}],"curies":[{"name":"wp","href":"https:\/\/api.w.org\/{rel}","templated":true}]}}