{"id":380,"date":"2021-04-01T11:25:00","date_gmt":"2021-04-01T09:25:00","guid":{"rendered":"http:\/\/www.nordestsanita.it\/?p=380"},"modified":"2021-05-09T14:15:09","modified_gmt":"2021-05-09T12:15:09","slug":"covid-19-fondazione-gimbe-lieve-rallentamento-dei-casi-ma-3mila-decessi-in-7-giorni","status":"publish","type":"post","link":"https:\/\/www.nordestsanita.it\/?p=380","title":{"rendered":"Covid-19, Fondazione Gimbe: \u201cLieve rallentamento dei casi ma 3mila decessi in 7 giorni\u201d"},"content":{"rendered":"\n<p>Il monitoraggio indipendente della Fondazione GIMBE rileva nella settimana 24-30 marzo 2021, rispetto alla precedente, una lieve riduzione dei nuovi casi (141.396 vs 150.181) a fronte di un incremento dei decessi (3.000 vs 2.878). Stabili i casi attualmente positivi (562.832 vs 560.654) e le persone in isolamento domiciliare (529.885 vs 528.680), in aumento i ricoveri con sintomi (29.231 vs 28.428) e le terapie intensive (3.716 vs 3.546) . In dettaglio, rispetto alla settimana precedente, si registrano le seguenti variazioni: Decessi: 3.000 (+4,2%); Terapia intensiva: +170 (+4,8%); Ricoverati con sintomi: +803 (+2,8%); Isolamento domiciliare: +1.205 (+0,2%); Nuovi casi: 141.396 (-5,9%); Casi attualmente positivi: +2.178 (+0,4%).<\/p>\n\n\n\n<!--more-->\n\n\n\n<p>\u00abPer la seconda settimana consecutiva \u2013 dichiara Nino Cartabellotta, Presidente della Fondazione Gimbe \u2013 a livello nazionale si rileva una lenta discesa del numero di nuovi casi e del loro incremento percentuale, anche se il dato risente di notevoli differenze regionali correlate al livello di restrizioni di 3 settimane fa\u00bb. In 9 Regioni, infatti, l\u2019incremento percentuale dei nuovi casi \u00e8 ancora in crescita, soprattutto in 4 Regioni che 3 settimane fa si trovavano in area bianca o gialla (Calabria, Liguria, Sardegna e Valle d\u2019Aosta). Al contrario si rilevano riduzioni rilevanti in Regioni che 3 settimane fa erano in zona arancione o rossa. Inoltre, in 10 Regioni aumentano i casi attualmente positivi, dato che si riflette anche a livello nazionale .<\/p>\n\n\n\n<p>\u00abSul versante ospedaliero \u2013 afferma Renata Gili, responsabile Ricerca sui Servizi sanitari della Fondazione Gimbe \u2013 entrambe le soglie di allerta di occupazione dei posti letto da parte di pazienti Covid in area medica (&gt;40%) e in terapia intensiva (&gt;30%) sono superate a livello nazionale, attestandosi rispettivamente al 44% e al 41%: 10 le Regioni sopra soglia per l\u2019area medica e 13 quelle per le terapie intensive\u00bb. In particolare, l\u2019occupazione di pazienti COVID in terapia intensiva supera il 40% in Puglia, Friuli-Venezia Giulia, Umbria, Toscana, Molise, Lazio e il 50% in Piemonte, Provincia Autonoma di Trento, Emilia-Romagna, con valori superiori al 60% in Lombardia e nelle Marche. \u00abSul fronte dei nuovi ingressi giornalieri in terapia intensiva \u2013 puntualizza Marco Mosti, Direttore Operativo della Fondazione GIMBE \u2013 dopo la frenata registrata la scorsa settimana, il dato si \u00e8 stabilizzato\u00bb.<\/p>\n\n\n\n<p>Vaccini: Al 31 marzo (aggiornamento ore 15.31) risultano consegnate alle Regioni 11.247.180 dosi, pari al 71,7% delle dosi previste per il primo trimestre 2021. Cifre al netto di ritardi di notifica, viste le dichiarazioni del Commissario Figliuolo che ha annunciato che \u201csolo questa settimana ne stanno arrivando circa 3 milioni: ieri [29 marzo, n.d.r] oltre 1 milione di Pfizer, domani [31 marzo, n.d.r.] oltre 500.000 Moderna e oltre 1,3 milioni di AstraZeneca su un totale di 14,2 milioni realizzato nel primo trimestre\u201d. Al 31 marzo (aggiornamento ore 15.31) hanno completato il ciclo vaccinale con la seconda dose 3.143.159 milioni di persone (5,3% della popolazione), con marcate differenze regionali: dal 6,9% della Provincia Autonoma di Bolzano al 3,9% della Sardegna. \u00abLe notevoli eterogeneit\u00e0 \u2013 continua Gili \u2013 riflettono sia una differente capacit\u00e0 organizzativa, sia un eccesso di autonomia delle Regioni nella scelta delle categorie prioritarie da vaccinare\u00bb. In particolare, per ci\u00f2 che riguarda i pi\u00f9 fragili:<br>Over 80: degli oltre 4,4 milioni, 1.274.567 (28,8%) hanno completato il ciclo vaccinale e 1.212.019 (27,4%) hanno ricevuto solo la prima dose, con le consuete rilevanti differenze regionali.<br>Fascia 70-79 anni: degli oltre 5,9 milioni, solo 106.506 (1,8%) hanno completato il ciclo vaccinale e 481.418 (8,1%) hanno ricevuto solo la prima dose, anche qui con notevoli difformit\u00e0 regionali.<br>Elevata fragilit\u00e0 (soggetti estremamente vulnerabili e portatori di disabilit\u00e0 gravi): anche se individuati dal piano vaccinale come categoria prioritaria subito dopo gli over 80, al momento la rendicontazione del database ufficiale non prevede una specifica categoria.<\/p>\n\n\n\n<p>\u00abNon si pu\u00f2 escludere \u2013 spiega Cartabellotta \u2013 che nella categoria denominata \u201cAltro\u201d, con oltre 1,4 milioni di dosi (14,4% del totale delle somministrazioni), rientri un certo numero di soggetti fragili\u00bb. Escludendo da questo \u201ccontenitore\u201d le 572.692 dosi (39,6%) somministrate a persone di et\u00e0 \u226570 anni, considerabili a rischio per fascia anagrafica, resta da fare luce su 873.787 (60,4%) dosi somministrate a soggetti di cui non \u00e8 possibile rilevare altre indicazioni di priorit\u00e0. \u00abPer ragioni di trasparenza e monitoraggio \u2013 continua il Presidente \u2013 da un lato \u00e8 indispensabile inserire nel report ufficiale la categoria dei soggetti ad elevata fragilit\u00e0 al fine di garantire una precisa rendicontazione, dall\u2019altro bisogna fare chiarezza sulla categoria \u201caltro\u201d, che ancora una volta permette di rilevare enormi differenze regionali\u00bb .<\/p>\n\n\n\n<p>Il ritardo nella protezione delle classi d\u2019et\u00e0 pi\u00f9 fragili emerge anche dal monitoraggio dell\u2019European Centre for Disease Control and Prevention (ECDC): l\u2019Italia \u00e8 in ritardo rispetto ad altri Paesi europei, in particolare per la fascia 70-79 anni, dove si colloca a fondo classifica.<br>\u00abSe i vaccini rappresentano la via maestra per uscire gradualmente dalla pandemia \u2013 conclude Cartabellotta \u2013 \u00e8 bene ribadire l\u2019inderogabile necessit\u00e0 di proteggere in maniera prioritaria le persone fragili, pi\u00f9 a rischio di sviluppare forme severe di COVID-19 che richiedono assistenza ospedaliera. Con l\u2019attuale livello di sovraccarico degli ospedali, che non si ridurr\u00e0 in tempi brevi, non possiamo pi\u00f9 permetterci un nuovo rialzo di ricoveri e terapie intensive una volta avviate le graduali riaperture del Paese. Altrimenti continueremo a rimanere ostaggio delle misure restrittive, il cui obiettivo primario \u00e8 proprio quello di limitare il sovraccarico ospedaliero\u00bb.<\/p>\n","protected":false},"excerpt":{"rendered":"<p>Il monitoraggio indipendente della Fondazione GIMBE rileva nella settimana 24-30 marzo 2021, rispetto alla precedente, una lieve riduzione dei nuovi casi (141.396 vs 150.181) a fronte di un incremento dei decessi (3.000 vs 2.878). Stabili i casi attualmente positivi (562.832 vs 560.654) e le persone in isolamento domiciliare (529.885 vs 528.680), in aumento i ricoveri con sintomi (29.231 vs 28.428) e le terapie intensive (3.716 vs 3.546) . In dettaglio, rispetto alla settimana precedente, si registrano le seguenti variazioni: Decessi: 3.000 (+4,2%); Terapia intensiva: +170 (+4,8%); Ricoverati con sintomi: +803 (+2,8%); Isolamento domiciliare: +1.205 (+0,2%); Nuovi casi: 141.396 (-5,9%); Casi<\/p>\n","protected":false},"author":8,"featured_media":381,"comment_status":"closed","ping_status":"open","sticky":false,"template":"","format":"standard","meta":[],"categories":[25],"tags":[37],"yoast_head":"<!-- This site is optimized with the Yoast SEO plugin v20.2 - https:\/\/yoast.com\/wordpress\/plugins\/seo\/ -->\n<title>Covid-19, Fondazione Gimbe: \u201cLieve rallentamento dei casi ma 3mila decessi in 7 giorni\u201d - NES<\/title>\n<meta name=\"robots\" content=\"index, follow, max-snippet:-1, max-image-preview:large, max-video-preview:-1\" \/>\n<link rel=\"canonical\" href=\"https:\/\/www.nordestsanita.it\/?p=380\" \/>\n<meta property=\"og:locale\" content=\"it_IT\" \/>\n<meta property=\"og:type\" content=\"article\" \/>\n<meta property=\"og:title\" content=\"Covid-19, Fondazione Gimbe: \u201cLieve rallentamento dei casi ma 3mila decessi in 7 giorni\u201d - NES\" \/>\n<meta property=\"og:description\" content=\"Il monitoraggio indipendente della Fondazione GIMBE rileva nella settimana 24-30 marzo 2021, rispetto alla precedente, una lieve riduzione dei nuovi casi (141.396 vs 150.181) a fronte di un incremento dei decessi (3.000 vs 2.878). Stabili i casi attualmente positivi (562.832 vs 560.654) e le persone in isolamento domiciliare (529.885 vs 528.680), in aumento i ricoveri con sintomi (29.231 vs 28.428) e le terapie intensive (3.716 vs 3.546) . In dettaglio, rispetto alla settimana precedente, si registrano le seguenti variazioni: Decessi: 3.000 (+4,2%); Terapia intensiva: +170 (+4,8%); Ricoverati con sintomi: +803 (+2,8%); Isolamento domiciliare: +1.205 (+0,2%); Nuovi casi: 141.396 (-5,9%); Casi\" \/>\n<meta property=\"og:url\" content=\"https:\/\/www.nordestsanita.it\/?p=380\" \/>\n<meta property=\"og:site_name\" content=\"NES\" \/>\n<meta property=\"article:published_time\" content=\"2021-04-01T09:25:00+00:00\" \/>\n<meta property=\"article:modified_time\" content=\"2021-05-09T12:15:09+00:00\" \/>\n<meta property=\"og:image\" content=\"https:\/\/www.nordestsanita.it\/wp-content\/uploads\/2021\/05\/NinoCartaberllotta2.jpg\" \/>\n\t<meta property=\"og:image:width\" content=\"563\" \/>\n\t<meta property=\"og:image:height\" content=\"437\" \/>\n\t<meta property=\"og:image:type\" content=\"image\/jpeg\" \/>\n<meta name=\"author\" content=\"Redazione\" \/>\n<meta name=\"twitter:card\" content=\"summary_large_image\" \/>\n<meta name=\"twitter:label1\" content=\"Scritto da\" \/>\n\t<meta name=\"twitter:data1\" content=\"Redazione\" \/>\n\t<meta name=\"twitter:label2\" content=\"Tempo di lettura stimato\" \/>\n\t<meta name=\"twitter:data2\" content=\"4 minuti\" \/>\n<script type=\"application\/ld+json\" class=\"yoast-schema-graph\">{\"@context\":\"https:\/\/schema.org\",\"@graph\":[{\"@type\":\"Article\",\"@id\":\"https:\/\/www.nordestsanita.it\/?p=380#article\",\"isPartOf\":{\"@id\":\"https:\/\/www.nordestsanita.it\/?p=380\"},\"author\":{\"name\":\"Redazione\",\"@id\":\"https:\/\/www.nordestsanita.it\/#\/schema\/person\/e5a7dc6dca45cb55e67d4a127b0e969a\"},\"headline\":\"Covid-19, Fondazione Gimbe: \u201cLieve rallentamento dei casi ma 3mila decessi in 7 giorni\u201d\",\"datePublished\":\"2021-04-01T09:25:00+00:00\",\"dateModified\":\"2021-05-09T12:15:09+00:00\",\"mainEntityOfPage\":{\"@id\":\"https:\/\/www.nordestsanita.it\/?p=380\"},\"wordCount\":803,\"publisher\":{\"@id\":\"https:\/\/www.nordestsanita.it\/#organization\"},\"keywords\":[\"fondazione Gimbe\"],\"articleSection\":[\"Sanit\u00e0\"],\"inLanguage\":\"it-IT\"},{\"@type\":\"WebPage\",\"@id\":\"https:\/\/www.nordestsanita.it\/?p=380\",\"url\":\"https:\/\/www.nordestsanita.it\/?p=380\",\"name\":\"Covid-19, Fondazione Gimbe: \u201cLieve rallentamento dei casi ma 3mila decessi in 7 giorni\u201d - NES\",\"isPartOf\":{\"@id\":\"https:\/\/www.nordestsanita.it\/#website\"},\"datePublished\":\"2021-04-01T09:25:00+00:00\",\"dateModified\":\"2021-05-09T12:15:09+00:00\",\"breadcrumb\":{\"@id\":\"https:\/\/www.nordestsanita.it\/?p=380#breadcrumb\"},\"inLanguage\":\"it-IT\",\"potentialAction\":[{\"@type\":\"ReadAction\",\"target\":[\"https:\/\/www.nordestsanita.it\/?p=380\"]}]},{\"@type\":\"BreadcrumbList\",\"@id\":\"https:\/\/www.nordestsanita.it\/?p=380#breadcrumb\",\"itemListElement\":[{\"@type\":\"ListItem\",\"position\":1,\"name\":\"Home\",\"item\":\"https:\/\/www.nordestsanita.it\/\"},{\"@type\":\"ListItem\",\"position\":2,\"name\":\"Covid-19, Fondazione Gimbe: \u201cLieve rallentamento dei casi ma 3mila decessi in 7 giorni\u201d\"}]},{\"@type\":\"WebSite\",\"@id\":\"https:\/\/www.nordestsanita.it\/#website\",\"url\":\"https:\/\/www.nordestsanita.it\/\",\"name\":\"NES\",\"description\":\"Nord Est Sanit\u00e0\",\"publisher\":{\"@id\":\"https:\/\/www.nordestsanita.it\/#organization\"},\"potentialAction\":[{\"@type\":\"SearchAction\",\"target\":{\"@type\":\"EntryPoint\",\"urlTemplate\":\"https:\/\/www.nordestsanita.it\/?s={search_term_string}\"},\"query-input\":\"required name=search_term_string\"}],\"inLanguage\":\"it-IT\"},{\"@type\":\"Organization\",\"@id\":\"https:\/\/www.nordestsanita.it\/#organization\",\"name\":\"NES\",\"url\":\"https:\/\/www.nordestsanita.it\/\",\"logo\":{\"@type\":\"ImageObject\",\"inLanguage\":\"it-IT\",\"@id\":\"https:\/\/www.nordestsanita.it\/#\/schema\/logo\/image\/\",\"url\":\"https:\/\/www.nordestsanita.it\/wp-content\/uploads\/2021\/05\/NES-1280.png\",\"contentUrl\":\"https:\/\/www.nordestsanita.it\/wp-content\/uploads\/2021\/05\/NES-1280.png\",\"width\":1280,\"height\":458,\"caption\":\"NES\"},\"image\":{\"@id\":\"https:\/\/www.nordestsanita.it\/#\/schema\/logo\/image\/\"}},{\"@type\":\"Person\",\"@id\":\"https:\/\/www.nordestsanita.it\/#\/schema\/person\/e5a7dc6dca45cb55e67d4a127b0e969a\",\"name\":\"Redazione\",\"image\":{\"@type\":\"ImageObject\",\"inLanguage\":\"it-IT\",\"@id\":\"https:\/\/www.nordestsanita.it\/#\/schema\/person\/image\/\",\"url\":\"https:\/\/secure.gravatar.com\/avatar\/3f19a9b3d671ea36ec67c4badf3f961a?s=96&d=mm&r=g\",\"contentUrl\":\"https:\/\/secure.gravatar.com\/avatar\/3f19a9b3d671ea36ec67c4badf3f961a?s=96&d=mm&r=g\",\"caption\":\"Redazione\"},\"url\":\"https:\/\/www.nordestsanita.it\/?author=8\"}]}<\/script>\n<!-- \/ Yoast SEO plugin. -->","yoast_head_json":{"title":"Covid-19, Fondazione Gimbe: \u201cLieve rallentamento dei casi ma 3mila decessi in 7 giorni\u201d - NES","robots":{"index":"index","follow":"follow","max-snippet":"max-snippet:-1","max-image-preview":"max-image-preview:large","max-video-preview":"max-video-preview:-1"},"canonical":"https:\/\/www.nordestsanita.it\/?p=380","og_locale":"it_IT","og_type":"article","og_title":"Covid-19, Fondazione Gimbe: \u201cLieve rallentamento dei casi ma 3mila decessi in 7 giorni\u201d - NES","og_description":"Il monitoraggio indipendente della Fondazione GIMBE rileva nella settimana 24-30 marzo 2021, rispetto alla precedente, una lieve riduzione dei nuovi casi (141.396 vs 150.181) a fronte di un incremento dei decessi (3.000 vs 2.878). Stabili i casi attualmente positivi (562.832 vs 560.654) e le persone in isolamento domiciliare (529.885 vs 528.680), in aumento i ricoveri con sintomi (29.231 vs 28.428) e le terapie intensive (3.716 vs 3.546) . In dettaglio, rispetto alla settimana precedente, si registrano le seguenti variazioni: Decessi: 3.000 (+4,2%); Terapia intensiva: +170 (+4,8%); Ricoverati con sintomi: +803 (+2,8%); Isolamento domiciliare: +1.205 (+0,2%); Nuovi casi: 141.396 (-5,9%); Casi","og_url":"https:\/\/www.nordestsanita.it\/?p=380","og_site_name":"NES","article_published_time":"2021-04-01T09:25:00+00:00","article_modified_time":"2021-05-09T12:15:09+00:00","og_image":[{"width":563,"height":437,"url":"https:\/\/www.nordestsanita.it\/wp-content\/uploads\/2021\/05\/NinoCartaberllotta2.jpg","type":"image\/jpeg"}],"author":"Redazione","twitter_card":"summary_large_image","twitter_misc":{"Scritto da":"Redazione","Tempo di lettura stimato":"4 minuti"},"schema":{"@context":"https:\/\/schema.org","@graph":[{"@type":"Article","@id":"https:\/\/www.nordestsanita.it\/?p=380#article","isPartOf":{"@id":"https:\/\/www.nordestsanita.it\/?p=380"},"author":{"name":"Redazione","@id":"https:\/\/www.nordestsanita.it\/#\/schema\/person\/e5a7dc6dca45cb55e67d4a127b0e969a"},"headline":"Covid-19, Fondazione Gimbe: \u201cLieve rallentamento dei casi ma 3mila decessi in 7 giorni\u201d","datePublished":"2021-04-01T09:25:00+00:00","dateModified":"2021-05-09T12:15:09+00:00","mainEntityOfPage":{"@id":"https:\/\/www.nordestsanita.it\/?p=380"},"wordCount":803,"publisher":{"@id":"https:\/\/www.nordestsanita.it\/#organization"},"keywords":["fondazione Gimbe"],"articleSection":["Sanit\u00e0"],"inLanguage":"it-IT"},{"@type":"WebPage","@id":"https:\/\/www.nordestsanita.it\/?p=380","url":"https:\/\/www.nordestsanita.it\/?p=380","name":"Covid-19, Fondazione Gimbe: \u201cLieve rallentamento dei casi ma 3mila decessi in 7 giorni\u201d - NES","isPartOf":{"@id":"https:\/\/www.nordestsanita.it\/#website"},"datePublished":"2021-04-01T09:25:00+00:00","dateModified":"2021-05-09T12:15:09+00:00","breadcrumb":{"@id":"https:\/\/www.nordestsanita.it\/?p=380#breadcrumb"},"inLanguage":"it-IT","potentialAction":[{"@type":"ReadAction","target":["https:\/\/www.nordestsanita.it\/?p=380"]}]},{"@type":"BreadcrumbList","@id":"https:\/\/www.nordestsanita.it\/?p=380#breadcrumb","itemListElement":[{"@type":"ListItem","position":1,"name":"Home","item":"https:\/\/www.nordestsanita.it\/"},{"@type":"ListItem","position":2,"name":"Covid-19, Fondazione Gimbe: \u201cLieve rallentamento dei casi ma 3mila decessi in 7 giorni\u201d"}]},{"@type":"WebSite","@id":"https:\/\/www.nordestsanita.it\/#website","url":"https:\/\/www.nordestsanita.it\/","name":"NES","description":"Nord Est Sanit\u00e0","publisher":{"@id":"https:\/\/www.nordestsanita.it\/#organization"},"potentialAction":[{"@type":"SearchAction","target":{"@type":"EntryPoint","urlTemplate":"https:\/\/www.nordestsanita.it\/?s={search_term_string}"},"query-input":"required name=search_term_string"}],"inLanguage":"it-IT"},{"@type":"Organization","@id":"https:\/\/www.nordestsanita.it\/#organization","name":"NES","url":"https:\/\/www.nordestsanita.it\/","logo":{"@type":"ImageObject","inLanguage":"it-IT","@id":"https:\/\/www.nordestsanita.it\/#\/schema\/logo\/image\/","url":"https:\/\/www.nordestsanita.it\/wp-content\/uploads\/2021\/05\/NES-1280.png","contentUrl":"https:\/\/www.nordestsanita.it\/wp-content\/uploads\/2021\/05\/NES-1280.png","width":1280,"height":458,"caption":"NES"},"image":{"@id":"https:\/\/www.nordestsanita.it\/#\/schema\/logo\/image\/"}},{"@type":"Person","@id":"https:\/\/www.nordestsanita.it\/#\/schema\/person\/e5a7dc6dca45cb55e67d4a127b0e969a","name":"Redazione","image":{"@type":"ImageObject","inLanguage":"it-IT","@id":"https:\/\/www.nordestsanita.it\/#\/schema\/person\/image\/","url":"https:\/\/secure.gravatar.com\/avatar\/3f19a9b3d671ea36ec67c4badf3f961a?s=96&d=mm&r=g","contentUrl":"https:\/\/secure.gravatar.com\/avatar\/3f19a9b3d671ea36ec67c4badf3f961a?s=96&d=mm&r=g","caption":"Redazione"},"url":"https:\/\/www.nordestsanita.it\/?author=8"}]}},"jetpack_featured_media_url":"https:\/\/www.nordestsanita.it\/wp-content\/uploads\/2021\/05\/NinoCartaberllotta2.jpg","_links":{"self":[{"href":"https:\/\/www.nordestsanita.it\/index.php?rest_route=\/wp\/v2\/posts\/380"}],"collection":[{"href":"https:\/\/www.nordestsanita.it\/index.php?rest_route=\/wp\/v2\/posts"}],"about":[{"href":"https:\/\/www.nordestsanita.it\/index.php?rest_route=\/wp\/v2\/types\/post"}],"author":[{"embeddable":true,"href":"https:\/\/www.nordestsanita.it\/index.php?rest_route=\/wp\/v2\/users\/8"}],"replies":[{"embeddable":true,"href":"https:\/\/www.nordestsanita.it\/index.php?rest_route=%2Fwp%2Fv2%2Fcomments&post=380"}],"version-history":[{"count":1,"href":"https:\/\/www.nordestsanita.it\/index.php?rest_route=\/wp\/v2\/posts\/380\/revisions"}],"predecessor-version":[{"id":382,"href":"https:\/\/www.nordestsanita.it\/index.php?rest_route=\/wp\/v2\/posts\/380\/revisions\/382"}],"wp:featuredmedia":[{"embeddable":true,"href":"https:\/\/www.nordestsanita.it\/index.php?rest_route=\/wp\/v2\/media\/381"}],"wp:attachment":[{"href":"https:\/\/www.nordestsanita.it\/index.php?rest_route=%2Fwp%2Fv2%2Fmedia&parent=380"}],"wp:term":[{"taxonomy":"category","embeddable":true,"href":"https:\/\/www.nordestsanita.it\/index.php?rest_route=%2Fwp%2Fv2%2Fcategories&post=380"},{"taxonomy":"post_tag","embeddable":true,"href":"https:\/\/www.nordestsanita.it\/index.php?rest_route=%2Fwp%2Fv2%2Ftags&post=380"}],"curies":[{"name":"wp","href":"https:\/\/api.w.org\/{rel}","templated":true}]}}