{"id":396,"date":"2021-03-29T13:27:00","date_gmt":"2021-03-29T11:27:00","guid":{"rendered":"http:\/\/www.nordestsanita.it\/?p=396"},"modified":"2021-05-06T10:30:33","modified_gmt":"2021-05-06T08:30:33","slug":"veneto-la-regione-destina-quasi-5-milioni-e-mezzo-di-euro-ai-caregiver","status":"publish","type":"post","link":"https:\/\/www.nordestsanita.it\/?p=396","title":{"rendered":"Veneto, la Regione destina quasi 5 milioni e mezzo di euro ai caregiver"},"content":{"rendered":"\n<p>Nel dettaglio saranno destinati 3.529.957,18 per il biennio 2018-19 e 1.894.226,98 per l\u2019anno 2020<\/p>\n\n\n\n<!--more-->\n\n\n\n<p>E\u2019 stata approvata in Veneto la delibera nella quale vengono stabiliti i criteri per la destinazione degli interventi di sollievo e sostegno stanziati per i caregiver familiari. I fondi, previsti con specifico DPCM dello scorso autunno, prevedono l\u2019assegnazione nel Veneto di complessivi 5.424.184,16 euro. In dettaglio: 3.529.957,18 per il biennio 2018-19 e 1.894.226,98 per l\u2019anno 2020.<\/p>\n\n\n\n<p>\u201cIl piano di indirizzo per il sostegno al ruolo di cura e assistenza proprio dei caregiver familiari \u00e8 mirato al riconoscimento del valore sociale ed economico dell\u2019attivit\u00e0 svolta dai numerosi congiunti delle persone non autosufficienti o con disabilit\u00e0 \u2013 sottolinea l\u2019assessore alla Sanit\u00e0 ed ai Servizi sociali Lanzarin -. Stiamo parlando di figure che, pur non identificabili in un ambito professionale, svolgono una mansione rilevante nella rete dei servizi sociosanitari. Sono, infatti, coloro che garantiscono la permanenza nel proprio domicilio di persone non autosufficienti. Un impegno gravoso, che si accompagna molto spesso a ricadute non banali nell\u2019organizzazione del nucleo familiare e in ambito economico e sociale. Come tale merita di essere sostenuto\u201d.<\/p>\n\n\n\n<p>Il documento approvato contiene un programma condiviso con le associazioni pi\u00f9 rappresentative delle persone con disabilit\u00e0. Gli interventi di sollievo e sostegno destinato ai caregiver sono di diversa entit\u00e0 e sono erogati secondo criteri sia di carattere generale (come l\u2019intensit\u00e0 del carico familiare nell\u2019accudimento dell\u2019assistito, la condizione di non autosufficienza e quella economica) sia specifici, legati all\u2019ambito di intervento (tipologia di infermit\u00e0, patologia ed handicap).<br>\u201cIl provvedimento non solo \u00e8 un adempimento ma \u00e8 un atto in linea con gli indirizzi fondamentali di programmazione sociosanitaria regionale del Veneto \u2013 aggiunge l\u2019Assessore \u2013 a cominciare da alcuni criteri determinanti: il monitoraggio del bisogno, la ricomposizione e focalizzazione delle risorse, la sussidiariet\u00e0 e la sinergia, il welfare di iniziativa e di comunit\u00e0, l\u2019integrazione sociosanitaria e, infine, l\u2019inclusione sociale\u201d.<\/p>\n\n\n\n<p>Per la ripartizione delle somme sono indicati gli stessi criteri impiegati per quella del fondo per la non autosufficienza ed \u00e8 prevista l\u2019acquisizione della certificazione ISEE (Indicatore di situazione economica equivalente) e la scheda di valutazione SVAMA (Scheda valutazione multidimensionale dell\u2019adulto) o SVAMDI (Scheda valutazione multidimensionale delle persone con disabilit\u00e0).<\/p>\n","protected":false},"excerpt":{"rendered":"<p>Nel dettaglio saranno destinati 3.529.957,18 per il biennio 2018-19 e 1.894.226,98 per l\u2019anno 2020<\/p>\n","protected":false},"author":8,"featured_media":397,"comment_status":"closed","ping_status":"open","sticky":false,"template":"","format":"standard","meta":[],"categories":[28],"tags":[],"yoast_head":"<!-- This site is optimized with the Yoast SEO plugin v20.2 - https:\/\/yoast.com\/wordpress\/plugins\/seo\/ -->\n<title>Veneto, la Regione destina quasi 5 milioni e mezzo di euro ai caregiver - NES<\/title>\n<meta name=\"robots\" content=\"index, follow, max-snippet:-1, max-image-preview:large, max-video-preview:-1\" \/>\n<link rel=\"canonical\" href=\"https:\/\/www.nordestsanita.it\/?p=396\" \/>\n<meta property=\"og:locale\" content=\"it_IT\" \/>\n<meta property=\"og:type\" content=\"article\" \/>\n<meta property=\"og:title\" content=\"Veneto, la Regione destina quasi 5 milioni e mezzo di euro ai caregiver - NES\" \/>\n<meta property=\"og:description\" content=\"Nel dettaglio saranno destinati 3.529.957,18 per il biennio 2018-19 e 1.894.226,98 per l\u2019anno 2020\" \/>\n<meta property=\"og:url\" content=\"https:\/\/www.nordestsanita.it\/?p=396\" \/>\n<meta property=\"og:site_name\" content=\"NES\" \/>\n<meta property=\"article:published_time\" content=\"2021-03-29T11:27:00+00:00\" \/>\n<meta property=\"article:modified_time\" content=\"2021-05-06T08:30:33+00:00\" \/>\n<meta property=\"og:image\" content=\"https:\/\/www.nordestsanita.it\/wp-content\/uploads\/2021\/05\/altruismo.jpg\" \/>\n\t<meta property=\"og:image:width\" content=\"424\" \/>\n\t<meta property=\"og:image:height\" content=\"283\" \/>\n\t<meta property=\"og:image:type\" content=\"image\/jpeg\" \/>\n<meta name=\"author\" content=\"Redazione\" \/>\n<meta name=\"twitter:card\" content=\"summary_large_image\" \/>\n<meta name=\"twitter:label1\" content=\"Scritto da\" \/>\n\t<meta name=\"twitter:data1\" content=\"Redazione\" \/>\n\t<meta name=\"twitter:label2\" content=\"Tempo di lettura stimato\" \/>\n\t<meta name=\"twitter:data2\" content=\"2 minuti\" \/>\n<script type=\"application\/ld+json\" class=\"yoast-schema-graph\">{\"@context\":\"https:\/\/schema.org\",\"@graph\":[{\"@type\":\"Article\",\"@id\":\"https:\/\/www.nordestsanita.it\/?p=396#article\",\"isPartOf\":{\"@id\":\"https:\/\/www.nordestsanita.it\/?p=396\"},\"author\":{\"name\":\"Redazione\",\"@id\":\"https:\/\/www.nordestsanita.it\/#\/schema\/person\/e5a7dc6dca45cb55e67d4a127b0e969a\"},\"headline\":\"Veneto, la Regione destina quasi 5 milioni e mezzo di euro ai caregiver\",\"datePublished\":\"2021-03-29T11:27:00+00:00\",\"dateModified\":\"2021-05-06T08:30:33+00:00\",\"mainEntityOfPage\":{\"@id\":\"https:\/\/www.nordestsanita.it\/?p=396\"},\"wordCount\":371,\"publisher\":{\"@id\":\"https:\/\/www.nordestsanita.it\/#organization\"},\"articleSection\":[\"Sociale\"],\"inLanguage\":\"it-IT\"},{\"@type\":\"WebPage\",\"@id\":\"https:\/\/www.nordestsanita.it\/?p=396\",\"url\":\"https:\/\/www.nordestsanita.it\/?p=396\",\"name\":\"Veneto, la Regione destina quasi 5 milioni e mezzo di euro ai caregiver - NES\",\"isPartOf\":{\"@id\":\"https:\/\/www.nordestsanita.it\/#website\"},\"datePublished\":\"2021-03-29T11:27:00+00:00\",\"dateModified\":\"2021-05-06T08:30:33+00:00\",\"breadcrumb\":{\"@id\":\"https:\/\/www.nordestsanita.it\/?p=396#breadcrumb\"},\"inLanguage\":\"it-IT\",\"potentialAction\":[{\"@type\":\"ReadAction\",\"target\":[\"https:\/\/www.nordestsanita.it\/?p=396\"]}]},{\"@type\":\"BreadcrumbList\",\"@id\":\"https:\/\/www.nordestsanita.it\/?p=396#breadcrumb\",\"itemListElement\":[{\"@type\":\"ListItem\",\"position\":1,\"name\":\"Home\",\"item\":\"https:\/\/www.nordestsanita.it\/\"},{\"@type\":\"ListItem\",\"position\":2,\"name\":\"Veneto, la Regione destina quasi 5 milioni e mezzo di euro ai caregiver\"}]},{\"@type\":\"WebSite\",\"@id\":\"https:\/\/www.nordestsanita.it\/#website\",\"url\":\"https:\/\/www.nordestsanita.it\/\",\"name\":\"NES\",\"description\":\"Nord Est Sanit\u00e0\",\"publisher\":{\"@id\":\"https:\/\/www.nordestsanita.it\/#organization\"},\"potentialAction\":[{\"@type\":\"SearchAction\",\"target\":{\"@type\":\"EntryPoint\",\"urlTemplate\":\"https:\/\/www.nordestsanita.it\/?s={search_term_string}\"},\"query-input\":\"required name=search_term_string\"}],\"inLanguage\":\"it-IT\"},{\"@type\":\"Organization\",\"@id\":\"https:\/\/www.nordestsanita.it\/#organization\",\"name\":\"NES\",\"url\":\"https:\/\/www.nordestsanita.it\/\",\"logo\":{\"@type\":\"ImageObject\",\"inLanguage\":\"it-IT\",\"@id\":\"https:\/\/www.nordestsanita.it\/#\/schema\/logo\/image\/\",\"url\":\"https:\/\/www.nordestsanita.it\/wp-content\/uploads\/2021\/05\/NES-1280.png\",\"contentUrl\":\"https:\/\/www.nordestsanita.it\/wp-content\/uploads\/2021\/05\/NES-1280.png\",\"width\":1280,\"height\":458,\"caption\":\"NES\"},\"image\":{\"@id\":\"https:\/\/www.nordestsanita.it\/#\/schema\/logo\/image\/\"}},{\"@type\":\"Person\",\"@id\":\"https:\/\/www.nordestsanita.it\/#\/schema\/person\/e5a7dc6dca45cb55e67d4a127b0e969a\",\"name\":\"Redazione\",\"image\":{\"@type\":\"ImageObject\",\"inLanguage\":\"it-IT\",\"@id\":\"https:\/\/www.nordestsanita.it\/#\/schema\/person\/image\/\",\"url\":\"https:\/\/secure.gravatar.com\/avatar\/3f19a9b3d671ea36ec67c4badf3f961a?s=96&d=mm&r=g\",\"contentUrl\":\"https:\/\/secure.gravatar.com\/avatar\/3f19a9b3d671ea36ec67c4badf3f961a?s=96&d=mm&r=g\",\"caption\":\"Redazione\"},\"url\":\"https:\/\/www.nordestsanita.it\/?author=8\"}]}<\/script>\n<!-- \/ Yoast SEO plugin. -->","yoast_head_json":{"title":"Veneto, la Regione destina quasi 5 milioni e mezzo di euro ai caregiver - NES","robots":{"index":"index","follow":"follow","max-snippet":"max-snippet:-1","max-image-preview":"max-image-preview:large","max-video-preview":"max-video-preview:-1"},"canonical":"https:\/\/www.nordestsanita.it\/?p=396","og_locale":"it_IT","og_type":"article","og_title":"Veneto, la Regione destina quasi 5 milioni e mezzo di euro ai caregiver - NES","og_description":"Nel dettaglio saranno destinati 3.529.957,18 per il biennio 2018-19 e 1.894.226,98 per l\u2019anno 2020","og_url":"https:\/\/www.nordestsanita.it\/?p=396","og_site_name":"NES","article_published_time":"2021-03-29T11:27:00+00:00","article_modified_time":"2021-05-06T08:30:33+00:00","og_image":[{"width":424,"height":283,"url":"https:\/\/www.nordestsanita.it\/wp-content\/uploads\/2021\/05\/altruismo.jpg","type":"image\/jpeg"}],"author":"Redazione","twitter_card":"summary_large_image","twitter_misc":{"Scritto da":"Redazione","Tempo di lettura stimato":"2 minuti"},"schema":{"@context":"https:\/\/schema.org","@graph":[{"@type":"Article","@id":"https:\/\/www.nordestsanita.it\/?p=396#article","isPartOf":{"@id":"https:\/\/www.nordestsanita.it\/?p=396"},"author":{"name":"Redazione","@id":"https:\/\/www.nordestsanita.it\/#\/schema\/person\/e5a7dc6dca45cb55e67d4a127b0e969a"},"headline":"Veneto, la Regione destina quasi 5 milioni e mezzo di euro ai caregiver","datePublished":"2021-03-29T11:27:00+00:00","dateModified":"2021-05-06T08:30:33+00:00","mainEntityOfPage":{"@id":"https:\/\/www.nordestsanita.it\/?p=396"},"wordCount":371,"publisher":{"@id":"https:\/\/www.nordestsanita.it\/#organization"},"articleSection":["Sociale"],"inLanguage":"it-IT"},{"@type":"WebPage","@id":"https:\/\/www.nordestsanita.it\/?p=396","url":"https:\/\/www.nordestsanita.it\/?p=396","name":"Veneto, la Regione destina quasi 5 milioni e mezzo di euro ai caregiver - NES","isPartOf":{"@id":"https:\/\/www.nordestsanita.it\/#website"},"datePublished":"2021-03-29T11:27:00+00:00","dateModified":"2021-05-06T08:30:33+00:00","breadcrumb":{"@id":"https:\/\/www.nordestsanita.it\/?p=396#breadcrumb"},"inLanguage":"it-IT","potentialAction":[{"@type":"ReadAction","target":["https:\/\/www.nordestsanita.it\/?p=396"]}]},{"@type":"BreadcrumbList","@id":"https:\/\/www.nordestsanita.it\/?p=396#breadcrumb","itemListElement":[{"@type":"ListItem","position":1,"name":"Home","item":"https:\/\/www.nordestsanita.it\/"},{"@type":"ListItem","position":2,"name":"Veneto, la Regione destina quasi 5 milioni e mezzo di euro ai caregiver"}]},{"@type":"WebSite","@id":"https:\/\/www.nordestsanita.it\/#website","url":"https:\/\/www.nordestsanita.it\/","name":"NES","description":"Nord Est Sanit\u00e0","publisher":{"@id":"https:\/\/www.nordestsanita.it\/#organization"},"potentialAction":[{"@type":"SearchAction","target":{"@type":"EntryPoint","urlTemplate":"https:\/\/www.nordestsanita.it\/?s={search_term_string}"},"query-input":"required name=search_term_string"}],"inLanguage":"it-IT"},{"@type":"Organization","@id":"https:\/\/www.nordestsanita.it\/#organization","name":"NES","url":"https:\/\/www.nordestsanita.it\/","logo":{"@type":"ImageObject","inLanguage":"it-IT","@id":"https:\/\/www.nordestsanita.it\/#\/schema\/logo\/image\/","url":"https:\/\/www.nordestsanita.it\/wp-content\/uploads\/2021\/05\/NES-1280.png","contentUrl":"https:\/\/www.nordestsanita.it\/wp-content\/uploads\/2021\/05\/NES-1280.png","width":1280,"height":458,"caption":"NES"},"image":{"@id":"https:\/\/www.nordestsanita.it\/#\/schema\/logo\/image\/"}},{"@type":"Person","@id":"https:\/\/www.nordestsanita.it\/#\/schema\/person\/e5a7dc6dca45cb55e67d4a127b0e969a","name":"Redazione","image":{"@type":"ImageObject","inLanguage":"it-IT","@id":"https:\/\/www.nordestsanita.it\/#\/schema\/person\/image\/","url":"https:\/\/secure.gravatar.com\/avatar\/3f19a9b3d671ea36ec67c4badf3f961a?s=96&d=mm&r=g","contentUrl":"https:\/\/secure.gravatar.com\/avatar\/3f19a9b3d671ea36ec67c4badf3f961a?s=96&d=mm&r=g","caption":"Redazione"},"url":"https:\/\/www.nordestsanita.it\/?author=8"}]}},"jetpack_featured_media_url":"https:\/\/www.nordestsanita.it\/wp-content\/uploads\/2021\/05\/altruismo.jpg","_links":{"self":[{"href":"https:\/\/www.nordestsanita.it\/index.php?rest_route=\/wp\/v2\/posts\/396"}],"collection":[{"href":"https:\/\/www.nordestsanita.it\/index.php?rest_route=\/wp\/v2\/posts"}],"about":[{"href":"https:\/\/www.nordestsanita.it\/index.php?rest_route=\/wp\/v2\/types\/post"}],"author":[{"embeddable":true,"href":"https:\/\/www.nordestsanita.it\/index.php?rest_route=\/wp\/v2\/users\/8"}],"replies":[{"embeddable":true,"href":"https:\/\/www.nordestsanita.it\/index.php?rest_route=%2Fwp%2Fv2%2Fcomments&post=396"}],"version-history":[{"count":1,"href":"https:\/\/www.nordestsanita.it\/index.php?rest_route=\/wp\/v2\/posts\/396\/revisions"}],"predecessor-version":[{"id":398,"href":"https:\/\/www.nordestsanita.it\/index.php?rest_route=\/wp\/v2\/posts\/396\/revisions\/398"}],"wp:featuredmedia":[{"embeddable":true,"href":"https:\/\/www.nordestsanita.it\/index.php?rest_route=\/wp\/v2\/media\/397"}],"wp:attachment":[{"href":"https:\/\/www.nordestsanita.it\/index.php?rest_route=%2Fwp%2Fv2%2Fmedia&parent=396"}],"wp:term":[{"taxonomy":"category","embeddable":true,"href":"https:\/\/www.nordestsanita.it\/index.php?rest_route=%2Fwp%2Fv2%2Fcategories&post=396"},{"taxonomy":"post_tag","embeddable":true,"href":"https:\/\/www.nordestsanita.it\/index.php?rest_route=%2Fwp%2Fv2%2Ftags&post=396"}],"curies":[{"name":"wp","href":"https:\/\/api.w.org\/{rel}","templated":true}]}}