{"id":399,"date":"2021-03-26T16:58:00","date_gmt":"2021-03-26T15:58:00","guid":{"rendered":"http:\/\/www.nordestsanita.it\/?p=399"},"modified":"2021-05-06T10:30:33","modified_gmt":"2021-05-06T08:30:33","slug":"padova-nate-le-prime-due-bambine-in-italia-con-anticorpi-contro-il-covid-19","status":"publish","type":"post","link":"https:\/\/www.nordestsanita.it\/?p=399","title":{"rendered":"Padova, nate le prime due bambine in Italia con anticorpi contro il COVID-19"},"content":{"rendered":"\n<p>Le madri, un\u2019immunologa e una ginecologa, erano state immunizzate in gravidanza con ciclo completo di vaccino<\/p>\n\n\n\n<!--more-->\n\n\n\n<p>Sono due padovane le prime nate in Italia gi\u00e0 con gli anticorpi contro il Coronavirus. Si tratta di Anna, venuta al mondo il 9 marzo, e Valentina affacciatasi alla vita il 16 marzo, le figlie di due donne medico di Padova. Anna Parolo, immunologa dell\u2019Ulss 6 Euganea, 36 anni, e Valeria Bernardi ginecologa di 37 anni, hanno dato alla luce le loro bimbe Valentina e Anna, dopo aver ricevuto al terzo trimestre di gravidanza il vaccino contro il Covid 19. \u201cLe due bambine sono le prime in Italia nelle quali sono stati isolati gli anticorpi su sangue neonatale alla nascita \u2013 sottolinea il dottor Gianfranco Juric Jorizzo, responsabile dell\u2019\u00e9quipe del servizio di Medicina Prenatale dell\u2019Ulss 6 Euganea -, infatti gli studi internazionali, ad oggi, si sono basati solamente sugli anticorpi del cordone ombelicale\u201d.<\/p>\n\n\n\n<p>Entrambe le professioniste sanitarie, che non erano mai state contagiate dal virus, si sono sottoposte volontariamente a inizio gennaio alla prima dose di vaccino e, a distanza di tre settimane, alla seconda. Decorso regolare per entrambe le gravidanze, le due signore non hanno segnalato effetti collaterali dopo l\u2019inoculazione del vaccino. Le bambine, che alla nascita pesavano circa 3 kg, stanno bene, sono a casa e vengono allattate esclusivamente al seno.<\/p>\n\n\n\n<p>Quando, a fine dicembre 2020, inizia la campagna vaccinale contro il Covid-19 alle due donne viene offerta questa possibilit\u00e0 in quanto professioniste sanitarie. Valeria e Anna sono pertanto fra le prime donne in gravidanza a vaccinarsi in Italia. Le mamme, seguite dall\u2019\u00e9quipe del servizio di Medicina Prenatale dell\u2019Ulss 6 Euganea coordinata dal dottor Jorizzo, discutono con gli esperti dell\u2019\u00e9quipe fra cui la dottoressa Kimta Ngaradoumbe Nanhorngu\u00e8 sull\u2019opportunit\u00e0 della vaccinazione in relazione al loro rischio lavorativo, personale e della salute fetale. A sostenerle in questa scelta anche i loro compagni, entrambi professionisti sanitari Massimiliano Barbieri e Mauro Fiorese (anch\u2019essi vaccinati). Preziosa la collaborazione con il dr. Roberto Rigoli, direttore della Microbiologia dell\u2019Ospedale Ca\u2019 Foncello di Treviso, e del professor Fausto Baldanti, direttore della Virologia molecolare del Policlinico San Matteo di Pavia.<\/p>\n\n\n\n<p>\u201cGli studi sono limitati, ma concordi nel suggerire che non ci sono effetti collaterali sulla mamma e sul feto. La vaccinazione quindi potrebbe essere indicata, anche in gravidanza, nelle situazioni con fattori di rischio, come suggerito dalle Societ\u00e0 di Ginecologia Italiane (Position Paper SIGO-AOGOI-AGUI-AGITE) lo scorso 2 gennaio. Potenziali rischi e benefici \u2013 rileva il dr. Jorizzo &#8211; devono essere valutati caso per caso e discussi con il proprio ginecologo affinch\u00e8 la futura mamma possa scegliere consapevolmente. L\u2019infezione con complicanze respiratorie da SARS-CoV-2 pu\u00f2 determinare un serio pericolo per la donna gravida e il neonato\u201d.<\/p>\n\n\n\n<p>\u201cSono felice che la mia Valentina abbia gli anticorpi contro il Coronavirus e quindi sia portatrice di un grande messaggio di speranza &#8211; sottolinea mamma Anna Parolo -. La salute del neonato dipende prevalentemente dalla sua immunit\u00e0 innata e dagli anticorpi materni trasmessi per via transplacentare durante la gravidanza\u201d.<\/p>\n\n\n\n<p>\u201cAl terzo trimestre di gravidanza ricevuto per mia scelta la vaccinazione contro il Coronavirus, per motivi professionali \u2013 sottolinea mamma Valeria Bernardi \u2013 ma anche da considerazioni personali sull\u2019utilit\u00e0 del vaccino per proteggere me e la mia bambina. Soprattutto verso il termine della gravidanza la funzionalit\u00e0 polmonare \u00e8 compromessa dall\u2019utero gravido che spinge verso l\u2019alto e in qualche modo l\u2019ostacola, pertanto potrebbe peggiore la gravit\u00e0 dell\u2019infezione delle vie respiratorie. L\u2019infezione da Coronavirus poi nei neonati pu\u00f2 essere grave e avere conseguenze importanti: ho tenuto conto dei rischi minimi del vaccino e che molte societ\u00e0 internazionali lo incoraggiano, la mia esperienza \u00e8 stata sicuramente positiva\u201d.<\/p>\n\n\n\n<p>\u201cSar\u00e0 interessante in futuro capire se il passaggio di questi anticorpi a seguito della vaccinazione materna contro il Sars-Co-V-2 possa proteggere il neonato \u2013 aggiunge la dottoressa Kimta Ngaradoumbe Nanhorngu\u00e8 &#8211; come avviene in seguito alla vaccinazioni contro difterite, tetano e pertosse. In tal caso bisognerebbe definire se esiste una fase ideale della gravidanza per la vaccinazione\u201d.<\/p>\n\n\n\n<p>Jorizzo e Ngaradoumbe concludono come risulti quindi \u201cfondamentale offrire anche alle future mamme e alle mamme in allattamento il vaccino anti Covid, se appartengono a categorie a rischio\u201d.<\/p>\n","protected":false},"excerpt":{"rendered":"<p>Le madri, un\u2019immunologa e una ginecologa, erano state immunizzate in gravidanza con ciclo completo di vaccino<\/p>\n","protected":false},"author":8,"featured_media":400,"comment_status":"closed","ping_status":"open","sticky":false,"template":"","format":"standard","meta":[],"categories":[23],"tags":[],"yoast_head":"<!-- This site is optimized with the Yoast SEO plugin v20.2 - https:\/\/yoast.com\/wordpress\/plugins\/seo\/ -->\n<title>Padova, nate le prime due bambine in Italia con anticorpi contro il COVID-19 - NES<\/title>\n<meta name=\"robots\" content=\"index, follow, max-snippet:-1, max-image-preview:large, max-video-preview:-1\" \/>\n<link rel=\"canonical\" href=\"https:\/\/www.nordestsanita.it\/?p=399\" \/>\n<meta property=\"og:locale\" content=\"it_IT\" \/>\n<meta property=\"og:type\" content=\"article\" \/>\n<meta property=\"og:title\" content=\"Padova, nate le prime due bambine in Italia con anticorpi contro il COVID-19 - NES\" \/>\n<meta property=\"og:description\" content=\"Le madri, un\u2019immunologa e una ginecologa, erano state immunizzate in gravidanza con ciclo completo di vaccino\" \/>\n<meta property=\"og:url\" content=\"https:\/\/www.nordestsanita.it\/?p=399\" \/>\n<meta property=\"og:site_name\" content=\"NES\" \/>\n<meta property=\"article:published_time\" content=\"2021-03-26T15:58:00+00:00\" \/>\n<meta property=\"article:modified_time\" content=\"2021-05-06T08:30:33+00:00\" \/>\n<meta property=\"og:image\" content=\"https:\/\/www.nordestsanita.it\/wp-content\/uploads\/2021\/05\/bimbe-covid-vaccino.jpg\" \/>\n\t<meta property=\"og:image:width\" content=\"512\" \/>\n\t<meta property=\"og:image:height\" content=\"341\" \/>\n\t<meta property=\"og:image:type\" content=\"image\/jpeg\" \/>\n<meta name=\"author\" content=\"Redazione\" \/>\n<meta name=\"twitter:card\" content=\"summary_large_image\" \/>\n<meta name=\"twitter:label1\" content=\"Scritto da\" \/>\n\t<meta name=\"twitter:data1\" content=\"Redazione\" \/>\n\t<meta name=\"twitter:label2\" content=\"Tempo di lettura stimato\" \/>\n\t<meta name=\"twitter:data2\" content=\"3 minuti\" \/>\n<script type=\"application\/ld+json\" class=\"yoast-schema-graph\">{\"@context\":\"https:\/\/schema.org\",\"@graph\":[{\"@type\":\"Article\",\"@id\":\"https:\/\/www.nordestsanita.it\/?p=399#article\",\"isPartOf\":{\"@id\":\"https:\/\/www.nordestsanita.it\/?p=399\"},\"author\":{\"name\":\"Redazione\",\"@id\":\"https:\/\/www.nordestsanita.it\/#\/schema\/person\/e5a7dc6dca45cb55e67d4a127b0e969a\"},\"headline\":\"Padova, nate le prime due bambine in Italia con anticorpi contro il COVID-19\",\"datePublished\":\"2021-03-26T15:58:00+00:00\",\"dateModified\":\"2021-05-06T08:30:33+00:00\",\"mainEntityOfPage\":{\"@id\":\"https:\/\/www.nordestsanita.it\/?p=399\"},\"wordCount\":695,\"publisher\":{\"@id\":\"https:\/\/www.nordestsanita.it\/#organization\"},\"articleSection\":[\"Ulss\"],\"inLanguage\":\"it-IT\"},{\"@type\":\"WebPage\",\"@id\":\"https:\/\/www.nordestsanita.it\/?p=399\",\"url\":\"https:\/\/www.nordestsanita.it\/?p=399\",\"name\":\"Padova, nate le prime due bambine in Italia con anticorpi contro il COVID-19 - NES\",\"isPartOf\":{\"@id\":\"https:\/\/www.nordestsanita.it\/#website\"},\"datePublished\":\"2021-03-26T15:58:00+00:00\",\"dateModified\":\"2021-05-06T08:30:33+00:00\",\"breadcrumb\":{\"@id\":\"https:\/\/www.nordestsanita.it\/?p=399#breadcrumb\"},\"inLanguage\":\"it-IT\",\"potentialAction\":[{\"@type\":\"ReadAction\",\"target\":[\"https:\/\/www.nordestsanita.it\/?p=399\"]}]},{\"@type\":\"BreadcrumbList\",\"@id\":\"https:\/\/www.nordestsanita.it\/?p=399#breadcrumb\",\"itemListElement\":[{\"@type\":\"ListItem\",\"position\":1,\"name\":\"Home\",\"item\":\"https:\/\/www.nordestsanita.it\/\"},{\"@type\":\"ListItem\",\"position\":2,\"name\":\"Padova, nate le prime due bambine in Italia con anticorpi contro il COVID-19\"}]},{\"@type\":\"WebSite\",\"@id\":\"https:\/\/www.nordestsanita.it\/#website\",\"url\":\"https:\/\/www.nordestsanita.it\/\",\"name\":\"NES\",\"description\":\"Nord Est Sanit\u00e0\",\"publisher\":{\"@id\":\"https:\/\/www.nordestsanita.it\/#organization\"},\"potentialAction\":[{\"@type\":\"SearchAction\",\"target\":{\"@type\":\"EntryPoint\",\"urlTemplate\":\"https:\/\/www.nordestsanita.it\/?s={search_term_string}\"},\"query-input\":\"required name=search_term_string\"}],\"inLanguage\":\"it-IT\"},{\"@type\":\"Organization\",\"@id\":\"https:\/\/www.nordestsanita.it\/#organization\",\"name\":\"NES\",\"url\":\"https:\/\/www.nordestsanita.it\/\",\"logo\":{\"@type\":\"ImageObject\",\"inLanguage\":\"it-IT\",\"@id\":\"https:\/\/www.nordestsanita.it\/#\/schema\/logo\/image\/\",\"url\":\"https:\/\/www.nordestsanita.it\/wp-content\/uploads\/2021\/05\/NES-1280.png\",\"contentUrl\":\"https:\/\/www.nordestsanita.it\/wp-content\/uploads\/2021\/05\/NES-1280.png\",\"width\":1280,\"height\":458,\"caption\":\"NES\"},\"image\":{\"@id\":\"https:\/\/www.nordestsanita.it\/#\/schema\/logo\/image\/\"}},{\"@type\":\"Person\",\"@id\":\"https:\/\/www.nordestsanita.it\/#\/schema\/person\/e5a7dc6dca45cb55e67d4a127b0e969a\",\"name\":\"Redazione\",\"image\":{\"@type\":\"ImageObject\",\"inLanguage\":\"it-IT\",\"@id\":\"https:\/\/www.nordestsanita.it\/#\/schema\/person\/image\/\",\"url\":\"https:\/\/secure.gravatar.com\/avatar\/3f19a9b3d671ea36ec67c4badf3f961a?s=96&d=mm&r=g\",\"contentUrl\":\"https:\/\/secure.gravatar.com\/avatar\/3f19a9b3d671ea36ec67c4badf3f961a?s=96&d=mm&r=g\",\"caption\":\"Redazione\"},\"url\":\"https:\/\/www.nordestsanita.it\/?author=8\"}]}<\/script>\n<!-- \/ Yoast SEO plugin. -->","yoast_head_json":{"title":"Padova, nate le prime due bambine in Italia con anticorpi contro il COVID-19 - NES","robots":{"index":"index","follow":"follow","max-snippet":"max-snippet:-1","max-image-preview":"max-image-preview:large","max-video-preview":"max-video-preview:-1"},"canonical":"https:\/\/www.nordestsanita.it\/?p=399","og_locale":"it_IT","og_type":"article","og_title":"Padova, nate le prime due bambine in Italia con anticorpi contro il COVID-19 - NES","og_description":"Le madri, un\u2019immunologa e una ginecologa, erano state immunizzate in gravidanza con ciclo completo di vaccino","og_url":"https:\/\/www.nordestsanita.it\/?p=399","og_site_name":"NES","article_published_time":"2021-03-26T15:58:00+00:00","article_modified_time":"2021-05-06T08:30:33+00:00","og_image":[{"width":512,"height":341,"url":"https:\/\/www.nordestsanita.it\/wp-content\/uploads\/2021\/05\/bimbe-covid-vaccino.jpg","type":"image\/jpeg"}],"author":"Redazione","twitter_card":"summary_large_image","twitter_misc":{"Scritto da":"Redazione","Tempo di lettura stimato":"3 minuti"},"schema":{"@context":"https:\/\/schema.org","@graph":[{"@type":"Article","@id":"https:\/\/www.nordestsanita.it\/?p=399#article","isPartOf":{"@id":"https:\/\/www.nordestsanita.it\/?p=399"},"author":{"name":"Redazione","@id":"https:\/\/www.nordestsanita.it\/#\/schema\/person\/e5a7dc6dca45cb55e67d4a127b0e969a"},"headline":"Padova, nate le prime due bambine in Italia con anticorpi contro il COVID-19","datePublished":"2021-03-26T15:58:00+00:00","dateModified":"2021-05-06T08:30:33+00:00","mainEntityOfPage":{"@id":"https:\/\/www.nordestsanita.it\/?p=399"},"wordCount":695,"publisher":{"@id":"https:\/\/www.nordestsanita.it\/#organization"},"articleSection":["Ulss"],"inLanguage":"it-IT"},{"@type":"WebPage","@id":"https:\/\/www.nordestsanita.it\/?p=399","url":"https:\/\/www.nordestsanita.it\/?p=399","name":"Padova, nate le prime due bambine in Italia con anticorpi contro il COVID-19 - NES","isPartOf":{"@id":"https:\/\/www.nordestsanita.it\/#website"},"datePublished":"2021-03-26T15:58:00+00:00","dateModified":"2021-05-06T08:30:33+00:00","breadcrumb":{"@id":"https:\/\/www.nordestsanita.it\/?p=399#breadcrumb"},"inLanguage":"it-IT","potentialAction":[{"@type":"ReadAction","target":["https:\/\/www.nordestsanita.it\/?p=399"]}]},{"@type":"BreadcrumbList","@id":"https:\/\/www.nordestsanita.it\/?p=399#breadcrumb","itemListElement":[{"@type":"ListItem","position":1,"name":"Home","item":"https:\/\/www.nordestsanita.it\/"},{"@type":"ListItem","position":2,"name":"Padova, nate le prime due bambine in Italia con anticorpi contro il COVID-19"}]},{"@type":"WebSite","@id":"https:\/\/www.nordestsanita.it\/#website","url":"https:\/\/www.nordestsanita.it\/","name":"NES","description":"Nord Est Sanit\u00e0","publisher":{"@id":"https:\/\/www.nordestsanita.it\/#organization"},"potentialAction":[{"@type":"SearchAction","target":{"@type":"EntryPoint","urlTemplate":"https:\/\/www.nordestsanita.it\/?s={search_term_string}"},"query-input":"required name=search_term_string"}],"inLanguage":"it-IT"},{"@type":"Organization","@id":"https:\/\/www.nordestsanita.it\/#organization","name":"NES","url":"https:\/\/www.nordestsanita.it\/","logo":{"@type":"ImageObject","inLanguage":"it-IT","@id":"https:\/\/www.nordestsanita.it\/#\/schema\/logo\/image\/","url":"https:\/\/www.nordestsanita.it\/wp-content\/uploads\/2021\/05\/NES-1280.png","contentUrl":"https:\/\/www.nordestsanita.it\/wp-content\/uploads\/2021\/05\/NES-1280.png","width":1280,"height":458,"caption":"NES"},"image":{"@id":"https:\/\/www.nordestsanita.it\/#\/schema\/logo\/image\/"}},{"@type":"Person","@id":"https:\/\/www.nordestsanita.it\/#\/schema\/person\/e5a7dc6dca45cb55e67d4a127b0e969a","name":"Redazione","image":{"@type":"ImageObject","inLanguage":"it-IT","@id":"https:\/\/www.nordestsanita.it\/#\/schema\/person\/image\/","url":"https:\/\/secure.gravatar.com\/avatar\/3f19a9b3d671ea36ec67c4badf3f961a?s=96&d=mm&r=g","contentUrl":"https:\/\/secure.gravatar.com\/avatar\/3f19a9b3d671ea36ec67c4badf3f961a?s=96&d=mm&r=g","caption":"Redazione"},"url":"https:\/\/www.nordestsanita.it\/?author=8"}]}},"jetpack_featured_media_url":"https:\/\/www.nordestsanita.it\/wp-content\/uploads\/2021\/05\/bimbe-covid-vaccino.jpg","_links":{"self":[{"href":"https:\/\/www.nordestsanita.it\/index.php?rest_route=\/wp\/v2\/posts\/399"}],"collection":[{"href":"https:\/\/www.nordestsanita.it\/index.php?rest_route=\/wp\/v2\/posts"}],"about":[{"href":"https:\/\/www.nordestsanita.it\/index.php?rest_route=\/wp\/v2\/types\/post"}],"author":[{"embeddable":true,"href":"https:\/\/www.nordestsanita.it\/index.php?rest_route=\/wp\/v2\/users\/8"}],"replies":[{"embeddable":true,"href":"https:\/\/www.nordestsanita.it\/index.php?rest_route=%2Fwp%2Fv2%2Fcomments&post=399"}],"version-history":[{"count":1,"href":"https:\/\/www.nordestsanita.it\/index.php?rest_route=\/wp\/v2\/posts\/399\/revisions"}],"predecessor-version":[{"id":401,"href":"https:\/\/www.nordestsanita.it\/index.php?rest_route=\/wp\/v2\/posts\/399\/revisions\/401"}],"wp:featuredmedia":[{"embeddable":true,"href":"https:\/\/www.nordestsanita.it\/index.php?rest_route=\/wp\/v2\/media\/400"}],"wp:attachment":[{"href":"https:\/\/www.nordestsanita.it\/index.php?rest_route=%2Fwp%2Fv2%2Fmedia&parent=399"}],"wp:term":[{"taxonomy":"category","embeddable":true,"href":"https:\/\/www.nordestsanita.it\/index.php?rest_route=%2Fwp%2Fv2%2Fcategories&post=399"},{"taxonomy":"post_tag","embeddable":true,"href":"https:\/\/www.nordestsanita.it\/index.php?rest_route=%2Fwp%2Fv2%2Ftags&post=399"}],"curies":[{"name":"wp","href":"https:\/\/api.w.org\/{rel}","templated":true}]}}