{"id":402,"date":"2021-03-25T18:35:00","date_gmt":"2021-03-25T17:35:00","guid":{"rendered":"http:\/\/www.nordestsanita.it\/?p=402"},"modified":"2021-05-09T14:17:43","modified_gmt":"2021-05-09T12:17:43","slug":"covid-19-fondazione-gimbe-grazie-alle-restrizioni-lieve-flessione-dei-contagi-ma-e-ancora-allarme-terapie-intensive-e-ricoveri","status":"publish","type":"post","link":"https:\/\/www.nordestsanita.it\/?p=402","title":{"rendered":"Covid-19, Fondazione Gimbe: \u201cGrazie alle restrizioni lieve flessione dei contagi ma \u00e8 ancora allarme terapie intensive e ricoveri\u201d"},"content":{"rendered":"\n<p>Il monitoraggio indipendente della Fondazione Gimbe rileva nella settimana 17-23 marzo 2021, rispetto alla precedente, una lieve riduzione dei nuovi casi (150.033 vs 157.677) e dei decessi (2.327 vs 2.522). Continuano invece ad aumentare i casi attualmente positivi (560.654 vs 536.115), le persone in isolamento domiciliare (528.680 vs 506.761), i ricoveri con sintomi (28.428 vs 26.098) e le terapie intensive (3.546 vs 3.256). In dettaglio, rispetto alla settimana precedente, si registrano le seguenti variazioni: Decessi: 2.327 (-7,7%); Terapia intensiva: +290 (+8,9%); Ricoverati con sintomi: +2.330 (+8,9%); Isolamento domiciliare: +21.919 (+4,3%); Nuovi casi: 150.033 (-4,8%); Casi attualmente positivi: +24.539 (+4,6%).<\/p>\n\n\n\n<!--more-->\n\n\n\n<p>\u00abNel pieno della terza ondata \u2013 dichiara Nino Cartabellotta, Presidente della Fondazione Gimbe\u2013 si intravedono i primi segnali di miglioramento: dopo quattro settimane consecutive si inverte il trend dei nuovi casi settimanali e si riduce l\u2019incremento percentuale dei nuovi casi\u00bb. Tuttavia, il dato nazionale risente di situazioni regionali molto eterogenee: infatti, in 10 Regioni l\u2019incremento percentuale dei nuovi casi \u00e8 ancora in crescita e in 14 Regioni si amplia il bacino dei casi attualmente positivi.&nbsp;\u00abPer la maggior parte delle Regioni \u2013 spiega il Presidente \u2013 \u00e8 evidente la netta correlazione tra variazione percentuale dei nuovi casi e il \u201ccolore\u201d delle Regioni di 3 settimane fa\u00bb. Infatti, nella maggior parte delle Regioni che erano in zona rossa o arancione o avevano comunque attuato rigorose restrizioni mirate, la variazione percentuale dei nuovi casi \u00e8 in riduzione: Abruzzo, Basilicata, Campania, Emilia-Romagna, Lombardia, Marche, Molise, P.A. Bolzano, P.A. Trento, Umbria. Viceversa, lo stesso dato \u00e8 in aumento in Calabria, Lazio, Liguria, Puglia, Sardegna, Sicilia, Valle d\u2019Aosta e Veneto, che 3 settimane fa erano in area gialla o bianca. La situazione di Friuli Venezia Giulia, Piemonte e Toscana \u00e8 di pi\u00f9 difficile interpretazione, dimostrando che altri fattori (es. intensit\u00e0 dell\u2019attivit\u00e0 di testing, rispetto delle misure individuali) influenzano la curva dei contagi<br>\u00abNonostante la lieve flessione della curva dei contagi \u2013 commenta Renata Gili, Responsabile Ricerca sui Servizi Sanitari della Fondazione Gimbe \u2013 peggiora la situazione sul versante ospedaliero, anche perch\u00e9 la terza ondata \u00e8 partita da un \u201caltopiano\u201d molto elevato di posti letto occupati\u00bb. Infatti, a livello nazionale entrambe le soglie di allerta di occupazione di posti letto da parte di pazienti Covid in area medica (&gt;40%) e in terapia intensiva (&gt;30%) sono superate: rispettivamente 43% e 39%. Superata la soglia d\u2019allarme in 10 e 12 Regioni rispettivamente per l\u2019area medica e per le terapie intensive, che in 5 Regioni hanno una saturazione \u226540% (Umbria, Friuli-Venezia Giulia, Molise, Abruzzo, Toscana) e in 5 \u226550% (Marche, Lombardia, P.A. Trento, Piemonte, Emilia-Romagna). \u00abSu questo fronte \u2013 spiega Marco Mosti, Direttore Operativo della Fondazione GIMBE \u2013 \u00e8 incoraggiante la frenata dei nuovi ingressi giornalieri in terapia intensiva: la curva della media mobile a 7 giorni dopo 4 settimane di incremento si \u00e8 appiattita\u00bb.<br>Vaccini: forniture. Delle dosi previste per il primo trimestre 2021, al 24 marzo (aggiornamento ore 6.01) risultano consegnate alle Regioni 9.911.100 dosi (63,1%), al netto di ritardi di notifica.<\/p>\n\n\n\n<p><strong>Vaccini:<\/strong> Al 24 marzo (aggiornamento ore 6.01) hanno completato il ciclo vaccinale con la seconda dose 2.624.201 milioni di persone (4,4% della popolazione), con marcate differenze regionali: dal 3,4% di Sardegna e Calabria al 5,7% del Friuli-Venezia Giulia. \u00abSul fronte AstraZeneca \u2013 spiega Gili \u2013 nessun contraccolpo dopo lo stop della scorsa settimana: infatti, nelle giornate di domenica 21, luned\u00ec 22 e marted\u00ec 23, il numero di somministrazioni ha superato quello dei giorni corrispondenti della settimana precedente\u00bb . Rispetto alle fasce pi\u00f9 a rischio, si conferma il notevole ritardo nella vaccinazione degli oltre 4,4 milioni di over 80: solo 846.007 (19,1%) hanno completato il ciclo vaccinale e 1.210.236 (27,4%) hanno ricevuto solo la prima dose di vaccino, con rilevanti e ingiustificabili differenze regionali. \u00abQuesti dati \u2013 spiega Cartabellotta \u2013 certificano l\u2019impossibilit\u00e0 di raggiungere l\u2019obiettivo della Commissione Europea di immunizzare almeno l\u201980% degli over 80 entro fine marzo, sia perch\u00e9 la loro vaccinazione \u00e8 iniziata solo a met\u00e0 febbraio, sia perch\u00e9 le Regioni hanno dato priorit\u00e0 a categorie non previste dal Piano vaccinale: il \u201cpersonale non sanitario\u201d e il non meglio spiegato \u201caltro\u201d \u2013 categoria comparsa proprio ieri nel database ufficiale \u2013 dove le somministrazioni continuano a crescere\u00bb. D\u2019altronde, secondo i dati dell\u2019ECDC, l\u2019Italia si trova agli ultimi posti della classifica europea per soggetti over 80 che hanno completato il ciclo vaccinale.<\/p>\n\n\n\n<p><br>\u00abNel discorso di ieri in Parlamento \u2013 conclude Cartabellotta \u2013 il Presidente Draghi ha auspicato di procedere, compatibilmente con la situazione epidemiologica, con un piano di graduali riaperture gi\u00e0 dopo le festivit\u00e0 pasquali, mettendo al primo posto la scuola. Tuttavia, per mettere fine all\u2019estenuante stop &amp; go degli ultimi mesi serve un piano strategico per guidare le riaperture con priorit\u00e0 basate su criteri espliciti, che tengano conto della probabilit\u00e0 di contagio e dell\u2019impatto economico e sociale. Ma soprattutto, un piano guidato dalla consapevolezza che, nell\u2019impossibilit\u00e0 di piegare la curva dei casi positivi per riprendere il tracciamento, questa tende inesorabilmente a risalire non appena si allentano le misure. E che senza un adeguata copertura di persone fragili vaccinate tornano a riempirsi gli ospedali e ad aumentare i decessi\u00bb.<\/p>\n","protected":false},"excerpt":{"rendered":"<p>Il monitoraggio indipendente della Fondazione Gimbe rileva nella settimana 17-23 marzo 2021, rispetto alla precedente, una lieve riduzione dei nuovi casi (150.033 vs 157.677) e dei decessi (2.327 vs 2.522). Continuano invece ad aumentare i casi attualmente positivi (560.654 vs 536.115), le persone in isolamento domiciliare (528.680 vs 506.761), i ricoveri con sintomi (28.428 vs 26.098) e le terapie intensive (3.546 vs 3.256). In dettaglio, rispetto alla settimana precedente, si registrano le seguenti variazioni: Decessi: 2.327 (-7,7%); Terapia intensiva: +290 (+8,9%); Ricoverati con sintomi: +2.330 (+8,9%); Isolamento domiciliare: +21.919 (+4,3%); Nuovi casi: 150.033 (-4,8%); Casi attualmente positivi: +24.539 (+4,6%).<\/p>\n","protected":false},"author":8,"featured_media":0,"comment_status":"closed","ping_status":"open","sticky":false,"template":"","format":"standard","meta":[],"categories":[25],"tags":[39,37,38,33,68],"yoast_head":"<!-- This site is optimized with the Yoast SEO plugin v20.2 - https:\/\/yoast.com\/wordpress\/plugins\/seo\/ -->\n<title>Covid-19, Fondazione Gimbe: \u201cGrazie alle restrizioni lieve flessione dei contagi ma \u00e8 ancora allarme terapie intensive e ricoveri\u201d - NES<\/title>\n<meta name=\"robots\" content=\"index, follow, max-snippet:-1, max-image-preview:large, max-video-preview:-1\" \/>\n<link rel=\"canonical\" href=\"https:\/\/www.nordestsanita.it\/?p=402\" \/>\n<meta property=\"og:locale\" content=\"it_IT\" \/>\n<meta property=\"og:type\" content=\"article\" \/>\n<meta property=\"og:title\" content=\"Covid-19, Fondazione Gimbe: \u201cGrazie alle restrizioni lieve flessione dei contagi ma \u00e8 ancora allarme terapie intensive e ricoveri\u201d - NES\" \/>\n<meta property=\"og:description\" content=\"Il monitoraggio indipendente della Fondazione Gimbe rileva nella settimana 17-23 marzo 2021, rispetto alla precedente, una lieve riduzione dei nuovi casi (150.033 vs 157.677) e dei decessi (2.327 vs 2.522). Continuano invece ad aumentare i casi attualmente positivi (560.654 vs 536.115), le persone in isolamento domiciliare (528.680 vs 506.761), i ricoveri con sintomi (28.428 vs 26.098) e le terapie intensive (3.546 vs 3.256). In dettaglio, rispetto alla settimana precedente, si registrano le seguenti variazioni: Decessi: 2.327 (-7,7%); Terapia intensiva: +290 (+8,9%); Ricoverati con sintomi: +2.330 (+8,9%); Isolamento domiciliare: +21.919 (+4,3%); Nuovi casi: 150.033 (-4,8%); Casi attualmente positivi: +24.539 (+4,6%).\" \/>\n<meta property=\"og:url\" content=\"https:\/\/www.nordestsanita.it\/?p=402\" \/>\n<meta property=\"og:site_name\" content=\"NES\" \/>\n<meta property=\"article:published_time\" content=\"2021-03-25T17:35:00+00:00\" \/>\n<meta property=\"article:modified_time\" content=\"2021-05-09T12:17:43+00:00\" \/>\n<meta name=\"author\" content=\"Redazione\" \/>\n<meta name=\"twitter:card\" content=\"summary_large_image\" \/>\n<meta name=\"twitter:label1\" content=\"Scritto da\" \/>\n\t<meta name=\"twitter:data1\" content=\"Redazione\" \/>\n\t<meta name=\"twitter:label2\" content=\"Tempo di lettura stimato\" \/>\n\t<meta name=\"twitter:data2\" content=\"4 minuti\" \/>\n<script type=\"application\/ld+json\" class=\"yoast-schema-graph\">{\"@context\":\"https:\/\/schema.org\",\"@graph\":[{\"@type\":\"Article\",\"@id\":\"https:\/\/www.nordestsanita.it\/?p=402#article\",\"isPartOf\":{\"@id\":\"https:\/\/www.nordestsanita.it\/?p=402\"},\"author\":{\"name\":\"Redazione\",\"@id\":\"https:\/\/www.nordestsanita.it\/#\/schema\/person\/e5a7dc6dca45cb55e67d4a127b0e969a\"},\"headline\":\"Covid-19, Fondazione Gimbe: \u201cGrazie alle restrizioni lieve flessione dei contagi ma \u00e8 ancora allarme terapie intensive e ricoveri\u201d\",\"datePublished\":\"2021-03-25T17:35:00+00:00\",\"dateModified\":\"2021-05-09T12:17:43+00:00\",\"mainEntityOfPage\":{\"@id\":\"https:\/\/www.nordestsanita.it\/?p=402\"},\"wordCount\":793,\"publisher\":{\"@id\":\"https:\/\/www.nordestsanita.it\/#organization\"},\"keywords\":[\"Covid-19\",\"fondazione Gimbe\",\"Nino Cartabellotta\",\"sanit\u00e0\",\"vaccino\"],\"articleSection\":[\"Sanit\u00e0\"],\"inLanguage\":\"it-IT\"},{\"@type\":\"WebPage\",\"@id\":\"https:\/\/www.nordestsanita.it\/?p=402\",\"url\":\"https:\/\/www.nordestsanita.it\/?p=402\",\"name\":\"Covid-19, Fondazione Gimbe: \u201cGrazie alle restrizioni lieve flessione dei contagi ma \u00e8 ancora allarme terapie intensive e ricoveri\u201d - NES\",\"isPartOf\":{\"@id\":\"https:\/\/www.nordestsanita.it\/#website\"},\"datePublished\":\"2021-03-25T17:35:00+00:00\",\"dateModified\":\"2021-05-09T12:17:43+00:00\",\"breadcrumb\":{\"@id\":\"https:\/\/www.nordestsanita.it\/?p=402#breadcrumb\"},\"inLanguage\":\"it-IT\",\"potentialAction\":[{\"@type\":\"ReadAction\",\"target\":[\"https:\/\/www.nordestsanita.it\/?p=402\"]}]},{\"@type\":\"BreadcrumbList\",\"@id\":\"https:\/\/www.nordestsanita.it\/?p=402#breadcrumb\",\"itemListElement\":[{\"@type\":\"ListItem\",\"position\":1,\"name\":\"Home\",\"item\":\"https:\/\/www.nordestsanita.it\/\"},{\"@type\":\"ListItem\",\"position\":2,\"name\":\"Covid-19, Fondazione Gimbe: \u201cGrazie alle restrizioni lieve flessione dei contagi ma \u00e8 ancora allarme terapie intensive e ricoveri\u201d\"}]},{\"@type\":\"WebSite\",\"@id\":\"https:\/\/www.nordestsanita.it\/#website\",\"url\":\"https:\/\/www.nordestsanita.it\/\",\"name\":\"NES\",\"description\":\"Nord Est Sanit\u00e0\",\"publisher\":{\"@id\":\"https:\/\/www.nordestsanita.it\/#organization\"},\"potentialAction\":[{\"@type\":\"SearchAction\",\"target\":{\"@type\":\"EntryPoint\",\"urlTemplate\":\"https:\/\/www.nordestsanita.it\/?s={search_term_string}\"},\"query-input\":\"required name=search_term_string\"}],\"inLanguage\":\"it-IT\"},{\"@type\":\"Organization\",\"@id\":\"https:\/\/www.nordestsanita.it\/#organization\",\"name\":\"NES\",\"url\":\"https:\/\/www.nordestsanita.it\/\",\"logo\":{\"@type\":\"ImageObject\",\"inLanguage\":\"it-IT\",\"@id\":\"https:\/\/www.nordestsanita.it\/#\/schema\/logo\/image\/\",\"url\":\"https:\/\/www.nordestsanita.it\/wp-content\/uploads\/2021\/05\/NES-1280.png\",\"contentUrl\":\"https:\/\/www.nordestsanita.it\/wp-content\/uploads\/2021\/05\/NES-1280.png\",\"width\":1280,\"height\":458,\"caption\":\"NES\"},\"image\":{\"@id\":\"https:\/\/www.nordestsanita.it\/#\/schema\/logo\/image\/\"}},{\"@type\":\"Person\",\"@id\":\"https:\/\/www.nordestsanita.it\/#\/schema\/person\/e5a7dc6dca45cb55e67d4a127b0e969a\",\"name\":\"Redazione\",\"image\":{\"@type\":\"ImageObject\",\"inLanguage\":\"it-IT\",\"@id\":\"https:\/\/www.nordestsanita.it\/#\/schema\/person\/image\/\",\"url\":\"https:\/\/secure.gravatar.com\/avatar\/3f19a9b3d671ea36ec67c4badf3f961a?s=96&d=mm&r=g\",\"contentUrl\":\"https:\/\/secure.gravatar.com\/avatar\/3f19a9b3d671ea36ec67c4badf3f961a?s=96&d=mm&r=g\",\"caption\":\"Redazione\"},\"url\":\"https:\/\/www.nordestsanita.it\/?author=8\"}]}<\/script>\n<!-- \/ Yoast SEO plugin. -->","yoast_head_json":{"title":"Covid-19, Fondazione Gimbe: \u201cGrazie alle restrizioni lieve flessione dei contagi ma \u00e8 ancora allarme terapie intensive e ricoveri\u201d - NES","robots":{"index":"index","follow":"follow","max-snippet":"max-snippet:-1","max-image-preview":"max-image-preview:large","max-video-preview":"max-video-preview:-1"},"canonical":"https:\/\/www.nordestsanita.it\/?p=402","og_locale":"it_IT","og_type":"article","og_title":"Covid-19, Fondazione Gimbe: \u201cGrazie alle restrizioni lieve flessione dei contagi ma \u00e8 ancora allarme terapie intensive e ricoveri\u201d - NES","og_description":"Il monitoraggio indipendente della Fondazione Gimbe rileva nella settimana 17-23 marzo 2021, rispetto alla precedente, una lieve riduzione dei nuovi casi (150.033 vs 157.677) e dei decessi (2.327 vs 2.522). Continuano invece ad aumentare i casi attualmente positivi (560.654 vs 536.115), le persone in isolamento domiciliare (528.680 vs 506.761), i ricoveri con sintomi (28.428 vs 26.098) e le terapie intensive (3.546 vs 3.256). In dettaglio, rispetto alla settimana precedente, si registrano le seguenti variazioni: Decessi: 2.327 (-7,7%); Terapia intensiva: +290 (+8,9%); Ricoverati con sintomi: +2.330 (+8,9%); Isolamento domiciliare: +21.919 (+4,3%); Nuovi casi: 150.033 (-4,8%); Casi attualmente positivi: +24.539 (+4,6%).","og_url":"https:\/\/www.nordestsanita.it\/?p=402","og_site_name":"NES","article_published_time":"2021-03-25T17:35:00+00:00","article_modified_time":"2021-05-09T12:17:43+00:00","author":"Redazione","twitter_card":"summary_large_image","twitter_misc":{"Scritto da":"Redazione","Tempo di lettura stimato":"4 minuti"},"schema":{"@context":"https:\/\/schema.org","@graph":[{"@type":"Article","@id":"https:\/\/www.nordestsanita.it\/?p=402#article","isPartOf":{"@id":"https:\/\/www.nordestsanita.it\/?p=402"},"author":{"name":"Redazione","@id":"https:\/\/www.nordestsanita.it\/#\/schema\/person\/e5a7dc6dca45cb55e67d4a127b0e969a"},"headline":"Covid-19, Fondazione Gimbe: \u201cGrazie alle restrizioni lieve flessione dei contagi ma \u00e8 ancora allarme terapie intensive e ricoveri\u201d","datePublished":"2021-03-25T17:35:00+00:00","dateModified":"2021-05-09T12:17:43+00:00","mainEntityOfPage":{"@id":"https:\/\/www.nordestsanita.it\/?p=402"},"wordCount":793,"publisher":{"@id":"https:\/\/www.nordestsanita.it\/#organization"},"keywords":["Covid-19","fondazione Gimbe","Nino Cartabellotta","sanit\u00e0","vaccino"],"articleSection":["Sanit\u00e0"],"inLanguage":"it-IT"},{"@type":"WebPage","@id":"https:\/\/www.nordestsanita.it\/?p=402","url":"https:\/\/www.nordestsanita.it\/?p=402","name":"Covid-19, Fondazione Gimbe: \u201cGrazie alle restrizioni lieve flessione dei contagi ma \u00e8 ancora allarme terapie intensive e ricoveri\u201d - NES","isPartOf":{"@id":"https:\/\/www.nordestsanita.it\/#website"},"datePublished":"2021-03-25T17:35:00+00:00","dateModified":"2021-05-09T12:17:43+00:00","breadcrumb":{"@id":"https:\/\/www.nordestsanita.it\/?p=402#breadcrumb"},"inLanguage":"it-IT","potentialAction":[{"@type":"ReadAction","target":["https:\/\/www.nordestsanita.it\/?p=402"]}]},{"@type":"BreadcrumbList","@id":"https:\/\/www.nordestsanita.it\/?p=402#breadcrumb","itemListElement":[{"@type":"ListItem","position":1,"name":"Home","item":"https:\/\/www.nordestsanita.it\/"},{"@type":"ListItem","position":2,"name":"Covid-19, Fondazione Gimbe: \u201cGrazie alle restrizioni lieve flessione dei contagi ma \u00e8 ancora allarme terapie intensive e ricoveri\u201d"}]},{"@type":"WebSite","@id":"https:\/\/www.nordestsanita.it\/#website","url":"https:\/\/www.nordestsanita.it\/","name":"NES","description":"Nord Est Sanit\u00e0","publisher":{"@id":"https:\/\/www.nordestsanita.it\/#organization"},"potentialAction":[{"@type":"SearchAction","target":{"@type":"EntryPoint","urlTemplate":"https:\/\/www.nordestsanita.it\/?s={search_term_string}"},"query-input":"required name=search_term_string"}],"inLanguage":"it-IT"},{"@type":"Organization","@id":"https:\/\/www.nordestsanita.it\/#organization","name":"NES","url":"https:\/\/www.nordestsanita.it\/","logo":{"@type":"ImageObject","inLanguage":"it-IT","@id":"https:\/\/www.nordestsanita.it\/#\/schema\/logo\/image\/","url":"https:\/\/www.nordestsanita.it\/wp-content\/uploads\/2021\/05\/NES-1280.png","contentUrl":"https:\/\/www.nordestsanita.it\/wp-content\/uploads\/2021\/05\/NES-1280.png","width":1280,"height":458,"caption":"NES"},"image":{"@id":"https:\/\/www.nordestsanita.it\/#\/schema\/logo\/image\/"}},{"@type":"Person","@id":"https:\/\/www.nordestsanita.it\/#\/schema\/person\/e5a7dc6dca45cb55e67d4a127b0e969a","name":"Redazione","image":{"@type":"ImageObject","inLanguage":"it-IT","@id":"https:\/\/www.nordestsanita.it\/#\/schema\/person\/image\/","url":"https:\/\/secure.gravatar.com\/avatar\/3f19a9b3d671ea36ec67c4badf3f961a?s=96&d=mm&r=g","contentUrl":"https:\/\/secure.gravatar.com\/avatar\/3f19a9b3d671ea36ec67c4badf3f961a?s=96&d=mm&r=g","caption":"Redazione"},"url":"https:\/\/www.nordestsanita.it\/?author=8"}]}},"jetpack_featured_media_url":"","_links":{"self":[{"href":"https:\/\/www.nordestsanita.it\/index.php?rest_route=\/wp\/v2\/posts\/402"}],"collection":[{"href":"https:\/\/www.nordestsanita.it\/index.php?rest_route=\/wp\/v2\/posts"}],"about":[{"href":"https:\/\/www.nordestsanita.it\/index.php?rest_route=\/wp\/v2\/types\/post"}],"author":[{"embeddable":true,"href":"https:\/\/www.nordestsanita.it\/index.php?rest_route=\/wp\/v2\/users\/8"}],"replies":[{"embeddable":true,"href":"https:\/\/www.nordestsanita.it\/index.php?rest_route=%2Fwp%2Fv2%2Fcomments&post=402"}],"version-history":[{"count":1,"href":"https:\/\/www.nordestsanita.it\/index.php?rest_route=\/wp\/v2\/posts\/402\/revisions"}],"predecessor-version":[{"id":403,"href":"https:\/\/www.nordestsanita.it\/index.php?rest_route=\/wp\/v2\/posts\/402\/revisions\/403"}],"wp:attachment":[{"href":"https:\/\/www.nordestsanita.it\/index.php?rest_route=%2Fwp%2Fv2%2Fmedia&parent=402"}],"wp:term":[{"taxonomy":"category","embeddable":true,"href":"https:\/\/www.nordestsanita.it\/index.php?rest_route=%2Fwp%2Fv2%2Fcategories&post=402"},{"taxonomy":"post_tag","embeddable":true,"href":"https:\/\/www.nordestsanita.it\/index.php?rest_route=%2Fwp%2Fv2%2Ftags&post=402"}],"curies":[{"name":"wp","href":"https:\/\/api.w.org\/{rel}","templated":true}]}}