{"id":411,"date":"2021-03-22T13:02:00","date_gmt":"2021-03-22T12:02:00","guid":{"rendered":"http:\/\/www.nordestsanita.it\/?p=411"},"modified":"2021-05-06T10:30:33","modified_gmt":"2021-05-06T08:30:33","slug":"ambiente-al-via-il-progetto-venezia-capitale-mondiale-della-sostenibilita","status":"publish","type":"post","link":"https:\/\/www.nordestsanita.it\/?p=411","title":{"rendered":"Ambiente: al via il progetto \u201cVenezia Capitale Mondiale della Sostenibilit\u00e0\u201d"},"content":{"rendered":"\n<p>La Giunta regionale del Veneto ha approvato una delibera, presentata dal Presidente Luca Zaia, in cui promuove lo sviluppo del progetto \u201cVenezia Capitale Mondiale della Sostenibilit\u00e0\u201d, un piano di interventi funzionali allo sviluppo sostenibile del territorio, con fulcro la citt\u00e0 capoluogo. L\u2019iniziativa vede al fianco della Regione il Comune di Venezia, l\u2019Universit\u00e0 di Ca\u2019 Foscari, lo IUAV, il Conservatorio Benedetto Marcello, l\u2019Accademia di Belle Arti, la Fondazione Cini, Confindustria Veneto e alcune realt\u00e0 industriali tra le quali Generali , SNAM e BCG.<\/p>\n\n\n\n<!--more-->\n\n\n\n<p>I protagonisti del progetto si impegnano a sviluppare un\u2019azione condivisa e integrata con ricadute ed impatti positivi per tutta la regione in termini di sviluppo sostenibile, crescita occupazionale, miglioramento delle condizioni di vita e di lavoro della popolazione, transizione industriale ed energetica.<br>Le principali linee di intervento, infatti, sono:<br>\u2022 Transizione energetica e sostenibilit\u00e0 ambientale che comprendono interventi come la creazione di un Polo dell\u2019Idrogeno, la decarbonizzazione e la circolarit\u00e0, la promozione di VeniSIA (Venice enterpreneurial international Sustainability Innovation Accelerator) quale centro di innovazione e accelerazione sui temi della sostenibilit\u00e0, la promozione di Venezia quale sede di Fondazioni e Centri di Ricerca sulla sostenibilit\u00e0, il potenziamento della formazione accademica e post universitaria sulla sostenibilit\u00e0, la manutenzione e la difesa della laguna, nonch\u00e9 la candidatura della citt\u00e0 ad ospitare un evento annuale sul tema della sostenibilit\u00e0.<br>\u2022 Education: rilancio offerta formativa, servizi e residenzialit\u00e0 per studenti, per fare di Venezia una citt\u00e0 Campus di livello Internazionale.<br>\u2022 Evoluzione verso un modello turistico sostenibile con massimo utilizzo del digitale nella gestione dei flussi e de i servizi offerti.<br>\u2022 Piano per il commercio e il contrasto attivit\u00e0 illegali.<br>\u2022 Piano di residenzialit\u00e0 dedicata, fiscalit\u00e0 agevolata e servizi per lavoratori, studenti e residenti nella Citt\u00e0 Storica.<\/p>\n\n\n\n<p>Per la realizzazione del programma si stima in via preliminare un importo dai 2,5 ai 4 miliardi di euro (fondi e finanziamenti sia pubblici sia privati). I promotori, studi alla mano, prevedono la capacit\u00e0 del progetto di generare rilevanti benefici economici, sociali e ambientali per la citt\u00e0 di Venezia e per tutto il Veneto e sottolineano come la vision di sviluppo contenuta nelle linee d\u2019intervento, sia coerente, non solo con la Strategia Regionale per lo Sviluppo Sostenibile, ma anche con il Piano Nazionale di Ripresa e Resilienza che consentir\u00e0 di utilizzare le risorse finanziarie del Fondo Next Generation EU per la ripresa dalla pandemia, per accedere al quale, e attivare gli strumenti finanziari previsti, sono ammesse convergenze di programmazione e conseguenti sinergie.&nbsp;\u201c\u00c8 un momento importante per la storia del Veneto che si consacra un modello internazionale di sinergia tra enti pubblici, istituzioni accademiche e forze imprenditoriali a beneficio del territorio e della sua gente \u2013 sottolinea il Presidente, Luca Zaia -. Il lavoro svolto fino ad ora conferma che in tutta questa emergenza pandemica non abbiamo mai smesso di pensare al domani della nostra regione, anzi. La sinergia di questo progetto ci introduce definitivamente nel futuro e prepara alle ricadute positive che il nostro Veneto pu\u00f2 avere da un futuro sostenibile. Pensiamo soltanto a cosa potr\u00e0 rappresentare un polo per l\u2019Idrogeno che, con sede a Marghera, potr\u00e0 innescare una filiera con ricadute innovative ed esportabili per il contrasto agli effetti del cambiamento climatico, per un approccio green ai trasporti e alla mobilit\u00e0 oltre che per il contenimento del consumo energetico\u201d.&nbsp;\u201cIn quest\u2019ottica \u2013 aggiunge Zaia &#8211; si aprono nuove opportunit\u00e0 che si traducono in miglioramento delle condizioni ambientali e della qualit\u00e0 della vita, contrasto allo spopolamento di alcune aree, incremento dell\u2019occupazione e del PIL. Sono certo del successo di questo progetto: Venezia \u00e8 una citt\u00e0 che sorge dal mare, unica per storia ultra millenaria e patrimonio artistico, meta turistica per milioni di persone da tutto il mondo, centro universitario ma anche artigianale e industriale, cuore di una delle regioni pi\u00f9 avanzate in Europa per innovazione, ricerca, studi, livello dei servizi sanitari. Ma \u00e8 anche al centro di un ecosistema, di un patrimonio paesaggistico e naturalistico che dalle Alpi all\u2019Adriatico si \u00e8 sempre conservato convivendo con l\u2019uomo, le sue opere e le necessit\u00e0 del progresso. \u00c8, quindi, la citt\u00e0 ideale per riconoscersi in un laboratorio che meriti il titolo di Capitale Mondiale della Sostenibilit\u00e0\u201d.<\/p>\n\n\n\n<p>\u201cVenezia, proprio nell\u2019anno in cui celebra i 1600 anni dalla sua Fondazione, guarda al futuro e dimostra, con questo importante progetto, non solo il suo ruolo di Citt\u00e0 Capitale del Veneto ma anche il suo essere luogo di innovazione e d\u2019avanguardia culturale e tecnologica. Un bagaglio di esperienza e sperimentazione che vogliamo mettere a disposizione del mondo intero. Sono, quindi, particolarmente orgoglioso di vedere avviato questo prestigioso e ambizioso progetto \u2013 spiega il primo cittadino di Venezia, Luigi Brugnaro -. Grazie al Presidente Luca Zaia perch\u00e9 con la sua decisione premia un percorso virtuoso che la Citt\u00e0 sta portando avanti toccando tutti quegli aspetti che possano, a pieno titolo, farle meritare il titolo di \u201cCapitale mondiale della Sostenibilit\u00e0\u201d. Un percorso che sta dando risultati concreti in tutti gli ambiti di intervento. Dal punto di vista ambientale, Porto Marghera \u00e8 diventata il simbolo della riconversione \u201cgreen\u201d di una raffineria continuando cos\u00ec a fare la storia del Paese. Un luogo di sperimentazione dove trasformare, in un processo di circolarit\u00e0, il rifiuto organico e gli oli esausti in additivi per biocarburanti. Un sito proiettato al futuro dove si stanno abbandonare i processi per la produzione di vecchi combustibili per avviare la produzione dell\u2019idrogeno. Sostenibilit\u00e0 a Venezia vuol dire, per\u00f2, anche gestione dei flussi turistici, difesa della residenzialit\u00e0, capacit\u00e0 di creare posti di lavoro per le nuove generazioni, e percorsi culturali e universitari in grado di attirare giovani a scegliere la Citt\u00e0 come luogo di studio e crescita. Tutti temi che ci vedono impegnati in prima linea senza tralasciare la vera sfida che Venezia sta lanciando al mondo intero: una seria politica di contrasto ai cambiamenti climatici. Grazie al MO.S.E. abbiamo fermato il mare, ma questo non basta. La forma pi\u00f9 importante di prevenzione \u00e8 la cultura e la consapevolezza. Ecco perch\u00e9 colgo questa occasione per richiedere che si stabilisca a Venezia un\u2019Agenzia internazionale per lo studio dei cambiamenti climatici e i rischi annessi. Vogliamo cos\u00ec dare una risposta a quei ragazzi che ci chiedono di fare qualcosa di concreto per la salvaguardia dell&#8217;ambiente. Lavoriamo assieme, facciamo squadra e lasciamo un segno tangibile del nostro impegno. Facciamolo con lungimiranza e con spirito libero. Venezia, la pi\u00f9 antica citt\u00e0 del futuro, oggi \u00e8 pronta ad assumere l\u2019importante ruolo di Capitale mondiale della Sostenibilit\u00e0 e, al tempo stesso si prepara ad affrontare nuove sfide che riusciremo a vincere solo se saremo ancora una volta tutti uniti nell\u2019affrontarle\u201d.<\/p>\n\n\n\n<p>&#8220;Venezia Capitale Mondiale della Sostenibilit\u00e0 \u00e8 un progetto innovativo che coinvolge le istituzioni cittadine, amministrative e culturali attorno a un piano condiviso di rilancio della nostra citt\u00e0, per fare di Venezia un campus di livello internazionale \u2013 sono parole di Tiziana Lippiello, Rettrice di Ca\u2019 Foscari -. Sostenibilit\u00e0, ricerca, innovazione tecnologica, autoimprenditorialit\u00e0 sono le basi per la grande trasformazione che Venezia, merita e alla quale \u00e8 pronta. Ca\u2019 Foscari \u00e8 gi\u00e0 in prima linea per offrire il proprio contributo a questo percorso, con alcune importanti iniziative: Study in Venice, un progetto in collaborazione con IUAV, il Conservatorio Benedetto Marcello, l\u2019Accademia di Belle Arti e il Comune di Venezia per attrarre studenti internazionali e per la residenzialit\u00e0 studentesca, VeniSIA, un acceleratore di imprese per promuovere diverse iniziative sul territorio veneziano nell\u2019ambito della sostenibilit\u00e0, con l\u2019obiettivo di ripopolare Venezia, e SMARTLAND, una piattaforma digitale per Turismo Sostenibile. Lavoriamo insieme per fare di Venezia una capitale europea della cultura della sostenibilit\u00e0, moderna e competitiva&#8221;.<br>\u201cIn questo momento di profonda crisi e cambiamento \u2013 dichiara Enrico Carraro, presidente Confindustria Veneto &#8211; abbiamo una occasione unica per investire le ingenti risorse che il nostro Paese ricever\u00e0 in progetti strategici, capaci di produrre valore per i nostri territori. Quello di \u2018Venezia Capitale Mondiale della Sostenibilit\u00e0\u2019 \u00e8 senza dubbio uno di questi. Confindustria Veneto ha collaborato attivamente alla redazione del piano coordinato dalla Regione Veneto, nella parte relativa alla creazione di una Hydrogen Valley che coinvolga distretti e filiere industriali del Veneto a partire dall\u2019area di Marghera. Ci\u00f2 consentir\u00e0 non solo un significativo abbattimento di Co2 attraverso il consumo di energia pulita nei processi industriali, ma anche la creazione o riconversione di molte aziende in una supply chain per la produzione di idrogeno estremamente promettente anche per il futuro. Venezia sar\u00e0 rappresentata dalle sue istituzioni e dalla nostra rappresentanza nel sistema Confindustria. La parte regionale del progetto vedr\u00e0 il coinvolgimento di tutte le nostre territoriali e degli stakeholder regionali\u201d.<\/p>\n\n\n\n<p>\u201cQuesta iniziativa &#8211; dice Gabriele Galateri di Genola, Presidente di Assicurazioni Generali &#8211; raccoglie le sfide che la pandemia ha esacerbato, guardando al futuro su alcune direttrici fondamentali per rendere le nostre comunit\u00e0 pi\u00f9 resilienti, inclusive e sostenibili. Generali agisce ogni giorno sui temi della sostenibilit\u00e0 con il proprio business assicurativo e degli investimenti. Il recente lancio del Fondo Fenice 190 da 3,5 miliardi ne \u00e8 un esempio. A Venezia, Generali ha contribuito alla rivitalizzazione dei Giardini Reali e si appresta a concludere il restauro e aprire al pubblico per la prima volta le Procuratie Vecchie di Piazza San Marco come un nuovo spazio per la comunit\u00e0 e per l\u2019innovazione sociale\u201d.<br>\u201cVenezia \u2013 commenta l\u2019amministratore delegato di Snam, Marco Alver\u00e0 \u2013 \u00e8 uno dei simboli del patrimonio naturale, artistico e culturale dell\u2019Italia nel mondo. Oggi, di fronte alla minaccia del cambiamento climatico, la citt\u00e0 pu\u00f2 rilanciarsi diventando un esempio di ripartenza all\u2019insegna della sostenibilit\u00e0 ambientale e della transizione energetica. In questa fase storica, alla vigilia del G20 dell\u2019economia che si svolger\u00e0 proprio in citt\u00e0, ci sono le energie, le tecnologie e le opportunit\u00e0 di finanziamento per rendere Venezia un modello di tutela dell\u2019ambiente e valorizzazione del territorio. Il progetto che presentiamo oggi, frutto di una virtuosa sinergia tra pubblico e privato, si propone di dare un contributo al raggiungimento di questo obiettivo per il futuro di Venezia e delle nuove generazioni\u201d.<\/p>\n\n\n\n<p>\u201cCon questo Progetto, fondato su una serie di linee di intervento a forte impatto, concrete e realizzabili \u2013 dice Nicola Pianon, Senior partner, Boston Consulting Group \u2013 Venezia pu\u00f2 affrontare e superare le sue sfide attuali, dallo spopolamento dei residenti, alla tutela del patrimonio artistico, alle minacce ambientali, e diventare un\u2019ispirazione e un modello per il mondo intero di una citt\u00e0 sostenibile che guida la transizione energetica, rilancia e difende la residenzialit\u00e0 e la resilienza di una comunit\u00e0 fondata sul lavoro e trova nell\u2019Education e nella Ricerca il suo motore per rinnovarsi e per attrarre nuove generazioni di residenti e di smart workers\u201d.<\/p>\n","protected":false},"excerpt":{"rendered":"<p>La Giunta regionale del Veneto ha approvato una delibera, presentata dal Presidente Luca Zaia, in cui promuove lo sviluppo del progetto \u201cVenezia Capitale Mondiale della Sostenibilit\u00e0\u201d, un piano di interventi funzionali allo sviluppo sostenibile del territorio, con fulcro la citt\u00e0 capoluogo. L\u2019iniziativa vede al fianco della Regione il Comune di Venezia, l\u2019Universit\u00e0 di Ca\u2019 Foscari, lo IUAV, il Conservatorio Benedetto Marcello, l\u2019Accademia di Belle Arti, la Fondazione Cini, Confindustria Veneto e alcune realt\u00e0 industriali tra le quali Generali , SNAM e BCG.<\/p>\n","protected":false},"author":8,"featured_media":412,"comment_status":"closed","ping_status":"open","sticky":false,"template":"","format":"standard","meta":[],"categories":[24],"tags":[40],"yoast_head":"<!-- This site is optimized with the Yoast SEO plugin v20.2 - https:\/\/yoast.com\/wordpress\/plugins\/seo\/ -->\n<title>Ambiente: al via il progetto \u201cVenezia Capitale Mondiale della Sostenibilit\u00e0\u201d - NES<\/title>\n<meta name=\"robots\" content=\"index, follow, max-snippet:-1, max-image-preview:large, max-video-preview:-1\" \/>\n<link rel=\"canonical\" href=\"https:\/\/www.nordestsanita.it\/?p=411\" \/>\n<meta property=\"og:locale\" content=\"it_IT\" \/>\n<meta property=\"og:type\" content=\"article\" \/>\n<meta property=\"og:title\" content=\"Ambiente: al via il progetto \u201cVenezia Capitale Mondiale della Sostenibilit\u00e0\u201d - NES\" \/>\n<meta property=\"og:description\" content=\"La Giunta regionale del Veneto ha approvato una delibera, presentata dal Presidente Luca Zaia, in cui promuove lo sviluppo del progetto \u201cVenezia Capitale Mondiale della Sostenibilit\u00e0\u201d, un piano di interventi funzionali allo sviluppo sostenibile del territorio, con fulcro la citt\u00e0 capoluogo. L\u2019iniziativa vede al fianco della Regione il Comune di Venezia, l\u2019Universit\u00e0 di Ca\u2019 Foscari, lo IUAV, il Conservatorio Benedetto Marcello, l\u2019Accademia di Belle Arti, la Fondazione Cini, Confindustria Veneto e alcune realt\u00e0 industriali tra le quali Generali , SNAM e BCG.\" \/>\n<meta property=\"og:url\" content=\"https:\/\/www.nordestsanita.it\/?p=411\" \/>\n<meta property=\"og:site_name\" content=\"NES\" \/>\n<meta property=\"article:published_time\" content=\"2021-03-22T12:02:00+00:00\" \/>\n<meta property=\"article:modified_time\" content=\"2021-05-06T08:30:33+00:00\" \/>\n<meta property=\"og:image\" content=\"https:\/\/www.nordestsanita.it\/wp-content\/uploads\/2021\/05\/2Venezia.jpg\" \/>\n\t<meta property=\"og:image:width\" content=\"800\" \/>\n\t<meta property=\"og:image:height\" content=\"600\" \/>\n\t<meta property=\"og:image:type\" content=\"image\/jpeg\" \/>\n<meta name=\"author\" content=\"Redazione\" \/>\n<meta name=\"twitter:card\" content=\"summary_large_image\" \/>\n<meta name=\"twitter:label1\" content=\"Scritto da\" \/>\n\t<meta name=\"twitter:data1\" content=\"Redazione\" \/>\n\t<meta name=\"twitter:label2\" content=\"Tempo di lettura stimato\" \/>\n\t<meta name=\"twitter:data2\" content=\"8 minuti\" \/>\n<script type=\"application\/ld+json\" class=\"yoast-schema-graph\">{\"@context\":\"https:\/\/schema.org\",\"@graph\":[{\"@type\":\"Article\",\"@id\":\"https:\/\/www.nordestsanita.it\/?p=411#article\",\"isPartOf\":{\"@id\":\"https:\/\/www.nordestsanita.it\/?p=411\"},\"author\":{\"name\":\"Redazione\",\"@id\":\"https:\/\/www.nordestsanita.it\/#\/schema\/person\/e5a7dc6dca45cb55e67d4a127b0e969a\"},\"headline\":\"Ambiente: al via il progetto \u201cVenezia Capitale Mondiale della Sostenibilit\u00e0\u201d\",\"datePublished\":\"2021-03-22T12:02:00+00:00\",\"dateModified\":\"2021-05-06T08:30:33+00:00\",\"mainEntityOfPage\":{\"@id\":\"https:\/\/www.nordestsanita.it\/?p=411\"},\"wordCount\":1755,\"publisher\":{\"@id\":\"https:\/\/www.nordestsanita.it\/#organization\"},\"keywords\":[\"ambiente\"],\"articleSection\":[\"Attualit\u00e0\"],\"inLanguage\":\"it-IT\"},{\"@type\":\"WebPage\",\"@id\":\"https:\/\/www.nordestsanita.it\/?p=411\",\"url\":\"https:\/\/www.nordestsanita.it\/?p=411\",\"name\":\"Ambiente: al via il progetto \u201cVenezia Capitale Mondiale della Sostenibilit\u00e0\u201d - NES\",\"isPartOf\":{\"@id\":\"https:\/\/www.nordestsanita.it\/#website\"},\"datePublished\":\"2021-03-22T12:02:00+00:00\",\"dateModified\":\"2021-05-06T08:30:33+00:00\",\"breadcrumb\":{\"@id\":\"https:\/\/www.nordestsanita.it\/?p=411#breadcrumb\"},\"inLanguage\":\"it-IT\",\"potentialAction\":[{\"@type\":\"ReadAction\",\"target\":[\"https:\/\/www.nordestsanita.it\/?p=411\"]}]},{\"@type\":\"BreadcrumbList\",\"@id\":\"https:\/\/www.nordestsanita.it\/?p=411#breadcrumb\",\"itemListElement\":[{\"@type\":\"ListItem\",\"position\":1,\"name\":\"Home\",\"item\":\"https:\/\/www.nordestsanita.it\/\"},{\"@type\":\"ListItem\",\"position\":2,\"name\":\"Ambiente: al via il progetto \u201cVenezia Capitale Mondiale della Sostenibilit\u00e0\u201d\"}]},{\"@type\":\"WebSite\",\"@id\":\"https:\/\/www.nordestsanita.it\/#website\",\"url\":\"https:\/\/www.nordestsanita.it\/\",\"name\":\"NES\",\"description\":\"Nord Est Sanit\u00e0\",\"publisher\":{\"@id\":\"https:\/\/www.nordestsanita.it\/#organization\"},\"potentialAction\":[{\"@type\":\"SearchAction\",\"target\":{\"@type\":\"EntryPoint\",\"urlTemplate\":\"https:\/\/www.nordestsanita.it\/?s={search_term_string}\"},\"query-input\":\"required name=search_term_string\"}],\"inLanguage\":\"it-IT\"},{\"@type\":\"Organization\",\"@id\":\"https:\/\/www.nordestsanita.it\/#organization\",\"name\":\"NES\",\"url\":\"https:\/\/www.nordestsanita.it\/\",\"logo\":{\"@type\":\"ImageObject\",\"inLanguage\":\"it-IT\",\"@id\":\"https:\/\/www.nordestsanita.it\/#\/schema\/logo\/image\/\",\"url\":\"https:\/\/www.nordestsanita.it\/wp-content\/uploads\/2021\/05\/NES-1280.png\",\"contentUrl\":\"https:\/\/www.nordestsanita.it\/wp-content\/uploads\/2021\/05\/NES-1280.png\",\"width\":1280,\"height\":458,\"caption\":\"NES\"},\"image\":{\"@id\":\"https:\/\/www.nordestsanita.it\/#\/schema\/logo\/image\/\"}},{\"@type\":\"Person\",\"@id\":\"https:\/\/www.nordestsanita.it\/#\/schema\/person\/e5a7dc6dca45cb55e67d4a127b0e969a\",\"name\":\"Redazione\",\"image\":{\"@type\":\"ImageObject\",\"inLanguage\":\"it-IT\",\"@id\":\"https:\/\/www.nordestsanita.it\/#\/schema\/person\/image\/\",\"url\":\"https:\/\/secure.gravatar.com\/avatar\/3f19a9b3d671ea36ec67c4badf3f961a?s=96&d=mm&r=g\",\"contentUrl\":\"https:\/\/secure.gravatar.com\/avatar\/3f19a9b3d671ea36ec67c4badf3f961a?s=96&d=mm&r=g\",\"caption\":\"Redazione\"},\"url\":\"https:\/\/www.nordestsanita.it\/?author=8\"}]}<\/script>\n<!-- \/ Yoast SEO plugin. -->","yoast_head_json":{"title":"Ambiente: al via il progetto \u201cVenezia Capitale Mondiale della Sostenibilit\u00e0\u201d - NES","robots":{"index":"index","follow":"follow","max-snippet":"max-snippet:-1","max-image-preview":"max-image-preview:large","max-video-preview":"max-video-preview:-1"},"canonical":"https:\/\/www.nordestsanita.it\/?p=411","og_locale":"it_IT","og_type":"article","og_title":"Ambiente: al via il progetto \u201cVenezia Capitale Mondiale della Sostenibilit\u00e0\u201d - NES","og_description":"La Giunta regionale del Veneto ha approvato una delibera, presentata dal Presidente Luca Zaia, in cui promuove lo sviluppo del progetto \u201cVenezia Capitale Mondiale della Sostenibilit\u00e0\u201d, un piano di interventi funzionali allo sviluppo sostenibile del territorio, con fulcro la citt\u00e0 capoluogo. L\u2019iniziativa vede al fianco della Regione il Comune di Venezia, l\u2019Universit\u00e0 di Ca\u2019 Foscari, lo IUAV, il Conservatorio Benedetto Marcello, l\u2019Accademia di Belle Arti, la Fondazione Cini, Confindustria Veneto e alcune realt\u00e0 industriali tra le quali Generali , SNAM e BCG.","og_url":"https:\/\/www.nordestsanita.it\/?p=411","og_site_name":"NES","article_published_time":"2021-03-22T12:02:00+00:00","article_modified_time":"2021-05-06T08:30:33+00:00","og_image":[{"width":800,"height":600,"url":"https:\/\/www.nordestsanita.it\/wp-content\/uploads\/2021\/05\/2Venezia.jpg","type":"image\/jpeg"}],"author":"Redazione","twitter_card":"summary_large_image","twitter_misc":{"Scritto da":"Redazione","Tempo di lettura stimato":"8 minuti"},"schema":{"@context":"https:\/\/schema.org","@graph":[{"@type":"Article","@id":"https:\/\/www.nordestsanita.it\/?p=411#article","isPartOf":{"@id":"https:\/\/www.nordestsanita.it\/?p=411"},"author":{"name":"Redazione","@id":"https:\/\/www.nordestsanita.it\/#\/schema\/person\/e5a7dc6dca45cb55e67d4a127b0e969a"},"headline":"Ambiente: al via il progetto \u201cVenezia Capitale Mondiale della Sostenibilit\u00e0\u201d","datePublished":"2021-03-22T12:02:00+00:00","dateModified":"2021-05-06T08:30:33+00:00","mainEntityOfPage":{"@id":"https:\/\/www.nordestsanita.it\/?p=411"},"wordCount":1755,"publisher":{"@id":"https:\/\/www.nordestsanita.it\/#organization"},"keywords":["ambiente"],"articleSection":["Attualit\u00e0"],"inLanguage":"it-IT"},{"@type":"WebPage","@id":"https:\/\/www.nordestsanita.it\/?p=411","url":"https:\/\/www.nordestsanita.it\/?p=411","name":"Ambiente: al via il progetto \u201cVenezia Capitale Mondiale della Sostenibilit\u00e0\u201d - NES","isPartOf":{"@id":"https:\/\/www.nordestsanita.it\/#website"},"datePublished":"2021-03-22T12:02:00+00:00","dateModified":"2021-05-06T08:30:33+00:00","breadcrumb":{"@id":"https:\/\/www.nordestsanita.it\/?p=411#breadcrumb"},"inLanguage":"it-IT","potentialAction":[{"@type":"ReadAction","target":["https:\/\/www.nordestsanita.it\/?p=411"]}]},{"@type":"BreadcrumbList","@id":"https:\/\/www.nordestsanita.it\/?p=411#breadcrumb","itemListElement":[{"@type":"ListItem","position":1,"name":"Home","item":"https:\/\/www.nordestsanita.it\/"},{"@type":"ListItem","position":2,"name":"Ambiente: al via il progetto \u201cVenezia Capitale Mondiale della Sostenibilit\u00e0\u201d"}]},{"@type":"WebSite","@id":"https:\/\/www.nordestsanita.it\/#website","url":"https:\/\/www.nordestsanita.it\/","name":"NES","description":"Nord Est Sanit\u00e0","publisher":{"@id":"https:\/\/www.nordestsanita.it\/#organization"},"potentialAction":[{"@type":"SearchAction","target":{"@type":"EntryPoint","urlTemplate":"https:\/\/www.nordestsanita.it\/?s={search_term_string}"},"query-input":"required name=search_term_string"}],"inLanguage":"it-IT"},{"@type":"Organization","@id":"https:\/\/www.nordestsanita.it\/#organization","name":"NES","url":"https:\/\/www.nordestsanita.it\/","logo":{"@type":"ImageObject","inLanguage":"it-IT","@id":"https:\/\/www.nordestsanita.it\/#\/schema\/logo\/image\/","url":"https:\/\/www.nordestsanita.it\/wp-content\/uploads\/2021\/05\/NES-1280.png","contentUrl":"https:\/\/www.nordestsanita.it\/wp-content\/uploads\/2021\/05\/NES-1280.png","width":1280,"height":458,"caption":"NES"},"image":{"@id":"https:\/\/www.nordestsanita.it\/#\/schema\/logo\/image\/"}},{"@type":"Person","@id":"https:\/\/www.nordestsanita.it\/#\/schema\/person\/e5a7dc6dca45cb55e67d4a127b0e969a","name":"Redazione","image":{"@type":"ImageObject","inLanguage":"it-IT","@id":"https:\/\/www.nordestsanita.it\/#\/schema\/person\/image\/","url":"https:\/\/secure.gravatar.com\/avatar\/3f19a9b3d671ea36ec67c4badf3f961a?s=96&d=mm&r=g","contentUrl":"https:\/\/secure.gravatar.com\/avatar\/3f19a9b3d671ea36ec67c4badf3f961a?s=96&d=mm&r=g","caption":"Redazione"},"url":"https:\/\/www.nordestsanita.it\/?author=8"}]}},"jetpack_featured_media_url":"https:\/\/www.nordestsanita.it\/wp-content\/uploads\/2021\/05\/2Venezia.jpg","_links":{"self":[{"href":"https:\/\/www.nordestsanita.it\/index.php?rest_route=\/wp\/v2\/posts\/411"}],"collection":[{"href":"https:\/\/www.nordestsanita.it\/index.php?rest_route=\/wp\/v2\/posts"}],"about":[{"href":"https:\/\/www.nordestsanita.it\/index.php?rest_route=\/wp\/v2\/types\/post"}],"author":[{"embeddable":true,"href":"https:\/\/www.nordestsanita.it\/index.php?rest_route=\/wp\/v2\/users\/8"}],"replies":[{"embeddable":true,"href":"https:\/\/www.nordestsanita.it\/index.php?rest_route=%2Fwp%2Fv2%2Fcomments&post=411"}],"version-history":[{"count":1,"href":"https:\/\/www.nordestsanita.it\/index.php?rest_route=\/wp\/v2\/posts\/411\/revisions"}],"predecessor-version":[{"id":413,"href":"https:\/\/www.nordestsanita.it\/index.php?rest_route=\/wp\/v2\/posts\/411\/revisions\/413"}],"wp:featuredmedia":[{"embeddable":true,"href":"https:\/\/www.nordestsanita.it\/index.php?rest_route=\/wp\/v2\/media\/412"}],"wp:attachment":[{"href":"https:\/\/www.nordestsanita.it\/index.php?rest_route=%2Fwp%2Fv2%2Fmedia&parent=411"}],"wp:term":[{"taxonomy":"category","embeddable":true,"href":"https:\/\/www.nordestsanita.it\/index.php?rest_route=%2Fwp%2Fv2%2Fcategories&post=411"},{"taxonomy":"post_tag","embeddable":true,"href":"https:\/\/www.nordestsanita.it\/index.php?rest_route=%2Fwp%2Fv2%2Ftags&post=411"}],"curies":[{"name":"wp","href":"https:\/\/api.w.org\/{rel}","templated":true}]}}