{"id":423,"date":"2021-03-18T16:59:00","date_gmt":"2021-03-18T15:59:00","guid":{"rendered":"http:\/\/www.nordestsanita.it\/?p=423"},"modified":"2021-05-06T10:30:33","modified_gmt":"2021-05-06T08:30:33","slug":"covid-19-prorogata-in-veneto-lassegnazione-infermieri-da-ulss-a-strutture-per-anziani","status":"publish","type":"post","link":"https:\/\/www.nordestsanita.it\/?p=423","title":{"rendered":"COVID-19, prorogata in Veneto l\u2019assegnazione infermieri da Ulss a strutture per anziani"},"content":{"rendered":"\n<p>Approvato anche il percorso di \u201cFormazione complementare in assistenza sanitaria dell\u2019Operatore Socio-Sanitario\u201d<\/p>\n\n\n\n<!--more-->\n\n\n\n<p>Sono due i provvedimenti deliberati dalla Giunta regionale del Veneto che intervengono a sostegno dell\u2019assistenza nelle strutture extraospedaliere per anziani a fronte dell\u2019aggravio delle attivit\u00e0 sanitarie dettato dall\u2019emergenza pandemica. Nello specifico in uno viene prorogata alle Ulss la possibilit\u00e0 di assegnare temporaneamente il proprio personale infermieristico a supporto dei Centri di Servizi per anziani non autosufficienti accreditati, nell\u2019altro \u00e8 approvato il percorso di \u201cFormazione complementare in assistenza sanitaria dell\u2019Operatore Socio-Sanitario\u201d.<\/p>\n\n\n\n<p>\u201cQuesti provvedimenti \u2013 sottolinea l\u2019Assessore alla Sanit\u00e0 e ai Servizi sociali Lanzarin &#8211; sono in linea con gli altri gi\u00e0 varati nel corso dell\u2019emergenza pandemica, tramite i quali il servizio sociosanitario regionale ha attivato una serie di politiche per sostenere i centri servizi per la non autosufficienza nel fronteggiare la carenza di personale infermieristico. La disponibilit\u00e0 in quest\u2019ultimo, infatti, si \u00e8 progressivamente ridotta negli ultimi tempi a causa del numero chiuso nei corsi di laurea\u201d.<\/p>\n\n\n\n<p>\u201cI centri per la non autosufficienza hanno bisogno di personale infermieristico \u2013 prosegue l\u2019Assessore \u2013 nonostante la mancanza di queste figure professionali sul mercato. Da sempre, l\u2019integrazione socio-sanitaria costituisce un elemento qualificante del modello Veneto nell\u2019ambito delle politiche per la salute e con recentissimo provvedimento si dispone che le aziende sanitarie del Veneto possono assegnare personale infermieristico direttamente ai centri servizi per la non autosufficienza; per un periodo limitato nell\u2019ambito del progetto formativo individuale. Questo consente non solo di mantenere il personale infermieristico necessario nelle case di riposo ma anche di recuperare i professionisti che in questi ultimi mesi di emergenza sono stati assunti negli ospedali. La possibilit\u00e0 di assegnare personale infermieristico grazie ad uno specifico protocollo d\u2019intesa tra aziende sanitarie e centri per anziani, inoltre, \u00e8 anche un modo di favorire l\u2019omogeneizzazione dei comportamenti e la diffusione di buone pratiche assistenziali mediante l\u2019integrazione del personale nelle \u00e9quipe assistenziali\u201d<br>Il personale infermieristico inviato presso le case di riposo sar\u00e0 retribuito dalle aziende sanitarie sulla base del Contratto Collettivo Nazionale di Lavoro della Sanit\u00e0. Gli istituti ristoreranno le aziende in ragione del loro contratto, che prevede retribuzioni pi\u00f9 basse. La differenza tra i due contratti resta a carico del Servizio Sanitario Nazionale.<\/p>\n\n\n\n<p>\u201cMa l\u2019accresciuta esigenza di personale da destinare all\u2019assistenza sanitaria, imposta dalla pandemia nell\u2019ambito della residenzialit\u00e0 e semiresidenzialit\u00e0 per anziani non \u00e8 risolvibile con solo personale infermieristico \u2013 aggiunge Lanzarin \u2013. La seconda delibera apre anche nuove prospettive formative per gli Oss che gi\u00e0 hanno specifici requisiti di esperienza. Grazie al corso, che la Conferenza delle Regioni ha riproposto da un accordo del 2003, l\u2019Oss dopo una specifica formazione entra nell\u2019\u00e9quipe assistenziale e collabora con i professionisti sanitari e socio-sanitari, svolgendo attivit\u00e0 assistenziali proprie, nell\u2019ambito della pianificazione definita dai professionisti sanitari di riferimento\u201d.<br>La durata complessiva del corso di \u201cFormazione complementare in assistenza sanitaria dell\u2019Operatore Socio Sanitario\u201d, aggiornata e integrata da un apposito gruppo di lavoro regionale ai fini dell\u2019emergenza pandemica, \u00e8 di complessive 400 ore nelle varie discipline e nei tirocini svolti presso le aziende sanitarie e ospedaliere venete.<\/p>\n","protected":false},"excerpt":{"rendered":"<p>Approvato anche il percorso di \u201cFormazione complementare in assistenza sanitaria dell\u2019Operatore Socio-Sanitario\u201d<\/p>\n","protected":false},"author":8,"featured_media":424,"comment_status":"closed","ping_status":"open","sticky":false,"template":"","format":"standard","meta":[],"categories":[25],"tags":[],"yoast_head":"<!-- This site is optimized with the Yoast SEO plugin v20.2 - https:\/\/yoast.com\/wordpress\/plugins\/seo\/ -->\n<title>COVID-19, prorogata in Veneto l\u2019assegnazione infermieri da Ulss a strutture per anziani - NES<\/title>\n<meta name=\"robots\" content=\"index, follow, max-snippet:-1, max-image-preview:large, max-video-preview:-1\" \/>\n<link rel=\"canonical\" href=\"https:\/\/www.nordestsanita.it\/?p=423\" \/>\n<meta property=\"og:locale\" content=\"it_IT\" \/>\n<meta property=\"og:type\" content=\"article\" \/>\n<meta property=\"og:title\" content=\"COVID-19, prorogata in Veneto l\u2019assegnazione infermieri da Ulss a strutture per anziani - NES\" \/>\n<meta property=\"og:description\" content=\"Approvato anche il percorso di \u201cFormazione complementare in assistenza sanitaria dell\u2019Operatore Socio-Sanitario\u201d\" \/>\n<meta property=\"og:url\" content=\"https:\/\/www.nordestsanita.it\/?p=423\" \/>\n<meta property=\"og:site_name\" content=\"NES\" \/>\n<meta property=\"article:published_time\" content=\"2021-03-18T15:59:00+00:00\" \/>\n<meta property=\"article:modified_time\" content=\"2021-05-06T08:30:33+00:00\" \/>\n<meta property=\"og:image\" content=\"https:\/\/www.nordestsanita.it\/wp-content\/uploads\/2021\/05\/infermiera-siringa.jpg\" \/>\n\t<meta property=\"og:image:width\" content=\"960\" \/>\n\t<meta property=\"og:image:height\" content=\"638\" \/>\n\t<meta property=\"og:image:type\" content=\"image\/jpeg\" \/>\n<meta name=\"author\" content=\"Redazione\" \/>\n<meta name=\"twitter:card\" content=\"summary_large_image\" \/>\n<meta name=\"twitter:label1\" content=\"Scritto da\" \/>\n\t<meta name=\"twitter:data1\" content=\"Redazione\" \/>\n\t<meta name=\"twitter:label2\" content=\"Tempo di lettura stimato\" \/>\n\t<meta name=\"twitter:data2\" content=\"3 minuti\" \/>\n<script type=\"application\/ld+json\" class=\"yoast-schema-graph\">{\"@context\":\"https:\/\/schema.org\",\"@graph\":[{\"@type\":\"Article\",\"@id\":\"https:\/\/www.nordestsanita.it\/?p=423#article\",\"isPartOf\":{\"@id\":\"https:\/\/www.nordestsanita.it\/?p=423\"},\"author\":{\"name\":\"Redazione\",\"@id\":\"https:\/\/www.nordestsanita.it\/#\/schema\/person\/e5a7dc6dca45cb55e67d4a127b0e969a\"},\"headline\":\"COVID-19, prorogata in Veneto l\u2019assegnazione infermieri da Ulss a strutture per anziani\",\"datePublished\":\"2021-03-18T15:59:00+00:00\",\"dateModified\":\"2021-05-06T08:30:33+00:00\",\"mainEntityOfPage\":{\"@id\":\"https:\/\/www.nordestsanita.it\/?p=423\"},\"wordCount\":522,\"publisher\":{\"@id\":\"https:\/\/www.nordestsanita.it\/#organization\"},\"articleSection\":[\"Sanit\u00e0\"],\"inLanguage\":\"it-IT\"},{\"@type\":\"WebPage\",\"@id\":\"https:\/\/www.nordestsanita.it\/?p=423\",\"url\":\"https:\/\/www.nordestsanita.it\/?p=423\",\"name\":\"COVID-19, prorogata in Veneto l\u2019assegnazione infermieri da Ulss a strutture per anziani - NES\",\"isPartOf\":{\"@id\":\"https:\/\/www.nordestsanita.it\/#website\"},\"datePublished\":\"2021-03-18T15:59:00+00:00\",\"dateModified\":\"2021-05-06T08:30:33+00:00\",\"breadcrumb\":{\"@id\":\"https:\/\/www.nordestsanita.it\/?p=423#breadcrumb\"},\"inLanguage\":\"it-IT\",\"potentialAction\":[{\"@type\":\"ReadAction\",\"target\":[\"https:\/\/www.nordestsanita.it\/?p=423\"]}]},{\"@type\":\"BreadcrumbList\",\"@id\":\"https:\/\/www.nordestsanita.it\/?p=423#breadcrumb\",\"itemListElement\":[{\"@type\":\"ListItem\",\"position\":1,\"name\":\"Home\",\"item\":\"https:\/\/www.nordestsanita.it\/\"},{\"@type\":\"ListItem\",\"position\":2,\"name\":\"COVID-19, prorogata in Veneto l\u2019assegnazione infermieri da Ulss a strutture per anziani\"}]},{\"@type\":\"WebSite\",\"@id\":\"https:\/\/www.nordestsanita.it\/#website\",\"url\":\"https:\/\/www.nordestsanita.it\/\",\"name\":\"NES\",\"description\":\"Nord Est Sanit\u00e0\",\"publisher\":{\"@id\":\"https:\/\/www.nordestsanita.it\/#organization\"},\"potentialAction\":[{\"@type\":\"SearchAction\",\"target\":{\"@type\":\"EntryPoint\",\"urlTemplate\":\"https:\/\/www.nordestsanita.it\/?s={search_term_string}\"},\"query-input\":\"required name=search_term_string\"}],\"inLanguage\":\"it-IT\"},{\"@type\":\"Organization\",\"@id\":\"https:\/\/www.nordestsanita.it\/#organization\",\"name\":\"NES\",\"url\":\"https:\/\/www.nordestsanita.it\/\",\"logo\":{\"@type\":\"ImageObject\",\"inLanguage\":\"it-IT\",\"@id\":\"https:\/\/www.nordestsanita.it\/#\/schema\/logo\/image\/\",\"url\":\"https:\/\/www.nordestsanita.it\/wp-content\/uploads\/2021\/05\/NES-1280.png\",\"contentUrl\":\"https:\/\/www.nordestsanita.it\/wp-content\/uploads\/2021\/05\/NES-1280.png\",\"width\":1280,\"height\":458,\"caption\":\"NES\"},\"image\":{\"@id\":\"https:\/\/www.nordestsanita.it\/#\/schema\/logo\/image\/\"}},{\"@type\":\"Person\",\"@id\":\"https:\/\/www.nordestsanita.it\/#\/schema\/person\/e5a7dc6dca45cb55e67d4a127b0e969a\",\"name\":\"Redazione\",\"image\":{\"@type\":\"ImageObject\",\"inLanguage\":\"it-IT\",\"@id\":\"https:\/\/www.nordestsanita.it\/#\/schema\/person\/image\/\",\"url\":\"https:\/\/secure.gravatar.com\/avatar\/3f19a9b3d671ea36ec67c4badf3f961a?s=96&d=mm&r=g\",\"contentUrl\":\"https:\/\/secure.gravatar.com\/avatar\/3f19a9b3d671ea36ec67c4badf3f961a?s=96&d=mm&r=g\",\"caption\":\"Redazione\"},\"url\":\"https:\/\/www.nordestsanita.it\/?author=8\"}]}<\/script>\n<!-- \/ Yoast SEO plugin. -->","yoast_head_json":{"title":"COVID-19, prorogata in Veneto l\u2019assegnazione infermieri da Ulss a strutture per anziani - NES","robots":{"index":"index","follow":"follow","max-snippet":"max-snippet:-1","max-image-preview":"max-image-preview:large","max-video-preview":"max-video-preview:-1"},"canonical":"https:\/\/www.nordestsanita.it\/?p=423","og_locale":"it_IT","og_type":"article","og_title":"COVID-19, prorogata in Veneto l\u2019assegnazione infermieri da Ulss a strutture per anziani - NES","og_description":"Approvato anche il percorso di \u201cFormazione complementare in assistenza sanitaria dell\u2019Operatore Socio-Sanitario\u201d","og_url":"https:\/\/www.nordestsanita.it\/?p=423","og_site_name":"NES","article_published_time":"2021-03-18T15:59:00+00:00","article_modified_time":"2021-05-06T08:30:33+00:00","og_image":[{"width":960,"height":638,"url":"https:\/\/www.nordestsanita.it\/wp-content\/uploads\/2021\/05\/infermiera-siringa.jpg","type":"image\/jpeg"}],"author":"Redazione","twitter_card":"summary_large_image","twitter_misc":{"Scritto da":"Redazione","Tempo di lettura stimato":"3 minuti"},"schema":{"@context":"https:\/\/schema.org","@graph":[{"@type":"Article","@id":"https:\/\/www.nordestsanita.it\/?p=423#article","isPartOf":{"@id":"https:\/\/www.nordestsanita.it\/?p=423"},"author":{"name":"Redazione","@id":"https:\/\/www.nordestsanita.it\/#\/schema\/person\/e5a7dc6dca45cb55e67d4a127b0e969a"},"headline":"COVID-19, prorogata in Veneto l\u2019assegnazione infermieri da Ulss a strutture per anziani","datePublished":"2021-03-18T15:59:00+00:00","dateModified":"2021-05-06T08:30:33+00:00","mainEntityOfPage":{"@id":"https:\/\/www.nordestsanita.it\/?p=423"},"wordCount":522,"publisher":{"@id":"https:\/\/www.nordestsanita.it\/#organization"},"articleSection":["Sanit\u00e0"],"inLanguage":"it-IT"},{"@type":"WebPage","@id":"https:\/\/www.nordestsanita.it\/?p=423","url":"https:\/\/www.nordestsanita.it\/?p=423","name":"COVID-19, prorogata in Veneto l\u2019assegnazione infermieri da Ulss a strutture per anziani - NES","isPartOf":{"@id":"https:\/\/www.nordestsanita.it\/#website"},"datePublished":"2021-03-18T15:59:00+00:00","dateModified":"2021-05-06T08:30:33+00:00","breadcrumb":{"@id":"https:\/\/www.nordestsanita.it\/?p=423#breadcrumb"},"inLanguage":"it-IT","potentialAction":[{"@type":"ReadAction","target":["https:\/\/www.nordestsanita.it\/?p=423"]}]},{"@type":"BreadcrumbList","@id":"https:\/\/www.nordestsanita.it\/?p=423#breadcrumb","itemListElement":[{"@type":"ListItem","position":1,"name":"Home","item":"https:\/\/www.nordestsanita.it\/"},{"@type":"ListItem","position":2,"name":"COVID-19, prorogata in Veneto l\u2019assegnazione infermieri da Ulss a strutture per anziani"}]},{"@type":"WebSite","@id":"https:\/\/www.nordestsanita.it\/#website","url":"https:\/\/www.nordestsanita.it\/","name":"NES","description":"Nord Est Sanit\u00e0","publisher":{"@id":"https:\/\/www.nordestsanita.it\/#organization"},"potentialAction":[{"@type":"SearchAction","target":{"@type":"EntryPoint","urlTemplate":"https:\/\/www.nordestsanita.it\/?s={search_term_string}"},"query-input":"required name=search_term_string"}],"inLanguage":"it-IT"},{"@type":"Organization","@id":"https:\/\/www.nordestsanita.it\/#organization","name":"NES","url":"https:\/\/www.nordestsanita.it\/","logo":{"@type":"ImageObject","inLanguage":"it-IT","@id":"https:\/\/www.nordestsanita.it\/#\/schema\/logo\/image\/","url":"https:\/\/www.nordestsanita.it\/wp-content\/uploads\/2021\/05\/NES-1280.png","contentUrl":"https:\/\/www.nordestsanita.it\/wp-content\/uploads\/2021\/05\/NES-1280.png","width":1280,"height":458,"caption":"NES"},"image":{"@id":"https:\/\/www.nordestsanita.it\/#\/schema\/logo\/image\/"}},{"@type":"Person","@id":"https:\/\/www.nordestsanita.it\/#\/schema\/person\/e5a7dc6dca45cb55e67d4a127b0e969a","name":"Redazione","image":{"@type":"ImageObject","inLanguage":"it-IT","@id":"https:\/\/www.nordestsanita.it\/#\/schema\/person\/image\/","url":"https:\/\/secure.gravatar.com\/avatar\/3f19a9b3d671ea36ec67c4badf3f961a?s=96&d=mm&r=g","contentUrl":"https:\/\/secure.gravatar.com\/avatar\/3f19a9b3d671ea36ec67c4badf3f961a?s=96&d=mm&r=g","caption":"Redazione"},"url":"https:\/\/www.nordestsanita.it\/?author=8"}]}},"jetpack_featured_media_url":"https:\/\/www.nordestsanita.it\/wp-content\/uploads\/2021\/05\/infermiera-siringa.jpg","_links":{"self":[{"href":"https:\/\/www.nordestsanita.it\/index.php?rest_route=\/wp\/v2\/posts\/423"}],"collection":[{"href":"https:\/\/www.nordestsanita.it\/index.php?rest_route=\/wp\/v2\/posts"}],"about":[{"href":"https:\/\/www.nordestsanita.it\/index.php?rest_route=\/wp\/v2\/types\/post"}],"author":[{"embeddable":true,"href":"https:\/\/www.nordestsanita.it\/index.php?rest_route=\/wp\/v2\/users\/8"}],"replies":[{"embeddable":true,"href":"https:\/\/www.nordestsanita.it\/index.php?rest_route=%2Fwp%2Fv2%2Fcomments&post=423"}],"version-history":[{"count":1,"href":"https:\/\/www.nordestsanita.it\/index.php?rest_route=\/wp\/v2\/posts\/423\/revisions"}],"predecessor-version":[{"id":425,"href":"https:\/\/www.nordestsanita.it\/index.php?rest_route=\/wp\/v2\/posts\/423\/revisions\/425"}],"wp:featuredmedia":[{"embeddable":true,"href":"https:\/\/www.nordestsanita.it\/index.php?rest_route=\/wp\/v2\/media\/424"}],"wp:attachment":[{"href":"https:\/\/www.nordestsanita.it\/index.php?rest_route=%2Fwp%2Fv2%2Fmedia&parent=423"}],"wp:term":[{"taxonomy":"category","embeddable":true,"href":"https:\/\/www.nordestsanita.it\/index.php?rest_route=%2Fwp%2Fv2%2Fcategories&post=423"},{"taxonomy":"post_tag","embeddable":true,"href":"https:\/\/www.nordestsanita.it\/index.php?rest_route=%2Fwp%2Fv2%2Ftags&post=423"}],"curies":[{"name":"wp","href":"https:\/\/api.w.org\/{rel}","templated":true}]}}