{"id":437,"date":"2021-03-10T16:33:00","date_gmt":"2021-03-10T15:33:00","guid":{"rendered":"http:\/\/www.nordestsanita.it\/?p=437"},"modified":"2021-05-06T10:30:33","modified_gmt":"2021-05-06T08:30:33","slug":"dal-15-al-21-marzo-2021-torna-la-settimana-mondiale-del-cervello","status":"publish","type":"post","link":"https:\/\/www.nordestsanita.it\/?p=437","title":{"rendered":"Dal 15 al 21 marzo 2021 torna la Settimana Mondiale del Cervello"},"content":{"rendered":"\n<p>Focus sul cervello ai tempi del COVID-19: le complicanze e i disturbi neurologici da pandemia saranno transitori o permanenti? Quale sar\u00e0 l\u2019impatto dei vaccini sul sistema nervoso? La Societ\u00e0 Italiana di Neurologia (SIN) fa chiarezza<\/p>\n\n\n\n<!--more-->\n\n\n\n<p>La Societ\u00e0 Italiana di Neurologia (SIN) in occasione della Settimana del Mondiale del Cervello, la campagna di sensibilizzazione promossa nel nostro Paese dal 15 al 21 marzo cercher\u00e0 di fare chiarezza sulle complicanze e i disturbi neurologici causate dal coronavirus, intitolando appunto l\u2019iniziativa \u201cIl Cervello ai tempi del Covid\u201d.<\/p>\n\n\n\n<p>Sono ormai centinaia, infatti, gli studi scientifici pubblicati a livello internazionale sulle complicanze neurologiche dell\u2019infezione da Covid-19, tanto che ormai si parla di \u201cNeuroCovid\u201d. L\u2019infezione pu\u00f2 colpire sia il sistema nervoso centrale &#8211; con cefalea, vertigini, disturbi dello stato di coscienza (confusione, delirium, fino al coma), encefaliti, manifestazioni epilettiche, disturbi motori e sensitivi, maggiore incidenza di ictus con maggiore severit\u00e0 &#8211; sia il sistema nervoso periferico, con perdita o distorsione del senso dell\u2019olfatto, del gusto, neuralgie e sindrome di Guillan-Barr\u00e8.<\/p>\n\n\n\n<p>Anche nella fase successiva alla malattia sono emersi vari problemi quali astenia protratta, disturbi di concentrazione, disturbi della memoria e comportamentali, che potrebbero essere collegati a piccoli danni vascolari o infiammatori del sistema nervoso, con ripercussioni a lungo termine.<\/p>\n\n\n\n<p>Inoltre, nei mesi di prolungato isolamento e alterazione dei ritmi di vita e delle abitudini sociali, si evidenzia un peggioramento dei sintomi comportamentali e un aumento del decadimento cognitivo per le oltre 1.200.000 persone affette in Italia da demenza, di cui 720.000 da Alzheimer, e una maggiore incidenza dei disturbi del sonno, che riguardano mediamente 12 milioni di italiani e che durante la pandemia ne ha colpiti circa 24 milioni.<\/p>\n\n\n\n<p>\u201cAbbiamo assistito nel corso dell\u2019ultimo anno a continue conferme della correlazione tra Covid 19 e malattie neurologiche &#8211; sottolinea il Prof. Gioacchino Tedeschi, Presidente della Societ\u00e0 Italiana di Neurologia e Direttore Clinica Neurologica e Neurofisiopatologia, AOU Universit\u00e0 della Campania \u201cLuigi Vanvitelli\u201d di Napoli \u2013 Proprio per questa ragione la Societ\u00e0 Italiana di Neurologia sta portando avanti progetti di ricerca e studi clinici per indagare in maniera approfondita su questo legame, con l\u2019obiettivo di chiarire la portata e la durata degli effetti neurologici, e mettere a punto protocolli clinici che aiutino gli specialisti a intervenire tempestivamente per contrastarne i danni\u201d.<\/p>\n\n\n\n<p>Dal 13 marzo partiranno gli eventi virtuali organizzati su tutti il territorio nazionale e, fino a maggio, la SIN proporr\u00e0 ogni settimana un webinar gratuito aperto a tutti i cittadini dal titolo \u201cPillole di Covid\u201d che offrir\u00e0 informazioni e aggiornamenti sulle correlazioni tra Covid e malattie neurologiche. Il calendario \u00e8 disponibile sul sito della SIN www.neuro.it e i webinar verranno trasmessi sulla pagina Facebook della societ\u00e0 scientifica.<\/p>\n\n\n\n<p>I focus della Settimana del Cervello 2021:<\/p>\n\n\n\n<p><strong>1. NEUROLOGIA AL TEMPO DEL COVID E NEL POST COVID<\/strong><br>Prof. Gioacchino Tedeschi, Presidente della Societ\u00e0 Italiana di Neurologia e Direttore Clinica Neurologica e Neurofisiopatologia, AOU Universit\u00e0 della Campania \u201cLuigi Vanvitelli\u201d di Napoli<\/p>\n\n\n\n<p>Le difficolt\u00e0 derivate dalla pandemia Covid-19 lungo tutto l\u2019anno 2020 hanno mostrato chiaramente la necessit\u00e0 di adeguare i processi di lavoro dei Neurologi alle attuali esigenze dei cittadini e alle notevoli innovazioni delle scienze biomediche, puntando sul rafforzamento dell\u2019erogazione di prestazioni e servizi a distanza per mezzo delle nuove opportunit\u00e0 offerte dalle tecnologie digitali.<\/p>\n\n\n\n<p>Ad Aprile 2020 l\u2019American Academy of Neurology ha pubblicato le raccomandazioni per l\u2019implementazione dei servizi di Telemedicina per l\u2019esame obiettivo neurologico in remoto.<\/p>\n\n\n\n<p>In Italia, l\u2019Istituto Superiore di Sanit\u00e0, il 13 Aprile 2020, ha diffuso un documento sulle \u201cIndicazioni ad interim per servizi assistenziali di telemedicina durante l\u2019emergenza sanitaria COVID-19\u201d.<\/p>\n\n\n\n<p>Nel prossimo futuro l\u2019esame obiettivo neurologico in remoto potrebbe essere ulteriormente implementato con l\u2019eventuale uso di accelerometri (oramai sono presenti nella maggior parte dei comuni smartphone), che permetterebbero un esame pi\u00f9 accurato della deambulazione, della postura e dell\u2019equilibrio, di device che permettono di quantificare l\u2019esperienza sensoriale o degli \u201cin-home neuro kits\u201d, con vision card, diapason, spilli e batuffoli di cotone, gi\u00e0 in uso adesso per la valutazione della scala EDSS nella Sclerosi Multipla.<br>La Telemedicina risulta avere un ruolo fondamentale anche per i pazienti che necessitano di riabilitazione. Anche in questo ambito, la SIN sta collaborando con l\u2019ISS per sviluppare specifici progetti riabilitativi<\/p>\n\n\n\n<p><strong>2. RELAZIONE TRA SARSCOV2 E SISTEMA NERVOSO<\/strong><br>Professor Paolo Calabresi, Ordinario di Neurologia e Direttore della Neurologia del Policlinico Gemelli di Roma<\/p>\n\n\n\n<p>Il COVID-19 colpisce il cervello in vari modi tra i quali l&#8217;infezione diretta delle cellule neurali con SARS-CoV-2, e la grave infiammazione sistemica che inonda il cervello di agenti pro-infiammatori danneggiando cos\u00ec le cellule nervose<br>SARS-CoV-2 utilizza l&#8217;ACE2 come principale recettore di attacco della \u201cproteina spike\u201d per l\u2019ingresso cellulare. La proteina ACE2 \u00e8 stata osservata nel sistema vascolare, ma in minor misura nel rivestimento dei vasi cerebrali. Tuttavia, il sequenziamento dell&#8217;RNA ne ha dimostrato la presenza, anche se modesta nel cervello umano.<\/p>\n\n\n\n<p>L\u2019esperienza del Gemelli, Centro COVID2 di Roma: in uno studio pubblicato recentemente e relativo a pazienti sintomatici ricoverati nella prima ondata di COVID19, 213 pazienti sono risultati positivi per SARSCoV2, mentre 218 pazienti sono risultati negativi e sono stati utilizzati come gruppo di controllo. Per quanto riguarda le manifestazioni del sistema nervoso centrale, \u00e8 stato osservato nei pazienti positivi alla SARSCoV2 una maggiore frequenza di cefalea, iposmia ed encefalopatia sempre correlata a condizioni sistemiche (febbre o ipossia). Inoltre, il coinvolgimento muscolare era pi\u00f9 frequente nell&#8217;infezione da SARS \u2010 CoV2.<\/p>\n\n\n\n<p>In conclusione, le manifestazioni neurologiche di COVID-19 costituiscono una delle principali sfide per la salute pubblica non solo per gli effetti acuti sul cervello, ma anche per i danni a lungo termine alla salute del cervello che potrebbe derivarne. Queste manifestazioni ritardate potrebbero essere presenti anche in pazienti che non hanno mostrato sintomi neurologici nella fase acuta.<\/p>\n\n\n\n<p><strong>3. VACCINAZIONE ANTI-COVID ED EFFETTI COLLATERALI NEUROLOGICI<\/strong><br>Dottor Ettore Beghi, Dipartimento di Neuroscienze, Istituto di Ricerche Farmacologiche Mario Negri IRCCS, Milano<\/p>\n\n\n\n<p>In un recente rapporto dell\u2019AIFA sulla sorveglianza dei vaccini, relativo al periodo 27\/12\/20 \u2013 26\/1\/21, i sintomi neurologici sono risultati al secondo posto dopo i disturbi nella sede di sommistrazione del vaccino. Va per\u00f2 sottolineato che nella massima parte dei casi si \u00e8 trattato di sintomi lievi e transitori (mal di testa, capogiri, sonnolenza, disturbi del gusto, formicolii).<\/p>\n\n\n\n<p>Considerando la stretta correlazione accertata tra COVID-19 e disturbi neurologici, la Societ\u00e0 Italiana di Neurologia (SIN) si \u00e8 posta il problema di sorvegliare la campagna vaccinale per verificare se i vaccini possano essere responsabili dell\u2019insorgenza di malattie neurologiche, nonostante i dati finora acquisiti ci possano tranquillizzare sulla loro sicurezza. Per questa ragione \u00e8 stato avviato uno studio sugli eventuali effetti indesiderati neurologici dei vaccini nella pratica clinica esaminando pazienti giunti all\u2019osservazione del neurologo per una serie di malattie (ictus cerebrale, Alzheimer, Parkinson, sclerosi laterale amiotrofica, epilessia, sclerosi multipla, malattie del midollo spinale e dei nervi periferici).<\/p>\n\n\n\n<p><strong>4. STUDIO NEUROCOVID<\/strong><br>Prof. Carlo Ferrarese, Direttore del Centro di Neuroscienze di Milano, Universit\u00e0 di Milano\u2013Bicocca e Direttore della Clinica Neurologica, Ospedale San Gerardo di Monza.<\/p>\n\n\n\n<p>Nel mese di Marzo dello scorso anno l\u2019Universit\u00e0 di Milano-Bicocca, l\u2019Universit\u00e0 di Milano e l\u2019Istituto Auxologico di Milano hanno disegnato uno studio multicentrico, chiamato NEUROCOVID, con l\u2019obiettivo di documentare tutte le possibili manifestazioni neurologiche all\u2019esordio, durante o dopo l\u2019infezione COVID-19, e di metterle in relazione alla gravit\u00e0 dell\u2019infezione, alle alterazioni dei parametri respiratori, circolatori, dei valori ematici, nonch\u00e9 ai dati antropometrici, alle abitudini, agli stili di vita, alla presenza di altre patologie e alle terapie assunte dai pazienti. Tale studio \u00e8 stato quindi patrocinato dalla Societ\u00e0 Italiana di Neurologia ed ha visto la partecipazione di 50 Neurologie italiane, distribuite nelle varie regioni, con la partecipazione anche di San Marino. Tali centri stanno attualmente registrando tutte le possibili complicanze neurologiche insorte sia nei pazienti ospedalizzati nella fase acuta della malattia, che nei pazienti trattati a domicilio dai medici di medicina generale e da questi segnalati ai neurologi dei centri partecipanti allo studio. I pazienti inclusi nello studio verranno inoltre seguiti a distanza di 3 e 6 mesi, per documentare l\u2019evoluzione della complicanza neurologica. L\u2019arruolamento dei casi \u00e8 sia retrospettivo, a partire da Marzo 2020, che prospettico, fino al 30 Giugno 2021, con un follow-up previsto fino a Dicembre 2021<\/p>\n\n\n\n<p>5. POST-COVID E LONG-COVID: EVIDENZE O FAKE?<br>Prof. Alessandro Padovani, Direttore Clinica Neurologica, Universit\u00e0 degli Studi di Brescia<\/p>\n\n\n\n<p>A seguito della prima ondata sono stati segnalati sintomi persistenti, soprattutto di natura neurologica, tra i sopravvissuti al COVID-19. Tra questi sono compresi pazienti che inizialmente hanno sperimentato una malattia acuta lieve. In molti casi si tratta di una reale persistenza (secondo alcuni in questo caso \u00e8 appropriata l\u2019adozione del termine LONG COVID) mentre in altri casi si tratta di sintomi o disturbi insorti in epoca successiva alla infezione COVID (in questo caso il termine pi\u00f9 appropriato dovrebbe essere POST COVID).<br>La caratterizzazione dell&#8217;eziologia e della fisiopatologia delle sequele tardive \u00e8 tuttora in corso e in molti casi riflette i danni d&#8217;organo insorti durante la fase di infezione acuta (vedi Ictus cerebrale o encefalopatia), spesso in relazione a manifestazioni di uno stato iper-infiammatorio persistente o una risposta anticorpale inadeguata.<\/p>\n\n\n\n<p>Non meno rilevanti sono, tuttavia, le sequele psicologiche a seguito di un decorso lungo o difficile della malattia oltre a quelli relativi ai cambiamenti dello stile di vita dovuti alla pandemia. Probabilmente, le sequele persistenti di COVID-19 sono espressione di pi\u00f9 sindromi risultanti da distinti processi fisiopatologici lungo lo spettro della malattia.<\/p>\n\n\n\n<p>Nello studio COVID-NEXT, in corso di pubblicazione e tuttora attivo a Brescia, la percentuale di malati precedentemente ospedalizzati con riferiti disturbi a distanza \u00e8 stata superiore al 70% dei casi. Tra i sintomi quelli maggiormente riportati hanno incluso l\u2019astenia, i disturbi cognitivi e di concentrazione, i disturbi del sonno, le mialgie con valori superiori al 30% seguito da disturbi depressivi, perdita dell\u2019autonomia e da instabilit\u00e0, disturbi della vista e formicolii. Lo studio in questione ha permesso di rilevare una stretta correlazione del numero dei sintomi neurologici con la gravit\u00e0 dell\u2019infezione COVID, con l\u2019et\u00e0 avanzata e con lo stato di salute ovvero l\u2019elevata multi-morbidit\u00e0 all\u2019ingresso e alla dimissione. Tuttavia, si tenga presente che nei soggetti ospedalizzati che non hanno manifestato una gravit\u00e0 elevata i sintomi pi\u00f9 frequenti rilevati a 6 mesi di distanza dall\u2019infezione COVID sono risultati i disturbi depressivi\/ansiosi, i disturbi del sonno e i disturbi di concentrazione, presenti in oltre il 30% del campione.<\/p>\n","protected":false},"excerpt":{"rendered":"<p>Focus sul cervello ai tempi del COVID-19: le complicanze e i disturbi neurologici da pandemia saranno transitori o permanenti? Quale sar\u00e0 l\u2019impatto dei vaccini sul sistema nervoso? La Societ\u00e0 Italiana di Neurologia (SIN) fa chiarezza<\/p>\n","protected":false},"author":8,"featured_media":438,"comment_status":"closed","ping_status":"open","sticky":false,"template":"","format":"standard","meta":[],"categories":[24],"tags":[],"yoast_head":"<!-- This site is optimized with the Yoast SEO plugin v20.2 - https:\/\/yoast.com\/wordpress\/plugins\/seo\/ -->\n<title>Dal 15 al 21 marzo 2021 torna la Settimana Mondiale del Cervello - NES<\/title>\n<meta name=\"robots\" content=\"index, follow, max-snippet:-1, max-image-preview:large, max-video-preview:-1\" \/>\n<link rel=\"canonical\" href=\"https:\/\/www.nordestsanita.it\/?p=437\" \/>\n<meta property=\"og:locale\" content=\"it_IT\" \/>\n<meta property=\"og:type\" content=\"article\" \/>\n<meta property=\"og:title\" content=\"Dal 15 al 21 marzo 2021 torna la Settimana Mondiale del Cervello - NES\" \/>\n<meta property=\"og:description\" content=\"Focus sul cervello ai tempi del COVID-19: le complicanze e i disturbi neurologici da pandemia saranno transitori o permanenti? Quale sar\u00e0 l\u2019impatto dei vaccini sul sistema nervoso? La Societ\u00e0 Italiana di Neurologia (SIN) fa chiarezza\" \/>\n<meta property=\"og:url\" content=\"https:\/\/www.nordestsanita.it\/?p=437\" \/>\n<meta property=\"og:site_name\" content=\"NES\" \/>\n<meta property=\"article:published_time\" content=\"2021-03-10T15:33:00+00:00\" \/>\n<meta property=\"article:modified_time\" content=\"2021-05-06T08:30:33+00:00\" \/>\n<meta property=\"og:image\" content=\"https:\/\/www.nordestsanita.it\/wp-content\/uploads\/2021\/05\/locandina-settimana-del-cervello.jpg\" \/>\n\t<meta property=\"og:image:width\" content=\"1713\" \/>\n\t<meta property=\"og:image:height\" content=\"1287\" \/>\n\t<meta property=\"og:image:type\" content=\"image\/jpeg\" \/>\n<meta name=\"author\" content=\"Redazione\" \/>\n<meta name=\"twitter:card\" content=\"summary_large_image\" \/>\n<meta name=\"twitter:label1\" content=\"Scritto da\" \/>\n\t<meta name=\"twitter:data1\" content=\"Redazione\" \/>\n\t<meta name=\"twitter:label2\" content=\"Tempo di lettura stimato\" \/>\n\t<meta name=\"twitter:data2\" content=\"8 minuti\" \/>\n<script type=\"application\/ld+json\" class=\"yoast-schema-graph\">{\"@context\":\"https:\/\/schema.org\",\"@graph\":[{\"@type\":\"Article\",\"@id\":\"https:\/\/www.nordestsanita.it\/?p=437#article\",\"isPartOf\":{\"@id\":\"https:\/\/www.nordestsanita.it\/?p=437\"},\"author\":{\"name\":\"Redazione\",\"@id\":\"https:\/\/www.nordestsanita.it\/#\/schema\/person\/e5a7dc6dca45cb55e67d4a127b0e969a\"},\"headline\":\"Dal 15 al 21 marzo 2021 torna la Settimana Mondiale del Cervello\",\"datePublished\":\"2021-03-10T15:33:00+00:00\",\"dateModified\":\"2021-05-06T08:30:33+00:00\",\"mainEntityOfPage\":{\"@id\":\"https:\/\/www.nordestsanita.it\/?p=437\"},\"wordCount\":1695,\"publisher\":{\"@id\":\"https:\/\/www.nordestsanita.it\/#organization\"},\"articleSection\":[\"Attualit\u00e0\"],\"inLanguage\":\"it-IT\"},{\"@type\":\"WebPage\",\"@id\":\"https:\/\/www.nordestsanita.it\/?p=437\",\"url\":\"https:\/\/www.nordestsanita.it\/?p=437\",\"name\":\"Dal 15 al 21 marzo 2021 torna la Settimana Mondiale del Cervello - NES\",\"isPartOf\":{\"@id\":\"https:\/\/www.nordestsanita.it\/#website\"},\"datePublished\":\"2021-03-10T15:33:00+00:00\",\"dateModified\":\"2021-05-06T08:30:33+00:00\",\"breadcrumb\":{\"@id\":\"https:\/\/www.nordestsanita.it\/?p=437#breadcrumb\"},\"inLanguage\":\"it-IT\",\"potentialAction\":[{\"@type\":\"ReadAction\",\"target\":[\"https:\/\/www.nordestsanita.it\/?p=437\"]}]},{\"@type\":\"BreadcrumbList\",\"@id\":\"https:\/\/www.nordestsanita.it\/?p=437#breadcrumb\",\"itemListElement\":[{\"@type\":\"ListItem\",\"position\":1,\"name\":\"Home\",\"item\":\"https:\/\/www.nordestsanita.it\/\"},{\"@type\":\"ListItem\",\"position\":2,\"name\":\"Dal 15 al 21 marzo 2021 torna la Settimana Mondiale del Cervello\"}]},{\"@type\":\"WebSite\",\"@id\":\"https:\/\/www.nordestsanita.it\/#website\",\"url\":\"https:\/\/www.nordestsanita.it\/\",\"name\":\"NES\",\"description\":\"Nord Est Sanit\u00e0\",\"publisher\":{\"@id\":\"https:\/\/www.nordestsanita.it\/#organization\"},\"potentialAction\":[{\"@type\":\"SearchAction\",\"target\":{\"@type\":\"EntryPoint\",\"urlTemplate\":\"https:\/\/www.nordestsanita.it\/?s={search_term_string}\"},\"query-input\":\"required name=search_term_string\"}],\"inLanguage\":\"it-IT\"},{\"@type\":\"Organization\",\"@id\":\"https:\/\/www.nordestsanita.it\/#organization\",\"name\":\"NES\",\"url\":\"https:\/\/www.nordestsanita.it\/\",\"logo\":{\"@type\":\"ImageObject\",\"inLanguage\":\"it-IT\",\"@id\":\"https:\/\/www.nordestsanita.it\/#\/schema\/logo\/image\/\",\"url\":\"https:\/\/www.nordestsanita.it\/wp-content\/uploads\/2021\/05\/NES-1280.png\",\"contentUrl\":\"https:\/\/www.nordestsanita.it\/wp-content\/uploads\/2021\/05\/NES-1280.png\",\"width\":1280,\"height\":458,\"caption\":\"NES\"},\"image\":{\"@id\":\"https:\/\/www.nordestsanita.it\/#\/schema\/logo\/image\/\"}},{\"@type\":\"Person\",\"@id\":\"https:\/\/www.nordestsanita.it\/#\/schema\/person\/e5a7dc6dca45cb55e67d4a127b0e969a\",\"name\":\"Redazione\",\"image\":{\"@type\":\"ImageObject\",\"inLanguage\":\"it-IT\",\"@id\":\"https:\/\/www.nordestsanita.it\/#\/schema\/person\/image\/\",\"url\":\"https:\/\/secure.gravatar.com\/avatar\/3f19a9b3d671ea36ec67c4badf3f961a?s=96&d=mm&r=g\",\"contentUrl\":\"https:\/\/secure.gravatar.com\/avatar\/3f19a9b3d671ea36ec67c4badf3f961a?s=96&d=mm&r=g\",\"caption\":\"Redazione\"},\"url\":\"https:\/\/www.nordestsanita.it\/?author=8\"}]}<\/script>\n<!-- \/ Yoast SEO plugin. -->","yoast_head_json":{"title":"Dal 15 al 21 marzo 2021 torna la Settimana Mondiale del Cervello - NES","robots":{"index":"index","follow":"follow","max-snippet":"max-snippet:-1","max-image-preview":"max-image-preview:large","max-video-preview":"max-video-preview:-1"},"canonical":"https:\/\/www.nordestsanita.it\/?p=437","og_locale":"it_IT","og_type":"article","og_title":"Dal 15 al 21 marzo 2021 torna la Settimana Mondiale del Cervello - NES","og_description":"Focus sul cervello ai tempi del COVID-19: le complicanze e i disturbi neurologici da pandemia saranno transitori o permanenti? Quale sar\u00e0 l\u2019impatto dei vaccini sul sistema nervoso? La Societ\u00e0 Italiana di Neurologia (SIN) fa chiarezza","og_url":"https:\/\/www.nordestsanita.it\/?p=437","og_site_name":"NES","article_published_time":"2021-03-10T15:33:00+00:00","article_modified_time":"2021-05-06T08:30:33+00:00","og_image":[{"width":1713,"height":1287,"url":"https:\/\/www.nordestsanita.it\/wp-content\/uploads\/2021\/05\/locandina-settimana-del-cervello.jpg","type":"image\/jpeg"}],"author":"Redazione","twitter_card":"summary_large_image","twitter_misc":{"Scritto da":"Redazione","Tempo di lettura stimato":"8 minuti"},"schema":{"@context":"https:\/\/schema.org","@graph":[{"@type":"Article","@id":"https:\/\/www.nordestsanita.it\/?p=437#article","isPartOf":{"@id":"https:\/\/www.nordestsanita.it\/?p=437"},"author":{"name":"Redazione","@id":"https:\/\/www.nordestsanita.it\/#\/schema\/person\/e5a7dc6dca45cb55e67d4a127b0e969a"},"headline":"Dal 15 al 21 marzo 2021 torna la Settimana Mondiale del Cervello","datePublished":"2021-03-10T15:33:00+00:00","dateModified":"2021-05-06T08:30:33+00:00","mainEntityOfPage":{"@id":"https:\/\/www.nordestsanita.it\/?p=437"},"wordCount":1695,"publisher":{"@id":"https:\/\/www.nordestsanita.it\/#organization"},"articleSection":["Attualit\u00e0"],"inLanguage":"it-IT"},{"@type":"WebPage","@id":"https:\/\/www.nordestsanita.it\/?p=437","url":"https:\/\/www.nordestsanita.it\/?p=437","name":"Dal 15 al 21 marzo 2021 torna la Settimana Mondiale del Cervello - NES","isPartOf":{"@id":"https:\/\/www.nordestsanita.it\/#website"},"datePublished":"2021-03-10T15:33:00+00:00","dateModified":"2021-05-06T08:30:33+00:00","breadcrumb":{"@id":"https:\/\/www.nordestsanita.it\/?p=437#breadcrumb"},"inLanguage":"it-IT","potentialAction":[{"@type":"ReadAction","target":["https:\/\/www.nordestsanita.it\/?p=437"]}]},{"@type":"BreadcrumbList","@id":"https:\/\/www.nordestsanita.it\/?p=437#breadcrumb","itemListElement":[{"@type":"ListItem","position":1,"name":"Home","item":"https:\/\/www.nordestsanita.it\/"},{"@type":"ListItem","position":2,"name":"Dal 15 al 21 marzo 2021 torna la Settimana Mondiale del Cervello"}]},{"@type":"WebSite","@id":"https:\/\/www.nordestsanita.it\/#website","url":"https:\/\/www.nordestsanita.it\/","name":"NES","description":"Nord Est Sanit\u00e0","publisher":{"@id":"https:\/\/www.nordestsanita.it\/#organization"},"potentialAction":[{"@type":"SearchAction","target":{"@type":"EntryPoint","urlTemplate":"https:\/\/www.nordestsanita.it\/?s={search_term_string}"},"query-input":"required name=search_term_string"}],"inLanguage":"it-IT"},{"@type":"Organization","@id":"https:\/\/www.nordestsanita.it\/#organization","name":"NES","url":"https:\/\/www.nordestsanita.it\/","logo":{"@type":"ImageObject","inLanguage":"it-IT","@id":"https:\/\/www.nordestsanita.it\/#\/schema\/logo\/image\/","url":"https:\/\/www.nordestsanita.it\/wp-content\/uploads\/2021\/05\/NES-1280.png","contentUrl":"https:\/\/www.nordestsanita.it\/wp-content\/uploads\/2021\/05\/NES-1280.png","width":1280,"height":458,"caption":"NES"},"image":{"@id":"https:\/\/www.nordestsanita.it\/#\/schema\/logo\/image\/"}},{"@type":"Person","@id":"https:\/\/www.nordestsanita.it\/#\/schema\/person\/e5a7dc6dca45cb55e67d4a127b0e969a","name":"Redazione","image":{"@type":"ImageObject","inLanguage":"it-IT","@id":"https:\/\/www.nordestsanita.it\/#\/schema\/person\/image\/","url":"https:\/\/secure.gravatar.com\/avatar\/3f19a9b3d671ea36ec67c4badf3f961a?s=96&d=mm&r=g","contentUrl":"https:\/\/secure.gravatar.com\/avatar\/3f19a9b3d671ea36ec67c4badf3f961a?s=96&d=mm&r=g","caption":"Redazione"},"url":"https:\/\/www.nordestsanita.it\/?author=8"}]}},"jetpack_featured_media_url":"https:\/\/www.nordestsanita.it\/wp-content\/uploads\/2021\/05\/locandina-settimana-del-cervello.jpg","_links":{"self":[{"href":"https:\/\/www.nordestsanita.it\/index.php?rest_route=\/wp\/v2\/posts\/437"}],"collection":[{"href":"https:\/\/www.nordestsanita.it\/index.php?rest_route=\/wp\/v2\/posts"}],"about":[{"href":"https:\/\/www.nordestsanita.it\/index.php?rest_route=\/wp\/v2\/types\/post"}],"author":[{"embeddable":true,"href":"https:\/\/www.nordestsanita.it\/index.php?rest_route=\/wp\/v2\/users\/8"}],"replies":[{"embeddable":true,"href":"https:\/\/www.nordestsanita.it\/index.php?rest_route=%2Fwp%2Fv2%2Fcomments&post=437"}],"version-history":[{"count":1,"href":"https:\/\/www.nordestsanita.it\/index.php?rest_route=\/wp\/v2\/posts\/437\/revisions"}],"predecessor-version":[{"id":439,"href":"https:\/\/www.nordestsanita.it\/index.php?rest_route=\/wp\/v2\/posts\/437\/revisions\/439"}],"wp:featuredmedia":[{"embeddable":true,"href":"https:\/\/www.nordestsanita.it\/index.php?rest_route=\/wp\/v2\/media\/438"}],"wp:attachment":[{"href":"https:\/\/www.nordestsanita.it\/index.php?rest_route=%2Fwp%2Fv2%2Fmedia&parent=437"}],"wp:term":[{"taxonomy":"category","embeddable":true,"href":"https:\/\/www.nordestsanita.it\/index.php?rest_route=%2Fwp%2Fv2%2Fcategories&post=437"},{"taxonomy":"post_tag","embeddable":true,"href":"https:\/\/www.nordestsanita.it\/index.php?rest_route=%2Fwp%2Fv2%2Ftags&post=437"}],"curies":[{"name":"wp","href":"https:\/\/api.w.org\/{rel}","templated":true}]}}