{"id":453,"date":"2021-02-26T15:59:00","date_gmt":"2021-02-26T14:59:00","guid":{"rendered":"http:\/\/www.nordestsanita.it\/?p=453"},"modified":"2021-05-09T14:12:23","modified_gmt":"2021-05-09T12:12:23","slug":"i-nuovi-direttore-generali-delle-ulss-venete","status":"publish","type":"post","link":"https:\/\/www.nordestsanita.it\/?p=453","title":{"rendered":"I nuovi direttore generali delle Ulss Venete"},"content":{"rendered":"\n<p>Il Presidente della Regione, Luca Zaia, ha nominato oggi i nuovi direttori generali delle nove Ullss, delle due Aziende ospedaliere di Padova e Verona, dell\u2019Istituto Oncologico Veneto e dell\u2019Azienda Zero, rinnovando cos\u00ec l\u2019assetto manageriale dell\u2019organizzazione sanitaria regionale.<\/p>\n\n\n\n<!--more-->\n\n\n\n<p>Sette manager sono alla prima nomina; due riconfermati nella stessa sede, quattro sono riconfermati ma nominati in una sede diversa dalla precedente.<\/p>\n\n\n\n<p>La nuova compagine dirigenziale \u00e8 stata presentata a Palazzo Balbi, sede della Giunta regionale a Venezia, dallo stesso Zaia, che era affiancato dall\u2019Assessore alla Sanit\u00e0, Manuela Lanzarin, e dal direttore generale della sanit\u00e0 regionale, Luciano Flor.<\/p>\n\n\n\n<p>\u201cAbbiamo valutato 101 candidature attraverso una rigorosa procedura di legge \u2013 ha detto Zaia \u2013 e abbiamo costruito una squadra omogenea, caratterizzata da molte professioni sanitarie e da esperienza pregressa a diversi livelli, con l\u2019orgoglio di essere la prima Regione d\u2019Italia a nominare direttore generale un laureato in scienze infermieristiche (Mauro Filippi all\u2019Ulss 4 Veneto Orientale ndr) che, studiando e lavorando, \u00e8 riuscito a salire tutti i gradini di una lunga scala, arrivandone al vertice\u201d. Zaia ha tenuto a sottolineare che \u201cogni scelta \u00e8 stata fatta valutando le caratteristiche dei candidati che risultassero utili per il contesto territoriale assegnato e per il miglior successo della futura programmazione regionale\u201d. Il Governatore ha molto insistito sul concetto di squadra e sulla necessit\u00e0 di lavorare ognuno in spirito di totale collaborazione con gli altri: \u201cI malati non conoscono confini \u2013 ha detto Zaia rivolto ai neo dg \u2013 e a voi chiedono lo stesso, di fare squadra, di costruire relazioni efficaci tra i diversi territori, tra Ospedali universitari e territoriali, tra ogni singolo ospedale e ogni singolo territorio. Pi\u00f9 sarete uniti e pi\u00f9 forte sar\u00e0 la vostra squadra\u201d.<\/p>\n\n\n\n<p>All\u2019Ulss 1 Dolomiti va Maria Grazia Carraro (nuova); all\u2019Ulss 2 Marca Trevigiana, Francesco Benazzi (confermato); all\u2019Ulss 3 Serenissima, Edgardo Contato (nuovo); all\u2019Ulss 4 Veneto Orientale, Mauro Filippi (nuovo); all\u2019Ulss 5 Polesana, Patrizia Simionato (ex dg Azienda Zero); all\u2019Ulss 6 Euganea, Paolo Fortuna (nuovo); all\u2019Ulss 7 Pedemontana, Carlo Bramezza (ex dg Ulss 4 Veneto Orientale); all\u2019Ulss 8 Berica, Maria Giuseppina Bonavina (nuova, in passato gi\u00e0 dg Ulss Verona); all\u2019Ulss 9 Scaligera, Pietro Girardi (confermato); all\u2019Azienda Ospedaliera di Padova, Giuseppe Dal Ben (ex dg Ulss 3 Serenissima); all\u2019Azienda Ospedaliera di Verona, Callisto Bravi (nuovo); all\u2019Istituto Oncologico Veneto, Patrizia Benini (nuova); all\u2019Azienda Zero, Roberto Toniolo (nuovo).<\/p>\n\n\n\n<p>Il contratto firmato dai direttori generali \u00e8 valido per tre anni pi\u00f9 un possibile prolungamento di altri due. Guadagneranno 154 mila euro lordi l\u2019anno.<\/p>\n","protected":false},"excerpt":{"rendered":"<p>Il Presidente della Regione, Luca Zaia, ha nominato oggi i nuovi direttori generali delle nove Ullss, delle due Aziende ospedaliere di Padova e Verona, dell\u2019Istituto Oncologico Veneto e dell\u2019Azienda Zero, rinnovando cos\u00ec l\u2019assetto manageriale dell\u2019organizzazione sanitaria regionale.<\/p>\n","protected":false},"author":4,"featured_media":454,"comment_status":"closed","ping_status":"open","sticky":false,"template":"","format":"standard","meta":[],"categories":[25],"tags":[58,71],"yoast_head":"<!-- This site is optimized with the Yoast SEO plugin v20.2 - https:\/\/yoast.com\/wordpress\/plugins\/seo\/ -->\n<title>I nuovi direttore generali delle Ulss Venete - NES<\/title>\n<meta name=\"robots\" content=\"index, follow, max-snippet:-1, max-image-preview:large, max-video-preview:-1\" \/>\n<link rel=\"canonical\" href=\"https:\/\/www.nordestsanita.it\/?p=453\" \/>\n<meta property=\"og:locale\" content=\"it_IT\" \/>\n<meta property=\"og:type\" content=\"article\" \/>\n<meta property=\"og:title\" content=\"I nuovi direttore generali delle Ulss Venete - NES\" \/>\n<meta property=\"og:description\" content=\"Il Presidente della Regione, Luca Zaia, ha nominato oggi i nuovi direttori generali delle nove Ullss, delle due Aziende ospedaliere di Padova e Verona, dell\u2019Istituto Oncologico Veneto e dell\u2019Azienda Zero, rinnovando cos\u00ec l\u2019assetto manageriale dell\u2019organizzazione sanitaria regionale.\" \/>\n<meta property=\"og:url\" content=\"https:\/\/www.nordestsanita.it\/?p=453\" \/>\n<meta property=\"og:site_name\" content=\"NES\" \/>\n<meta property=\"article:published_time\" content=\"2021-02-26T14:59:00+00:00\" \/>\n<meta property=\"article:modified_time\" content=\"2021-05-09T12:12:23+00:00\" \/>\n<meta property=\"og:image\" content=\"https:\/\/www.nordestsanita.it\/wp-content\/uploads\/2021\/05\/2021DGnuovi.jpg\" \/>\n\t<meta property=\"og:image:width\" content=\"1008\" \/>\n\t<meta property=\"og:image:height\" content=\"756\" \/>\n\t<meta property=\"og:image:type\" content=\"image\/jpeg\" \/>\n<meta name=\"author\" content=\"Giuliano Gargano\" \/>\n<meta name=\"twitter:card\" content=\"summary_large_image\" \/>\n<meta name=\"twitter:label1\" content=\"Scritto da\" \/>\n\t<meta name=\"twitter:data1\" content=\"Giuliano Gargano\" \/>\n\t<meta name=\"twitter:label2\" content=\"Tempo di lettura stimato\" \/>\n\t<meta name=\"twitter:data2\" content=\"2 minuti\" \/>\n<script type=\"application\/ld+json\" class=\"yoast-schema-graph\">{\"@context\":\"https:\/\/schema.org\",\"@graph\":[{\"@type\":\"Article\",\"@id\":\"https:\/\/www.nordestsanita.it\/?p=453#article\",\"isPartOf\":{\"@id\":\"https:\/\/www.nordestsanita.it\/?p=453\"},\"author\":{\"name\":\"Giuliano Gargano\",\"@id\":\"https:\/\/www.nordestsanita.it\/#\/schema\/person\/b4d794d64b96b99781f85e73d2f335e8\"},\"headline\":\"I nuovi direttore generali delle Ulss Venete\",\"datePublished\":\"2021-02-26T14:59:00+00:00\",\"dateModified\":\"2021-05-09T12:12:23+00:00\",\"mainEntityOfPage\":{\"@id\":\"https:\/\/www.nordestsanita.it\/?p=453\"},\"wordCount\":414,\"publisher\":{\"@id\":\"https:\/\/www.nordestsanita.it\/#organization\"},\"keywords\":[\"direttori generali\",\"Regione Veneto\"],\"articleSection\":[\"Sanit\u00e0\"],\"inLanguage\":\"it-IT\"},{\"@type\":\"WebPage\",\"@id\":\"https:\/\/www.nordestsanita.it\/?p=453\",\"url\":\"https:\/\/www.nordestsanita.it\/?p=453\",\"name\":\"I nuovi direttore generali delle Ulss Venete - NES\",\"isPartOf\":{\"@id\":\"https:\/\/www.nordestsanita.it\/#website\"},\"datePublished\":\"2021-02-26T14:59:00+00:00\",\"dateModified\":\"2021-05-09T12:12:23+00:00\",\"breadcrumb\":{\"@id\":\"https:\/\/www.nordestsanita.it\/?p=453#breadcrumb\"},\"inLanguage\":\"it-IT\",\"potentialAction\":[{\"@type\":\"ReadAction\",\"target\":[\"https:\/\/www.nordestsanita.it\/?p=453\"]}]},{\"@type\":\"BreadcrumbList\",\"@id\":\"https:\/\/www.nordestsanita.it\/?p=453#breadcrumb\",\"itemListElement\":[{\"@type\":\"ListItem\",\"position\":1,\"name\":\"Home\",\"item\":\"https:\/\/www.nordestsanita.it\/\"},{\"@type\":\"ListItem\",\"position\":2,\"name\":\"I nuovi direttore generali delle Ulss Venete\"}]},{\"@type\":\"WebSite\",\"@id\":\"https:\/\/www.nordestsanita.it\/#website\",\"url\":\"https:\/\/www.nordestsanita.it\/\",\"name\":\"NES\",\"description\":\"Nord Est Sanit\u00e0\",\"publisher\":{\"@id\":\"https:\/\/www.nordestsanita.it\/#organization\"},\"potentialAction\":[{\"@type\":\"SearchAction\",\"target\":{\"@type\":\"EntryPoint\",\"urlTemplate\":\"https:\/\/www.nordestsanita.it\/?s={search_term_string}\"},\"query-input\":\"required name=search_term_string\"}],\"inLanguage\":\"it-IT\"},{\"@type\":\"Organization\",\"@id\":\"https:\/\/www.nordestsanita.it\/#organization\",\"name\":\"NES\",\"url\":\"https:\/\/www.nordestsanita.it\/\",\"logo\":{\"@type\":\"ImageObject\",\"inLanguage\":\"it-IT\",\"@id\":\"https:\/\/www.nordestsanita.it\/#\/schema\/logo\/image\/\",\"url\":\"https:\/\/www.nordestsanita.it\/wp-content\/uploads\/2021\/05\/NES-1280.png\",\"contentUrl\":\"https:\/\/www.nordestsanita.it\/wp-content\/uploads\/2021\/05\/NES-1280.png\",\"width\":1280,\"height\":458,\"caption\":\"NES\"},\"image\":{\"@id\":\"https:\/\/www.nordestsanita.it\/#\/schema\/logo\/image\/\"}},{\"@type\":\"Person\",\"@id\":\"https:\/\/www.nordestsanita.it\/#\/schema\/person\/b4d794d64b96b99781f85e73d2f335e8\",\"name\":\"Giuliano Gargano\",\"image\":{\"@type\":\"ImageObject\",\"inLanguage\":\"it-IT\",\"@id\":\"https:\/\/www.nordestsanita.it\/#\/schema\/person\/image\/\",\"url\":\"https:\/\/secure.gravatar.com\/avatar\/2358b20e394b61d6f72d0ddb2a3df6b3?s=96&d=mm&r=g\",\"contentUrl\":\"https:\/\/secure.gravatar.com\/avatar\/2358b20e394b61d6f72d0ddb2a3df6b3?s=96&d=mm&r=g\",\"caption\":\"Giuliano Gargano\"},\"url\":\"https:\/\/www.nordestsanita.it\/?author=4\"}]}<\/script>\n<!-- \/ Yoast SEO plugin. -->","yoast_head_json":{"title":"I nuovi direttore generali delle Ulss Venete - NES","robots":{"index":"index","follow":"follow","max-snippet":"max-snippet:-1","max-image-preview":"max-image-preview:large","max-video-preview":"max-video-preview:-1"},"canonical":"https:\/\/www.nordestsanita.it\/?p=453","og_locale":"it_IT","og_type":"article","og_title":"I nuovi direttore generali delle Ulss Venete - NES","og_description":"Il Presidente della Regione, Luca Zaia, ha nominato oggi i nuovi direttori generali delle nove Ullss, delle due Aziende ospedaliere di Padova e Verona, dell\u2019Istituto Oncologico Veneto e dell\u2019Azienda Zero, rinnovando cos\u00ec l\u2019assetto manageriale dell\u2019organizzazione sanitaria regionale.","og_url":"https:\/\/www.nordestsanita.it\/?p=453","og_site_name":"NES","article_published_time":"2021-02-26T14:59:00+00:00","article_modified_time":"2021-05-09T12:12:23+00:00","og_image":[{"width":1008,"height":756,"url":"https:\/\/www.nordestsanita.it\/wp-content\/uploads\/2021\/05\/2021DGnuovi.jpg","type":"image\/jpeg"}],"author":"Giuliano Gargano","twitter_card":"summary_large_image","twitter_misc":{"Scritto da":"Giuliano Gargano","Tempo di lettura stimato":"2 minuti"},"schema":{"@context":"https:\/\/schema.org","@graph":[{"@type":"Article","@id":"https:\/\/www.nordestsanita.it\/?p=453#article","isPartOf":{"@id":"https:\/\/www.nordestsanita.it\/?p=453"},"author":{"name":"Giuliano Gargano","@id":"https:\/\/www.nordestsanita.it\/#\/schema\/person\/b4d794d64b96b99781f85e73d2f335e8"},"headline":"I nuovi direttore generali delle Ulss Venete","datePublished":"2021-02-26T14:59:00+00:00","dateModified":"2021-05-09T12:12:23+00:00","mainEntityOfPage":{"@id":"https:\/\/www.nordestsanita.it\/?p=453"},"wordCount":414,"publisher":{"@id":"https:\/\/www.nordestsanita.it\/#organization"},"keywords":["direttori generali","Regione Veneto"],"articleSection":["Sanit\u00e0"],"inLanguage":"it-IT"},{"@type":"WebPage","@id":"https:\/\/www.nordestsanita.it\/?p=453","url":"https:\/\/www.nordestsanita.it\/?p=453","name":"I nuovi direttore generali delle Ulss Venete - NES","isPartOf":{"@id":"https:\/\/www.nordestsanita.it\/#website"},"datePublished":"2021-02-26T14:59:00+00:00","dateModified":"2021-05-09T12:12:23+00:00","breadcrumb":{"@id":"https:\/\/www.nordestsanita.it\/?p=453#breadcrumb"},"inLanguage":"it-IT","potentialAction":[{"@type":"ReadAction","target":["https:\/\/www.nordestsanita.it\/?p=453"]}]},{"@type":"BreadcrumbList","@id":"https:\/\/www.nordestsanita.it\/?p=453#breadcrumb","itemListElement":[{"@type":"ListItem","position":1,"name":"Home","item":"https:\/\/www.nordestsanita.it\/"},{"@type":"ListItem","position":2,"name":"I nuovi direttore generali delle Ulss Venete"}]},{"@type":"WebSite","@id":"https:\/\/www.nordestsanita.it\/#website","url":"https:\/\/www.nordestsanita.it\/","name":"NES","description":"Nord Est Sanit\u00e0","publisher":{"@id":"https:\/\/www.nordestsanita.it\/#organization"},"potentialAction":[{"@type":"SearchAction","target":{"@type":"EntryPoint","urlTemplate":"https:\/\/www.nordestsanita.it\/?s={search_term_string}"},"query-input":"required name=search_term_string"}],"inLanguage":"it-IT"},{"@type":"Organization","@id":"https:\/\/www.nordestsanita.it\/#organization","name":"NES","url":"https:\/\/www.nordestsanita.it\/","logo":{"@type":"ImageObject","inLanguage":"it-IT","@id":"https:\/\/www.nordestsanita.it\/#\/schema\/logo\/image\/","url":"https:\/\/www.nordestsanita.it\/wp-content\/uploads\/2021\/05\/NES-1280.png","contentUrl":"https:\/\/www.nordestsanita.it\/wp-content\/uploads\/2021\/05\/NES-1280.png","width":1280,"height":458,"caption":"NES"},"image":{"@id":"https:\/\/www.nordestsanita.it\/#\/schema\/logo\/image\/"}},{"@type":"Person","@id":"https:\/\/www.nordestsanita.it\/#\/schema\/person\/b4d794d64b96b99781f85e73d2f335e8","name":"Giuliano Gargano","image":{"@type":"ImageObject","inLanguage":"it-IT","@id":"https:\/\/www.nordestsanita.it\/#\/schema\/person\/image\/","url":"https:\/\/secure.gravatar.com\/avatar\/2358b20e394b61d6f72d0ddb2a3df6b3?s=96&d=mm&r=g","contentUrl":"https:\/\/secure.gravatar.com\/avatar\/2358b20e394b61d6f72d0ddb2a3df6b3?s=96&d=mm&r=g","caption":"Giuliano Gargano"},"url":"https:\/\/www.nordestsanita.it\/?author=4"}]}},"jetpack_featured_media_url":"https:\/\/www.nordestsanita.it\/wp-content\/uploads\/2021\/05\/2021DGnuovi.jpg","_links":{"self":[{"href":"https:\/\/www.nordestsanita.it\/index.php?rest_route=\/wp\/v2\/posts\/453"}],"collection":[{"href":"https:\/\/www.nordestsanita.it\/index.php?rest_route=\/wp\/v2\/posts"}],"about":[{"href":"https:\/\/www.nordestsanita.it\/index.php?rest_route=\/wp\/v2\/types\/post"}],"author":[{"embeddable":true,"href":"https:\/\/www.nordestsanita.it\/index.php?rest_route=\/wp\/v2\/users\/4"}],"replies":[{"embeddable":true,"href":"https:\/\/www.nordestsanita.it\/index.php?rest_route=%2Fwp%2Fv2%2Fcomments&post=453"}],"version-history":[{"count":1,"href":"https:\/\/www.nordestsanita.it\/index.php?rest_route=\/wp\/v2\/posts\/453\/revisions"}],"predecessor-version":[{"id":455,"href":"https:\/\/www.nordestsanita.it\/index.php?rest_route=\/wp\/v2\/posts\/453\/revisions\/455"}],"wp:featuredmedia":[{"embeddable":true,"href":"https:\/\/www.nordestsanita.it\/index.php?rest_route=\/wp\/v2\/media\/454"}],"wp:attachment":[{"href":"https:\/\/www.nordestsanita.it\/index.php?rest_route=%2Fwp%2Fv2%2Fmedia&parent=453"}],"wp:term":[{"taxonomy":"category","embeddable":true,"href":"https:\/\/www.nordestsanita.it\/index.php?rest_route=%2Fwp%2Fv2%2Fcategories&post=453"},{"taxonomy":"post_tag","embeddable":true,"href":"https:\/\/www.nordestsanita.it\/index.php?rest_route=%2Fwp%2Fv2%2Ftags&post=453"}],"curies":[{"name":"wp","href":"https:\/\/api.w.org\/{rel}","templated":true}]}}