{"id":456,"date":"2021-02-26T14:18:00","date_gmt":"2021-02-26T13:18:00","guid":{"rendered":"http:\/\/www.nordestsanita.it\/?p=456"},"modified":"2021-05-06T10:30:33","modified_gmt":"2021-05-06T08:30:33","slug":"veneto-diplomati-70-nuovi-medici-di-medicina-generale","status":"publish","type":"post","link":"https:\/\/www.nordestsanita.it\/?p=456","title":{"rendered":"Veneto, diplomati 70 nuovi medici di medicina generale"},"content":{"rendered":"\n<p>\u201cSi tratta di un gran risultato per gli sforzi della Regione di fronte alle notevoli difficolt\u00e0 che si incontrano nel garantire a tutti i pazienti l\u2019assegnazione al medico di famiglia\u201d<\/p>\n\n\n\n<!--more-->\n\n\n\n<p>Si sono concluse in questi giorni le sessioni di colloquio finale del triennio della Scuola di Formazione Specifica di Medicina Generale della Regione, con il rilascio del diploma ai neo medici di medicina generale, il 66% dei quali sono donne: settanta nuovi medici di famiglia entreranno dunque a breve nel sistema sanitario territoriale del Veneto.<\/p>\n\n\n\n<p>\u201cOltre al significativo segnale di una grande presenza femminile, che conferma il trend, gi\u00e0 verificato negli ultimi anni \u2013 sottolinea l\u2019Assessore alla Sanit\u00e0 Manuela Lanzarin &#8211; si tratta di un gran risultato per gli sforzi della Regione di fronte alle notevoli difficolt\u00e0 che si incontrano nel garantire a tutti i pazienti l\u2019assegnazione al medico di famiglia\u201d.<\/p>\n\n\n\n<p>L\u2019assegnazione delle cosiddette \u201czone carenti\u201d (aree che per pensionamenti o rinunce rimangono prive dell\u2019assistenza del medico di famiglia) richiede una procedura molto complessa: la Regione Veneto ha attivato tutte le procedure previste dall\u2019Accordo Collettivo Nazionale vigente per l\u2019attribuzione degli incarichi, ossia le proposte di trasferimento, gli inserimenti tramite il coinvolgimento dei medici iscritti nella graduatoria regionale (attualmente circa 600), le assegnazioni tramite la ricerca della disponibilit\u00e0 di medici sull\u2019intero territorio nazionale, ed infine coinvolgendo i medici frequentanti il corso di formazione specifica in medicina generale.<\/p>\n\n\n\n<p>\u201cGrazie all\u2019impegno del Veneto sul piano delle normative nazionali \u2013 fa notare la Lanzarin &#8211; oggi \u00e8, infatti, possibile attribuire incarichi di natura temporanea anche agli studenti frequentanti la Scuola ma non ancora diplomati. Lavoriamo in un ambito molto difficoltoso \u2013 aggiunge &#8211; perch\u00e8 molto spesso non si riescono a trovare medici disposti ad accettare gli incarichi proposti, a fronte di molte rinunce o mancate accettazioni, non solo relative a zone disagiate (es. montane o lagunari) ma anche nei quartieri di citt\u00e0. Il Veneto, comunque, continuer\u00e0 a investire e sostenere la formazione, anche alla luce dell\u2019esperienza della lotta al Covid, nella quale la medicina del territorio si \u00e8 dimostrata insostituibile\u201d.<\/p>\n\n\n\n<p>La Scuola di formazione specifica in medicina generale nella Regione Veneto annovera quasi 500 studenti e prevede una frequenza triennale per un monte ore complessivo di 4.800. Per il prossimo luglio \u00e8 atteso un ulteriore contingente di circa 200 nuovi studenti.<br>Nel percorso formativo si alternano lezioni d&#8217;aula e tirocini pratici svolti presso gli studi dei medici di medicina generale e presso le strutture della rete ospedaliera e distrettuale della Regione. La caratteristica della tutorialit\u00e0, ossia della valorizzazione delle competenze dei professionisti che lavorano nel sistema sanitario regionale e che, in qualit\u00e0 di tutor, sono chiamati a trasferire conoscenze ed abilit\u00e0 ai nuovi medici, rappresenta il punto di forza della Scuola nella Regione Veneto.<\/p>\n\n\n\n<p>Nell\u2019ambito del corso appena concluso con i settanta nuovi diplomi, particolare attenzione \u00e8 stata posta alla pandemia Covid-19. Molte Tesi hanno infatti analizzato le modifiche organizzative nell\u2019accesso allo studio del medico di famiglia, l\u2019utilit\u00e0 di implementare la telemedicina, l\u2019attivit\u00e0 delle Unit\u00e0 Speciali di Continuit\u00e0 Assistenziale (USCA) nate per supportare l\u2019attivit\u00e0 del medico di famiglia nella gestione a domicilio dei pazienti COVID.<\/p>\n\n\n\n<p>I colloqui sono stati condotti alla presenza della Commissione d&#8217;esame presieduta dal dott. Maurizio Scassola e composta dal dott. Giampietro Stefani in rappresentanza dei medici di medicina generale, dal prof. Oliviero Olivieri direttore del Dipartimento di Medicina presso l\u2019Universit\u00e0 degli Studi di Verona, dal dott. Fabio Presotto direttore dell&#8217;UOC Medicina di Mestre, dal dott. Moreno Scevola direttore dell&#8217;UOC Medicina Generale dell\u2019ospedale di Dolo, nonch\u00e9 della dott.ssa Maria Cristina Ghiotto in qualit\u00e0 di responsabile regionale della Scuola di formazione specifica di medicina generale.<\/p>\n","protected":false},"excerpt":{"rendered":"<p>\u201cSi tratta di un gran risultato per gli sforzi della Regione di fronte alle notevoli difficolt\u00e0 che si incontrano nel garantire a tutti i pazienti l\u2019assegnazione al medico di famiglia\u201d<\/p>\n","protected":false},"author":8,"featured_media":457,"comment_status":"closed","ping_status":"open","sticky":false,"template":"","format":"standard","meta":[],"categories":[25],"tags":[],"yoast_head":"<!-- This site is optimized with the Yoast SEO plugin v20.2 - https:\/\/yoast.com\/wordpress\/plugins\/seo\/ -->\n<title>Veneto, diplomati 70 nuovi medici di medicina generale - NES<\/title>\n<meta name=\"robots\" content=\"index, follow, max-snippet:-1, max-image-preview:large, max-video-preview:-1\" \/>\n<link rel=\"canonical\" href=\"https:\/\/www.nordestsanita.it\/?p=456\" \/>\n<meta property=\"og:locale\" content=\"it_IT\" \/>\n<meta property=\"og:type\" content=\"article\" \/>\n<meta property=\"og:title\" content=\"Veneto, diplomati 70 nuovi medici di medicina generale - NES\" \/>\n<meta property=\"og:description\" content=\"\u201cSi tratta di un gran risultato per gli sforzi della Regione di fronte alle notevoli difficolt\u00e0 che si incontrano nel garantire a tutti i pazienti l\u2019assegnazione al medico di famiglia\u201d\" \/>\n<meta property=\"og:url\" content=\"https:\/\/www.nordestsanita.it\/?p=456\" \/>\n<meta property=\"og:site_name\" content=\"NES\" \/>\n<meta property=\"article:published_time\" content=\"2021-02-26T13:18:00+00:00\" \/>\n<meta property=\"article:modified_time\" content=\"2021-05-06T08:30:33+00:00\" \/>\n<meta property=\"og:image\" content=\"https:\/\/www.nordestsanita.it\/wp-content\/uploads\/2021\/05\/medico-gen.png\" \/>\n\t<meta property=\"og:image:width\" content=\"735\" \/>\n\t<meta property=\"og:image:height\" content=\"488\" \/>\n\t<meta property=\"og:image:type\" content=\"image\/png\" \/>\n<meta name=\"author\" content=\"Redazione\" \/>\n<meta name=\"twitter:card\" content=\"summary_large_image\" \/>\n<meta name=\"twitter:label1\" content=\"Scritto da\" \/>\n\t<meta name=\"twitter:data1\" content=\"Redazione\" \/>\n\t<meta name=\"twitter:label2\" content=\"Tempo di lettura stimato\" \/>\n\t<meta name=\"twitter:data2\" content=\"3 minuti\" \/>\n<script type=\"application\/ld+json\" class=\"yoast-schema-graph\">{\"@context\":\"https:\/\/schema.org\",\"@graph\":[{\"@type\":\"Article\",\"@id\":\"https:\/\/www.nordestsanita.it\/?p=456#article\",\"isPartOf\":{\"@id\":\"https:\/\/www.nordestsanita.it\/?p=456\"},\"author\":{\"name\":\"Redazione\",\"@id\":\"https:\/\/www.nordestsanita.it\/#\/schema\/person\/e5a7dc6dca45cb55e67d4a127b0e969a\"},\"headline\":\"Veneto, diplomati 70 nuovi medici di medicina generale\",\"datePublished\":\"2021-02-26T13:18:00+00:00\",\"dateModified\":\"2021-05-06T08:30:33+00:00\",\"mainEntityOfPage\":{\"@id\":\"https:\/\/www.nordestsanita.it\/?p=456\"},\"wordCount\":606,\"publisher\":{\"@id\":\"https:\/\/www.nordestsanita.it\/#organization\"},\"articleSection\":[\"Sanit\u00e0\"],\"inLanguage\":\"it-IT\"},{\"@type\":\"WebPage\",\"@id\":\"https:\/\/www.nordestsanita.it\/?p=456\",\"url\":\"https:\/\/www.nordestsanita.it\/?p=456\",\"name\":\"Veneto, diplomati 70 nuovi medici di medicina generale - NES\",\"isPartOf\":{\"@id\":\"https:\/\/www.nordestsanita.it\/#website\"},\"datePublished\":\"2021-02-26T13:18:00+00:00\",\"dateModified\":\"2021-05-06T08:30:33+00:00\",\"breadcrumb\":{\"@id\":\"https:\/\/www.nordestsanita.it\/?p=456#breadcrumb\"},\"inLanguage\":\"it-IT\",\"potentialAction\":[{\"@type\":\"ReadAction\",\"target\":[\"https:\/\/www.nordestsanita.it\/?p=456\"]}]},{\"@type\":\"BreadcrumbList\",\"@id\":\"https:\/\/www.nordestsanita.it\/?p=456#breadcrumb\",\"itemListElement\":[{\"@type\":\"ListItem\",\"position\":1,\"name\":\"Home\",\"item\":\"https:\/\/www.nordestsanita.it\/\"},{\"@type\":\"ListItem\",\"position\":2,\"name\":\"Veneto, diplomati 70 nuovi medici di medicina generale\"}]},{\"@type\":\"WebSite\",\"@id\":\"https:\/\/www.nordestsanita.it\/#website\",\"url\":\"https:\/\/www.nordestsanita.it\/\",\"name\":\"NES\",\"description\":\"Nord Est Sanit\u00e0\",\"publisher\":{\"@id\":\"https:\/\/www.nordestsanita.it\/#organization\"},\"potentialAction\":[{\"@type\":\"SearchAction\",\"target\":{\"@type\":\"EntryPoint\",\"urlTemplate\":\"https:\/\/www.nordestsanita.it\/?s={search_term_string}\"},\"query-input\":\"required name=search_term_string\"}],\"inLanguage\":\"it-IT\"},{\"@type\":\"Organization\",\"@id\":\"https:\/\/www.nordestsanita.it\/#organization\",\"name\":\"NES\",\"url\":\"https:\/\/www.nordestsanita.it\/\",\"logo\":{\"@type\":\"ImageObject\",\"inLanguage\":\"it-IT\",\"@id\":\"https:\/\/www.nordestsanita.it\/#\/schema\/logo\/image\/\",\"url\":\"https:\/\/www.nordestsanita.it\/wp-content\/uploads\/2021\/05\/NES-1280.png\",\"contentUrl\":\"https:\/\/www.nordestsanita.it\/wp-content\/uploads\/2021\/05\/NES-1280.png\",\"width\":1280,\"height\":458,\"caption\":\"NES\"},\"image\":{\"@id\":\"https:\/\/www.nordestsanita.it\/#\/schema\/logo\/image\/\"}},{\"@type\":\"Person\",\"@id\":\"https:\/\/www.nordestsanita.it\/#\/schema\/person\/e5a7dc6dca45cb55e67d4a127b0e969a\",\"name\":\"Redazione\",\"image\":{\"@type\":\"ImageObject\",\"inLanguage\":\"it-IT\",\"@id\":\"https:\/\/www.nordestsanita.it\/#\/schema\/person\/image\/\",\"url\":\"https:\/\/secure.gravatar.com\/avatar\/3f19a9b3d671ea36ec67c4badf3f961a?s=96&d=mm&r=g\",\"contentUrl\":\"https:\/\/secure.gravatar.com\/avatar\/3f19a9b3d671ea36ec67c4badf3f961a?s=96&d=mm&r=g\",\"caption\":\"Redazione\"},\"url\":\"https:\/\/www.nordestsanita.it\/?author=8\"}]}<\/script>\n<!-- \/ Yoast SEO plugin. -->","yoast_head_json":{"title":"Veneto, diplomati 70 nuovi medici di medicina generale - NES","robots":{"index":"index","follow":"follow","max-snippet":"max-snippet:-1","max-image-preview":"max-image-preview:large","max-video-preview":"max-video-preview:-1"},"canonical":"https:\/\/www.nordestsanita.it\/?p=456","og_locale":"it_IT","og_type":"article","og_title":"Veneto, diplomati 70 nuovi medici di medicina generale - NES","og_description":"\u201cSi tratta di un gran risultato per gli sforzi della Regione di fronte alle notevoli difficolt\u00e0 che si incontrano nel garantire a tutti i pazienti l\u2019assegnazione al medico di famiglia\u201d","og_url":"https:\/\/www.nordestsanita.it\/?p=456","og_site_name":"NES","article_published_time":"2021-02-26T13:18:00+00:00","article_modified_time":"2021-05-06T08:30:33+00:00","og_image":[{"width":735,"height":488,"url":"https:\/\/www.nordestsanita.it\/wp-content\/uploads\/2021\/05\/medico-gen.png","type":"image\/png"}],"author":"Redazione","twitter_card":"summary_large_image","twitter_misc":{"Scritto da":"Redazione","Tempo di lettura stimato":"3 minuti"},"schema":{"@context":"https:\/\/schema.org","@graph":[{"@type":"Article","@id":"https:\/\/www.nordestsanita.it\/?p=456#article","isPartOf":{"@id":"https:\/\/www.nordestsanita.it\/?p=456"},"author":{"name":"Redazione","@id":"https:\/\/www.nordestsanita.it\/#\/schema\/person\/e5a7dc6dca45cb55e67d4a127b0e969a"},"headline":"Veneto, diplomati 70 nuovi medici di medicina generale","datePublished":"2021-02-26T13:18:00+00:00","dateModified":"2021-05-06T08:30:33+00:00","mainEntityOfPage":{"@id":"https:\/\/www.nordestsanita.it\/?p=456"},"wordCount":606,"publisher":{"@id":"https:\/\/www.nordestsanita.it\/#organization"},"articleSection":["Sanit\u00e0"],"inLanguage":"it-IT"},{"@type":"WebPage","@id":"https:\/\/www.nordestsanita.it\/?p=456","url":"https:\/\/www.nordestsanita.it\/?p=456","name":"Veneto, diplomati 70 nuovi medici di medicina generale - NES","isPartOf":{"@id":"https:\/\/www.nordestsanita.it\/#website"},"datePublished":"2021-02-26T13:18:00+00:00","dateModified":"2021-05-06T08:30:33+00:00","breadcrumb":{"@id":"https:\/\/www.nordestsanita.it\/?p=456#breadcrumb"},"inLanguage":"it-IT","potentialAction":[{"@type":"ReadAction","target":["https:\/\/www.nordestsanita.it\/?p=456"]}]},{"@type":"BreadcrumbList","@id":"https:\/\/www.nordestsanita.it\/?p=456#breadcrumb","itemListElement":[{"@type":"ListItem","position":1,"name":"Home","item":"https:\/\/www.nordestsanita.it\/"},{"@type":"ListItem","position":2,"name":"Veneto, diplomati 70 nuovi medici di medicina generale"}]},{"@type":"WebSite","@id":"https:\/\/www.nordestsanita.it\/#website","url":"https:\/\/www.nordestsanita.it\/","name":"NES","description":"Nord Est Sanit\u00e0","publisher":{"@id":"https:\/\/www.nordestsanita.it\/#organization"},"potentialAction":[{"@type":"SearchAction","target":{"@type":"EntryPoint","urlTemplate":"https:\/\/www.nordestsanita.it\/?s={search_term_string}"},"query-input":"required name=search_term_string"}],"inLanguage":"it-IT"},{"@type":"Organization","@id":"https:\/\/www.nordestsanita.it\/#organization","name":"NES","url":"https:\/\/www.nordestsanita.it\/","logo":{"@type":"ImageObject","inLanguage":"it-IT","@id":"https:\/\/www.nordestsanita.it\/#\/schema\/logo\/image\/","url":"https:\/\/www.nordestsanita.it\/wp-content\/uploads\/2021\/05\/NES-1280.png","contentUrl":"https:\/\/www.nordestsanita.it\/wp-content\/uploads\/2021\/05\/NES-1280.png","width":1280,"height":458,"caption":"NES"},"image":{"@id":"https:\/\/www.nordestsanita.it\/#\/schema\/logo\/image\/"}},{"@type":"Person","@id":"https:\/\/www.nordestsanita.it\/#\/schema\/person\/e5a7dc6dca45cb55e67d4a127b0e969a","name":"Redazione","image":{"@type":"ImageObject","inLanguage":"it-IT","@id":"https:\/\/www.nordestsanita.it\/#\/schema\/person\/image\/","url":"https:\/\/secure.gravatar.com\/avatar\/3f19a9b3d671ea36ec67c4badf3f961a?s=96&d=mm&r=g","contentUrl":"https:\/\/secure.gravatar.com\/avatar\/3f19a9b3d671ea36ec67c4badf3f961a?s=96&d=mm&r=g","caption":"Redazione"},"url":"https:\/\/www.nordestsanita.it\/?author=8"}]}},"jetpack_featured_media_url":"https:\/\/www.nordestsanita.it\/wp-content\/uploads\/2021\/05\/medico-gen.png","_links":{"self":[{"href":"https:\/\/www.nordestsanita.it\/index.php?rest_route=\/wp\/v2\/posts\/456"}],"collection":[{"href":"https:\/\/www.nordestsanita.it\/index.php?rest_route=\/wp\/v2\/posts"}],"about":[{"href":"https:\/\/www.nordestsanita.it\/index.php?rest_route=\/wp\/v2\/types\/post"}],"author":[{"embeddable":true,"href":"https:\/\/www.nordestsanita.it\/index.php?rest_route=\/wp\/v2\/users\/8"}],"replies":[{"embeddable":true,"href":"https:\/\/www.nordestsanita.it\/index.php?rest_route=%2Fwp%2Fv2%2Fcomments&post=456"}],"version-history":[{"count":1,"href":"https:\/\/www.nordestsanita.it\/index.php?rest_route=\/wp\/v2\/posts\/456\/revisions"}],"predecessor-version":[{"id":458,"href":"https:\/\/www.nordestsanita.it\/index.php?rest_route=\/wp\/v2\/posts\/456\/revisions\/458"}],"wp:featuredmedia":[{"embeddable":true,"href":"https:\/\/www.nordestsanita.it\/index.php?rest_route=\/wp\/v2\/media\/457"}],"wp:attachment":[{"href":"https:\/\/www.nordestsanita.it\/index.php?rest_route=%2Fwp%2Fv2%2Fmedia&parent=456"}],"wp:term":[{"taxonomy":"category","embeddable":true,"href":"https:\/\/www.nordestsanita.it\/index.php?rest_route=%2Fwp%2Fv2%2Fcategories&post=456"},{"taxonomy":"post_tag","embeddable":true,"href":"https:\/\/www.nordestsanita.it\/index.php?rest_route=%2Fwp%2Fv2%2Ftags&post=456"}],"curies":[{"name":"wp","href":"https:\/\/api.w.org\/{rel}","templated":true}]}}