{"id":462,"date":"2021-02-25T11:41:00","date_gmt":"2021-02-25T10:41:00","guid":{"rendered":"http:\/\/www.nordestsanita.it\/?p=462"},"modified":"2021-05-09T14:10:41","modified_gmt":"2021-05-09T12:10:41","slug":"covid-e-salute-mentale-nellulss-3-oltre-33-000-colloqui","status":"publish","type":"post","link":"https:\/\/www.nordestsanita.it\/?p=462","title":{"rendered":"Covid e salute mentale: nell\u2019Ulss 3 oltre 33.000 colloqui"},"content":{"rendered":"\n<p>Una ricerca sugli effetti del lockdown sulla salute mentale della popolazione durante la pandemia ha evidenziato come tra i 20.000 intervistati, ben 2555 (il 12% circa) hanno riportato livelli di sintomi depressivi gravi o estremamente gravi. Non basta: 3627 intervistati (il 17%) hanno lamentato sintomi di ansia, e infine 8619 (il 41,6%) ha riferito di sentirsi almeno moderatamente stressato. Le donne intervistate, insieme ovviamente alle persone con precedenti problemi di salute mentale, hanno evidenziato un rischio maggiore di sviluppare depressione grave e sintomi di ansia.<\/p>\n\n\n\n<!--more-->\n\n\n\n<p>Le misure di contenimento della mobilit\u00e0 e della socialit\u00e0, quindi, sebbene necessarie per il controllo delle infezioni, hanno influenzato in modo significativo non solo il normale senso di benessere della popolazione, ma anche il suo grado di salute mentale. Inoltre il fatto che i pazienti con problemi mentali pregressi siano stati tra i pi\u00f9 colpiti suggerisce quanto sia importante fornire al pi\u00f9 presto interventi di supporto adeguati a questi pazienti che rappresentano individui fragili e a rischio.&nbsp;L&#8217;esperienza vissuta dalla popolazione nel contesto locale dell&#8217;Ulss 3 Serenissima non si discosta dalle problematiche che la pandemia ha prodotto in altri ambiti regionali, nazionali e internazionali. E a fronte di questa situazione, il lavoro del Dipartimento di Salute mentale \u00e8 stato molto intenso: \u201cNel corso del 2020 \u2013 sottolinea il Direttore, il dottor Moreno De Rossi \u2013 i nostri servizi territoriali non hanno mai interrotto la loro attivit\u00e0, che \u00e8 stata erogata sia in presenza che attraverso forme di supporto a distanza. Complessivamente sono stati 33.000 i colloqui effettuati nel corso dell\u2019anno, e sono state 7171 le persone aiutate durante l&#8217;anno presso i nostri Centri di Salute Mentale. Sempre nel corso del 2020, sono state ben 3438 le persone che si sono rivolte per la prima volta ai servizi di salute mentale della nostra Ulss, dato che riconferma la centralit\u00e0 di questi servizi come riferimento per la popolazione che manifesta disagio di tipo mentale\u201d.<\/p>\n\n\n\n<p>E anche in epoca di pandemia il Dipartimento di Salute Mentale ha effettuato direttamente a domicilio 6488 interventi, confermando una spiccata proiezione territoriale. \u201cBuona parte di questi interventi \u2013 sottolinea ancora il Primario \u2013 erano correlati direttamente o indirettamente alle problematiche psichiche sollevate o acuite dalla pandemia. L&#8217;isolamento, le incertezze sulla progressione della pandemia, le \u2018preoccupazioni ipocondriache\u2019 e la paura che l&#8217;epidemia fosse difficile da controllare hanno rappresentato fattori scatenanti per lo sviluppo di problemi di salute mentale\u201d.<\/p>\n\n\n\n<p>A confermare l\u2019incisivit\u00e0 sul territorio del sistema di cura complessivo, giunge anche il dato del calo dei ricoveri ospedalieri nei quattro Reparti di Psichiatria dell&#8217;Ulss 3: \u201cTra marzo e dicembre, i mesi segnati dal Covid, i ricoveri in Ospedale sono calati di circa il 10% \u2013 spiega il dottor De Rossi \u2013 rispetto all&#8217;equivalente periodo dell\u2019anno precedente. Inalterati invece rispetto al 2019 sono stati i trattamenti sanitari obbligatori che nell&#8217;arco dello scorso anno in tutta l&#8217;Ulss 3 hanno interessato 63 pazienti su un totale di 9789 assistiti attestandosi sui livelli pi\u00f9 bassi d&#8217;Italia\u201d.<\/p>\n\n\n\n<p>\u201cPur limitata dalle misure di prevenzione e dalla temporanea chiusura a livello nazionale e regionale dei Centri Diurni \u2013 spiega ancora il dottor De Rossi \u2013 \u00e8 stata mantenuta anche l&#8217;attivit\u00e0 di gruppo, che ora \u00e8 in via di progressivo potenziamento. Molte sono infatti le proposte che il Dipartimento di Salute Mentale metter\u00e0 in campo nel 2021 non appena sar\u00e0 possibile riprendere a pieno regime questa tipologia di interventi, offrendo sia attivit\u00e0 a valenza spiccatamente terapeutica che percorsi con prevalenti finalit\u00e0 inclusive e socializzanti. Nel ventaglio delle attivit\u00e0 di gruppo che il Dipartimento organizza ci sono gruppi espressivi volti alla gestione dello stress, di rimedio cognitivo, incontri psicoeducativi per i familiari, gruppi di Illness Management and Recovery e di Social Skills Training, attivit\u00e0 di rilassamento muscolare e per le abilit\u00e0 di coping, gruppi sugli stili di vita salutari, gruppi motivazionali orientati all&#8217;assertivit\u00e0, e ancora attivit\u00e0 di musicoterapia, arteterapia, teatro, informatica, yoga\u201d.<\/p>\n\n\n\n<p>&#8220;Il Dipartimento di Salute Mentale dell\u2019Ulss 3 Serenissima \u2013 sottolinea il Direttore Generale Giuseppe Dal Ben \u2013 ha recentemente completato lo staff dirigenziale con l&#8217;arrivo di due nuovi Primari. Ad affiancare infatti il Direttore del Dipartimento di Salute Mentale, il dottor Moreno De Rossi, Primario a Mestre, ci sono ora la dottoressa Maria Bianco, nuova Primaria a Venezia e Chioggia, e il dottor Dario Filippo, nuovo Primario a Mirano-Dolo.&nbsp;La dottoressa Maria Bianco vanta, nonostante la giovane et\u00e0, una gi\u00e0 consolidata esperienza primariale a Conegliano e una solida collaborazione all\u2019attivit\u00e0 della salute mentale regionale, dove ha preso parte a vari progetti.&nbsp;Il dottor Dario Filippo ha al proprio attivo pluriennali esperienze dirigenziali presso la Ulss 5 Polesana e una intensa attivit\u00e0 nell&#8217;ambito delle societ\u00e0 scientifiche nazionali e regionali di Psichiatria dove ha rivestito e tuttora ricopre ruoli di rilievo.&nbsp;E\u2019 una squadra quindi, quella messa in campo dall&#8217;Ulss 3 Serenissima, nuova ed affiatata, in grado di condurre una delle aree pi\u00f9 delicate nell&#8217;ambito della salute e mai cos\u00ec cruciale come in questo particolare momento di crisi e, con doveroso ottimismo, di prossima ripresa&#8221;.&nbsp;<\/p>\n","protected":false},"excerpt":{"rendered":"<p>Una ricerca sugli effetti del lockdown sulla salute mentale della popolazione durante la pandemia ha evidenziato come tra i 20.000 intervistati, ben 2555 (il 12% circa) hanno riportato livelli di sintomi depressivi gravi o estremamente gravi. Non basta: 3627 intervistati (il 17%) hanno lamentato sintomi di ansia, e infine 8619 (il 41,6%) ha riferito di sentirsi almeno moderatamente stressato. Le donne intervistate, insieme ovviamente alle persone con precedenti problemi di salute mentale, hanno evidenziato un rischio maggiore di sviluppare depressione grave e sintomi di ansia.<\/p>\n","protected":false},"author":8,"featured_media":463,"comment_status":"closed","ping_status":"open","sticky":false,"template":"","format":"standard","meta":[],"categories":[25],"tags":[39,63,64,47,62,33,81],"yoast_head":"<!-- This site is optimized with the Yoast SEO plugin v20.2 - https:\/\/yoast.com\/wordpress\/plugins\/seo\/ -->\n<title>Covid e salute mentale: nell\u2019Ulss 3 oltre 33.000 colloqui - NES<\/title>\n<meta name=\"robots\" content=\"index, follow, max-snippet:-1, max-image-preview:large, max-video-preview:-1\" \/>\n<link rel=\"canonical\" href=\"https:\/\/www.nordestsanita.it\/?p=462\" \/>\n<meta property=\"og:locale\" content=\"it_IT\" \/>\n<meta property=\"og:type\" content=\"article\" \/>\n<meta property=\"og:title\" content=\"Covid e salute mentale: nell\u2019Ulss 3 oltre 33.000 colloqui - NES\" \/>\n<meta property=\"og:description\" content=\"Una ricerca sugli effetti del lockdown sulla salute mentale della popolazione durante la pandemia ha evidenziato come tra i 20.000 intervistati, ben 2555 (il 12% circa) hanno riportato livelli di sintomi depressivi gravi o estremamente gravi. Non basta: 3627 intervistati (il 17%) hanno lamentato sintomi di ansia, e infine 8619 (il 41,6%) ha riferito di sentirsi almeno moderatamente stressato. Le donne intervistate, insieme ovviamente alle persone con precedenti problemi di salute mentale, hanno evidenziato un rischio maggiore di sviluppare depressione grave e sintomi di ansia.\" \/>\n<meta property=\"og:url\" content=\"https:\/\/www.nordestsanita.it\/?p=462\" \/>\n<meta property=\"og:site_name\" content=\"NES\" \/>\n<meta property=\"article:published_time\" content=\"2021-02-25T10:41:00+00:00\" \/>\n<meta property=\"article:modified_time\" content=\"2021-05-09T12:10:41+00:00\" \/>\n<meta property=\"og:image\" content=\"https:\/\/www.nordestsanita.it\/wp-content\/uploads\/2021\/05\/SaluteMentalePrimari1.jpg\" \/>\n\t<meta property=\"og:image:width\" content=\"1521\" \/>\n\t<meta property=\"og:image:height\" content=\"960\" \/>\n\t<meta property=\"og:image:type\" content=\"image\/jpeg\" \/>\n<meta name=\"author\" content=\"Redazione\" \/>\n<meta name=\"twitter:card\" content=\"summary_large_image\" \/>\n<meta name=\"twitter:label1\" content=\"Scritto da\" \/>\n\t<meta name=\"twitter:data1\" content=\"Redazione\" \/>\n\t<meta name=\"twitter:label2\" content=\"Tempo di lettura stimato\" \/>\n\t<meta name=\"twitter:data2\" content=\"4 minuti\" \/>\n<script type=\"application\/ld+json\" class=\"yoast-schema-graph\">{\"@context\":\"https:\/\/schema.org\",\"@graph\":[{\"@type\":\"Article\",\"@id\":\"https:\/\/www.nordestsanita.it\/?p=462#article\",\"isPartOf\":{\"@id\":\"https:\/\/www.nordestsanita.it\/?p=462\"},\"author\":{\"name\":\"Redazione\",\"@id\":\"https:\/\/www.nordestsanita.it\/#\/schema\/person\/e5a7dc6dca45cb55e67d4a127b0e969a\"},\"headline\":\"Covid e salute mentale: nell\u2019Ulss 3 oltre 33.000 colloqui\",\"datePublished\":\"2021-02-25T10:41:00+00:00\",\"dateModified\":\"2021-05-09T12:10:41+00:00\",\"mainEntityOfPage\":{\"@id\":\"https:\/\/www.nordestsanita.it\/?p=462\"},\"wordCount\":802,\"publisher\":{\"@id\":\"https:\/\/www.nordestsanita.it\/#organization\"},\"keywords\":[\"Covid-19\",\"Giuseppe Dal Ben\",\"lockdown\",\"pandemia\",\"salute mentale\",\"sanit\u00e0\",\"ULSS3\"],\"articleSection\":[\"Sanit\u00e0\"],\"inLanguage\":\"it-IT\"},{\"@type\":\"WebPage\",\"@id\":\"https:\/\/www.nordestsanita.it\/?p=462\",\"url\":\"https:\/\/www.nordestsanita.it\/?p=462\",\"name\":\"Covid e salute mentale: nell\u2019Ulss 3 oltre 33.000 colloqui - NES\",\"isPartOf\":{\"@id\":\"https:\/\/www.nordestsanita.it\/#website\"},\"datePublished\":\"2021-02-25T10:41:00+00:00\",\"dateModified\":\"2021-05-09T12:10:41+00:00\",\"breadcrumb\":{\"@id\":\"https:\/\/www.nordestsanita.it\/?p=462#breadcrumb\"},\"inLanguage\":\"it-IT\",\"potentialAction\":[{\"@type\":\"ReadAction\",\"target\":[\"https:\/\/www.nordestsanita.it\/?p=462\"]}]},{\"@type\":\"BreadcrumbList\",\"@id\":\"https:\/\/www.nordestsanita.it\/?p=462#breadcrumb\",\"itemListElement\":[{\"@type\":\"ListItem\",\"position\":1,\"name\":\"Home\",\"item\":\"https:\/\/www.nordestsanita.it\/\"},{\"@type\":\"ListItem\",\"position\":2,\"name\":\"Covid e salute mentale: nell\u2019Ulss 3 oltre 33.000 colloqui\"}]},{\"@type\":\"WebSite\",\"@id\":\"https:\/\/www.nordestsanita.it\/#website\",\"url\":\"https:\/\/www.nordestsanita.it\/\",\"name\":\"NES\",\"description\":\"Nord Est Sanit\u00e0\",\"publisher\":{\"@id\":\"https:\/\/www.nordestsanita.it\/#organization\"},\"potentialAction\":[{\"@type\":\"SearchAction\",\"target\":{\"@type\":\"EntryPoint\",\"urlTemplate\":\"https:\/\/www.nordestsanita.it\/?s={search_term_string}\"},\"query-input\":\"required name=search_term_string\"}],\"inLanguage\":\"it-IT\"},{\"@type\":\"Organization\",\"@id\":\"https:\/\/www.nordestsanita.it\/#organization\",\"name\":\"NES\",\"url\":\"https:\/\/www.nordestsanita.it\/\",\"logo\":{\"@type\":\"ImageObject\",\"inLanguage\":\"it-IT\",\"@id\":\"https:\/\/www.nordestsanita.it\/#\/schema\/logo\/image\/\",\"url\":\"https:\/\/www.nordestsanita.it\/wp-content\/uploads\/2021\/05\/NES-1280.png\",\"contentUrl\":\"https:\/\/www.nordestsanita.it\/wp-content\/uploads\/2021\/05\/NES-1280.png\",\"width\":1280,\"height\":458,\"caption\":\"NES\"},\"image\":{\"@id\":\"https:\/\/www.nordestsanita.it\/#\/schema\/logo\/image\/\"}},{\"@type\":\"Person\",\"@id\":\"https:\/\/www.nordestsanita.it\/#\/schema\/person\/e5a7dc6dca45cb55e67d4a127b0e969a\",\"name\":\"Redazione\",\"image\":{\"@type\":\"ImageObject\",\"inLanguage\":\"it-IT\",\"@id\":\"https:\/\/www.nordestsanita.it\/#\/schema\/person\/image\/\",\"url\":\"https:\/\/secure.gravatar.com\/avatar\/3f19a9b3d671ea36ec67c4badf3f961a?s=96&d=mm&r=g\",\"contentUrl\":\"https:\/\/secure.gravatar.com\/avatar\/3f19a9b3d671ea36ec67c4badf3f961a?s=96&d=mm&r=g\",\"caption\":\"Redazione\"},\"url\":\"https:\/\/www.nordestsanita.it\/?author=8\"}]}<\/script>\n<!-- \/ Yoast SEO plugin. -->","yoast_head_json":{"title":"Covid e salute mentale: nell\u2019Ulss 3 oltre 33.000 colloqui - NES","robots":{"index":"index","follow":"follow","max-snippet":"max-snippet:-1","max-image-preview":"max-image-preview:large","max-video-preview":"max-video-preview:-1"},"canonical":"https:\/\/www.nordestsanita.it\/?p=462","og_locale":"it_IT","og_type":"article","og_title":"Covid e salute mentale: nell\u2019Ulss 3 oltre 33.000 colloqui - NES","og_description":"Una ricerca sugli effetti del lockdown sulla salute mentale della popolazione durante la pandemia ha evidenziato come tra i 20.000 intervistati, ben 2555 (il 12% circa) hanno riportato livelli di sintomi depressivi gravi o estremamente gravi. Non basta: 3627 intervistati (il 17%) hanno lamentato sintomi di ansia, e infine 8619 (il 41,6%) ha riferito di sentirsi almeno moderatamente stressato. Le donne intervistate, insieme ovviamente alle persone con precedenti problemi di salute mentale, hanno evidenziato un rischio maggiore di sviluppare depressione grave e sintomi di ansia.","og_url":"https:\/\/www.nordestsanita.it\/?p=462","og_site_name":"NES","article_published_time":"2021-02-25T10:41:00+00:00","article_modified_time":"2021-05-09T12:10:41+00:00","og_image":[{"width":1521,"height":960,"url":"https:\/\/www.nordestsanita.it\/wp-content\/uploads\/2021\/05\/SaluteMentalePrimari1.jpg","type":"image\/jpeg"}],"author":"Redazione","twitter_card":"summary_large_image","twitter_misc":{"Scritto da":"Redazione","Tempo di lettura stimato":"4 minuti"},"schema":{"@context":"https:\/\/schema.org","@graph":[{"@type":"Article","@id":"https:\/\/www.nordestsanita.it\/?p=462#article","isPartOf":{"@id":"https:\/\/www.nordestsanita.it\/?p=462"},"author":{"name":"Redazione","@id":"https:\/\/www.nordestsanita.it\/#\/schema\/person\/e5a7dc6dca45cb55e67d4a127b0e969a"},"headline":"Covid e salute mentale: nell\u2019Ulss 3 oltre 33.000 colloqui","datePublished":"2021-02-25T10:41:00+00:00","dateModified":"2021-05-09T12:10:41+00:00","mainEntityOfPage":{"@id":"https:\/\/www.nordestsanita.it\/?p=462"},"wordCount":802,"publisher":{"@id":"https:\/\/www.nordestsanita.it\/#organization"},"keywords":["Covid-19","Giuseppe Dal Ben","lockdown","pandemia","salute mentale","sanit\u00e0","ULSS3"],"articleSection":["Sanit\u00e0"],"inLanguage":"it-IT"},{"@type":"WebPage","@id":"https:\/\/www.nordestsanita.it\/?p=462","url":"https:\/\/www.nordestsanita.it\/?p=462","name":"Covid e salute mentale: nell\u2019Ulss 3 oltre 33.000 colloqui - NES","isPartOf":{"@id":"https:\/\/www.nordestsanita.it\/#website"},"datePublished":"2021-02-25T10:41:00+00:00","dateModified":"2021-05-09T12:10:41+00:00","breadcrumb":{"@id":"https:\/\/www.nordestsanita.it\/?p=462#breadcrumb"},"inLanguage":"it-IT","potentialAction":[{"@type":"ReadAction","target":["https:\/\/www.nordestsanita.it\/?p=462"]}]},{"@type":"BreadcrumbList","@id":"https:\/\/www.nordestsanita.it\/?p=462#breadcrumb","itemListElement":[{"@type":"ListItem","position":1,"name":"Home","item":"https:\/\/www.nordestsanita.it\/"},{"@type":"ListItem","position":2,"name":"Covid e salute mentale: nell\u2019Ulss 3 oltre 33.000 colloqui"}]},{"@type":"WebSite","@id":"https:\/\/www.nordestsanita.it\/#website","url":"https:\/\/www.nordestsanita.it\/","name":"NES","description":"Nord Est Sanit\u00e0","publisher":{"@id":"https:\/\/www.nordestsanita.it\/#organization"},"potentialAction":[{"@type":"SearchAction","target":{"@type":"EntryPoint","urlTemplate":"https:\/\/www.nordestsanita.it\/?s={search_term_string}"},"query-input":"required name=search_term_string"}],"inLanguage":"it-IT"},{"@type":"Organization","@id":"https:\/\/www.nordestsanita.it\/#organization","name":"NES","url":"https:\/\/www.nordestsanita.it\/","logo":{"@type":"ImageObject","inLanguage":"it-IT","@id":"https:\/\/www.nordestsanita.it\/#\/schema\/logo\/image\/","url":"https:\/\/www.nordestsanita.it\/wp-content\/uploads\/2021\/05\/NES-1280.png","contentUrl":"https:\/\/www.nordestsanita.it\/wp-content\/uploads\/2021\/05\/NES-1280.png","width":1280,"height":458,"caption":"NES"},"image":{"@id":"https:\/\/www.nordestsanita.it\/#\/schema\/logo\/image\/"}},{"@type":"Person","@id":"https:\/\/www.nordestsanita.it\/#\/schema\/person\/e5a7dc6dca45cb55e67d4a127b0e969a","name":"Redazione","image":{"@type":"ImageObject","inLanguage":"it-IT","@id":"https:\/\/www.nordestsanita.it\/#\/schema\/person\/image\/","url":"https:\/\/secure.gravatar.com\/avatar\/3f19a9b3d671ea36ec67c4badf3f961a?s=96&d=mm&r=g","contentUrl":"https:\/\/secure.gravatar.com\/avatar\/3f19a9b3d671ea36ec67c4badf3f961a?s=96&d=mm&r=g","caption":"Redazione"},"url":"https:\/\/www.nordestsanita.it\/?author=8"}]}},"jetpack_featured_media_url":"https:\/\/www.nordestsanita.it\/wp-content\/uploads\/2021\/05\/SaluteMentalePrimari1.jpg","_links":{"self":[{"href":"https:\/\/www.nordestsanita.it\/index.php?rest_route=\/wp\/v2\/posts\/462"}],"collection":[{"href":"https:\/\/www.nordestsanita.it\/index.php?rest_route=\/wp\/v2\/posts"}],"about":[{"href":"https:\/\/www.nordestsanita.it\/index.php?rest_route=\/wp\/v2\/types\/post"}],"author":[{"embeddable":true,"href":"https:\/\/www.nordestsanita.it\/index.php?rest_route=\/wp\/v2\/users\/8"}],"replies":[{"embeddable":true,"href":"https:\/\/www.nordestsanita.it\/index.php?rest_route=%2Fwp%2Fv2%2Fcomments&post=462"}],"version-history":[{"count":1,"href":"https:\/\/www.nordestsanita.it\/index.php?rest_route=\/wp\/v2\/posts\/462\/revisions"}],"predecessor-version":[{"id":464,"href":"https:\/\/www.nordestsanita.it\/index.php?rest_route=\/wp\/v2\/posts\/462\/revisions\/464"}],"wp:featuredmedia":[{"embeddable":true,"href":"https:\/\/www.nordestsanita.it\/index.php?rest_route=\/wp\/v2\/media\/463"}],"wp:attachment":[{"href":"https:\/\/www.nordestsanita.it\/index.php?rest_route=%2Fwp%2Fv2%2Fmedia&parent=462"}],"wp:term":[{"taxonomy":"category","embeddable":true,"href":"https:\/\/www.nordestsanita.it\/index.php?rest_route=%2Fwp%2Fv2%2Fcategories&post=462"},{"taxonomy":"post_tag","embeddable":true,"href":"https:\/\/www.nordestsanita.it\/index.php?rest_route=%2Fwp%2Fv2%2Ftags&post=462"}],"curies":[{"name":"wp","href":"https:\/\/api.w.org\/{rel}","templated":true}]}}