{"id":522,"date":"2021-01-19T13:25:00","date_gmt":"2021-01-19T12:25:00","guid":{"rendered":"http:\/\/www.nordestsanita.it\/?p=522"},"modified":"2021-05-06T12:05:39","modified_gmt":"2021-05-06T10:05:39","slug":"covid-19-i-medici-di-medicina-generale-del-veneto-contribuiranno-allerogazione-del-vaccino","status":"publish","type":"post","link":"https:\/\/www.nordestsanita.it\/?p=522","title":{"rendered":"COVID-19, i medici di medicina generale del Veneto contribuiranno all\u2019erogazione del vaccino"},"content":{"rendered":"\n<p>La decisione sulla base di uno specifico accordo che verr\u00e0 definito nei particolari e stipulato nei prossimi giorni.<\/p>\n\n\n\n<!--more-->\n\n\n\n<p>In Veneto i Medici di Medicina Generale entreranno in maniera organica nella \u201csquadra\u201d della sanit\u00e0 regionale per l\u2019erogazione del vaccino anti-covid. Questo sulla base di uno specifico accordo che verr\u00e0 definito nei particolari e stipulato nei prossimi giorni.<\/p>\n\n\n\n<p>E\u2019 questo il positivo esito di un incontro, conclusosi poco fa, tra l\u2019Assessore regionale alla Sanit\u00e0, Manuela Lanzarin, e le organizzazioni sindacali di questa categoria professionale fondamentale per la realizzazione della medicina del territorio.<\/p>\n\n\n\n<p>\u201cDa parte loro \u2013 riferisce la Lanzarin \u2013 ho trovato grande disponibilit\u00e0 a far parte di questa grande operazione di salute pubblica. Saranno un aiuto prezioso per raggiungere l\u2019obbiettivo comune, che \u00e8 quello di vaccinare quante pi\u00f9 persone possibile nel minor tempo possibile\u201d.<\/p>\n\n\n\n<p>\u201cTutti sanno \u2013 ha aggiunto l\u2019Assessore \u2013 del momento di difficolt\u00e0 determinato dalla marcia indietro della Pfizer sulle tempistica delle forniture ma, se come tutti speriamo, l\u2019Ema dar\u00e0 il via libera al vaccino Astrazeneca entro fine mese, potremo dare una forte accelerazione alle vaccinazioni e, a quel punto, l\u2019apporto dei Medici di Medicina Generale sar\u00e0 insostituibile, anche per il rapporto umano e la conoscenza diretta dei loro assistiti\u201d.<\/p>\n\n\n\n<p>\u201cIn questa fase stiamo procedendo all\u2019erogazione delle seconde dosi \u2013 fa presente \u2013 poi toccher\u00e0 agli ultraottantenni attraverso punti di erogazione individuati dalle singole Ulss o a domicilio per i pi\u00f9 fragili, quindi, con Astrazeneca in campo, sar\u00e0 la volta delle coorti dal 1942 in avanti e il numero delle vaccinazioni quotidiane salir\u00e0 vertiginosamente. Per questo i nostri Mmg saranno insostituibili, vera e propria linfa vitale, per centrare l\u2019ambizioso obbiettivo di finire la campagna vaccinale entro l\u2019estate\u201d.<\/p>\n\n\n\n<p>\u201cNell\u2019Accordo che stiamo stendendo, e che stipuleremo al pi\u00f9 presto \u2013 conclude la Lanzarin \u2013 sar\u00e0 prevista anche una parte economica, sulla falsariga di quella per l\u2019erogazione del vaccino antiinfluenzale\u201d.<\/p>\n","protected":false},"excerpt":{"rendered":"<p>La decisione sulla base di uno specifico accordo che verr\u00e0 definito nei particolari e stipulato nei prossimi giorni.<\/p>\n","protected":false},"author":8,"featured_media":162,"comment_status":"closed","ping_status":"open","sticky":false,"template":"","format":"standard","meta":[],"categories":[29,25],"tags":[],"yoast_head":"<!-- This site is optimized with the Yoast SEO plugin v20.2 - https:\/\/yoast.com\/wordpress\/plugins\/seo\/ -->\n<title>COVID-19, i medici di medicina generale del Veneto contribuiranno all\u2019erogazione del vaccino - NES<\/title>\n<meta name=\"robots\" content=\"index, follow, max-snippet:-1, max-image-preview:large, max-video-preview:-1\" \/>\n<link rel=\"canonical\" href=\"https:\/\/www.nordestsanita.it\/?p=522\" \/>\n<meta property=\"og:locale\" content=\"it_IT\" \/>\n<meta property=\"og:type\" content=\"article\" \/>\n<meta property=\"og:title\" content=\"COVID-19, i medici di medicina generale del Veneto contribuiranno all\u2019erogazione del vaccino - NES\" \/>\n<meta property=\"og:description\" content=\"La decisione sulla base di uno specifico accordo che verr\u00e0 definito nei particolari e stipulato nei prossimi giorni.\" \/>\n<meta property=\"og:url\" content=\"https:\/\/www.nordestsanita.it\/?p=522\" \/>\n<meta property=\"og:site_name\" content=\"NES\" \/>\n<meta property=\"article:published_time\" content=\"2021-01-19T12:25:00+00:00\" \/>\n<meta property=\"article:modified_time\" content=\"2021-05-06T10:05:39+00:00\" \/>\n<meta property=\"og:image\" content=\"https:\/\/www.nordestsanita.it\/wp-content\/uploads\/2021\/05\/vaccino-covid.jpg\" \/>\n\t<meta property=\"og:image:width\" content=\"640\" \/>\n\t<meta property=\"og:image:height\" content=\"360\" \/>\n\t<meta property=\"og:image:type\" content=\"image\/jpeg\" \/>\n<meta name=\"author\" content=\"Redazione\" \/>\n<meta name=\"twitter:card\" content=\"summary_large_image\" \/>\n<meta name=\"twitter:label1\" content=\"Scritto da\" \/>\n\t<meta name=\"twitter:data1\" content=\"Redazione\" \/>\n\t<meta name=\"twitter:label2\" content=\"Tempo di lettura stimato\" \/>\n\t<meta name=\"twitter:data2\" content=\"2 minuti\" \/>\n<script type=\"application\/ld+json\" class=\"yoast-schema-graph\">{\"@context\":\"https:\/\/schema.org\",\"@graph\":[{\"@type\":\"Article\",\"@id\":\"https:\/\/www.nordestsanita.it\/?p=522#article\",\"isPartOf\":{\"@id\":\"https:\/\/www.nordestsanita.it\/?p=522\"},\"author\":{\"name\":\"Redazione\",\"@id\":\"https:\/\/www.nordestsanita.it\/#\/schema\/person\/e5a7dc6dca45cb55e67d4a127b0e969a\"},\"headline\":\"COVID-19, i medici di medicina generale del Veneto contribuiranno all\u2019erogazione del vaccino\",\"datePublished\":\"2021-01-19T12:25:00+00:00\",\"dateModified\":\"2021-05-06T10:05:39+00:00\",\"mainEntityOfPage\":{\"@id\":\"https:\/\/www.nordestsanita.it\/?p=522\"},\"wordCount\":322,\"publisher\":{\"@id\":\"https:\/\/www.nordestsanita.it\/#organization\"},\"articleSection\":[\"Covid\",\"Sanit\u00e0\"],\"inLanguage\":\"it-IT\"},{\"@type\":\"WebPage\",\"@id\":\"https:\/\/www.nordestsanita.it\/?p=522\",\"url\":\"https:\/\/www.nordestsanita.it\/?p=522\",\"name\":\"COVID-19, i medici di medicina generale del Veneto contribuiranno all\u2019erogazione del vaccino - NES\",\"isPartOf\":{\"@id\":\"https:\/\/www.nordestsanita.it\/#website\"},\"datePublished\":\"2021-01-19T12:25:00+00:00\",\"dateModified\":\"2021-05-06T10:05:39+00:00\",\"breadcrumb\":{\"@id\":\"https:\/\/www.nordestsanita.it\/?p=522#breadcrumb\"},\"inLanguage\":\"it-IT\",\"potentialAction\":[{\"@type\":\"ReadAction\",\"target\":[\"https:\/\/www.nordestsanita.it\/?p=522\"]}]},{\"@type\":\"BreadcrumbList\",\"@id\":\"https:\/\/www.nordestsanita.it\/?p=522#breadcrumb\",\"itemListElement\":[{\"@type\":\"ListItem\",\"position\":1,\"name\":\"Home\",\"item\":\"https:\/\/www.nordestsanita.it\/\"},{\"@type\":\"ListItem\",\"position\":2,\"name\":\"COVID-19, i medici di medicina generale del Veneto contribuiranno all\u2019erogazione del vaccino\"}]},{\"@type\":\"WebSite\",\"@id\":\"https:\/\/www.nordestsanita.it\/#website\",\"url\":\"https:\/\/www.nordestsanita.it\/\",\"name\":\"NES\",\"description\":\"Nord Est Sanit\u00e0\",\"publisher\":{\"@id\":\"https:\/\/www.nordestsanita.it\/#organization\"},\"potentialAction\":[{\"@type\":\"SearchAction\",\"target\":{\"@type\":\"EntryPoint\",\"urlTemplate\":\"https:\/\/www.nordestsanita.it\/?s={search_term_string}\"},\"query-input\":\"required name=search_term_string\"}],\"inLanguage\":\"it-IT\"},{\"@type\":\"Organization\",\"@id\":\"https:\/\/www.nordestsanita.it\/#organization\",\"name\":\"NES\",\"url\":\"https:\/\/www.nordestsanita.it\/\",\"logo\":{\"@type\":\"ImageObject\",\"inLanguage\":\"it-IT\",\"@id\":\"https:\/\/www.nordestsanita.it\/#\/schema\/logo\/image\/\",\"url\":\"https:\/\/www.nordestsanita.it\/wp-content\/uploads\/2021\/05\/NES-1280.png\",\"contentUrl\":\"https:\/\/www.nordestsanita.it\/wp-content\/uploads\/2021\/05\/NES-1280.png\",\"width\":1280,\"height\":458,\"caption\":\"NES\"},\"image\":{\"@id\":\"https:\/\/www.nordestsanita.it\/#\/schema\/logo\/image\/\"}},{\"@type\":\"Person\",\"@id\":\"https:\/\/www.nordestsanita.it\/#\/schema\/person\/e5a7dc6dca45cb55e67d4a127b0e969a\",\"name\":\"Redazione\",\"image\":{\"@type\":\"ImageObject\",\"inLanguage\":\"it-IT\",\"@id\":\"https:\/\/www.nordestsanita.it\/#\/schema\/person\/image\/\",\"url\":\"https:\/\/secure.gravatar.com\/avatar\/3f19a9b3d671ea36ec67c4badf3f961a?s=96&d=mm&r=g\",\"contentUrl\":\"https:\/\/secure.gravatar.com\/avatar\/3f19a9b3d671ea36ec67c4badf3f961a?s=96&d=mm&r=g\",\"caption\":\"Redazione\"},\"url\":\"https:\/\/www.nordestsanita.it\/?author=8\"}]}<\/script>\n<!-- \/ Yoast SEO plugin. -->","yoast_head_json":{"title":"COVID-19, i medici di medicina generale del Veneto contribuiranno all\u2019erogazione del vaccino - NES","robots":{"index":"index","follow":"follow","max-snippet":"max-snippet:-1","max-image-preview":"max-image-preview:large","max-video-preview":"max-video-preview:-1"},"canonical":"https:\/\/www.nordestsanita.it\/?p=522","og_locale":"it_IT","og_type":"article","og_title":"COVID-19, i medici di medicina generale del Veneto contribuiranno all\u2019erogazione del vaccino - NES","og_description":"La decisione sulla base di uno specifico accordo che verr\u00e0 definito nei particolari e stipulato nei prossimi giorni.","og_url":"https:\/\/www.nordestsanita.it\/?p=522","og_site_name":"NES","article_published_time":"2021-01-19T12:25:00+00:00","article_modified_time":"2021-05-06T10:05:39+00:00","og_image":[{"width":640,"height":360,"url":"https:\/\/www.nordestsanita.it\/wp-content\/uploads\/2021\/05\/vaccino-covid.jpg","type":"image\/jpeg"}],"author":"Redazione","twitter_card":"summary_large_image","twitter_misc":{"Scritto da":"Redazione","Tempo di lettura stimato":"2 minuti"},"schema":{"@context":"https:\/\/schema.org","@graph":[{"@type":"Article","@id":"https:\/\/www.nordestsanita.it\/?p=522#article","isPartOf":{"@id":"https:\/\/www.nordestsanita.it\/?p=522"},"author":{"name":"Redazione","@id":"https:\/\/www.nordestsanita.it\/#\/schema\/person\/e5a7dc6dca45cb55e67d4a127b0e969a"},"headline":"COVID-19, i medici di medicina generale del Veneto contribuiranno all\u2019erogazione del vaccino","datePublished":"2021-01-19T12:25:00+00:00","dateModified":"2021-05-06T10:05:39+00:00","mainEntityOfPage":{"@id":"https:\/\/www.nordestsanita.it\/?p=522"},"wordCount":322,"publisher":{"@id":"https:\/\/www.nordestsanita.it\/#organization"},"articleSection":["Covid","Sanit\u00e0"],"inLanguage":"it-IT"},{"@type":"WebPage","@id":"https:\/\/www.nordestsanita.it\/?p=522","url":"https:\/\/www.nordestsanita.it\/?p=522","name":"COVID-19, i medici di medicina generale del Veneto contribuiranno all\u2019erogazione del vaccino - NES","isPartOf":{"@id":"https:\/\/www.nordestsanita.it\/#website"},"datePublished":"2021-01-19T12:25:00+00:00","dateModified":"2021-05-06T10:05:39+00:00","breadcrumb":{"@id":"https:\/\/www.nordestsanita.it\/?p=522#breadcrumb"},"inLanguage":"it-IT","potentialAction":[{"@type":"ReadAction","target":["https:\/\/www.nordestsanita.it\/?p=522"]}]},{"@type":"BreadcrumbList","@id":"https:\/\/www.nordestsanita.it\/?p=522#breadcrumb","itemListElement":[{"@type":"ListItem","position":1,"name":"Home","item":"https:\/\/www.nordestsanita.it\/"},{"@type":"ListItem","position":2,"name":"COVID-19, i medici di medicina generale del Veneto contribuiranno all\u2019erogazione del vaccino"}]},{"@type":"WebSite","@id":"https:\/\/www.nordestsanita.it\/#website","url":"https:\/\/www.nordestsanita.it\/","name":"NES","description":"Nord Est Sanit\u00e0","publisher":{"@id":"https:\/\/www.nordestsanita.it\/#organization"},"potentialAction":[{"@type":"SearchAction","target":{"@type":"EntryPoint","urlTemplate":"https:\/\/www.nordestsanita.it\/?s={search_term_string}"},"query-input":"required name=search_term_string"}],"inLanguage":"it-IT"},{"@type":"Organization","@id":"https:\/\/www.nordestsanita.it\/#organization","name":"NES","url":"https:\/\/www.nordestsanita.it\/","logo":{"@type":"ImageObject","inLanguage":"it-IT","@id":"https:\/\/www.nordestsanita.it\/#\/schema\/logo\/image\/","url":"https:\/\/www.nordestsanita.it\/wp-content\/uploads\/2021\/05\/NES-1280.png","contentUrl":"https:\/\/www.nordestsanita.it\/wp-content\/uploads\/2021\/05\/NES-1280.png","width":1280,"height":458,"caption":"NES"},"image":{"@id":"https:\/\/www.nordestsanita.it\/#\/schema\/logo\/image\/"}},{"@type":"Person","@id":"https:\/\/www.nordestsanita.it\/#\/schema\/person\/e5a7dc6dca45cb55e67d4a127b0e969a","name":"Redazione","image":{"@type":"ImageObject","inLanguage":"it-IT","@id":"https:\/\/www.nordestsanita.it\/#\/schema\/person\/image\/","url":"https:\/\/secure.gravatar.com\/avatar\/3f19a9b3d671ea36ec67c4badf3f961a?s=96&d=mm&r=g","contentUrl":"https:\/\/secure.gravatar.com\/avatar\/3f19a9b3d671ea36ec67c4badf3f961a?s=96&d=mm&r=g","caption":"Redazione"},"url":"https:\/\/www.nordestsanita.it\/?author=8"}]}},"jetpack_featured_media_url":"https:\/\/www.nordestsanita.it\/wp-content\/uploads\/2021\/05\/vaccino-covid.jpg","_links":{"self":[{"href":"https:\/\/www.nordestsanita.it\/index.php?rest_route=\/wp\/v2\/posts\/522"}],"collection":[{"href":"https:\/\/www.nordestsanita.it\/index.php?rest_route=\/wp\/v2\/posts"}],"about":[{"href":"https:\/\/www.nordestsanita.it\/index.php?rest_route=\/wp\/v2\/types\/post"}],"author":[{"embeddable":true,"href":"https:\/\/www.nordestsanita.it\/index.php?rest_route=\/wp\/v2\/users\/8"}],"replies":[{"embeddable":true,"href":"https:\/\/www.nordestsanita.it\/index.php?rest_route=%2Fwp%2Fv2%2Fcomments&post=522"}],"version-history":[{"count":1,"href":"https:\/\/www.nordestsanita.it\/index.php?rest_route=\/wp\/v2\/posts\/522\/revisions"}],"predecessor-version":[{"id":523,"href":"https:\/\/www.nordestsanita.it\/index.php?rest_route=\/wp\/v2\/posts\/522\/revisions\/523"}],"wp:featuredmedia":[{"embeddable":true,"href":"https:\/\/www.nordestsanita.it\/index.php?rest_route=\/wp\/v2\/media\/162"}],"wp:attachment":[{"href":"https:\/\/www.nordestsanita.it\/index.php?rest_route=%2Fwp%2Fv2%2Fmedia&parent=522"}],"wp:term":[{"taxonomy":"category","embeddable":true,"href":"https:\/\/www.nordestsanita.it\/index.php?rest_route=%2Fwp%2Fv2%2Fcategories&post=522"},{"taxonomy":"post_tag","embeddable":true,"href":"https:\/\/www.nordestsanita.it\/index.php?rest_route=%2Fwp%2Fv2%2Ftags&post=522"}],"curies":[{"name":"wp","href":"https:\/\/api.w.org\/{rel}","templated":true}]}}