{"id":529,"date":"2021-01-13T13:23:00","date_gmt":"2021-01-13T12:23:00","guid":{"rendered":"http:\/\/www.nordestsanita.it\/?p=529"},"modified":"2021-05-06T12:05:08","modified_gmt":"2021-05-06T10:05:08","slug":"covid-19-la-vaccinazione-e-compatibile-con-lallattamento-al-seno","status":"publish","type":"post","link":"https:\/\/www.nordestsanita.it\/?p=529","title":{"rendered":"COVID-19, la vaccinazione \u00e8 compatibile con l\u2019allattamento al seno"},"content":{"rendered":"\n<p>Redatto un documento delle societ\u00e0 scientifiche dell\u2019area perinatale con le indicazioni ad interim italiane.<\/p>\n\n\n\n<!--more-->\n\n\n\n<p>La vaccinazione COVID-19 va considerata attualmente compatibile con l\u2019allattamento al seno: ad affermarlo le societ\u00e0 scientifiche dell\u2019area perinatale SIN, Societ\u00e0 Italiana di Neonatologia, SIP, Societ\u00e0 Italiana di Pediatria, SIMP, Societ\u00e0 Italiana di Medicina Perinatale, SIGO, Societ\u00e0 Italiana di Ginecologia ed Ostetricia, AOGOI, Associazione Ostetrici e Ginecologi Ospedalieri Italiani e SIMIT, Societ\u00e0 Italiana di Malattie Infettive e Tropicali, nel documento \u201cCOVID-19: consenso inter-societario su allattamento e vaccinazione\u201d.<\/p>\n\n\n\n<p>\u201cLa plausibilit\u00e0 biologica \u2013 continuano le societ\u00e0 scientifiche &#8211; suggerisce che, in un bambino allattato al seno, il rischio conseguente alla vaccinazione COVID-19 della madre sia estremamente basso, mentre per contro l\u2019interruzione dell\u2019allattamento porterebbe ad una sicura perdita dei suoi ben documentati benefici\u201d.<\/p>\n\n\n\n<p>La pronuncia delle societ\u00e0 scientifiche si \u00e8 resa necessaria in seguito al dibattito scaturito negli ultimi giorni in diversi Paesi europei e la pronuncia dell\u2019EMA, European Medicines Agency e dell\u2019AIFA, Agenzia Italiana del Farmaco sulla vaccinazione COVID-19 per donne in gravidanza ed allattamento.<\/p>\n\n\n\n<p>\u201cL\u2019allattamento al seno va promosso, protetto e sostenuto in considerazione del positivo impatto su salute materno-infantile, societ\u00e0 e ambiente. Ne consegue che la formalizzazione di un\u2019eventuale controindicazione ad allattare deve fondarsi su precise motivazioni medico-sanitarie\u201d, si legge nel documento.<\/p>\n\n\n\n<p>Le donne in allattamento non vanno sistematicamente poste nelle condizioni di dover smettere di allattare per potersi vaccinare contro il COVID-19. La decisione di un\u2019eventuale somministrazione del vaccino COVID-19 alla donna che allatta va infatti presa d\u2019intesa comune da lei e dai professionisti sanitari, tenendo conto delle specifiche condizioni di salute, socio-familiari e lavorative.<\/p>\n","protected":false},"excerpt":{"rendered":"<p>Redatto un documento delle societ\u00e0 scientifiche dell\u2019area perinatale con le indicazioni ad interim italiane.<\/p>\n","protected":false},"author":8,"featured_media":483,"comment_status":"closed","ping_status":"open","sticky":false,"template":"","format":"standard","meta":[],"categories":[24,29],"tags":[],"yoast_head":"<!-- This site is optimized with the Yoast SEO plugin v20.2 - https:\/\/yoast.com\/wordpress\/plugins\/seo\/ -->\n<title>COVID-19, la vaccinazione \u00e8 compatibile con l\u2019allattamento al seno - NES<\/title>\n<meta name=\"robots\" content=\"index, follow, max-snippet:-1, max-image-preview:large, max-video-preview:-1\" \/>\n<link rel=\"canonical\" href=\"https:\/\/www.nordestsanita.it\/?p=529\" \/>\n<meta property=\"og:locale\" content=\"it_IT\" \/>\n<meta property=\"og:type\" content=\"article\" \/>\n<meta property=\"og:title\" content=\"COVID-19, la vaccinazione \u00e8 compatibile con l\u2019allattamento al seno - NES\" \/>\n<meta property=\"og:description\" content=\"Redatto un documento delle societ\u00e0 scientifiche dell\u2019area perinatale con le indicazioni ad interim italiane.\" \/>\n<meta property=\"og:url\" content=\"https:\/\/www.nordestsanita.it\/?p=529\" \/>\n<meta property=\"og:site_name\" content=\"NES\" \/>\n<meta property=\"article:published_time\" content=\"2021-01-13T12:23:00+00:00\" \/>\n<meta property=\"article:modified_time\" content=\"2021-05-06T10:05:08+00:00\" \/>\n<meta property=\"og:image\" content=\"https:\/\/www.nordestsanita.it\/wp-content\/uploads\/2021\/05\/allattamento-seno.jpg\" \/>\n\t<meta property=\"og:image:width\" content=\"960\" \/>\n\t<meta property=\"og:image:height\" content=\"640\" \/>\n\t<meta property=\"og:image:type\" content=\"image\/jpeg\" \/>\n<meta name=\"author\" content=\"Redazione\" \/>\n<meta name=\"twitter:card\" content=\"summary_large_image\" \/>\n<meta name=\"twitter:label1\" content=\"Scritto da\" \/>\n\t<meta name=\"twitter:data1\" content=\"Redazione\" \/>\n\t<meta name=\"twitter:label2\" content=\"Tempo di lettura stimato\" \/>\n\t<meta name=\"twitter:data2\" content=\"2 minuti\" \/>\n<script type=\"application\/ld+json\" class=\"yoast-schema-graph\">{\"@context\":\"https:\/\/schema.org\",\"@graph\":[{\"@type\":\"Article\",\"@id\":\"https:\/\/www.nordestsanita.it\/?p=529#article\",\"isPartOf\":{\"@id\":\"https:\/\/www.nordestsanita.it\/?p=529\"},\"author\":{\"name\":\"Redazione\",\"@id\":\"https:\/\/www.nordestsanita.it\/#\/schema\/person\/e5a7dc6dca45cb55e67d4a127b0e969a\"},\"headline\":\"COVID-19, la vaccinazione \u00e8 compatibile con l\u2019allattamento al seno\",\"datePublished\":\"2021-01-13T12:23:00+00:00\",\"dateModified\":\"2021-05-06T10:05:08+00:00\",\"mainEntityOfPage\":{\"@id\":\"https:\/\/www.nordestsanita.it\/?p=529\"},\"wordCount\":277,\"publisher\":{\"@id\":\"https:\/\/www.nordestsanita.it\/#organization\"},\"articleSection\":[\"Attualit\u00e0\",\"Covid\"],\"inLanguage\":\"it-IT\"},{\"@type\":\"WebPage\",\"@id\":\"https:\/\/www.nordestsanita.it\/?p=529\",\"url\":\"https:\/\/www.nordestsanita.it\/?p=529\",\"name\":\"COVID-19, la vaccinazione \u00e8 compatibile con l\u2019allattamento al seno - NES\",\"isPartOf\":{\"@id\":\"https:\/\/www.nordestsanita.it\/#website\"},\"datePublished\":\"2021-01-13T12:23:00+00:00\",\"dateModified\":\"2021-05-06T10:05:08+00:00\",\"breadcrumb\":{\"@id\":\"https:\/\/www.nordestsanita.it\/?p=529#breadcrumb\"},\"inLanguage\":\"it-IT\",\"potentialAction\":[{\"@type\":\"ReadAction\",\"target\":[\"https:\/\/www.nordestsanita.it\/?p=529\"]}]},{\"@type\":\"BreadcrumbList\",\"@id\":\"https:\/\/www.nordestsanita.it\/?p=529#breadcrumb\",\"itemListElement\":[{\"@type\":\"ListItem\",\"position\":1,\"name\":\"Home\",\"item\":\"https:\/\/www.nordestsanita.it\/\"},{\"@type\":\"ListItem\",\"position\":2,\"name\":\"COVID-19, la vaccinazione \u00e8 compatibile con l\u2019allattamento al seno\"}]},{\"@type\":\"WebSite\",\"@id\":\"https:\/\/www.nordestsanita.it\/#website\",\"url\":\"https:\/\/www.nordestsanita.it\/\",\"name\":\"NES\",\"description\":\"Nord Est Sanit\u00e0\",\"publisher\":{\"@id\":\"https:\/\/www.nordestsanita.it\/#organization\"},\"potentialAction\":[{\"@type\":\"SearchAction\",\"target\":{\"@type\":\"EntryPoint\",\"urlTemplate\":\"https:\/\/www.nordestsanita.it\/?s={search_term_string}\"},\"query-input\":\"required name=search_term_string\"}],\"inLanguage\":\"it-IT\"},{\"@type\":\"Organization\",\"@id\":\"https:\/\/www.nordestsanita.it\/#organization\",\"name\":\"NES\",\"url\":\"https:\/\/www.nordestsanita.it\/\",\"logo\":{\"@type\":\"ImageObject\",\"inLanguage\":\"it-IT\",\"@id\":\"https:\/\/www.nordestsanita.it\/#\/schema\/logo\/image\/\",\"url\":\"https:\/\/www.nordestsanita.it\/wp-content\/uploads\/2021\/05\/NES-1280.png\",\"contentUrl\":\"https:\/\/www.nordestsanita.it\/wp-content\/uploads\/2021\/05\/NES-1280.png\",\"width\":1280,\"height\":458,\"caption\":\"NES\"},\"image\":{\"@id\":\"https:\/\/www.nordestsanita.it\/#\/schema\/logo\/image\/\"}},{\"@type\":\"Person\",\"@id\":\"https:\/\/www.nordestsanita.it\/#\/schema\/person\/e5a7dc6dca45cb55e67d4a127b0e969a\",\"name\":\"Redazione\",\"image\":{\"@type\":\"ImageObject\",\"inLanguage\":\"it-IT\",\"@id\":\"https:\/\/www.nordestsanita.it\/#\/schema\/person\/image\/\",\"url\":\"https:\/\/secure.gravatar.com\/avatar\/3f19a9b3d671ea36ec67c4badf3f961a?s=96&d=mm&r=g\",\"contentUrl\":\"https:\/\/secure.gravatar.com\/avatar\/3f19a9b3d671ea36ec67c4badf3f961a?s=96&d=mm&r=g\",\"caption\":\"Redazione\"},\"url\":\"https:\/\/www.nordestsanita.it\/?author=8\"}]}<\/script>\n<!-- \/ Yoast SEO plugin. -->","yoast_head_json":{"title":"COVID-19, la vaccinazione \u00e8 compatibile con l\u2019allattamento al seno - NES","robots":{"index":"index","follow":"follow","max-snippet":"max-snippet:-1","max-image-preview":"max-image-preview:large","max-video-preview":"max-video-preview:-1"},"canonical":"https:\/\/www.nordestsanita.it\/?p=529","og_locale":"it_IT","og_type":"article","og_title":"COVID-19, la vaccinazione \u00e8 compatibile con l\u2019allattamento al seno - NES","og_description":"Redatto un documento delle societ\u00e0 scientifiche dell\u2019area perinatale con le indicazioni ad interim italiane.","og_url":"https:\/\/www.nordestsanita.it\/?p=529","og_site_name":"NES","article_published_time":"2021-01-13T12:23:00+00:00","article_modified_time":"2021-05-06T10:05:08+00:00","og_image":[{"width":960,"height":640,"url":"https:\/\/www.nordestsanita.it\/wp-content\/uploads\/2021\/05\/allattamento-seno.jpg","type":"image\/jpeg"}],"author":"Redazione","twitter_card":"summary_large_image","twitter_misc":{"Scritto da":"Redazione","Tempo di lettura stimato":"2 minuti"},"schema":{"@context":"https:\/\/schema.org","@graph":[{"@type":"Article","@id":"https:\/\/www.nordestsanita.it\/?p=529#article","isPartOf":{"@id":"https:\/\/www.nordestsanita.it\/?p=529"},"author":{"name":"Redazione","@id":"https:\/\/www.nordestsanita.it\/#\/schema\/person\/e5a7dc6dca45cb55e67d4a127b0e969a"},"headline":"COVID-19, la vaccinazione \u00e8 compatibile con l\u2019allattamento al seno","datePublished":"2021-01-13T12:23:00+00:00","dateModified":"2021-05-06T10:05:08+00:00","mainEntityOfPage":{"@id":"https:\/\/www.nordestsanita.it\/?p=529"},"wordCount":277,"publisher":{"@id":"https:\/\/www.nordestsanita.it\/#organization"},"articleSection":["Attualit\u00e0","Covid"],"inLanguage":"it-IT"},{"@type":"WebPage","@id":"https:\/\/www.nordestsanita.it\/?p=529","url":"https:\/\/www.nordestsanita.it\/?p=529","name":"COVID-19, la vaccinazione \u00e8 compatibile con l\u2019allattamento al seno - NES","isPartOf":{"@id":"https:\/\/www.nordestsanita.it\/#website"},"datePublished":"2021-01-13T12:23:00+00:00","dateModified":"2021-05-06T10:05:08+00:00","breadcrumb":{"@id":"https:\/\/www.nordestsanita.it\/?p=529#breadcrumb"},"inLanguage":"it-IT","potentialAction":[{"@type":"ReadAction","target":["https:\/\/www.nordestsanita.it\/?p=529"]}]},{"@type":"BreadcrumbList","@id":"https:\/\/www.nordestsanita.it\/?p=529#breadcrumb","itemListElement":[{"@type":"ListItem","position":1,"name":"Home","item":"https:\/\/www.nordestsanita.it\/"},{"@type":"ListItem","position":2,"name":"COVID-19, la vaccinazione \u00e8 compatibile con l\u2019allattamento al seno"}]},{"@type":"WebSite","@id":"https:\/\/www.nordestsanita.it\/#website","url":"https:\/\/www.nordestsanita.it\/","name":"NES","description":"Nord Est Sanit\u00e0","publisher":{"@id":"https:\/\/www.nordestsanita.it\/#organization"},"potentialAction":[{"@type":"SearchAction","target":{"@type":"EntryPoint","urlTemplate":"https:\/\/www.nordestsanita.it\/?s={search_term_string}"},"query-input":"required name=search_term_string"}],"inLanguage":"it-IT"},{"@type":"Organization","@id":"https:\/\/www.nordestsanita.it\/#organization","name":"NES","url":"https:\/\/www.nordestsanita.it\/","logo":{"@type":"ImageObject","inLanguage":"it-IT","@id":"https:\/\/www.nordestsanita.it\/#\/schema\/logo\/image\/","url":"https:\/\/www.nordestsanita.it\/wp-content\/uploads\/2021\/05\/NES-1280.png","contentUrl":"https:\/\/www.nordestsanita.it\/wp-content\/uploads\/2021\/05\/NES-1280.png","width":1280,"height":458,"caption":"NES"},"image":{"@id":"https:\/\/www.nordestsanita.it\/#\/schema\/logo\/image\/"}},{"@type":"Person","@id":"https:\/\/www.nordestsanita.it\/#\/schema\/person\/e5a7dc6dca45cb55e67d4a127b0e969a","name":"Redazione","image":{"@type":"ImageObject","inLanguage":"it-IT","@id":"https:\/\/www.nordestsanita.it\/#\/schema\/person\/image\/","url":"https:\/\/secure.gravatar.com\/avatar\/3f19a9b3d671ea36ec67c4badf3f961a?s=96&d=mm&r=g","contentUrl":"https:\/\/secure.gravatar.com\/avatar\/3f19a9b3d671ea36ec67c4badf3f961a?s=96&d=mm&r=g","caption":"Redazione"},"url":"https:\/\/www.nordestsanita.it\/?author=8"}]}},"jetpack_featured_media_url":"https:\/\/www.nordestsanita.it\/wp-content\/uploads\/2021\/05\/allattamento-seno.jpg","_links":{"self":[{"href":"https:\/\/www.nordestsanita.it\/index.php?rest_route=\/wp\/v2\/posts\/529"}],"collection":[{"href":"https:\/\/www.nordestsanita.it\/index.php?rest_route=\/wp\/v2\/posts"}],"about":[{"href":"https:\/\/www.nordestsanita.it\/index.php?rest_route=\/wp\/v2\/types\/post"}],"author":[{"embeddable":true,"href":"https:\/\/www.nordestsanita.it\/index.php?rest_route=\/wp\/v2\/users\/8"}],"replies":[{"embeddable":true,"href":"https:\/\/www.nordestsanita.it\/index.php?rest_route=%2Fwp%2Fv2%2Fcomments&post=529"}],"version-history":[{"count":1,"href":"https:\/\/www.nordestsanita.it\/index.php?rest_route=\/wp\/v2\/posts\/529\/revisions"}],"predecessor-version":[{"id":530,"href":"https:\/\/www.nordestsanita.it\/index.php?rest_route=\/wp\/v2\/posts\/529\/revisions\/530"}],"wp:featuredmedia":[{"embeddable":true,"href":"https:\/\/www.nordestsanita.it\/index.php?rest_route=\/wp\/v2\/media\/483"}],"wp:attachment":[{"href":"https:\/\/www.nordestsanita.it\/index.php?rest_route=%2Fwp%2Fv2%2Fmedia&parent=529"}],"wp:term":[{"taxonomy":"category","embeddable":true,"href":"https:\/\/www.nordestsanita.it\/index.php?rest_route=%2Fwp%2Fv2%2Fcategories&post=529"},{"taxonomy":"post_tag","embeddable":true,"href":"https:\/\/www.nordestsanita.it\/index.php?rest_route=%2Fwp%2Fv2%2Ftags&post=529"}],"curies":[{"name":"wp","href":"https:\/\/api.w.org\/{rel}","templated":true}]}}