{"id":612,"date":"2021-05-12T17:36:14","date_gmt":"2021-05-12T15:36:14","guid":{"rendered":"http:\/\/www.nordestsanita.it\/?p=612"},"modified":"2021-05-12T17:38:07","modified_gmt":"2021-05-12T15:38:07","slug":"per-zaia-una-dose-di-pfizer","status":"publish","type":"post","link":"https:\/\/www.nordestsanita.it\/?p=612","title":{"rendered":"Per Zaia una dose di Pfizer"},"content":{"rendered":"\n<p>Rispettando il suo turno, il presidente della Regione Veneto Luca Zaia si \u00e8 vaccinato oggi pomeriggio contro il Covid. Zaia, che si era prenotato personalmente nei giorni scorsi, \u00e8 stato ricevuto nel centro vaccinale di Godega di Sant&#8217;Urbano (Treviso), il pi\u00f9 vicino alla sua abitazione. <\/p>\n\n\n\n<!--more-->\n\n\n\n<p>A Zaia, che ha 53 anni, \u00e8 stata somministrata una dose di &#8220;Pfizer&#8221;. &#8220;E&#8217; andata benissimo &#8211; ha detto al termine ai giornalisti &#8211; le due alternative per la mia classe d&#8217;et\u00e0 erano Pfizer o Moderna, mi hanno dato Pfizer. Devo complimentarmi con gli operatori per la velocit\u00e0; eravamo in tanti in attesa, ma credo che non abbiamo aspettato pi\u00f9 di 3-4 minuti. La macchina del Veneto, con 60 centri vaccinali, funziona&#8221;. Proprio oggi il presidente ha annunciato l&#8217;apertura delle prenotazioni per la classe 40-49 anni dal prossimo luned\u00ec 17 maggio.<\/p>\n","protected":false},"excerpt":{"rendered":"<p>Rispettando il suo turno, il presidente della Regione Veneto Luca Zaia si \u00e8 vaccinato oggi pomeriggio contro il Covid. Zaia, che si era prenotato personalmente nei giorni scorsi, \u00e8 stato ricevuto nel centro vaccinale di Godega di Sant&#8217;Urbano (Treviso), il pi\u00f9 vicino alla sua abitazione.<\/p>\n","protected":false},"author":4,"featured_media":611,"comment_status":"closed","ping_status":"open","sticky":false,"template":"","format":"standard","meta":[],"categories":[29,25],"tags":[80,68,87],"yoast_head":"<!-- This site is optimized with the Yoast SEO plugin v20.2 - https:\/\/yoast.com\/wordpress\/plugins\/seo\/ -->\n<title>Per Zaia una dose di Pfizer - NES<\/title>\n<meta name=\"description\" content=\"Rispettando il suo turno, il presidente della Regione Veneto Luca Zaia si \u00e8 vaccinato oggi pomeriggio contro il Covid. Zaia, che si era prenotato personalmente nei giorni scorsi, \u00e8 stato ricevuto nel centro vaccinale di Godega di Sant&#039;Urbano (Treviso). A Zaia, che ha 53 anni, \u00e8 stata somministrata una dose di &quot;Pfizer&quot;.\" \/>\n<meta name=\"robots\" content=\"index, follow, max-snippet:-1, max-image-preview:large, max-video-preview:-1\" \/>\n<link rel=\"canonical\" href=\"https:\/\/www.nordestsanita.it\/?p=612\" \/>\n<meta property=\"og:locale\" content=\"it_IT\" \/>\n<meta property=\"og:type\" content=\"article\" \/>\n<meta property=\"og:title\" content=\"Per Zaia una dose di Pfizer - NES\" \/>\n<meta property=\"og:description\" content=\"Rispettando il suo turno, il presidente della Regione Veneto Luca Zaia si \u00e8 vaccinato oggi pomeriggio contro il Covid. Zaia, che si era prenotato personalmente nei giorni scorsi, \u00e8 stato ricevuto nel centro vaccinale di Godega di Sant&#039;Urbano (Treviso). A Zaia, che ha 53 anni, \u00e8 stata somministrata una dose di &quot;Pfizer&quot;.\" \/>\n<meta property=\"og:url\" content=\"https:\/\/www.nordestsanita.it\/?p=612\" \/>\n<meta property=\"og:site_name\" content=\"NES\" \/>\n<meta property=\"article:published_time\" content=\"2021-05-12T15:36:14+00:00\" \/>\n<meta property=\"article:modified_time\" content=\"2021-05-12T15:38:07+00:00\" \/>\n<meta property=\"og:image\" content=\"https:\/\/www.nordestsanita.it\/wp-content\/uploads\/2021\/05\/Vaccino-Zaia.jpeg\" \/>\n\t<meta property=\"og:image:width\" content=\"1242\" \/>\n\t<meta property=\"og:image:height\" content=\"699\" \/>\n\t<meta property=\"og:image:type\" content=\"image\/jpeg\" \/>\n<meta name=\"author\" content=\"Giuliano Gargano\" \/>\n<meta name=\"twitter:card\" content=\"summary_large_image\" \/>\n<meta name=\"twitter:label1\" content=\"Scritto da\" \/>\n\t<meta name=\"twitter:data1\" content=\"Giuliano Gargano\" \/>\n\t<meta name=\"twitter:label2\" content=\"Tempo di lettura stimato\" \/>\n\t<meta name=\"twitter:data2\" content=\"1 minuto\" \/>\n<script type=\"application\/ld+json\" class=\"yoast-schema-graph\">{\"@context\":\"https:\/\/schema.org\",\"@graph\":[{\"@type\":\"Article\",\"@id\":\"https:\/\/www.nordestsanita.it\/?p=612#article\",\"isPartOf\":{\"@id\":\"https:\/\/www.nordestsanita.it\/?p=612\"},\"author\":{\"name\":\"Giuliano Gargano\",\"@id\":\"https:\/\/www.nordestsanita.it\/#\/schema\/person\/b4d794d64b96b99781f85e73d2f335e8\"},\"headline\":\"Per Zaia una dose di Pfizer\",\"datePublished\":\"2021-05-12T15:36:14+00:00\",\"dateModified\":\"2021-05-12T15:38:07+00:00\",\"mainEntityOfPage\":{\"@id\":\"https:\/\/www.nordestsanita.it\/?p=612\"},\"wordCount\":136,\"publisher\":{\"@id\":\"https:\/\/www.nordestsanita.it\/#organization\"},\"keywords\":[\"Pfizer\",\"vaccino\",\"zaia\"],\"articleSection\":[\"Covid\",\"Sanit\u00e0\"],\"inLanguage\":\"it-IT\"},{\"@type\":\"WebPage\",\"@id\":\"https:\/\/www.nordestsanita.it\/?p=612\",\"url\":\"https:\/\/www.nordestsanita.it\/?p=612\",\"name\":\"Per Zaia una dose di Pfizer - NES\",\"isPartOf\":{\"@id\":\"https:\/\/www.nordestsanita.it\/#website\"},\"datePublished\":\"2021-05-12T15:36:14+00:00\",\"dateModified\":\"2021-05-12T15:38:07+00:00\",\"description\":\"Rispettando il suo turno, il presidente della Regione Veneto Luca Zaia si \u00e8 vaccinato oggi pomeriggio contro il Covid. Zaia, che si era prenotato personalmente nei giorni scorsi, \u00e8 stato ricevuto nel centro vaccinale di Godega di Sant'Urbano (Treviso). A Zaia, che ha 53 anni, \u00e8 stata somministrata una dose di \\\"Pfizer\\\".\",\"breadcrumb\":{\"@id\":\"https:\/\/www.nordestsanita.it\/?p=612#breadcrumb\"},\"inLanguage\":\"it-IT\",\"potentialAction\":[{\"@type\":\"ReadAction\",\"target\":[\"https:\/\/www.nordestsanita.it\/?p=612\"]}]},{\"@type\":\"BreadcrumbList\",\"@id\":\"https:\/\/www.nordestsanita.it\/?p=612#breadcrumb\",\"itemListElement\":[{\"@type\":\"ListItem\",\"position\":1,\"name\":\"Home\",\"item\":\"https:\/\/www.nordestsanita.it\/\"},{\"@type\":\"ListItem\",\"position\":2,\"name\":\"Per Zaia una dose di Pfizer\"}]},{\"@type\":\"WebSite\",\"@id\":\"https:\/\/www.nordestsanita.it\/#website\",\"url\":\"https:\/\/www.nordestsanita.it\/\",\"name\":\"NES\",\"description\":\"Nord Est Sanit\u00e0\",\"publisher\":{\"@id\":\"https:\/\/www.nordestsanita.it\/#organization\"},\"potentialAction\":[{\"@type\":\"SearchAction\",\"target\":{\"@type\":\"EntryPoint\",\"urlTemplate\":\"https:\/\/www.nordestsanita.it\/?s={search_term_string}\"},\"query-input\":\"required name=search_term_string\"}],\"inLanguage\":\"it-IT\"},{\"@type\":\"Organization\",\"@id\":\"https:\/\/www.nordestsanita.it\/#organization\",\"name\":\"NES\",\"url\":\"https:\/\/www.nordestsanita.it\/\",\"logo\":{\"@type\":\"ImageObject\",\"inLanguage\":\"it-IT\",\"@id\":\"https:\/\/www.nordestsanita.it\/#\/schema\/logo\/image\/\",\"url\":\"https:\/\/www.nordestsanita.it\/wp-content\/uploads\/2021\/05\/NES-1280.png\",\"contentUrl\":\"https:\/\/www.nordestsanita.it\/wp-content\/uploads\/2021\/05\/NES-1280.png\",\"width\":1280,\"height\":458,\"caption\":\"NES\"},\"image\":{\"@id\":\"https:\/\/www.nordestsanita.it\/#\/schema\/logo\/image\/\"}},{\"@type\":\"Person\",\"@id\":\"https:\/\/www.nordestsanita.it\/#\/schema\/person\/b4d794d64b96b99781f85e73d2f335e8\",\"name\":\"Giuliano Gargano\",\"image\":{\"@type\":\"ImageObject\",\"inLanguage\":\"it-IT\",\"@id\":\"https:\/\/www.nordestsanita.it\/#\/schema\/person\/image\/\",\"url\":\"https:\/\/secure.gravatar.com\/avatar\/2358b20e394b61d6f72d0ddb2a3df6b3?s=96&d=mm&r=g\",\"contentUrl\":\"https:\/\/secure.gravatar.com\/avatar\/2358b20e394b61d6f72d0ddb2a3df6b3?s=96&d=mm&r=g\",\"caption\":\"Giuliano Gargano\"},\"url\":\"https:\/\/www.nordestsanita.it\/?author=4\"}]}<\/script>\n<!-- \/ Yoast SEO plugin. -->","yoast_head_json":{"title":"Per Zaia una dose di Pfizer - NES","description":"Rispettando il suo turno, il presidente della Regione Veneto Luca Zaia si \u00e8 vaccinato oggi pomeriggio contro il Covid. Zaia, che si era prenotato personalmente nei giorni scorsi, \u00e8 stato ricevuto nel centro vaccinale di Godega di Sant'Urbano (Treviso). A Zaia, che ha 53 anni, \u00e8 stata somministrata una dose di \"Pfizer\".","robots":{"index":"index","follow":"follow","max-snippet":"max-snippet:-1","max-image-preview":"max-image-preview:large","max-video-preview":"max-video-preview:-1"},"canonical":"https:\/\/www.nordestsanita.it\/?p=612","og_locale":"it_IT","og_type":"article","og_title":"Per Zaia una dose di Pfizer - NES","og_description":"Rispettando il suo turno, il presidente della Regione Veneto Luca Zaia si \u00e8 vaccinato oggi pomeriggio contro il Covid. Zaia, che si era prenotato personalmente nei giorni scorsi, \u00e8 stato ricevuto nel centro vaccinale di Godega di Sant'Urbano (Treviso). A Zaia, che ha 53 anni, \u00e8 stata somministrata una dose di \"Pfizer\".","og_url":"https:\/\/www.nordestsanita.it\/?p=612","og_site_name":"NES","article_published_time":"2021-05-12T15:36:14+00:00","article_modified_time":"2021-05-12T15:38:07+00:00","og_image":[{"width":1242,"height":699,"url":"https:\/\/www.nordestsanita.it\/wp-content\/uploads\/2021\/05\/Vaccino-Zaia.jpeg","type":"image\/jpeg"}],"author":"Giuliano Gargano","twitter_card":"summary_large_image","twitter_misc":{"Scritto da":"Giuliano Gargano","Tempo di lettura stimato":"1 minuto"},"schema":{"@context":"https:\/\/schema.org","@graph":[{"@type":"Article","@id":"https:\/\/www.nordestsanita.it\/?p=612#article","isPartOf":{"@id":"https:\/\/www.nordestsanita.it\/?p=612"},"author":{"name":"Giuliano Gargano","@id":"https:\/\/www.nordestsanita.it\/#\/schema\/person\/b4d794d64b96b99781f85e73d2f335e8"},"headline":"Per Zaia una dose di Pfizer","datePublished":"2021-05-12T15:36:14+00:00","dateModified":"2021-05-12T15:38:07+00:00","mainEntityOfPage":{"@id":"https:\/\/www.nordestsanita.it\/?p=612"},"wordCount":136,"publisher":{"@id":"https:\/\/www.nordestsanita.it\/#organization"},"keywords":["Pfizer","vaccino","zaia"],"articleSection":["Covid","Sanit\u00e0"],"inLanguage":"it-IT"},{"@type":"WebPage","@id":"https:\/\/www.nordestsanita.it\/?p=612","url":"https:\/\/www.nordestsanita.it\/?p=612","name":"Per Zaia una dose di Pfizer - NES","isPartOf":{"@id":"https:\/\/www.nordestsanita.it\/#website"},"datePublished":"2021-05-12T15:36:14+00:00","dateModified":"2021-05-12T15:38:07+00:00","description":"Rispettando il suo turno, il presidente della Regione Veneto Luca Zaia si \u00e8 vaccinato oggi pomeriggio contro il Covid. Zaia, che si era prenotato personalmente nei giorni scorsi, \u00e8 stato ricevuto nel centro vaccinale di Godega di Sant'Urbano (Treviso). A Zaia, che ha 53 anni, \u00e8 stata somministrata una dose di \"Pfizer\".","breadcrumb":{"@id":"https:\/\/www.nordestsanita.it\/?p=612#breadcrumb"},"inLanguage":"it-IT","potentialAction":[{"@type":"ReadAction","target":["https:\/\/www.nordestsanita.it\/?p=612"]}]},{"@type":"BreadcrumbList","@id":"https:\/\/www.nordestsanita.it\/?p=612#breadcrumb","itemListElement":[{"@type":"ListItem","position":1,"name":"Home","item":"https:\/\/www.nordestsanita.it\/"},{"@type":"ListItem","position":2,"name":"Per Zaia una dose di Pfizer"}]},{"@type":"WebSite","@id":"https:\/\/www.nordestsanita.it\/#website","url":"https:\/\/www.nordestsanita.it\/","name":"NES","description":"Nord Est Sanit\u00e0","publisher":{"@id":"https:\/\/www.nordestsanita.it\/#organization"},"potentialAction":[{"@type":"SearchAction","target":{"@type":"EntryPoint","urlTemplate":"https:\/\/www.nordestsanita.it\/?s={search_term_string}"},"query-input":"required name=search_term_string"}],"inLanguage":"it-IT"},{"@type":"Organization","@id":"https:\/\/www.nordestsanita.it\/#organization","name":"NES","url":"https:\/\/www.nordestsanita.it\/","logo":{"@type":"ImageObject","inLanguage":"it-IT","@id":"https:\/\/www.nordestsanita.it\/#\/schema\/logo\/image\/","url":"https:\/\/www.nordestsanita.it\/wp-content\/uploads\/2021\/05\/NES-1280.png","contentUrl":"https:\/\/www.nordestsanita.it\/wp-content\/uploads\/2021\/05\/NES-1280.png","width":1280,"height":458,"caption":"NES"},"image":{"@id":"https:\/\/www.nordestsanita.it\/#\/schema\/logo\/image\/"}},{"@type":"Person","@id":"https:\/\/www.nordestsanita.it\/#\/schema\/person\/b4d794d64b96b99781f85e73d2f335e8","name":"Giuliano Gargano","image":{"@type":"ImageObject","inLanguage":"it-IT","@id":"https:\/\/www.nordestsanita.it\/#\/schema\/person\/image\/","url":"https:\/\/secure.gravatar.com\/avatar\/2358b20e394b61d6f72d0ddb2a3df6b3?s=96&d=mm&r=g","contentUrl":"https:\/\/secure.gravatar.com\/avatar\/2358b20e394b61d6f72d0ddb2a3df6b3?s=96&d=mm&r=g","caption":"Giuliano Gargano"},"url":"https:\/\/www.nordestsanita.it\/?author=4"}]}},"jetpack_featured_media_url":"https:\/\/www.nordestsanita.it\/wp-content\/uploads\/2021\/05\/Vaccino-Zaia.jpeg","_links":{"self":[{"href":"https:\/\/www.nordestsanita.it\/index.php?rest_route=\/wp\/v2\/posts\/612"}],"collection":[{"href":"https:\/\/www.nordestsanita.it\/index.php?rest_route=\/wp\/v2\/posts"}],"about":[{"href":"https:\/\/www.nordestsanita.it\/index.php?rest_route=\/wp\/v2\/types\/post"}],"author":[{"embeddable":true,"href":"https:\/\/www.nordestsanita.it\/index.php?rest_route=\/wp\/v2\/users\/4"}],"replies":[{"embeddable":true,"href":"https:\/\/www.nordestsanita.it\/index.php?rest_route=%2Fwp%2Fv2%2Fcomments&post=612"}],"version-history":[{"count":2,"href":"https:\/\/www.nordestsanita.it\/index.php?rest_route=\/wp\/v2\/posts\/612\/revisions"}],"predecessor-version":[{"id":614,"href":"https:\/\/www.nordestsanita.it\/index.php?rest_route=\/wp\/v2\/posts\/612\/revisions\/614"}],"wp:featuredmedia":[{"embeddable":true,"href":"https:\/\/www.nordestsanita.it\/index.php?rest_route=\/wp\/v2\/media\/611"}],"wp:attachment":[{"href":"https:\/\/www.nordestsanita.it\/index.php?rest_route=%2Fwp%2Fv2%2Fmedia&parent=612"}],"wp:term":[{"taxonomy":"category","embeddable":true,"href":"https:\/\/www.nordestsanita.it\/index.php?rest_route=%2Fwp%2Fv2%2Fcategories&post=612"},{"taxonomy":"post_tag","embeddable":true,"href":"https:\/\/www.nordestsanita.it\/index.php?rest_route=%2Fwp%2Fv2%2Ftags&post=612"}],"curies":[{"name":"wp","href":"https:\/\/api.w.org\/{rel}","templated":true}]}}