{"id":722,"date":"2021-06-15T12:12:38","date_gmt":"2021-06-15T10:12:38","guid":{"rendered":"http:\/\/www.nordestsanita.it\/?p=722"},"modified":"2021-06-15T12:12:39","modified_gmt":"2021-06-15T10:12:39","slug":"linfluenza-stagionale-non-ce-stata","status":"publish","type":"post","link":"https:\/\/www.nordestsanita.it\/?p=722","title":{"rendered":"L\u2019influenza stagionale? Non c\u2019\u00e8 stata"},"content":{"rendered":"\n<p>L\u2019influenza stagionale? Non c\u2019\u00e8 stata. Con oltre 2,4 milioni di casi di sindromi simil influenzali, \u00e8 terminata in aprile la sorveglianza stagionale dell\u2019influenza ma senza che l\u2019epidemia sia mai di fatto partita e senza che nessun virus influenzale vero e proprio sia stato isolato in Italia. Il dato si evince dall\u2019ultimo bolletino settimanale InfluNet, coordinato dall\u2019Istituto Superiore di Sanit\u00e0 (Iss).<br>Dai dati inviati dai medici sentinella circa al Sistema di Sorveglianza Integrata dell\u2019Influenza, nella 16\/ma settimana di sorveglianza (dal 19 al 25 aprile) risulta che l\u2019incidenza totale di sindromi simil influenzali \u00e8 pari a 0,85 casi per mille assistiti e i casi stimati rapportati all\u2019intera popolazione italiana sono circa 51.000, per un totale di circa 2.431.000 casi dall\u2019inizio della sorveglianza.<br>Nella fascia di et\u00e0 0-4 anni l\u2019incidenza \u00e8 pari a 2,07 casi per mille assistiti, nella fascia di et\u00e0 5-14 anni a 0,72 nella fascia 15-64 anni a 0,89 e tra gli individui di et\u00e0 pari o superiore a 65 anni a 0,53 casi per mille assistiti. L\u2019anno passato, l\u2019epidemia influenzale era arrivata al termine, dopo aver contagiato oltre 7,5 milioni di persone in Italia, oltre 5 milioni in pi\u00f9 di quelli visti nella stagione in corso. La curva epidemica \u00e8 rimasta da ottobre a oggi sempre sotto soglia epidemica, grazie alle misure anti-Covid che hanno ridotto anche la circolazione di altre infezioni respiratorie.<br>Durante la stagione 2020\/21 un totale di 6.818 campioni clinici sono stati ricevuti e analizzati dai diversi laboratori afferenti alla rete InfluNet e, tra questi, nessuno \u00e8 risultato positivo al virus influenzale. Di questi per\u00f2 1.470 sono risultati positivi al Sars-CoV2.<br>Per venire al dettaglio del Veneto, nell\u2019ultima settimana di osservazione (19 &#8211; 25 aprile 2021), sono stati rilevati appena 11 casi, con una incidenza dello 0,18.<\/p>\n","protected":false},"excerpt":{"rendered":"<p>L\u2019influenza stagionale? Non c\u2019\u00e8 stata. Con oltre 2,4 milioni di casi di sindromi simil influenzali, \u00e8 terminata in aprile la sorveglianza stagionale dell\u2019influenza ma senza che l\u2019epidemia sia mai di fatto partita e senza che nessun virus influenzale vero e proprio sia stato isolato in Italia. Il dato si evince dall\u2019ultimo bolletino settimanale InfluNet, coordinato dall\u2019Istituto Superiore di Sanit\u00e0 (Iss).<\/p>\n","protected":false},"author":4,"featured_media":723,"comment_status":"closed","ping_status":"open","sticky":false,"template":"","format":"standard","meta":[],"categories":[25],"tags":[96],"yoast_head":"<!-- This site is optimized with the Yoast SEO plugin v20.2 - https:\/\/yoast.com\/wordpress\/plugins\/seo\/ -->\n<title>L\u2019influenza stagionale? Non c\u2019\u00e8 stata - NES<\/title>\n<meta name=\"description\" content=\"L\u2019epidemia sia non \u00e8 mai di fatto partita e nessun virus influenzale vero e proprio \u00e8 stato isolato in Italia.\" \/>\n<meta name=\"robots\" content=\"index, follow, max-snippet:-1, max-image-preview:large, max-video-preview:-1\" \/>\n<link rel=\"canonical\" href=\"https:\/\/www.nordestsanita.it\/?p=722\" \/>\n<meta property=\"og:locale\" content=\"it_IT\" \/>\n<meta property=\"og:type\" content=\"article\" \/>\n<meta property=\"og:title\" content=\"L\u2019influenza stagionale? Non c\u2019\u00e8 stata - NES\" \/>\n<meta property=\"og:description\" content=\"L\u2019epidemia sia non \u00e8 mai di fatto partita e nessun virus influenzale vero e proprio \u00e8 stato isolato in Italia.\" \/>\n<meta property=\"og:url\" content=\"https:\/\/www.nordestsanita.it\/?p=722\" \/>\n<meta property=\"og:site_name\" content=\"NES\" \/>\n<meta property=\"article:published_time\" content=\"2021-06-15T10:12:38+00:00\" \/>\n<meta property=\"article:modified_time\" content=\"2021-06-15T10:12:39+00:00\" \/>\n<meta property=\"og:image\" content=\"https:\/\/www.nordestsanita.it\/wp-content\/uploads\/2021\/05\/Influenza.jpg\" \/>\n\t<meta property=\"og:image:width\" content=\"1014\" \/>\n\t<meta property=\"og:image:height\" content=\"703\" \/>\n\t<meta property=\"og:image:type\" content=\"image\/jpeg\" \/>\n<meta name=\"author\" content=\"Giuliano Gargano\" \/>\n<meta name=\"twitter:card\" content=\"summary_large_image\" \/>\n<meta name=\"twitter:label1\" content=\"Scritto da\" \/>\n\t<meta name=\"twitter:data1\" content=\"Giuliano Gargano\" \/>\n\t<meta name=\"twitter:label2\" content=\"Tempo di lettura stimato\" \/>\n\t<meta name=\"twitter:data2\" content=\"2 minuti\" \/>\n<script type=\"application\/ld+json\" class=\"yoast-schema-graph\">{\"@context\":\"https:\/\/schema.org\",\"@graph\":[{\"@type\":\"Article\",\"@id\":\"https:\/\/www.nordestsanita.it\/?p=722#article\",\"isPartOf\":{\"@id\":\"https:\/\/www.nordestsanita.it\/?p=722\"},\"author\":{\"name\":\"Giuliano Gargano\",\"@id\":\"https:\/\/www.nordestsanita.it\/#\/schema\/person\/b4d794d64b96b99781f85e73d2f335e8\"},\"headline\":\"L\u2019influenza stagionale? Non c\u2019\u00e8 stata\",\"datePublished\":\"2021-06-15T10:12:38+00:00\",\"dateModified\":\"2021-06-15T10:12:39+00:00\",\"mainEntityOfPage\":{\"@id\":\"https:\/\/www.nordestsanita.it\/?p=722\"},\"wordCount\":284,\"publisher\":{\"@id\":\"https:\/\/www.nordestsanita.it\/#organization\"},\"keywords\":[\"influenza\"],\"articleSection\":[\"Sanit\u00e0\"],\"inLanguage\":\"it-IT\"},{\"@type\":\"WebPage\",\"@id\":\"https:\/\/www.nordestsanita.it\/?p=722\",\"url\":\"https:\/\/www.nordestsanita.it\/?p=722\",\"name\":\"L\u2019influenza stagionale? Non c\u2019\u00e8 stata - NES\",\"isPartOf\":{\"@id\":\"https:\/\/www.nordestsanita.it\/#website\"},\"datePublished\":\"2021-06-15T10:12:38+00:00\",\"dateModified\":\"2021-06-15T10:12:39+00:00\",\"description\":\"L\u2019epidemia sia non \u00e8 mai di fatto partita e nessun virus influenzale vero e proprio \u00e8 stato isolato in Italia.\",\"breadcrumb\":{\"@id\":\"https:\/\/www.nordestsanita.it\/?p=722#breadcrumb\"},\"inLanguage\":\"it-IT\",\"potentialAction\":[{\"@type\":\"ReadAction\",\"target\":[\"https:\/\/www.nordestsanita.it\/?p=722\"]}]},{\"@type\":\"BreadcrumbList\",\"@id\":\"https:\/\/www.nordestsanita.it\/?p=722#breadcrumb\",\"itemListElement\":[{\"@type\":\"ListItem\",\"position\":1,\"name\":\"Home\",\"item\":\"https:\/\/www.nordestsanita.it\/\"},{\"@type\":\"ListItem\",\"position\":2,\"name\":\"L\u2019influenza stagionale? Non c\u2019\u00e8 stata\"}]},{\"@type\":\"WebSite\",\"@id\":\"https:\/\/www.nordestsanita.it\/#website\",\"url\":\"https:\/\/www.nordestsanita.it\/\",\"name\":\"NES\",\"description\":\"Nord Est Sanit\u00e0\",\"publisher\":{\"@id\":\"https:\/\/www.nordestsanita.it\/#organization\"},\"potentialAction\":[{\"@type\":\"SearchAction\",\"target\":{\"@type\":\"EntryPoint\",\"urlTemplate\":\"https:\/\/www.nordestsanita.it\/?s={search_term_string}\"},\"query-input\":\"required name=search_term_string\"}],\"inLanguage\":\"it-IT\"},{\"@type\":\"Organization\",\"@id\":\"https:\/\/www.nordestsanita.it\/#organization\",\"name\":\"NES\",\"url\":\"https:\/\/www.nordestsanita.it\/\",\"logo\":{\"@type\":\"ImageObject\",\"inLanguage\":\"it-IT\",\"@id\":\"https:\/\/www.nordestsanita.it\/#\/schema\/logo\/image\/\",\"url\":\"https:\/\/www.nordestsanita.it\/wp-content\/uploads\/2021\/05\/NES-1280.png\",\"contentUrl\":\"https:\/\/www.nordestsanita.it\/wp-content\/uploads\/2021\/05\/NES-1280.png\",\"width\":1280,\"height\":458,\"caption\":\"NES\"},\"image\":{\"@id\":\"https:\/\/www.nordestsanita.it\/#\/schema\/logo\/image\/\"}},{\"@type\":\"Person\",\"@id\":\"https:\/\/www.nordestsanita.it\/#\/schema\/person\/b4d794d64b96b99781f85e73d2f335e8\",\"name\":\"Giuliano Gargano\",\"image\":{\"@type\":\"ImageObject\",\"inLanguage\":\"it-IT\",\"@id\":\"https:\/\/www.nordestsanita.it\/#\/schema\/person\/image\/\",\"url\":\"https:\/\/secure.gravatar.com\/avatar\/2358b20e394b61d6f72d0ddb2a3df6b3?s=96&d=mm&r=g\",\"contentUrl\":\"https:\/\/secure.gravatar.com\/avatar\/2358b20e394b61d6f72d0ddb2a3df6b3?s=96&d=mm&r=g\",\"caption\":\"Giuliano Gargano\"},\"url\":\"https:\/\/www.nordestsanita.it\/?author=4\"}]}<\/script>\n<!-- \/ Yoast SEO plugin. -->","yoast_head_json":{"title":"L\u2019influenza stagionale? Non c\u2019\u00e8 stata - NES","description":"L\u2019epidemia sia non \u00e8 mai di fatto partita e nessun virus influenzale vero e proprio \u00e8 stato isolato in Italia.","robots":{"index":"index","follow":"follow","max-snippet":"max-snippet:-1","max-image-preview":"max-image-preview:large","max-video-preview":"max-video-preview:-1"},"canonical":"https:\/\/www.nordestsanita.it\/?p=722","og_locale":"it_IT","og_type":"article","og_title":"L\u2019influenza stagionale? Non c\u2019\u00e8 stata - NES","og_description":"L\u2019epidemia sia non \u00e8 mai di fatto partita e nessun virus influenzale vero e proprio \u00e8 stato isolato in Italia.","og_url":"https:\/\/www.nordestsanita.it\/?p=722","og_site_name":"NES","article_published_time":"2021-06-15T10:12:38+00:00","article_modified_time":"2021-06-15T10:12:39+00:00","og_image":[{"width":1014,"height":703,"url":"https:\/\/www.nordestsanita.it\/wp-content\/uploads\/2021\/05\/Influenza.jpg","type":"image\/jpeg"}],"author":"Giuliano Gargano","twitter_card":"summary_large_image","twitter_misc":{"Scritto da":"Giuliano Gargano","Tempo di lettura stimato":"2 minuti"},"schema":{"@context":"https:\/\/schema.org","@graph":[{"@type":"Article","@id":"https:\/\/www.nordestsanita.it\/?p=722#article","isPartOf":{"@id":"https:\/\/www.nordestsanita.it\/?p=722"},"author":{"name":"Giuliano Gargano","@id":"https:\/\/www.nordestsanita.it\/#\/schema\/person\/b4d794d64b96b99781f85e73d2f335e8"},"headline":"L\u2019influenza stagionale? Non c\u2019\u00e8 stata","datePublished":"2021-06-15T10:12:38+00:00","dateModified":"2021-06-15T10:12:39+00:00","mainEntityOfPage":{"@id":"https:\/\/www.nordestsanita.it\/?p=722"},"wordCount":284,"publisher":{"@id":"https:\/\/www.nordestsanita.it\/#organization"},"keywords":["influenza"],"articleSection":["Sanit\u00e0"],"inLanguage":"it-IT"},{"@type":"WebPage","@id":"https:\/\/www.nordestsanita.it\/?p=722","url":"https:\/\/www.nordestsanita.it\/?p=722","name":"L\u2019influenza stagionale? Non c\u2019\u00e8 stata - NES","isPartOf":{"@id":"https:\/\/www.nordestsanita.it\/#website"},"datePublished":"2021-06-15T10:12:38+00:00","dateModified":"2021-06-15T10:12:39+00:00","description":"L\u2019epidemia sia non \u00e8 mai di fatto partita e nessun virus influenzale vero e proprio \u00e8 stato isolato in Italia.","breadcrumb":{"@id":"https:\/\/www.nordestsanita.it\/?p=722#breadcrumb"},"inLanguage":"it-IT","potentialAction":[{"@type":"ReadAction","target":["https:\/\/www.nordestsanita.it\/?p=722"]}]},{"@type":"BreadcrumbList","@id":"https:\/\/www.nordestsanita.it\/?p=722#breadcrumb","itemListElement":[{"@type":"ListItem","position":1,"name":"Home","item":"https:\/\/www.nordestsanita.it\/"},{"@type":"ListItem","position":2,"name":"L\u2019influenza stagionale? Non c\u2019\u00e8 stata"}]},{"@type":"WebSite","@id":"https:\/\/www.nordestsanita.it\/#website","url":"https:\/\/www.nordestsanita.it\/","name":"NES","description":"Nord Est Sanit\u00e0","publisher":{"@id":"https:\/\/www.nordestsanita.it\/#organization"},"potentialAction":[{"@type":"SearchAction","target":{"@type":"EntryPoint","urlTemplate":"https:\/\/www.nordestsanita.it\/?s={search_term_string}"},"query-input":"required name=search_term_string"}],"inLanguage":"it-IT"},{"@type":"Organization","@id":"https:\/\/www.nordestsanita.it\/#organization","name":"NES","url":"https:\/\/www.nordestsanita.it\/","logo":{"@type":"ImageObject","inLanguage":"it-IT","@id":"https:\/\/www.nordestsanita.it\/#\/schema\/logo\/image\/","url":"https:\/\/www.nordestsanita.it\/wp-content\/uploads\/2021\/05\/NES-1280.png","contentUrl":"https:\/\/www.nordestsanita.it\/wp-content\/uploads\/2021\/05\/NES-1280.png","width":1280,"height":458,"caption":"NES"},"image":{"@id":"https:\/\/www.nordestsanita.it\/#\/schema\/logo\/image\/"}},{"@type":"Person","@id":"https:\/\/www.nordestsanita.it\/#\/schema\/person\/b4d794d64b96b99781f85e73d2f335e8","name":"Giuliano Gargano","image":{"@type":"ImageObject","inLanguage":"it-IT","@id":"https:\/\/www.nordestsanita.it\/#\/schema\/person\/image\/","url":"https:\/\/secure.gravatar.com\/avatar\/2358b20e394b61d6f72d0ddb2a3df6b3?s=96&d=mm&r=g","contentUrl":"https:\/\/secure.gravatar.com\/avatar\/2358b20e394b61d6f72d0ddb2a3df6b3?s=96&d=mm&r=g","caption":"Giuliano Gargano"},"url":"https:\/\/www.nordestsanita.it\/?author=4"}]}},"jetpack_featured_media_url":"https:\/\/www.nordestsanita.it\/wp-content\/uploads\/2021\/05\/Influenza.jpg","_links":{"self":[{"href":"https:\/\/www.nordestsanita.it\/index.php?rest_route=\/wp\/v2\/posts\/722"}],"collection":[{"href":"https:\/\/www.nordestsanita.it\/index.php?rest_route=\/wp\/v2\/posts"}],"about":[{"href":"https:\/\/www.nordestsanita.it\/index.php?rest_route=\/wp\/v2\/types\/post"}],"author":[{"embeddable":true,"href":"https:\/\/www.nordestsanita.it\/index.php?rest_route=\/wp\/v2\/users\/4"}],"replies":[{"embeddable":true,"href":"https:\/\/www.nordestsanita.it\/index.php?rest_route=%2Fwp%2Fv2%2Fcomments&post=722"}],"version-history":[{"count":2,"href":"https:\/\/www.nordestsanita.it\/index.php?rest_route=\/wp\/v2\/posts\/722\/revisions"}],"predecessor-version":[{"id":805,"href":"https:\/\/www.nordestsanita.it\/index.php?rest_route=\/wp\/v2\/posts\/722\/revisions\/805"}],"wp:featuredmedia":[{"embeddable":true,"href":"https:\/\/www.nordestsanita.it\/index.php?rest_route=\/wp\/v2\/media\/723"}],"wp:attachment":[{"href":"https:\/\/www.nordestsanita.it\/index.php?rest_route=%2Fwp%2Fv2%2Fmedia&parent=722"}],"wp:term":[{"taxonomy":"category","embeddable":true,"href":"https:\/\/www.nordestsanita.it\/index.php?rest_route=%2Fwp%2Fv2%2Fcategories&post=722"},{"taxonomy":"post_tag","embeddable":true,"href":"https:\/\/www.nordestsanita.it\/index.php?rest_route=%2Fwp%2Fv2%2Ftags&post=722"}],"curies":[{"name":"wp","href":"https:\/\/api.w.org\/{rel}","templated":true}]}}