{"id":727,"date":"2021-06-16T11:59:38","date_gmt":"2021-06-16T09:59:38","guid":{"rendered":"http:\/\/www.nordestsanita.it\/?p=727"},"modified":"2021-06-16T11:59:39","modified_gmt":"2021-06-16T09:59:39","slug":"covid-viso-e-mani-i-consigli-della-dermatologa","status":"publish","type":"post","link":"https:\/\/www.nordestsanita.it\/?p=727","title":{"rendered":"Covid, viso e mani: i consigli della dermatologa"},"content":{"rendered":"\n<p><strong>Ti conosco mascherina<br><\/strong>E se ti conosco, so anche come prevenire i disturbi della pelle legati al necessario uso delle protezioni. A spiegarci cosa succede alla nostra cute con l\u2019uso quotidiano e prolungato dei dispositivi di protezione sanitaria, con utili consigli per prevenire e curare le problematiche correlate, \u00e8 la dott.ssa Anna Belloni Fortina, professoressa di dermatologia all\u2019Universit\u00e0 di Padova.<\/p>\n\n\n\n<p><strong>Quali sono i problemi della pelle correlati all\u2019uso della mascherina?<br><\/strong>Preciso fin da subito che i problemi correlati all\u2019uso di dispositivi anti-Covid 19 sono infinitamente bassi rispetto a qualsiasi rischio d\u2019infezione. In pi\u00f9, ogni problematica pu\u00f2 essere facilmente risolta, quindi raccomando sempre un uso corretto della mascherina e degli igienizzanti per mani. I problemi per adulti e bambini, donne o uomini sono in sostanza gli stessi. Parliamo in generale, di problematiche riscontrate su una grande fascia di popolazione con consigli base per tutti, ovviamente chi ha gi\u00e0 pregressi problemi dermatologici o situazioni pi\u00f9 severe deve consultare uno specialista per ricevere le giuste indicazioni di cura, se serve anche farmacologiche. I problemi si possono verificare quando c\u2019\u00e8 un uso quotidiano prolungato (fino a 8-9 ore al giorno) del dispositivo che pi\u00f9 \u00e8 composto da tessuto spesso pi\u00f9 crea un effetto occlusivo per l\u2019epidermide, infatti, anche attraverso la pelle del viso produciamo di continuo vapore acqueo, ovvero sudore utile al raffreddamento corporeo, che con la mascherina viene trattenuto proprio in una zona ricca di ghiandole sebacee. Si potrebbe dunque creare nella zona coperta dal dispositivo una follicolite (infiammazione dei follicoli piliferi sebacei), situazione pi\u00f9 comune che come specialisti stiamo riscontrando e che spesso per\u00f2, sbagliando, viene scambiata per acne visto che crea nella pelle dei foruncoli. Alcune mascherine non idonee inoltre potrebbero contenere nella loro composizione trattamenti che al contatto con la pelle causano delle irritazioni, in particolare nei punti di contatto, in quel caso \u00e8 consigliato dismetterne l\u2019uso e cambiare prodotto verificandone l\u2019idoneit\u00e0. Per quanto riguarda l\u2019uso di prodotti disinfettanti per le mascherine, che contro i virus devono contenere una formulazione con giusta base di alcol, io non ne sconsiglio in assoluto l\u2019uso ma di sicuro raccomando se serve di utilizzarlo solo per l\u2019esterno del dispositivo. Questo perch\u00e9 se spruzzati all\u2019interno potrebbero causare irritazioni entrando a contatto con la pelle o attraverso il sudore. Altro caso, invece, \u00e8 quando la pelle viene a contatto con il dispositivo nei punti di frizione, specialmente il nasello squando rigido con componente metallica, e vengono a formarsi delle dermatiti irritative da contatto\/frizione, caratterizzate da rossore e prurito, oppure delle lievi abrasioni. Avviene per\u00f2 se l\u2019utilizzo \u00e8 prolungato, ad esempio l\u2019abbiamo visto nei sanitari all\u2019interno degli ospedali che per molte ore indossano strati di dispositivi; tutti ricordiamo le ormai tristemente famose foto nella prima ondata dello scorso anno delle infermiere con i volti pieni di segni. Nella popolazione in generale direi che questo tipo di conseguenza \u00e8 molto pi\u00f9 rara, anche per la tipologia di dispositivi utilizzati. Molto pi\u00f9 comune invece \u00e8 la comparsa di foruncoli, sempre dovuti alla frizione della mascherina sulla pelle -sollecitata ad esempio dal semplice movimento quando parliamo-, dovuti all\u2019occlusione del follicolo pilifero sebaceo con probabile presenza dei batteri che possono portare a piccole infezioni.<\/p>\n\n\n\n<p><strong>Come risolvere questi problemi?<br><\/strong>Dipende dalla seriet\u00e0 del problema e per quanto tempo perdura, in ogni caso richiedere il parere di uno specialista \u00e8 sempre utile per avere la giusta indicazione di cura o soluzione. In linea generale, per un intervento \u201cfai da te\u201d consiglio di utilizzare creme quanto pi\u00f9 prive di profumazionii e agenti aggressivi che possono peggiorare rossori e irritazioni. Ancora di pi\u00f9 ideali sono i prodotti come gel idratanti o fluidi, molto presenti ormai in commercio, caratterizzati da texture meno pesanti e pi\u00f9 fresche, che non vanno ulteriormente ad ostruire i follicoli. Per ottenere un sollievo non solo immediato ma anche curativo, il prodotto scelto e applicato deve stare il pi\u00f9 possibile sulla pelle, per questo raccomando di utilizzare sempre la sera\/notte come momento nel quale anche la nostra pelle possa giovare di riposo e ristoro, riequilibrando lo stress accumulato durante il giorno. Se invece \u00e8 presente un\u2019irritazione pi\u00f9 importante, spesso dove posa il nasello, si possono utilizzare delle creme antinfiammatorie non steroidee oppure, sempre su consiglio del medico o del dermatologo, creme a base di cortisone. Se invece c\u2019\u00e8 la comparsa di una follicolite importante ci sar\u00e0 necessit\u00e0 di utilizzare un antibiotico antisettico topico (ovvero in crema e non ad ingestione) per bloccare la proliferazione dei batteri.<\/p>\n\n\n\n<p><strong>C\u2019\u00e8 una casistica che dimostra una differenza tra effetti sull\u2019epidermide maschile e femminile nella comparsa di tali problemi?<\/strong><br>Non c\u2019\u00e8 una sostanziale differenza, sono problematiche comuni. Nelle donne pu\u00f2 per\u00f2 verificarsi pi\u00f9 comunemente la follicolite perch\u00e9 la pelle \u00e8 pi\u00f9 sensibile, in particolare dopo la pubert\u00e0 quando la pelle femminile diventa pi\u00f9 irritabile per un aumento naturale delle terminazioni nervose, oppure per la presenza sotto il presidio sanitario di una base cosmetica o di make-up.<\/p>\n\n\n\n<p>Cosa pu\u00f2 dirci invece sulle dermatiti legate all\u2019uso di prodotti per l\u2019igiene delle mani o guanti?<br>Anche se parliamo di un virus che trova la sua pi\u00f9 significativa diffusione per via aerea, tramite le goccioline che si producono da naso e bocca, ormai \u00e8 noto e consolidato che sia altrettanto importante la sanificazione di ambienti e superfici, quindi, anche quella costante delle nostre mani, in particolare se tocchiamo oggetti in uso anche ad altre persone o se siamo fuori casa. La prima arma per eliminare i virus dalla pelle, che consiglio ogni qual volta sia possibile, \u00e8 il lavaggio delle mani, con gli ormai consueti movimenti conosciuti che vanno a sanificare tutta l\u2019epidermide della mano e con un giusto tempo che permetta al sapone, va benissimo uno normale, di agire. Il lavaggio con sapone comune fatto bene \u00e8 certamente efficace e meno impattante dell\u2019uso degli igienizzanti senza risciacquo.<br>Questi ultimi per\u00f2, vista la situazione, sono fondamentali quando siamo fuori casa ed \u00e8 bene usarli ogni qualvolta sia necessario, ricordo comunque che l\u2019importante nel dubbio di non avere le mani pulite \u00e8 non toccarsi naso, bocca e occhi in modo in caso di non far penetrare il virus. Dalla nostra esperienza a contatto con i pazienti e dagli studi scientifici finora prodotti le dermatiti irritative alle mani in questo periodo non hanno avuto un aumento esponenziale, a maggior rischio anche questa volta ovviamente sono i sanitari che usano guanti e gel per molte ore, nella popolazione generale invece sono meno comuni. Se si ritiene necessario o si vuole usare i guanti, per evitare che al contatto con la pelle e con il sudore ci siano problemi consiglio di utilizzare sotto il guanto protettivo un guanto di cotone o in caso di cambiarli spesso. Gli ormai comuni gel che usiamo per sanificare le mani, in alcune persone che magari ne fanno uso eccessivo, possono creare rossori e secchezza a causa principalmente del componente gelificante. Cos\u00ec sollecitata come in questo periodo, viene intaccata la struttura dell\u2019epidermide delle mani; comunemente anche a livello scientifico infatti si usa paragonare la struttura della pelle a dei mattoni tenuti assieme dalla malta per spiegare come le sollecitazioni esterne influiscano sull\u2019integrit\u00e0 della barriera cutanea delle mani. Solitamente per casi generici di irritazione, come avviene anche per il normale effetto dell\u2019esposizione al freddo invernale, la struttura viene riparata grazie all\u2019uso di creme idratanti ed emollienti, meglio se poco profumate, che devono agire il pi\u00f9 possibile, quindi ne consiglio l\u2019uso la sera\/notte.<br>Se invece la problematica \u00e8 pi\u00f9 seria, sempre dopo il consiglio di un medico o dermatologo, risolutivo pu\u00f2 essere l\u2019uso di creme al cortisone che vanno a \u201cspegnere\u201d l\u2019infiammazione.<\/p>\n\n\n\n<p><strong>Gel disinfettanti a base di alcol hanno controindicazioni con l\u2019esposizione al sole e l\u2019interazione con le creme solari?<\/strong><br>Non c\u2019\u00e8 nessuna controindicazione, anche in spiaggia quindi se tocchiamo qualcosa in giro o di non nostro resta importante la pulizia delle mani secondo le abitudini adottate finora.<\/p>\n\n\n\n<p><strong>La pandemia ha accentuato l\u2019uso di disinfettanti anche sugli indumenti, cosa pu\u00f2 dirci a riguardo?<br><\/strong>Era una tendenza che per fortuna prima dell\u2019avvento del Covid-19 era andata a perdersi, purtroppo ora invece \u00e8 tornata molto frequente. Da sempre io sconsiglio l\u2019uso di qualsiasi disinfettante che viene usato per il lavaggio in lavatrice o a mano assieme al detersivo. Il detersivo e un\u2019adeguata temperatura di lavaggio bastano infatti ad igienizzare gli indumenti, anche quelli dei bambini.<br>Lo preciso perch\u00e9 ne riscontriamo l\u2019uso maggiore da parte di persone con bambini piccoli o in et\u00e0 scolare, ovvero quei soggetti che per\u00f2 sono pi\u00f9 di altri soggetti a reazioni cutanee dovute all\u2019aggressivit\u00e0 di tali prodotti. Infatti anche se viene fatto il risciacquo, una parte di prodotto rimane nei tessuti e pu\u00f2 causare problemi sulla pelle perch\u00e9 sono prodotti chimici: la maggior parte delle dermatiti nei bambini sono dovute proprio a questo. E\u2019 un\u2019 iper-protezione che non serve, tuttalpi\u00f9 si usino prodotti naturali come aceto e bicarbonato, o nulla.<\/p>\n","protected":false},"excerpt":{"rendered":"<p>Come i dispositivi di protezione dal Covid-19 devono cambiare la nostra routine per la pelle di viso e mani<\/p>\n","protected":false},"author":8,"featured_media":728,"comment_status":"closed","ping_status":"open","sticky":false,"template":"","format":"standard","meta":[],"categories":[29,25],"tags":[92,99],"yoast_head":"<!-- This site is optimized with the Yoast SEO plugin v20.2 - https:\/\/yoast.com\/wordpress\/plugins\/seo\/ -->\n<title>Covid, viso e mani: i consigli della dermatologa - NES<\/title>\n<meta name=\"description\" content=\"Come i dispositivi di protezione dal Covid-19 devono cambiare la nostra routine per la pelle di viso e mani\" \/>\n<meta name=\"robots\" content=\"index, follow, max-snippet:-1, max-image-preview:large, max-video-preview:-1\" \/>\n<link rel=\"canonical\" href=\"https:\/\/www.nordestsanita.it\/?p=727\" \/>\n<meta property=\"og:locale\" content=\"it_IT\" \/>\n<meta property=\"og:type\" content=\"article\" \/>\n<meta property=\"og:title\" content=\"Covid, viso e mani: i consigli della dermatologa - NES\" \/>\n<meta property=\"og:description\" content=\"Come i dispositivi di protezione dal Covid-19 devono cambiare la nostra routine per la pelle di viso e mani\" \/>\n<meta property=\"og:url\" content=\"https:\/\/www.nordestsanita.it\/?p=727\" \/>\n<meta property=\"og:site_name\" content=\"NES\" \/>\n<meta property=\"article:published_time\" content=\"2021-06-16T09:59:38+00:00\" \/>\n<meta property=\"article:modified_time\" content=\"2021-06-16T09:59:39+00:00\" \/>\n<meta property=\"og:image\" content=\"https:\/\/www.nordestsanita.it\/wp-content\/uploads\/2021\/05\/gelmani.jpg\" \/>\n\t<meta property=\"og:image:width\" content=\"640\" \/>\n\t<meta property=\"og:image:height\" content=\"393\" \/>\n\t<meta property=\"og:image:type\" content=\"image\/jpeg\" \/>\n<meta name=\"author\" content=\"Redazione\" \/>\n<meta name=\"twitter:card\" content=\"summary_large_image\" \/>\n<meta name=\"twitter:label1\" content=\"Scritto da\" \/>\n\t<meta name=\"twitter:data1\" content=\"Redazione\" \/>\n\t<meta name=\"twitter:label2\" content=\"Tempo di lettura stimato\" \/>\n\t<meta name=\"twitter:data2\" content=\"7 minuti\" \/>\n<script type=\"application\/ld+json\" class=\"yoast-schema-graph\">{\"@context\":\"https:\/\/schema.org\",\"@graph\":[{\"@type\":\"Article\",\"@id\":\"https:\/\/www.nordestsanita.it\/?p=727#article\",\"isPartOf\":{\"@id\":\"https:\/\/www.nordestsanita.it\/?p=727\"},\"author\":{\"name\":\"Redazione\",\"@id\":\"https:\/\/www.nordestsanita.it\/#\/schema\/person\/e5a7dc6dca45cb55e67d4a127b0e969a\"},\"headline\":\"Covid, viso e mani: i consigli della dermatologa\",\"datePublished\":\"2021-06-16T09:59:38+00:00\",\"dateModified\":\"2021-06-16T09:59:39+00:00\",\"mainEntityOfPage\":{\"@id\":\"https:\/\/www.nordestsanita.it\/?p=727\"},\"wordCount\":1492,\"publisher\":{\"@id\":\"https:\/\/www.nordestsanita.it\/#organization\"},\"keywords\":[\"covid\",\"dermatologia\"],\"articleSection\":[\"Covid\",\"Sanit\u00e0\"],\"inLanguage\":\"it-IT\"},{\"@type\":\"WebPage\",\"@id\":\"https:\/\/www.nordestsanita.it\/?p=727\",\"url\":\"https:\/\/www.nordestsanita.it\/?p=727\",\"name\":\"Covid, viso e mani: i consigli della dermatologa - NES\",\"isPartOf\":{\"@id\":\"https:\/\/www.nordestsanita.it\/#website\"},\"datePublished\":\"2021-06-16T09:59:38+00:00\",\"dateModified\":\"2021-06-16T09:59:39+00:00\",\"description\":\"Come i dispositivi di protezione dal Covid-19 devono cambiare la nostra routine per la pelle di viso e mani\",\"breadcrumb\":{\"@id\":\"https:\/\/www.nordestsanita.it\/?p=727#breadcrumb\"},\"inLanguage\":\"it-IT\",\"potentialAction\":[{\"@type\":\"ReadAction\",\"target\":[\"https:\/\/www.nordestsanita.it\/?p=727\"]}]},{\"@type\":\"BreadcrumbList\",\"@id\":\"https:\/\/www.nordestsanita.it\/?p=727#breadcrumb\",\"itemListElement\":[{\"@type\":\"ListItem\",\"position\":1,\"name\":\"Home\",\"item\":\"https:\/\/www.nordestsanita.it\/\"},{\"@type\":\"ListItem\",\"position\":2,\"name\":\"Covid, viso e mani: i consigli della dermatologa\"}]},{\"@type\":\"WebSite\",\"@id\":\"https:\/\/www.nordestsanita.it\/#website\",\"url\":\"https:\/\/www.nordestsanita.it\/\",\"name\":\"NES\",\"description\":\"Nord Est Sanit\u00e0\",\"publisher\":{\"@id\":\"https:\/\/www.nordestsanita.it\/#organization\"},\"potentialAction\":[{\"@type\":\"SearchAction\",\"target\":{\"@type\":\"EntryPoint\",\"urlTemplate\":\"https:\/\/www.nordestsanita.it\/?s={search_term_string}\"},\"query-input\":\"required name=search_term_string\"}],\"inLanguage\":\"it-IT\"},{\"@type\":\"Organization\",\"@id\":\"https:\/\/www.nordestsanita.it\/#organization\",\"name\":\"NES\",\"url\":\"https:\/\/www.nordestsanita.it\/\",\"logo\":{\"@type\":\"ImageObject\",\"inLanguage\":\"it-IT\",\"@id\":\"https:\/\/www.nordestsanita.it\/#\/schema\/logo\/image\/\",\"url\":\"https:\/\/www.nordestsanita.it\/wp-content\/uploads\/2021\/05\/NES-1280.png\",\"contentUrl\":\"https:\/\/www.nordestsanita.it\/wp-content\/uploads\/2021\/05\/NES-1280.png\",\"width\":1280,\"height\":458,\"caption\":\"NES\"},\"image\":{\"@id\":\"https:\/\/www.nordestsanita.it\/#\/schema\/logo\/image\/\"}},{\"@type\":\"Person\",\"@id\":\"https:\/\/www.nordestsanita.it\/#\/schema\/person\/e5a7dc6dca45cb55e67d4a127b0e969a\",\"name\":\"Redazione\",\"image\":{\"@type\":\"ImageObject\",\"inLanguage\":\"it-IT\",\"@id\":\"https:\/\/www.nordestsanita.it\/#\/schema\/person\/image\/\",\"url\":\"https:\/\/secure.gravatar.com\/avatar\/3f19a9b3d671ea36ec67c4badf3f961a?s=96&d=mm&r=g\",\"contentUrl\":\"https:\/\/secure.gravatar.com\/avatar\/3f19a9b3d671ea36ec67c4badf3f961a?s=96&d=mm&r=g\",\"caption\":\"Redazione\"},\"url\":\"https:\/\/www.nordestsanita.it\/?author=8\"}]}<\/script>\n<!-- \/ Yoast SEO plugin. -->","yoast_head_json":{"title":"Covid, viso e mani: i consigli della dermatologa - NES","description":"Come i dispositivi di protezione dal Covid-19 devono cambiare la nostra routine per la pelle di viso e mani","robots":{"index":"index","follow":"follow","max-snippet":"max-snippet:-1","max-image-preview":"max-image-preview:large","max-video-preview":"max-video-preview:-1"},"canonical":"https:\/\/www.nordestsanita.it\/?p=727","og_locale":"it_IT","og_type":"article","og_title":"Covid, viso e mani: i consigli della dermatologa - NES","og_description":"Come i dispositivi di protezione dal Covid-19 devono cambiare la nostra routine per la pelle di viso e mani","og_url":"https:\/\/www.nordestsanita.it\/?p=727","og_site_name":"NES","article_published_time":"2021-06-16T09:59:38+00:00","article_modified_time":"2021-06-16T09:59:39+00:00","og_image":[{"width":640,"height":393,"url":"https:\/\/www.nordestsanita.it\/wp-content\/uploads\/2021\/05\/gelmani.jpg","type":"image\/jpeg"}],"author":"Redazione","twitter_card":"summary_large_image","twitter_misc":{"Scritto da":"Redazione","Tempo di lettura stimato":"7 minuti"},"schema":{"@context":"https:\/\/schema.org","@graph":[{"@type":"Article","@id":"https:\/\/www.nordestsanita.it\/?p=727#article","isPartOf":{"@id":"https:\/\/www.nordestsanita.it\/?p=727"},"author":{"name":"Redazione","@id":"https:\/\/www.nordestsanita.it\/#\/schema\/person\/e5a7dc6dca45cb55e67d4a127b0e969a"},"headline":"Covid, viso e mani: i consigli della dermatologa","datePublished":"2021-06-16T09:59:38+00:00","dateModified":"2021-06-16T09:59:39+00:00","mainEntityOfPage":{"@id":"https:\/\/www.nordestsanita.it\/?p=727"},"wordCount":1492,"publisher":{"@id":"https:\/\/www.nordestsanita.it\/#organization"},"keywords":["covid","dermatologia"],"articleSection":["Covid","Sanit\u00e0"],"inLanguage":"it-IT"},{"@type":"WebPage","@id":"https:\/\/www.nordestsanita.it\/?p=727","url":"https:\/\/www.nordestsanita.it\/?p=727","name":"Covid, viso e mani: i consigli della dermatologa - NES","isPartOf":{"@id":"https:\/\/www.nordestsanita.it\/#website"},"datePublished":"2021-06-16T09:59:38+00:00","dateModified":"2021-06-16T09:59:39+00:00","description":"Come i dispositivi di protezione dal Covid-19 devono cambiare la nostra routine per la pelle di viso e mani","breadcrumb":{"@id":"https:\/\/www.nordestsanita.it\/?p=727#breadcrumb"},"inLanguage":"it-IT","potentialAction":[{"@type":"ReadAction","target":["https:\/\/www.nordestsanita.it\/?p=727"]}]},{"@type":"BreadcrumbList","@id":"https:\/\/www.nordestsanita.it\/?p=727#breadcrumb","itemListElement":[{"@type":"ListItem","position":1,"name":"Home","item":"https:\/\/www.nordestsanita.it\/"},{"@type":"ListItem","position":2,"name":"Covid, viso e mani: i consigli della dermatologa"}]},{"@type":"WebSite","@id":"https:\/\/www.nordestsanita.it\/#website","url":"https:\/\/www.nordestsanita.it\/","name":"NES","description":"Nord Est Sanit\u00e0","publisher":{"@id":"https:\/\/www.nordestsanita.it\/#organization"},"potentialAction":[{"@type":"SearchAction","target":{"@type":"EntryPoint","urlTemplate":"https:\/\/www.nordestsanita.it\/?s={search_term_string}"},"query-input":"required name=search_term_string"}],"inLanguage":"it-IT"},{"@type":"Organization","@id":"https:\/\/www.nordestsanita.it\/#organization","name":"NES","url":"https:\/\/www.nordestsanita.it\/","logo":{"@type":"ImageObject","inLanguage":"it-IT","@id":"https:\/\/www.nordestsanita.it\/#\/schema\/logo\/image\/","url":"https:\/\/www.nordestsanita.it\/wp-content\/uploads\/2021\/05\/NES-1280.png","contentUrl":"https:\/\/www.nordestsanita.it\/wp-content\/uploads\/2021\/05\/NES-1280.png","width":1280,"height":458,"caption":"NES"},"image":{"@id":"https:\/\/www.nordestsanita.it\/#\/schema\/logo\/image\/"}},{"@type":"Person","@id":"https:\/\/www.nordestsanita.it\/#\/schema\/person\/e5a7dc6dca45cb55e67d4a127b0e969a","name":"Redazione","image":{"@type":"ImageObject","inLanguage":"it-IT","@id":"https:\/\/www.nordestsanita.it\/#\/schema\/person\/image\/","url":"https:\/\/secure.gravatar.com\/avatar\/3f19a9b3d671ea36ec67c4badf3f961a?s=96&d=mm&r=g","contentUrl":"https:\/\/secure.gravatar.com\/avatar\/3f19a9b3d671ea36ec67c4badf3f961a?s=96&d=mm&r=g","caption":"Redazione"},"url":"https:\/\/www.nordestsanita.it\/?author=8"}]}},"jetpack_featured_media_url":"https:\/\/www.nordestsanita.it\/wp-content\/uploads\/2021\/05\/gelmani.jpg","_links":{"self":[{"href":"https:\/\/www.nordestsanita.it\/index.php?rest_route=\/wp\/v2\/posts\/727"}],"collection":[{"href":"https:\/\/www.nordestsanita.it\/index.php?rest_route=\/wp\/v2\/posts"}],"about":[{"href":"https:\/\/www.nordestsanita.it\/index.php?rest_route=\/wp\/v2\/types\/post"}],"author":[{"embeddable":true,"href":"https:\/\/www.nordestsanita.it\/index.php?rest_route=\/wp\/v2\/users\/8"}],"replies":[{"embeddable":true,"href":"https:\/\/www.nordestsanita.it\/index.php?rest_route=%2Fwp%2Fv2%2Fcomments&post=727"}],"version-history":[{"count":2,"href":"https:\/\/www.nordestsanita.it\/index.php?rest_route=\/wp\/v2\/posts\/727\/revisions"}],"predecessor-version":[{"id":810,"href":"https:\/\/www.nordestsanita.it\/index.php?rest_route=\/wp\/v2\/posts\/727\/revisions\/810"}],"wp:featuredmedia":[{"embeddable":true,"href":"https:\/\/www.nordestsanita.it\/index.php?rest_route=\/wp\/v2\/media\/728"}],"wp:attachment":[{"href":"https:\/\/www.nordestsanita.it\/index.php?rest_route=%2Fwp%2Fv2%2Fmedia&parent=727"}],"wp:term":[{"taxonomy":"category","embeddable":true,"href":"https:\/\/www.nordestsanita.it\/index.php?rest_route=%2Fwp%2Fv2%2Fcategories&post=727"},{"taxonomy":"post_tag","embeddable":true,"href":"https:\/\/www.nordestsanita.it\/index.php?rest_route=%2Fwp%2Fv2%2Ftags&post=727"}],"curies":[{"name":"wp","href":"https:\/\/api.w.org\/{rel}","templated":true}]}}