{"id":766,"date":"2021-06-03T17:36:20","date_gmt":"2021-06-03T15:36:20","guid":{"rendered":"https:\/\/www.nordestsanita.it\/?p=766"},"modified":"2021-06-03T17:36:20","modified_gmt":"2021-06-03T15:36:20","slug":"lamon-al-via-i-lavori-di-ristrutturazione-dellospedale","status":"publish","type":"post","link":"https:\/\/www.nordestsanita.it\/?p=766","title":{"rendered":"Lamon, al via i lavori di ristrutturazione dell\u2019Ospedale"},"content":{"rendered":"\n<p>Hanno preso il via oggi i lavori di ristrutturazione dell\u2019Ospedale di Lamon (Belluno). La struttura, sulla base della programmazione regionale, \u00e8 individuata come riabilitativa provinciale, polo di coordinamento riabilitativo aziendale, con attivit\u00e0 di riabilitazione multidisciplinare (70 posti letto).<\/p>\n\n\n\n<!--more-->\n\n\n\n<p>Il progetto prevede una ristrutturazione significativa sia in termini strutturali che di funzionalit\u00e0 dell\u2019Ospedale di Lamon, per un importo complessivo di 5 milioni di euro, di cui 4 finanziati dal Fondo Comuni Confinanti e 1 dalla Regione del Veneto.<\/p>\n\n\n\n<p>\u201cAnche in questo caso \u2013 fa notare l\u2019assessore alla sanit\u00e0 della Regione Veneto, Manuela Lanzarin \u2013 la Regione fa la sua parte rispetto al rilancio di un ospedale periferico s\u00ec, ma prezioso nell\u2019ambito dell\u2019organizzazione complessiva della sanit\u00e0 bellunese. La risposta ai cittadini, ai quali abbiamo esclusivamente sempre pensato, \u00e8 questa: 5 milioni di lavori, strutture nuove, ulteriori posti letto\u201d<\/p>\n\n\n\n<p>L\u2019intervento \u00e8 relativo alla ristrutturazione, riorganizzazione e riqualificazione del Presidio dell\u2019Ulss n. 1 Dolomiti, al fine di potenziarne e completarne le attuali attivit\u00e0 di Recupero e Riabilitazione Funzionale, nonch\u00e9 di riqualificare i servizi capillari per la cittadinanza quali ad esempio il Punto Prelievi, che serve sia la Struttura Ospedaliera che il Territorio afferente.<\/p>\n\n\n\n<p>\u201cL\u2019Ospedale \u2013 aggiunge la Lanzarin &#8211; \u00e8 peraltro ubicato in posizione strategica nell\u2019ambito dell\u2019area pi\u00f9 periferica dell\u2019Azienda Ulss 1, a copertura delle aree anche verso il Trentino Alto Adige, risultando sede di attrazione in mobilit\u00e0 attiva. Non a caso L\u2019intervento prevede il potenziamento con 22 nuovi posti letto di riabilitazione e il miglioramento delle attuali strutture per le attivit\u00e0 di Recupero e Riabilitazione Funzionale e la radiologia. Nell\u2019ambito della programmazione regionale, infatti, sono previsti 70 posti letto, aventi il valore di Polo di Coordinamento Riabilitativo Aziendale, con attivit\u00e0 di riabilitazione multidisciplinare. Sar\u00e0 altres\u00ec realizzata una Unit\u00e0 Riabilitativa Territoriale con 7 posti letto. Il tutto anche in riferimento alla riabilitazione post COVID alla luce della delibera regionale e della nuova programmazione sul potenziamento del territorio come indicato anche nel Pnrr\u201d.<\/p>\n\n\n\n<p>Sar\u00e0 altres\u00ec realizzata una Unit\u00e0 Riabilitativa Territoriale con 7 posti letto.<\/p>\n\n\n\n<p>Saranno riorganizzati anche gli spazi relativi ad alcuni servizi sanitari territoriali nonch\u00e8 le attivit\u00e0 socio assistenziali (vedi ambulatori specialistici, ambulatori medicina di famiglia e sede di Continuit\u00e0 Assistenziale). La ristrutturazione prevede altres\u00ec interventi per l\u2019adeguamento impiantistico, antisismico e antincendio.<\/p>\n\n\n\n<p>Nel 2020, pur con la riduzione dell\u2019attivit\u00e0 collegata all\u2019epidemia Covid, sono stati effettuati a Lamon 510 ricoveri (9.782 giornate di degenza) ed erogate 10.144 prestazioni ambulatoriali. Nel 2019 i ricoveri sono stati 812 (di cui 182 residenti in altre Ulss del Veneto e 57 pazienti da fuori Regione) con 13.827 giornate di degenza e le prestazioni ambulatoriali sono state 6.383.<\/p>\n","protected":false},"excerpt":{"rendered":"<p>Hanno preso il via oggi i lavori di ristrutturazione dell\u2019Ospedale di Lamon. La struttura \u00e8 individuata come riabilitativa provinciale.<\/p>\n","protected":false},"author":8,"featured_media":767,"comment_status":"closed","ping_status":"open","sticky":false,"template":"","format":"standard","meta":[],"categories":[25],"tags":[105,106,104],"yoast_head":"<!-- This site is optimized with the Yoast SEO plugin v20.2 - https:\/\/yoast.com\/wordpress\/plugins\/seo\/ -->\n<title>Lamon, al via i lavori di ristrutturazione dell\u2019Ospedale - NES<\/title>\n<meta name=\"description\" content=\"Hanno preso il via oggi i lavori di ristrutturazione dell\u2019Ospedale di Lamon. La struttura \u00e8 individuata come riabilitativa provinciale.\" \/>\n<meta name=\"robots\" content=\"index, follow, max-snippet:-1, max-image-preview:large, max-video-preview:-1\" \/>\n<link rel=\"canonical\" href=\"https:\/\/www.nordestsanita.it\/?p=766\" \/>\n<meta property=\"og:locale\" content=\"it_IT\" \/>\n<meta property=\"og:type\" content=\"article\" \/>\n<meta property=\"og:title\" content=\"Lamon, al via i lavori di ristrutturazione dell\u2019Ospedale - NES\" \/>\n<meta property=\"og:description\" content=\"Hanno preso il via oggi i lavori di ristrutturazione dell\u2019Ospedale di Lamon. La struttura \u00e8 individuata come riabilitativa provinciale.\" \/>\n<meta property=\"og:url\" content=\"https:\/\/www.nordestsanita.it\/?p=766\" \/>\n<meta property=\"og:site_name\" content=\"NES\" \/>\n<meta property=\"article:published_time\" content=\"2021-06-03T15:36:20+00:00\" \/>\n<meta property=\"og:image\" content=\"https:\/\/www.nordestsanita.it\/wp-content\/uploads\/2021\/06\/lamon.jpg\" \/>\n\t<meta property=\"og:image:width\" content=\"960\" \/>\n\t<meta property=\"og:image:height\" content=\"640\" \/>\n\t<meta property=\"og:image:type\" content=\"image\/jpeg\" \/>\n<meta name=\"author\" content=\"Redazione\" \/>\n<meta name=\"twitter:card\" content=\"summary_large_image\" \/>\n<meta name=\"twitter:label1\" content=\"Scritto da\" \/>\n\t<meta name=\"twitter:data1\" content=\"Redazione\" \/>\n\t<meta name=\"twitter:label2\" content=\"Tempo di lettura stimato\" \/>\n\t<meta name=\"twitter:data2\" content=\"2 minuti\" \/>\n<script type=\"application\/ld+json\" class=\"yoast-schema-graph\">{\"@context\":\"https:\/\/schema.org\",\"@graph\":[{\"@type\":\"Article\",\"@id\":\"https:\/\/www.nordestsanita.it\/?p=766#article\",\"isPartOf\":{\"@id\":\"https:\/\/www.nordestsanita.it\/?p=766\"},\"author\":{\"name\":\"Redazione\",\"@id\":\"https:\/\/www.nordestsanita.it\/#\/schema\/person\/e5a7dc6dca45cb55e67d4a127b0e969a\"},\"headline\":\"Lamon, al via i lavori di ristrutturazione dell\u2019Ospedale\",\"datePublished\":\"2021-06-03T15:36:20+00:00\",\"dateModified\":\"2021-06-03T15:36:20+00:00\",\"mainEntityOfPage\":{\"@id\":\"https:\/\/www.nordestsanita.it\/?p=766\"},\"wordCount\":425,\"publisher\":{\"@id\":\"https:\/\/www.nordestsanita.it\/#organization\"},\"keywords\":[\"Belluno\",\"Lamon\",\"Ospedale\"],\"articleSection\":[\"Sanit\u00e0\"],\"inLanguage\":\"it-IT\"},{\"@type\":\"WebPage\",\"@id\":\"https:\/\/www.nordestsanita.it\/?p=766\",\"url\":\"https:\/\/www.nordestsanita.it\/?p=766\",\"name\":\"Lamon, al via i lavori di ristrutturazione dell\u2019Ospedale - NES\",\"isPartOf\":{\"@id\":\"https:\/\/www.nordestsanita.it\/#website\"},\"datePublished\":\"2021-06-03T15:36:20+00:00\",\"dateModified\":\"2021-06-03T15:36:20+00:00\",\"description\":\"Hanno preso il via oggi i lavori di ristrutturazione dell\u2019Ospedale di Lamon. La struttura \u00e8 individuata come riabilitativa provinciale.\",\"breadcrumb\":{\"@id\":\"https:\/\/www.nordestsanita.it\/?p=766#breadcrumb\"},\"inLanguage\":\"it-IT\",\"potentialAction\":[{\"@type\":\"ReadAction\",\"target\":[\"https:\/\/www.nordestsanita.it\/?p=766\"]}]},{\"@type\":\"BreadcrumbList\",\"@id\":\"https:\/\/www.nordestsanita.it\/?p=766#breadcrumb\",\"itemListElement\":[{\"@type\":\"ListItem\",\"position\":1,\"name\":\"Home\",\"item\":\"https:\/\/www.nordestsanita.it\/\"},{\"@type\":\"ListItem\",\"position\":2,\"name\":\"Lamon, al via i lavori di ristrutturazione dell\u2019Ospedale\"}]},{\"@type\":\"WebSite\",\"@id\":\"https:\/\/www.nordestsanita.it\/#website\",\"url\":\"https:\/\/www.nordestsanita.it\/\",\"name\":\"NES\",\"description\":\"Nord Est Sanit\u00e0\",\"publisher\":{\"@id\":\"https:\/\/www.nordestsanita.it\/#organization\"},\"potentialAction\":[{\"@type\":\"SearchAction\",\"target\":{\"@type\":\"EntryPoint\",\"urlTemplate\":\"https:\/\/www.nordestsanita.it\/?s={search_term_string}\"},\"query-input\":\"required name=search_term_string\"}],\"inLanguage\":\"it-IT\"},{\"@type\":\"Organization\",\"@id\":\"https:\/\/www.nordestsanita.it\/#organization\",\"name\":\"NES\",\"url\":\"https:\/\/www.nordestsanita.it\/\",\"logo\":{\"@type\":\"ImageObject\",\"inLanguage\":\"it-IT\",\"@id\":\"https:\/\/www.nordestsanita.it\/#\/schema\/logo\/image\/\",\"url\":\"https:\/\/www.nordestsanita.it\/wp-content\/uploads\/2021\/05\/NES-1280.png\",\"contentUrl\":\"https:\/\/www.nordestsanita.it\/wp-content\/uploads\/2021\/05\/NES-1280.png\",\"width\":1280,\"height\":458,\"caption\":\"NES\"},\"image\":{\"@id\":\"https:\/\/www.nordestsanita.it\/#\/schema\/logo\/image\/\"}},{\"@type\":\"Person\",\"@id\":\"https:\/\/www.nordestsanita.it\/#\/schema\/person\/e5a7dc6dca45cb55e67d4a127b0e969a\",\"name\":\"Redazione\",\"image\":{\"@type\":\"ImageObject\",\"inLanguage\":\"it-IT\",\"@id\":\"https:\/\/www.nordestsanita.it\/#\/schema\/person\/image\/\",\"url\":\"https:\/\/secure.gravatar.com\/avatar\/3f19a9b3d671ea36ec67c4badf3f961a?s=96&d=mm&r=g\",\"contentUrl\":\"https:\/\/secure.gravatar.com\/avatar\/3f19a9b3d671ea36ec67c4badf3f961a?s=96&d=mm&r=g\",\"caption\":\"Redazione\"},\"url\":\"https:\/\/www.nordestsanita.it\/?author=8\"}]}<\/script>\n<!-- \/ Yoast SEO plugin. -->","yoast_head_json":{"title":"Lamon, al via i lavori di ristrutturazione dell\u2019Ospedale - NES","description":"Hanno preso il via oggi i lavori di ristrutturazione dell\u2019Ospedale di Lamon. La struttura \u00e8 individuata come riabilitativa provinciale.","robots":{"index":"index","follow":"follow","max-snippet":"max-snippet:-1","max-image-preview":"max-image-preview:large","max-video-preview":"max-video-preview:-1"},"canonical":"https:\/\/www.nordestsanita.it\/?p=766","og_locale":"it_IT","og_type":"article","og_title":"Lamon, al via i lavori di ristrutturazione dell\u2019Ospedale - NES","og_description":"Hanno preso il via oggi i lavori di ristrutturazione dell\u2019Ospedale di Lamon. La struttura \u00e8 individuata come riabilitativa provinciale.","og_url":"https:\/\/www.nordestsanita.it\/?p=766","og_site_name":"NES","article_published_time":"2021-06-03T15:36:20+00:00","og_image":[{"width":960,"height":640,"url":"https:\/\/www.nordestsanita.it\/wp-content\/uploads\/2021\/06\/lamon.jpg","type":"image\/jpeg"}],"author":"Redazione","twitter_card":"summary_large_image","twitter_misc":{"Scritto da":"Redazione","Tempo di lettura stimato":"2 minuti"},"schema":{"@context":"https:\/\/schema.org","@graph":[{"@type":"Article","@id":"https:\/\/www.nordestsanita.it\/?p=766#article","isPartOf":{"@id":"https:\/\/www.nordestsanita.it\/?p=766"},"author":{"name":"Redazione","@id":"https:\/\/www.nordestsanita.it\/#\/schema\/person\/e5a7dc6dca45cb55e67d4a127b0e969a"},"headline":"Lamon, al via i lavori di ristrutturazione dell\u2019Ospedale","datePublished":"2021-06-03T15:36:20+00:00","dateModified":"2021-06-03T15:36:20+00:00","mainEntityOfPage":{"@id":"https:\/\/www.nordestsanita.it\/?p=766"},"wordCount":425,"publisher":{"@id":"https:\/\/www.nordestsanita.it\/#organization"},"keywords":["Belluno","Lamon","Ospedale"],"articleSection":["Sanit\u00e0"],"inLanguage":"it-IT"},{"@type":"WebPage","@id":"https:\/\/www.nordestsanita.it\/?p=766","url":"https:\/\/www.nordestsanita.it\/?p=766","name":"Lamon, al via i lavori di ristrutturazione dell\u2019Ospedale - NES","isPartOf":{"@id":"https:\/\/www.nordestsanita.it\/#website"},"datePublished":"2021-06-03T15:36:20+00:00","dateModified":"2021-06-03T15:36:20+00:00","description":"Hanno preso il via oggi i lavori di ristrutturazione dell\u2019Ospedale di Lamon. La struttura \u00e8 individuata come riabilitativa provinciale.","breadcrumb":{"@id":"https:\/\/www.nordestsanita.it\/?p=766#breadcrumb"},"inLanguage":"it-IT","potentialAction":[{"@type":"ReadAction","target":["https:\/\/www.nordestsanita.it\/?p=766"]}]},{"@type":"BreadcrumbList","@id":"https:\/\/www.nordestsanita.it\/?p=766#breadcrumb","itemListElement":[{"@type":"ListItem","position":1,"name":"Home","item":"https:\/\/www.nordestsanita.it\/"},{"@type":"ListItem","position":2,"name":"Lamon, al via i lavori di ristrutturazione dell\u2019Ospedale"}]},{"@type":"WebSite","@id":"https:\/\/www.nordestsanita.it\/#website","url":"https:\/\/www.nordestsanita.it\/","name":"NES","description":"Nord Est Sanit\u00e0","publisher":{"@id":"https:\/\/www.nordestsanita.it\/#organization"},"potentialAction":[{"@type":"SearchAction","target":{"@type":"EntryPoint","urlTemplate":"https:\/\/www.nordestsanita.it\/?s={search_term_string}"},"query-input":"required name=search_term_string"}],"inLanguage":"it-IT"},{"@type":"Organization","@id":"https:\/\/www.nordestsanita.it\/#organization","name":"NES","url":"https:\/\/www.nordestsanita.it\/","logo":{"@type":"ImageObject","inLanguage":"it-IT","@id":"https:\/\/www.nordestsanita.it\/#\/schema\/logo\/image\/","url":"https:\/\/www.nordestsanita.it\/wp-content\/uploads\/2021\/05\/NES-1280.png","contentUrl":"https:\/\/www.nordestsanita.it\/wp-content\/uploads\/2021\/05\/NES-1280.png","width":1280,"height":458,"caption":"NES"},"image":{"@id":"https:\/\/www.nordestsanita.it\/#\/schema\/logo\/image\/"}},{"@type":"Person","@id":"https:\/\/www.nordestsanita.it\/#\/schema\/person\/e5a7dc6dca45cb55e67d4a127b0e969a","name":"Redazione","image":{"@type":"ImageObject","inLanguage":"it-IT","@id":"https:\/\/www.nordestsanita.it\/#\/schema\/person\/image\/","url":"https:\/\/secure.gravatar.com\/avatar\/3f19a9b3d671ea36ec67c4badf3f961a?s=96&d=mm&r=g","contentUrl":"https:\/\/secure.gravatar.com\/avatar\/3f19a9b3d671ea36ec67c4badf3f961a?s=96&d=mm&r=g","caption":"Redazione"},"url":"https:\/\/www.nordestsanita.it\/?author=8"}]}},"jetpack_featured_media_url":"https:\/\/www.nordestsanita.it\/wp-content\/uploads\/2021\/06\/lamon.jpg","_links":{"self":[{"href":"https:\/\/www.nordestsanita.it\/index.php?rest_route=\/wp\/v2\/posts\/766"}],"collection":[{"href":"https:\/\/www.nordestsanita.it\/index.php?rest_route=\/wp\/v2\/posts"}],"about":[{"href":"https:\/\/www.nordestsanita.it\/index.php?rest_route=\/wp\/v2\/types\/post"}],"author":[{"embeddable":true,"href":"https:\/\/www.nordestsanita.it\/index.php?rest_route=\/wp\/v2\/users\/8"}],"replies":[{"embeddable":true,"href":"https:\/\/www.nordestsanita.it\/index.php?rest_route=%2Fwp%2Fv2%2Fcomments&post=766"}],"version-history":[{"count":1,"href":"https:\/\/www.nordestsanita.it\/index.php?rest_route=\/wp\/v2\/posts\/766\/revisions"}],"predecessor-version":[{"id":768,"href":"https:\/\/www.nordestsanita.it\/index.php?rest_route=\/wp\/v2\/posts\/766\/revisions\/768"}],"wp:featuredmedia":[{"embeddable":true,"href":"https:\/\/www.nordestsanita.it\/index.php?rest_route=\/wp\/v2\/media\/767"}],"wp:attachment":[{"href":"https:\/\/www.nordestsanita.it\/index.php?rest_route=%2Fwp%2Fv2%2Fmedia&parent=766"}],"wp:term":[{"taxonomy":"category","embeddable":true,"href":"https:\/\/www.nordestsanita.it\/index.php?rest_route=%2Fwp%2Fv2%2Fcategories&post=766"},{"taxonomy":"post_tag","embeddable":true,"href":"https:\/\/www.nordestsanita.it\/index.php?rest_route=%2Fwp%2Fv2%2Ftags&post=766"}],"curies":[{"name":"wp","href":"https:\/\/api.w.org\/{rel}","templated":true}]}}