{"id":771,"date":"2021-06-04T11:00:00","date_gmt":"2021-06-04T09:00:00","guid":{"rendered":"https:\/\/www.nordestsanita.it\/?p=771"},"modified":"2021-06-03T18:47:32","modified_gmt":"2021-06-03T16:47:32","slug":"covid-19-oppv-attenzione-alle-ripartenze-veloci-siamo-cambiati-durante-la-pandemia","status":"publish","type":"post","link":"https:\/\/www.nordestsanita.it\/?p=771","title":{"rendered":"Covid-19, OPPV: \u201cAttenzione alle ripartenze veloci, siamo cambiati durante la pandemia\u201d"},"content":{"rendered":"\n<p>Fortunata Pizzoferro, vicepresidente Ordine delle Psicologhe e Psicologi del Veneto: \u00abIl nostro modo di stare insieme \u00e8 cambiato rispetto alla normalit\u00e0 che ricordavamo, una mano che si allunga verso di noi la viviamo come una minaccia e non come un gesto di cortesia\u00bb.<\/p>\n\n\n\n<!--more-->\n\n\n\n<p>A poco a poco abbiamo visto riaprire le scuole, i bar, i ristoranti, i cinema, le piscine e tutto ci\u00f2 che ci \u00e8 mancato in questo lungo \u201cinverno del covid\u201d. Il Veneto diventa bianco. Liberi tutti. La libert\u00e0 in questi quindici mesi l\u2019abbiamo vissuta a intermittenza. Ora, distanziati, con la mascherina, siamo liberi di andare dove vogliamo, di incontrare amici, parenti e di tornare a casa quando ne abbiamo voglia, senza limiti di orario. Via anche il coprifuoco. Insomma siamo tornati alla normalit\u00e0. Ma siamo veramente pronti a tornare in mezzo alla gente? E come ci stiamo arrivando? Quanto siamo cambiati?<\/p>\n\n\n\n<p>&#8220;Il nostro modo di stare insieme ora \u00e8 comunque cambiato rispetto alla normalit\u00e0 che ricordavamo \u2013 spiega Fortunata Pizzoferro- Vicepresidente dell\u2019Ordine delle Psicologhe e Psicologi del Veneto -. Se una persona ci tocca un braccio o si avvicina lo viviamo spesso come un\u2019invasione, ci siamo abituati a temere la vicinanza a vivere una mano che si allunga verso di noi come una minaccia invece che come un gesto di cortesia, sono cambiamenti che producono effetti nel nostro stare insieme ed in societ\u00e0. Questi lunghi mesi \u201cdiversi\u201d potrebbero averci lasciato degli strascichi: alcune persone avvertono uno sfilacciamento della propria rete sociale, tante amicizie poco profonde non sono state coltivate. Molti rapporti coniugali hanno mostrato le loro incrinature, tanti adolescenti hanno evidenziato delle fragilit\u00e0 e ora \u00e8 il momento di decidere di non ignorare i campanelli d\u2019allarme che hanno suonato. Dobbiamo ricordare che non \u00e8 stato il Covid a rendere alcune persone e alcuni rapporti fragili, la pandemia ha fatto emergere le fragilit\u00e0 che prima erano in ombra.&#8221;<\/p>\n\n\n\n<p>&#8220;\u00c8 come se avessimo vissuto un lungo inverno \u2013 prosegue Pizzoferro- perch\u00e9 a volte abbiamo la sensazione di essere stati in letargo, di aver messo in parcheggio per alcuni mesi la nostra vita, rimandando progetti, viaggi, feste, cerimonie. Ed ora ci sentiamo desiderosi di partecipare a questo \u201crisveglio\u201d. \u00c8 naturale essere investiti da una sensazione di sollievo e magari da una certa euforia. Questi mesi sono stati faticosi per tutti: per alcuni condizioni di lavoro complesse, a distanza, con i dispositivi di protezione, per altri la preoccupazione per il futuro, senza poter avere certezze sui tempi della pausa forzata. Ora ci meritiamo di riprendere anche le piccole cose della quotidianit\u00e0: il caff\u00e8 al bar con un\u2019amica, l\u2019ora di nuoto in piscina, accompagnare i bambini al parco. Soprattutto mi soffermerei sul sollievo che possono sentire i nonni che possono riabbracciare i nipotini dopo essere stati vaccinati. Quanto questo semplice gesto pu\u00f2 essere mancato in questi mesi.&#8221;<\/p>\n\n\n\n<p>&#8220;Per mantenere questa sensazione positiva &#8211; conclude Pizzoferro &#8211; dobbiamo evitare il meccanismo dell\u2019abbuffata dopo il periodo di dieta, oppure il famoso \u2018effetto Capodanno\u2019, ovvero quella smania di volere fare tante cose, vedere tante persone, concedersi velocemente tutto ci\u00f2 che non si \u00e8 potuto fare prima. Questo al di l\u00e0 del solito richiamo moralistico ovvero \u201cnon ne siamo usciti, evitiamo assembramenti\u201d, ma proprio per un bisogno psicologico di poter assimilare con gradualit\u00e0 attivit\u00e0 a cui non siamo pi\u00f9 abituati e che possono sembrarci forzature, possono farci sentire a disagio, oppure crearci aspettative che poi vengono disattese. Sar\u00e0 capitato a molti di investire tantissimo nell\u2019idea di divertirsi follemente ad una festa per poi sentirsi tristi il giorno dopo perch\u00e9 \u201calla fine non \u00e8 cambiato nulla\u201d. Quando si hanno aspettative molto alte si rischia sempre l\u2019effetto rimbalzo, la delusione di ritornare alla vita di tutti i giorni, che \u00e8 comunque incredibilmente imperfetta, lo era prima e lo sar\u00e0 dopo il Covid.&#8221;<\/p>\n\n\n\n<p>Avviamoci quindi s\u00ec verso le riaperture, ma camminiamo lentamente, ammiriamo il paesaggio e al tempo stesso evitiamo di inciampare nelle buche.<\/p>\n\n\n\n<div class=\"wp-block-image is-style-default\"><figure class=\"aligncenter size-large is-resized\"><img loading=\"lazy\" src=\"https:\/\/www.nordestsanita.it\/wp-content\/uploads\/2021\/06\/Fortunata-Pizzoferro-Vicepresidente-Ordine-delle-Psicologhe-e-degli-Psicologi-del-Veneto-2-1-edited-scaled.jpg\" alt=\"Fortunata Pizzoferro\" class=\"wp-image-777\" width=\"-389\" height=\"-621\"\/><figcaption>Vicepresidente Ordine delle Psicologhe e degli Psicologi del Veneto<\/figcaption><\/figure><\/div>\n","protected":false},"excerpt":{"rendered":"<p>Il nostro modo di stare insieme \u00e8 cambiato rispetto alla normalit\u00e0 che ricordavamo, una mano che si allunga verso di noi la viviamo come una minaccia e non come un gesto di cortesia. <\/p>\n","protected":false},"author":8,"featured_media":773,"comment_status":"closed","ping_status":"open","sticky":false,"template":"","format":"standard","meta":[],"categories":[24,29],"tags":[39,48,107],"yoast_head":"<!-- This site is optimized with the Yoast SEO plugin v20.2 - https:\/\/yoast.com\/wordpress\/plugins\/seo\/ -->\n<title>Covid-19, OPPV: \u201cAttenzione alle ripartenze veloci, siamo cambiati durante la pandemia\u201d - NES<\/title>\n<meta name=\"robots\" content=\"index, follow, max-snippet:-1, max-image-preview:large, max-video-preview:-1\" \/>\n<link rel=\"canonical\" href=\"https:\/\/www.nordestsanita.it\/?p=771\" \/>\n<meta property=\"og:locale\" content=\"it_IT\" \/>\n<meta property=\"og:type\" content=\"article\" \/>\n<meta property=\"og:title\" content=\"Covid-19, OPPV: \u201cAttenzione alle ripartenze veloci, siamo cambiati durante la pandemia\u201d - NES\" \/>\n<meta property=\"og:description\" content=\"Il nostro modo di stare insieme \u00e8 cambiato rispetto alla normalit\u00e0 che ricordavamo, una mano che si allunga verso di noi la viviamo come una minaccia e non come un gesto di cortesia.\" \/>\n<meta property=\"og:url\" content=\"https:\/\/www.nordestsanita.it\/?p=771\" \/>\n<meta property=\"og:site_name\" content=\"NES\" \/>\n<meta property=\"article:published_time\" content=\"2021-06-04T09:00:00+00:00\" \/>\n<meta property=\"article:modified_time\" content=\"2021-06-03T16:47:32+00:00\" \/>\n<meta property=\"og:image\" content=\"https:\/\/www.nordestsanita.it\/wp-content\/uploads\/2021\/06\/Persone-covid.jpg\" \/>\n\t<meta property=\"og:image:width\" content=\"1280\" \/>\n\t<meta property=\"og:image:height\" content=\"853\" \/>\n\t<meta property=\"og:image:type\" content=\"image\/jpeg\" \/>\n<meta name=\"author\" content=\"Redazione\" \/>\n<meta name=\"twitter:card\" content=\"summary_large_image\" \/>\n<meta name=\"twitter:label1\" content=\"Scritto da\" \/>\n\t<meta name=\"twitter:data1\" content=\"Redazione\" \/>\n\t<meta name=\"twitter:label2\" content=\"Tempo di lettura stimato\" \/>\n\t<meta name=\"twitter:data2\" content=\"4 minuti\" \/>\n<script type=\"application\/ld+json\" class=\"yoast-schema-graph\">{\"@context\":\"https:\/\/schema.org\",\"@graph\":[{\"@type\":\"Article\",\"@id\":\"https:\/\/www.nordestsanita.it\/?p=771#article\",\"isPartOf\":{\"@id\":\"https:\/\/www.nordestsanita.it\/?p=771\"},\"author\":{\"name\":\"Redazione\",\"@id\":\"https:\/\/www.nordestsanita.it\/#\/schema\/person\/e5a7dc6dca45cb55e67d4a127b0e969a\"},\"headline\":\"Covid-19, OPPV: \u201cAttenzione alle ripartenze veloci, siamo cambiati durante la pandemia\u201d\",\"datePublished\":\"2021-06-04T09:00:00+00:00\",\"dateModified\":\"2021-06-03T16:47:32+00:00\",\"mainEntityOfPage\":{\"@id\":\"https:\/\/www.nordestsanita.it\/?p=771\"},\"wordCount\":662,\"publisher\":{\"@id\":\"https:\/\/www.nordestsanita.it\/#organization\"},\"keywords\":[\"Covid-19\",\"Ordine Psicologie Psicologhe veneto\",\"Zona Bianca\"],\"articleSection\":[\"Attualit\u00e0\",\"Covid\"],\"inLanguage\":\"it-IT\"},{\"@type\":\"WebPage\",\"@id\":\"https:\/\/www.nordestsanita.it\/?p=771\",\"url\":\"https:\/\/www.nordestsanita.it\/?p=771\",\"name\":\"Covid-19, OPPV: \u201cAttenzione alle ripartenze veloci, siamo cambiati durante la pandemia\u201d - NES\",\"isPartOf\":{\"@id\":\"https:\/\/www.nordestsanita.it\/#website\"},\"datePublished\":\"2021-06-04T09:00:00+00:00\",\"dateModified\":\"2021-06-03T16:47:32+00:00\",\"breadcrumb\":{\"@id\":\"https:\/\/www.nordestsanita.it\/?p=771#breadcrumb\"},\"inLanguage\":\"it-IT\",\"potentialAction\":[{\"@type\":\"ReadAction\",\"target\":[\"https:\/\/www.nordestsanita.it\/?p=771\"]}]},{\"@type\":\"BreadcrumbList\",\"@id\":\"https:\/\/www.nordestsanita.it\/?p=771#breadcrumb\",\"itemListElement\":[{\"@type\":\"ListItem\",\"position\":1,\"name\":\"Home\",\"item\":\"https:\/\/www.nordestsanita.it\/\"},{\"@type\":\"ListItem\",\"position\":2,\"name\":\"Covid-19, OPPV: \u201cAttenzione alle ripartenze veloci, siamo cambiati durante la pandemia\u201d\"}]},{\"@type\":\"WebSite\",\"@id\":\"https:\/\/www.nordestsanita.it\/#website\",\"url\":\"https:\/\/www.nordestsanita.it\/\",\"name\":\"NES\",\"description\":\"Nord Est Sanit\u00e0\",\"publisher\":{\"@id\":\"https:\/\/www.nordestsanita.it\/#organization\"},\"potentialAction\":[{\"@type\":\"SearchAction\",\"target\":{\"@type\":\"EntryPoint\",\"urlTemplate\":\"https:\/\/www.nordestsanita.it\/?s={search_term_string}\"},\"query-input\":\"required name=search_term_string\"}],\"inLanguage\":\"it-IT\"},{\"@type\":\"Organization\",\"@id\":\"https:\/\/www.nordestsanita.it\/#organization\",\"name\":\"NES\",\"url\":\"https:\/\/www.nordestsanita.it\/\",\"logo\":{\"@type\":\"ImageObject\",\"inLanguage\":\"it-IT\",\"@id\":\"https:\/\/www.nordestsanita.it\/#\/schema\/logo\/image\/\",\"url\":\"https:\/\/www.nordestsanita.it\/wp-content\/uploads\/2021\/05\/NES-1280.png\",\"contentUrl\":\"https:\/\/www.nordestsanita.it\/wp-content\/uploads\/2021\/05\/NES-1280.png\",\"width\":1280,\"height\":458,\"caption\":\"NES\"},\"image\":{\"@id\":\"https:\/\/www.nordestsanita.it\/#\/schema\/logo\/image\/\"}},{\"@type\":\"Person\",\"@id\":\"https:\/\/www.nordestsanita.it\/#\/schema\/person\/e5a7dc6dca45cb55e67d4a127b0e969a\",\"name\":\"Redazione\",\"image\":{\"@type\":\"ImageObject\",\"inLanguage\":\"it-IT\",\"@id\":\"https:\/\/www.nordestsanita.it\/#\/schema\/person\/image\/\",\"url\":\"https:\/\/secure.gravatar.com\/avatar\/3f19a9b3d671ea36ec67c4badf3f961a?s=96&d=mm&r=g\",\"contentUrl\":\"https:\/\/secure.gravatar.com\/avatar\/3f19a9b3d671ea36ec67c4badf3f961a?s=96&d=mm&r=g\",\"caption\":\"Redazione\"},\"url\":\"https:\/\/www.nordestsanita.it\/?author=8\"}]}<\/script>\n<!-- \/ Yoast SEO plugin. -->","yoast_head_json":{"title":"Covid-19, OPPV: \u201cAttenzione alle ripartenze veloci, siamo cambiati durante la pandemia\u201d - NES","robots":{"index":"index","follow":"follow","max-snippet":"max-snippet:-1","max-image-preview":"max-image-preview:large","max-video-preview":"max-video-preview:-1"},"canonical":"https:\/\/www.nordestsanita.it\/?p=771","og_locale":"it_IT","og_type":"article","og_title":"Covid-19, OPPV: \u201cAttenzione alle ripartenze veloci, siamo cambiati durante la pandemia\u201d - NES","og_description":"Il nostro modo di stare insieme \u00e8 cambiato rispetto alla normalit\u00e0 che ricordavamo, una mano che si allunga verso di noi la viviamo come una minaccia e non come un gesto di cortesia.","og_url":"https:\/\/www.nordestsanita.it\/?p=771","og_site_name":"NES","article_published_time":"2021-06-04T09:00:00+00:00","article_modified_time":"2021-06-03T16:47:32+00:00","og_image":[{"width":1280,"height":853,"url":"https:\/\/www.nordestsanita.it\/wp-content\/uploads\/2021\/06\/Persone-covid.jpg","type":"image\/jpeg"}],"author":"Redazione","twitter_card":"summary_large_image","twitter_misc":{"Scritto da":"Redazione","Tempo di lettura stimato":"4 minuti"},"schema":{"@context":"https:\/\/schema.org","@graph":[{"@type":"Article","@id":"https:\/\/www.nordestsanita.it\/?p=771#article","isPartOf":{"@id":"https:\/\/www.nordestsanita.it\/?p=771"},"author":{"name":"Redazione","@id":"https:\/\/www.nordestsanita.it\/#\/schema\/person\/e5a7dc6dca45cb55e67d4a127b0e969a"},"headline":"Covid-19, OPPV: \u201cAttenzione alle ripartenze veloci, siamo cambiati durante la pandemia\u201d","datePublished":"2021-06-04T09:00:00+00:00","dateModified":"2021-06-03T16:47:32+00:00","mainEntityOfPage":{"@id":"https:\/\/www.nordestsanita.it\/?p=771"},"wordCount":662,"publisher":{"@id":"https:\/\/www.nordestsanita.it\/#organization"},"keywords":["Covid-19","Ordine Psicologie Psicologhe veneto","Zona Bianca"],"articleSection":["Attualit\u00e0","Covid"],"inLanguage":"it-IT"},{"@type":"WebPage","@id":"https:\/\/www.nordestsanita.it\/?p=771","url":"https:\/\/www.nordestsanita.it\/?p=771","name":"Covid-19, OPPV: \u201cAttenzione alle ripartenze veloci, siamo cambiati durante la pandemia\u201d - NES","isPartOf":{"@id":"https:\/\/www.nordestsanita.it\/#website"},"datePublished":"2021-06-04T09:00:00+00:00","dateModified":"2021-06-03T16:47:32+00:00","breadcrumb":{"@id":"https:\/\/www.nordestsanita.it\/?p=771#breadcrumb"},"inLanguage":"it-IT","potentialAction":[{"@type":"ReadAction","target":["https:\/\/www.nordestsanita.it\/?p=771"]}]},{"@type":"BreadcrumbList","@id":"https:\/\/www.nordestsanita.it\/?p=771#breadcrumb","itemListElement":[{"@type":"ListItem","position":1,"name":"Home","item":"https:\/\/www.nordestsanita.it\/"},{"@type":"ListItem","position":2,"name":"Covid-19, OPPV: \u201cAttenzione alle ripartenze veloci, siamo cambiati durante la pandemia\u201d"}]},{"@type":"WebSite","@id":"https:\/\/www.nordestsanita.it\/#website","url":"https:\/\/www.nordestsanita.it\/","name":"NES","description":"Nord Est Sanit\u00e0","publisher":{"@id":"https:\/\/www.nordestsanita.it\/#organization"},"potentialAction":[{"@type":"SearchAction","target":{"@type":"EntryPoint","urlTemplate":"https:\/\/www.nordestsanita.it\/?s={search_term_string}"},"query-input":"required name=search_term_string"}],"inLanguage":"it-IT"},{"@type":"Organization","@id":"https:\/\/www.nordestsanita.it\/#organization","name":"NES","url":"https:\/\/www.nordestsanita.it\/","logo":{"@type":"ImageObject","inLanguage":"it-IT","@id":"https:\/\/www.nordestsanita.it\/#\/schema\/logo\/image\/","url":"https:\/\/www.nordestsanita.it\/wp-content\/uploads\/2021\/05\/NES-1280.png","contentUrl":"https:\/\/www.nordestsanita.it\/wp-content\/uploads\/2021\/05\/NES-1280.png","width":1280,"height":458,"caption":"NES"},"image":{"@id":"https:\/\/www.nordestsanita.it\/#\/schema\/logo\/image\/"}},{"@type":"Person","@id":"https:\/\/www.nordestsanita.it\/#\/schema\/person\/e5a7dc6dca45cb55e67d4a127b0e969a","name":"Redazione","image":{"@type":"ImageObject","inLanguage":"it-IT","@id":"https:\/\/www.nordestsanita.it\/#\/schema\/person\/image\/","url":"https:\/\/secure.gravatar.com\/avatar\/3f19a9b3d671ea36ec67c4badf3f961a?s=96&d=mm&r=g","contentUrl":"https:\/\/secure.gravatar.com\/avatar\/3f19a9b3d671ea36ec67c4badf3f961a?s=96&d=mm&r=g","caption":"Redazione"},"url":"https:\/\/www.nordestsanita.it\/?author=8"}]}},"jetpack_featured_media_url":"https:\/\/www.nordestsanita.it\/wp-content\/uploads\/2021\/06\/Persone-covid.jpg","_links":{"self":[{"href":"https:\/\/www.nordestsanita.it\/index.php?rest_route=\/wp\/v2\/posts\/771"}],"collection":[{"href":"https:\/\/www.nordestsanita.it\/index.php?rest_route=\/wp\/v2\/posts"}],"about":[{"href":"https:\/\/www.nordestsanita.it\/index.php?rest_route=\/wp\/v2\/types\/post"}],"author":[{"embeddable":true,"href":"https:\/\/www.nordestsanita.it\/index.php?rest_route=\/wp\/v2\/users\/8"}],"replies":[{"embeddable":true,"href":"https:\/\/www.nordestsanita.it\/index.php?rest_route=%2Fwp%2Fv2%2Fcomments&post=771"}],"version-history":[{"count":3,"href":"https:\/\/www.nordestsanita.it\/index.php?rest_route=\/wp\/v2\/posts\/771\/revisions"}],"predecessor-version":[{"id":778,"href":"https:\/\/www.nordestsanita.it\/index.php?rest_route=\/wp\/v2\/posts\/771\/revisions\/778"}],"wp:featuredmedia":[{"embeddable":true,"href":"https:\/\/www.nordestsanita.it\/index.php?rest_route=\/wp\/v2\/media\/773"}],"wp:attachment":[{"href":"https:\/\/www.nordestsanita.it\/index.php?rest_route=%2Fwp%2Fv2%2Fmedia&parent=771"}],"wp:term":[{"taxonomy":"category","embeddable":true,"href":"https:\/\/www.nordestsanita.it\/index.php?rest_route=%2Fwp%2Fv2%2Fcategories&post=771"},{"taxonomy":"post_tag","embeddable":true,"href":"https:\/\/www.nordestsanita.it\/index.php?rest_route=%2Fwp%2Fv2%2Ftags&post=771"}],"curies":[{"name":"wp","href":"https:\/\/api.w.org\/{rel}","templated":true}]}}