{"id":816,"date":"2021-06-18T12:55:04","date_gmt":"2021-06-18T10:55:04","guid":{"rendered":"https:\/\/www.nordestsanita.it\/?p=816"},"modified":"2021-06-18T12:55:05","modified_gmt":"2021-06-18T10:55:05","slug":"disabilita-e-inclusione-riccardo-diventa-sales-assistant-a-tempo-indeterminato-alla-decathlon-di-padova","status":"publish","type":"post","link":"https:\/\/www.nordestsanita.it\/?p=816","title":{"rendered":"Disabilit\u00e0 e inclusione, Riccardo diventa sales assistant a tempo indeterminato alla Decathlon di Padova"},"content":{"rendered":"\n<p>Riccardo \u00e8 un giovane di 22 anni con disabilit\u00e0, ed \u00e8 uno sportivo: gioca infatti nella Nazionale di calcio a 5 per persone con disabilit\u00e0, con la quale ha vinto anche i campionati mondiali. Proprio &nbsp;questa passione per lo sport, il volano, l\u2019aiutato nella realizzazione del suo ambito lavorativo. Riccardo \u00e8 infatti protagonista di un co-progetto in rete tra l\u2019Ulss 6 Euganea con il Servizio Integrazione Lavorativa (SIL), la Cooperativa Sociale Nuova Idea, le realt\u00e0 produttive e del terzo settore del territorio. Il giovane ha tagliato un meraviglioso traguardo di autonomia: la firma di un contratto a tempo indeterminato presso un\u2019importante azienda di Padova.<\/p>\n\n\n\n<!--more-->\n\n\n\n<p>Riccardo, seguito e supportato dalla cooperativa Vite Vere Down Dadi, \u00e8 stato inserito dal SIL nel 2018 nel progetto \u201cLink Legami per l\u2019inclusione\u201d di Cooperativa Sociale Nuova Idea, progetto di sperimentazione in materia di semi-residenzialit\u00e0 per persone con disabilit\u00e0, finanziato dall\u2019Ulss 6 Euganea a valere su fondi dedicati della Regione Veneto, realizzato per permettere a giovani di accedere ad opportunit\u00e0 concrete, per mettersi alla prova e acquisire abilit\u00e0 operative, competenze socio-relazionali e lavorative. Grazie ad una proficua attivit\u00e0 di collaborazione tra gli operatori del SIL dell\u2019Ulss 6 e il personale educativo di Nuova Idea, Riccardo ha potuto sperimentarsi in differenti contesti, svolgendo attivit\u00e0 a carattere formativo presso aziende quali NaturaS\u00ec di Abano Terme e Selvazzano, L\u2019Osteria Volante di Abano Terme, la Cooperativa Sociale Nuova Agricola Girasole di Selvazzano, la Cooperativa Sociale Terra di Mezzo &#8211; presso Casa Marina situata a Galzignano, di propriet\u00e0 dell&#8217;Ente Parco Colli. A conclusione di un anno di esperienza all\u2019interno di queste molteplici realt\u00e0 aziendali, affiancato da un educatore con il ruolo di facilitatore e valorizzando l&#8217;apprendimento tra pari, \u00e8 stato possibile raggiungere gli obiettivi del progetto, e quindi proseguire il percorso.<\/p>\n\n\n\n<p>Sempre in collaborazione con il SIL dell\u2019Ulss 6 Euganea e grazie a un contributo della Fondazione Cassa di Risparmio di Padova e Rovigo, il ventiduenne ha potuto cos\u00ec realizzare un tirocinio presso Decathlon. Nel periodo di attivazione del progetto, \u00e8 stato supportato da un operatore di Nuova Idea per un totale di 120 ore, affiancamento distribuito nell\u2019arco di 6 mesi. Il programma prevedeva di ridurre progressivamente le ore di sostegno, permettendo cos\u00ec a Riccardo di acquisire autonomia nello svolgimento dei compiti affidati e di consolidare la sicurezza nell&#8217;assunzione graduale del ruolo lavorativo.<\/p>\n\n\n\n<p>Il team di Decathlon, il lavoro di rete dei diversi operatori che hanno creduto nel successo del percorso, la tenacia e la voglia di imparare del ragazzo, il sostegno costante di una famiglia consapevole e coraggiosa, gli hanno consentito di sperimentare sia l\u2019attivit\u00e0 di supporto agli addetti vendita, presso diversi reparti, sia l\u2019esperienza in affiancamento ai commessi in cassa. Il progetto si \u00e8 concluso a maggio 2020, quindi Riccardo ha continuato la sua collaborazione con Decathon, con un ulteriore tirocinio, ora trasformato in un contratto di lavoro stabile. Tutti i giorni il giovane utilizza i mezzi pubblici per raggiungere il luogo di lavoro, lavoro che svolge in autonomia.<\/p>\n\n\n\n<p>\u201cCi siamo chiesti quale fosse il valore creato da Riccardo e quale contributo, nel corso di questo anno e mezzo, avesse portato. La risposta era semplice: un valore grandissimo \u2013 sottolinea Emanuele Boccalato,&nbsp;<em>store leader<\/em>&nbsp;di Decathlon Padova -. Dedizione al lavoro, impegno, sensibilit\u00e0 nei confronti dei colleghi e dei clienti e sorrisi regalati, quotidianamente a ognuno di noi. Per questa ragione gli abbiamo proposto un contratto a tempo indeterminato a partire dal 1 giugno. Riccardo \u00e8 entrato a far parte della nostra squadra come nuova base fissa del fitness. Insomma, sar\u00e0 ancora di pi\u00f9 uno dei nostri\u201d.<\/p>\n\n\n\n<p>\u201cIl Servizio Integrazione Lavorativa (SIL) del Distretto Padova Terme Colli segue l\u2019ambito territoriale dell\u2019ex Ulss 16 e, attraverso il Centro di orientamento, svolge una funzione di raccordo tra le fase scolastica e quella di inserimento lavorativo \u2013 ricordano Patrizia Sartori, responsabile del SIL, e l\u2019educatrice Cristina Vezz\u00f9 che hanno seguito Riccardo durante questo percorso&nbsp;\u2013 per accompagnare i giovani con disabilit\u00e0 e le loro famiglie nella scelta del percorso formativo, realizzando attivit\u00e0 finalizzate allo sviluppo delle autonomie, delle risorse e delle capacit\u00e0 lavorative delle persone. Questa funzione \u00e8 svolta in costante collaborazione con scuole, centri di formazione, servizi sanitari, sociali e socio-sanitari, servizi per l\u2019impiego, associazioni e cooperative sociali. Il SIL promuove inoltre percorsi di formazione e accompagnamento lavorativo attraverso lo strumento del tirocinio in enti e aziende e percorsi di inclusione sociale\u201d. Le persone seguite dal SIL sono 522, di cui 276 inserite in tirocini.<\/p>\n\n\n\n<p>\u201cSiamo felici e orgogliosi di condividere con Riccardo questo risultato. Tale esperienza \u2013 commenta la dott.ssa Claudia Belpiano, presidente&nbsp;della Cooperativa Sociale Nuova Idea &#8211; rappresenta, per tutti noi, un ulteriore valore, in quanto consolida la validit\u00e0 dell&#8217;approccio inclusivo, l&#8217;efficacia del metodo e delle prassi, coordinate quotidianamente e realizzate nel tempo, tra l\u2019Ulss Euganea, la cooperazione sociale, gli enti del terzo settore, le aziende profit,&nbsp;&nbsp;che costituiscono &#8211; in quanto reti territoriali &#8211; il repertorio e il sistema dei sostegni personalizzati, per offrire esperienze ed opportunit\u00e0 di vita soddisfacenti sul piano personale, relazionale, sociale e &#8211; laddove possibile &#8211; lavorativo, alle persone con disabilit\u00e0\u201d.<\/p>\n","protected":false},"excerpt":{"rendered":"<p>Riccardo \u00e8 un giovane di 22 anni con disabilit\u00e0, ed \u00e8 uno sportivo: gioca infatti nella Nazionale di calcio a 5 per persone con disabilit\u00e0, con la quale ha vinto anche i campionati mondiali.<\/p>\n","protected":false},"author":8,"featured_media":817,"comment_status":"closed","ping_status":"open","sticky":false,"template":"","format":"standard","meta":[],"categories":[28],"tags":[115,116],"yoast_head":"<!-- This site is optimized with the Yoast SEO plugin v20.2 - https:\/\/yoast.com\/wordpress\/plugins\/seo\/ -->\n<title>Disabilit\u00e0 e inclusione, Riccardo diventa sales assistant a tempo indeterminato alla Decathlon di Padova - NES<\/title>\n<meta name=\"robots\" content=\"index, follow, max-snippet:-1, max-image-preview:large, max-video-preview:-1\" \/>\n<link rel=\"canonical\" href=\"https:\/\/www.nordestsanita.it\/?p=816\" \/>\n<meta property=\"og:locale\" content=\"it_IT\" \/>\n<meta property=\"og:type\" content=\"article\" \/>\n<meta property=\"og:title\" content=\"Disabilit\u00e0 e inclusione, Riccardo diventa sales assistant a tempo indeterminato alla Decathlon di Padova - NES\" \/>\n<meta property=\"og:description\" content=\"Riccardo \u00e8 un giovane di 22 anni con disabilit\u00e0, ed \u00e8 uno sportivo: gioca infatti nella Nazionale di calcio a 5 per persone con disabilit\u00e0, con la quale ha vinto anche i campionati mondiali.\" \/>\n<meta property=\"og:url\" content=\"https:\/\/www.nordestsanita.it\/?p=816\" \/>\n<meta property=\"og:site_name\" content=\"NES\" \/>\n<meta property=\"article:published_time\" content=\"2021-06-18T10:55:04+00:00\" \/>\n<meta property=\"article:modified_time\" content=\"2021-06-18T10:55:05+00:00\" \/>\n<meta property=\"og:image\" content=\"https:\/\/www.nordestsanita.it\/wp-content\/uploads\/2021\/06\/Riccardo-2.jpg\" \/>\n\t<meta property=\"og:image:width\" content=\"445\" \/>\n\t<meta property=\"og:image:height\" content=\"320\" \/>\n\t<meta property=\"og:image:type\" content=\"image\/jpeg\" \/>\n<meta name=\"author\" content=\"Redazione\" \/>\n<meta name=\"twitter:card\" content=\"summary_large_image\" \/>\n<meta name=\"twitter:label1\" content=\"Scritto da\" \/>\n\t<meta name=\"twitter:data1\" content=\"Redazione\" \/>\n\t<meta name=\"twitter:label2\" content=\"Tempo di lettura stimato\" \/>\n\t<meta name=\"twitter:data2\" content=\"4 minuti\" \/>\n<script type=\"application\/ld+json\" class=\"yoast-schema-graph\">{\"@context\":\"https:\/\/schema.org\",\"@graph\":[{\"@type\":\"Article\",\"@id\":\"https:\/\/www.nordestsanita.it\/?p=816#article\",\"isPartOf\":{\"@id\":\"https:\/\/www.nordestsanita.it\/?p=816\"},\"author\":{\"name\":\"Redazione\",\"@id\":\"https:\/\/www.nordestsanita.it\/#\/schema\/person\/e5a7dc6dca45cb55e67d4a127b0e969a\"},\"headline\":\"Disabilit\u00e0 e inclusione, Riccardo diventa sales assistant a tempo indeterminato alla Decathlon di Padova\",\"datePublished\":\"2021-06-18T10:55:04+00:00\",\"dateModified\":\"2021-06-18T10:55:05+00:00\",\"mainEntityOfPage\":{\"@id\":\"https:\/\/www.nordestsanita.it\/?p=816\"},\"wordCount\":850,\"publisher\":{\"@id\":\"https:\/\/www.nordestsanita.it\/#organization\"},\"keywords\":[\"disabilit\u00e0\",\"Ulss 6\"],\"articleSection\":[\"Sociale\"],\"inLanguage\":\"it-IT\"},{\"@type\":\"WebPage\",\"@id\":\"https:\/\/www.nordestsanita.it\/?p=816\",\"url\":\"https:\/\/www.nordestsanita.it\/?p=816\",\"name\":\"Disabilit\u00e0 e inclusione, Riccardo diventa sales assistant a tempo indeterminato alla Decathlon di Padova - NES\",\"isPartOf\":{\"@id\":\"https:\/\/www.nordestsanita.it\/#website\"},\"datePublished\":\"2021-06-18T10:55:04+00:00\",\"dateModified\":\"2021-06-18T10:55:05+00:00\",\"breadcrumb\":{\"@id\":\"https:\/\/www.nordestsanita.it\/?p=816#breadcrumb\"},\"inLanguage\":\"it-IT\",\"potentialAction\":[{\"@type\":\"ReadAction\",\"target\":[\"https:\/\/www.nordestsanita.it\/?p=816\"]}]},{\"@type\":\"BreadcrumbList\",\"@id\":\"https:\/\/www.nordestsanita.it\/?p=816#breadcrumb\",\"itemListElement\":[{\"@type\":\"ListItem\",\"position\":1,\"name\":\"Home\",\"item\":\"https:\/\/www.nordestsanita.it\/\"},{\"@type\":\"ListItem\",\"position\":2,\"name\":\"Disabilit\u00e0 e inclusione, Riccardo diventa sales assistant a tempo indeterminato alla Decathlon di Padova\"}]},{\"@type\":\"WebSite\",\"@id\":\"https:\/\/www.nordestsanita.it\/#website\",\"url\":\"https:\/\/www.nordestsanita.it\/\",\"name\":\"NES\",\"description\":\"Nord Est Sanit\u00e0\",\"publisher\":{\"@id\":\"https:\/\/www.nordestsanita.it\/#organization\"},\"potentialAction\":[{\"@type\":\"SearchAction\",\"target\":{\"@type\":\"EntryPoint\",\"urlTemplate\":\"https:\/\/www.nordestsanita.it\/?s={search_term_string}\"},\"query-input\":\"required name=search_term_string\"}],\"inLanguage\":\"it-IT\"},{\"@type\":\"Organization\",\"@id\":\"https:\/\/www.nordestsanita.it\/#organization\",\"name\":\"NES\",\"url\":\"https:\/\/www.nordestsanita.it\/\",\"logo\":{\"@type\":\"ImageObject\",\"inLanguage\":\"it-IT\",\"@id\":\"https:\/\/www.nordestsanita.it\/#\/schema\/logo\/image\/\",\"url\":\"https:\/\/www.nordestsanita.it\/wp-content\/uploads\/2021\/05\/NES-1280.png\",\"contentUrl\":\"https:\/\/www.nordestsanita.it\/wp-content\/uploads\/2021\/05\/NES-1280.png\",\"width\":1280,\"height\":458,\"caption\":\"NES\"},\"image\":{\"@id\":\"https:\/\/www.nordestsanita.it\/#\/schema\/logo\/image\/\"}},{\"@type\":\"Person\",\"@id\":\"https:\/\/www.nordestsanita.it\/#\/schema\/person\/e5a7dc6dca45cb55e67d4a127b0e969a\",\"name\":\"Redazione\",\"image\":{\"@type\":\"ImageObject\",\"inLanguage\":\"it-IT\",\"@id\":\"https:\/\/www.nordestsanita.it\/#\/schema\/person\/image\/\",\"url\":\"https:\/\/secure.gravatar.com\/avatar\/3f19a9b3d671ea36ec67c4badf3f961a?s=96&d=mm&r=g\",\"contentUrl\":\"https:\/\/secure.gravatar.com\/avatar\/3f19a9b3d671ea36ec67c4badf3f961a?s=96&d=mm&r=g\",\"caption\":\"Redazione\"},\"url\":\"https:\/\/www.nordestsanita.it\/?author=8\"}]}<\/script>\n<!-- \/ Yoast SEO plugin. -->","yoast_head_json":{"title":"Disabilit\u00e0 e inclusione, Riccardo diventa sales assistant a tempo indeterminato alla Decathlon di Padova - NES","robots":{"index":"index","follow":"follow","max-snippet":"max-snippet:-1","max-image-preview":"max-image-preview:large","max-video-preview":"max-video-preview:-1"},"canonical":"https:\/\/www.nordestsanita.it\/?p=816","og_locale":"it_IT","og_type":"article","og_title":"Disabilit\u00e0 e inclusione, Riccardo diventa sales assistant a tempo indeterminato alla Decathlon di Padova - NES","og_description":"Riccardo \u00e8 un giovane di 22 anni con disabilit\u00e0, ed \u00e8 uno sportivo: gioca infatti nella Nazionale di calcio a 5 per persone con disabilit\u00e0, con la quale ha vinto anche i campionati mondiali.","og_url":"https:\/\/www.nordestsanita.it\/?p=816","og_site_name":"NES","article_published_time":"2021-06-18T10:55:04+00:00","article_modified_time":"2021-06-18T10:55:05+00:00","og_image":[{"width":445,"height":320,"url":"https:\/\/www.nordestsanita.it\/wp-content\/uploads\/2021\/06\/Riccardo-2.jpg","type":"image\/jpeg"}],"author":"Redazione","twitter_card":"summary_large_image","twitter_misc":{"Scritto da":"Redazione","Tempo di lettura stimato":"4 minuti"},"schema":{"@context":"https:\/\/schema.org","@graph":[{"@type":"Article","@id":"https:\/\/www.nordestsanita.it\/?p=816#article","isPartOf":{"@id":"https:\/\/www.nordestsanita.it\/?p=816"},"author":{"name":"Redazione","@id":"https:\/\/www.nordestsanita.it\/#\/schema\/person\/e5a7dc6dca45cb55e67d4a127b0e969a"},"headline":"Disabilit\u00e0 e inclusione, Riccardo diventa sales assistant a tempo indeterminato alla Decathlon di Padova","datePublished":"2021-06-18T10:55:04+00:00","dateModified":"2021-06-18T10:55:05+00:00","mainEntityOfPage":{"@id":"https:\/\/www.nordestsanita.it\/?p=816"},"wordCount":850,"publisher":{"@id":"https:\/\/www.nordestsanita.it\/#organization"},"keywords":["disabilit\u00e0","Ulss 6"],"articleSection":["Sociale"],"inLanguage":"it-IT"},{"@type":"WebPage","@id":"https:\/\/www.nordestsanita.it\/?p=816","url":"https:\/\/www.nordestsanita.it\/?p=816","name":"Disabilit\u00e0 e inclusione, Riccardo diventa sales assistant a tempo indeterminato alla Decathlon di Padova - NES","isPartOf":{"@id":"https:\/\/www.nordestsanita.it\/#website"},"datePublished":"2021-06-18T10:55:04+00:00","dateModified":"2021-06-18T10:55:05+00:00","breadcrumb":{"@id":"https:\/\/www.nordestsanita.it\/?p=816#breadcrumb"},"inLanguage":"it-IT","potentialAction":[{"@type":"ReadAction","target":["https:\/\/www.nordestsanita.it\/?p=816"]}]},{"@type":"BreadcrumbList","@id":"https:\/\/www.nordestsanita.it\/?p=816#breadcrumb","itemListElement":[{"@type":"ListItem","position":1,"name":"Home","item":"https:\/\/www.nordestsanita.it\/"},{"@type":"ListItem","position":2,"name":"Disabilit\u00e0 e inclusione, Riccardo diventa sales assistant a tempo indeterminato alla Decathlon di Padova"}]},{"@type":"WebSite","@id":"https:\/\/www.nordestsanita.it\/#website","url":"https:\/\/www.nordestsanita.it\/","name":"NES","description":"Nord Est Sanit\u00e0","publisher":{"@id":"https:\/\/www.nordestsanita.it\/#organization"},"potentialAction":[{"@type":"SearchAction","target":{"@type":"EntryPoint","urlTemplate":"https:\/\/www.nordestsanita.it\/?s={search_term_string}"},"query-input":"required name=search_term_string"}],"inLanguage":"it-IT"},{"@type":"Organization","@id":"https:\/\/www.nordestsanita.it\/#organization","name":"NES","url":"https:\/\/www.nordestsanita.it\/","logo":{"@type":"ImageObject","inLanguage":"it-IT","@id":"https:\/\/www.nordestsanita.it\/#\/schema\/logo\/image\/","url":"https:\/\/www.nordestsanita.it\/wp-content\/uploads\/2021\/05\/NES-1280.png","contentUrl":"https:\/\/www.nordestsanita.it\/wp-content\/uploads\/2021\/05\/NES-1280.png","width":1280,"height":458,"caption":"NES"},"image":{"@id":"https:\/\/www.nordestsanita.it\/#\/schema\/logo\/image\/"}},{"@type":"Person","@id":"https:\/\/www.nordestsanita.it\/#\/schema\/person\/e5a7dc6dca45cb55e67d4a127b0e969a","name":"Redazione","image":{"@type":"ImageObject","inLanguage":"it-IT","@id":"https:\/\/www.nordestsanita.it\/#\/schema\/person\/image\/","url":"https:\/\/secure.gravatar.com\/avatar\/3f19a9b3d671ea36ec67c4badf3f961a?s=96&d=mm&r=g","contentUrl":"https:\/\/secure.gravatar.com\/avatar\/3f19a9b3d671ea36ec67c4badf3f961a?s=96&d=mm&r=g","caption":"Redazione"},"url":"https:\/\/www.nordestsanita.it\/?author=8"}]}},"jetpack_featured_media_url":"https:\/\/www.nordestsanita.it\/wp-content\/uploads\/2021\/06\/Riccardo-2.jpg","_links":{"self":[{"href":"https:\/\/www.nordestsanita.it\/index.php?rest_route=\/wp\/v2\/posts\/816"}],"collection":[{"href":"https:\/\/www.nordestsanita.it\/index.php?rest_route=\/wp\/v2\/posts"}],"about":[{"href":"https:\/\/www.nordestsanita.it\/index.php?rest_route=\/wp\/v2\/types\/post"}],"author":[{"embeddable":true,"href":"https:\/\/www.nordestsanita.it\/index.php?rest_route=\/wp\/v2\/users\/8"}],"replies":[{"embeddable":true,"href":"https:\/\/www.nordestsanita.it\/index.php?rest_route=%2Fwp%2Fv2%2Fcomments&post=816"}],"version-history":[{"count":1,"href":"https:\/\/www.nordestsanita.it\/index.php?rest_route=\/wp\/v2\/posts\/816\/revisions"}],"predecessor-version":[{"id":818,"href":"https:\/\/www.nordestsanita.it\/index.php?rest_route=\/wp\/v2\/posts\/816\/revisions\/818"}],"wp:featuredmedia":[{"embeddable":true,"href":"https:\/\/www.nordestsanita.it\/index.php?rest_route=\/wp\/v2\/media\/817"}],"wp:attachment":[{"href":"https:\/\/www.nordestsanita.it\/index.php?rest_route=%2Fwp%2Fv2%2Fmedia&parent=816"}],"wp:term":[{"taxonomy":"category","embeddable":true,"href":"https:\/\/www.nordestsanita.it\/index.php?rest_route=%2Fwp%2Fv2%2Fcategories&post=816"},{"taxonomy":"post_tag","embeddable":true,"href":"https:\/\/www.nordestsanita.it\/index.php?rest_route=%2Fwp%2Fv2%2Ftags&post=816"}],"curies":[{"name":"wp","href":"https:\/\/api.w.org\/{rel}","templated":true}]}}