{"id":819,"date":"2021-06-21T18:23:26","date_gmt":"2021-06-21T16:23:26","guid":{"rendered":"https:\/\/www.nordestsanita.it\/?p=819"},"modified":"2021-06-21T18:25:39","modified_gmt":"2021-06-21T16:25:39","slug":"universita-di-padova-daniela-mapelli-e-la-nuova-rettrice","status":"publish","type":"post","link":"https:\/\/www.nordestsanita.it\/?p=819","title":{"rendered":"Universit\u00e0 di Padova, Daniela Mapelli \u00e8 la nuova rettrice"},"content":{"rendered":"\n<p><br>L\u2019Universit\u00e0 di Padova si tinge di rosa: Daniela Mapelli \u00e8 la prima donna ad essere eletta rettrice dell&#8217;ateneo, che coprir\u00e0 il sessennio 2021-2027, proprio in concomitanza con gli 800 anni di quest&#8217;ultimo. <\/p>\n\n\n\n<!--more-->\n\n\n\n<p>\u201cDaniela Mapelli \u00e8 un nome che rester\u00e0 nella storia del Sapere Veneto perch\u00e9 \u00e8 la prima donna eletta Rettore dell\u2019Universit\u00e0 di Padova dopo 800 anni, ma nei prossimi sei anni, con il suo lavoro, potr\u00e0 farlo anche per i risultati raggiunti. Complimenti alla Rettrice Mapelli, con la garanzia che la Regione \u00e8 e sar\u00e0 al suo fianco per il bene e il progresso dei veneti\u201d<\/p>\n\n\n\n<p>Con queste parole il Presidente della Regione, Luca Zaia, saluta la nomina al vertice dell\u2019Ateneo patavino della docente di Psicologia, eletta tra le professoresse e i professori ordinari di ruolo in servizio all\u2019Universit\u00e0 di Padova.<\/p>\n\n\n\n<p>\u201cEsperienza, tenacia, energia, preparazione saranno sicuramente i tratti caratteristici dell\u2019azione della professoressa Mapelli \u2013 aggiunge Zaia \u2013 come peraltro accade spessissimo nel genere femminile. Doti che saranno preziose per affrontare assieme le sfide che attendono la cultura, l\u2019economia, l\u2019intera societ\u00e0 veneta e per vincere quella che abbiamo gi\u00e0 messo in cantiere per la realizzazione del nuovo Ospedale di Padova che, non a caso, sar\u00e0 un concentrato di saperi e professionalit\u00e0, un Policlinico Universitario di caratura internazionale\u201d.<\/p>\n","protected":false},"excerpt":{"rendered":"<p>Daniela Mapelli \u00e8 la prima donna ad essere eletta rettrice dell&#8217;Universit\u00e0 di Padova.<\/p>\n","protected":false},"author":8,"featured_media":820,"comment_status":"closed","ping_status":"open","sticky":false,"template":"","format":"standard","meta":[],"categories":[24],"tags":[117],"yoast_head":"<!-- This site is optimized with the Yoast SEO plugin v20.2 - https:\/\/yoast.com\/wordpress\/plugins\/seo\/ -->\n<title>Universit\u00e0 di Padova, Daniela Mapelli \u00e8 la nuova rettrice - NES<\/title>\n<meta name=\"description\" content=\"Daniela Mapelli \u00e8 la prima donna ad essere eletta rettrice dell&#039;Universit\u00e0 di Padova, che coprir\u00e0 il sessennio 2021-2027.\" \/>\n<meta name=\"robots\" content=\"index, follow, max-snippet:-1, max-image-preview:large, max-video-preview:-1\" \/>\n<link rel=\"canonical\" href=\"https:\/\/www.nordestsanita.it\/?p=819\" \/>\n<meta property=\"og:locale\" content=\"it_IT\" \/>\n<meta property=\"og:type\" content=\"article\" \/>\n<meta property=\"og:title\" content=\"Universit\u00e0 di Padova, Daniela Mapelli \u00e8 la nuova rettrice - NES\" \/>\n<meta property=\"og:description\" content=\"Daniela Mapelli \u00e8 la prima donna ad essere eletta rettrice dell&#039;Universit\u00e0 di Padova, che coprir\u00e0 il sessennio 2021-2027.\" \/>\n<meta property=\"og:url\" content=\"https:\/\/www.nordestsanita.it\/?p=819\" \/>\n<meta property=\"og:site_name\" content=\"NES\" \/>\n<meta property=\"article:published_time\" content=\"2021-06-21T16:23:26+00:00\" \/>\n<meta property=\"article:modified_time\" content=\"2021-06-21T16:25:39+00:00\" \/>\n<meta property=\"og:image\" content=\"https:\/\/www.nordestsanita.it\/wp-content\/uploads\/2021\/06\/Universita\u0300_degli_Studi_di_Padova.jpg\" \/>\n\t<meta property=\"og:image:width\" content=\"800\" \/>\n\t<meta property=\"og:image:height\" content=\"540\" \/>\n\t<meta property=\"og:image:type\" content=\"image\/jpeg\" \/>\n<meta name=\"author\" content=\"Redazione\" \/>\n<meta name=\"twitter:card\" content=\"summary_large_image\" \/>\n<meta name=\"twitter:label1\" content=\"Scritto da\" \/>\n\t<meta name=\"twitter:data1\" content=\"Redazione\" \/>\n\t<meta name=\"twitter:label2\" content=\"Tempo di lettura stimato\" \/>\n\t<meta name=\"twitter:data2\" content=\"1 minuto\" \/>\n<script type=\"application\/ld+json\" class=\"yoast-schema-graph\">{\"@context\":\"https:\/\/schema.org\",\"@graph\":[{\"@type\":\"Article\",\"@id\":\"https:\/\/www.nordestsanita.it\/?p=819#article\",\"isPartOf\":{\"@id\":\"https:\/\/www.nordestsanita.it\/?p=819\"},\"author\":{\"name\":\"Redazione\",\"@id\":\"https:\/\/www.nordestsanita.it\/#\/schema\/person\/e5a7dc6dca45cb55e67d4a127b0e969a\"},\"headline\":\"Universit\u00e0 di Padova, Daniela Mapelli \u00e8 la nuova rettrice\",\"datePublished\":\"2021-06-21T16:23:26+00:00\",\"dateModified\":\"2021-06-21T16:25:39+00:00\",\"mainEntityOfPage\":{\"@id\":\"https:\/\/www.nordestsanita.it\/?p=819\"},\"wordCount\":215,\"publisher\":{\"@id\":\"https:\/\/www.nordestsanita.it\/#organization\"},\"keywords\":[\"Universit\u00e0 di Padova\"],\"articleSection\":[\"Attualit\u00e0\"],\"inLanguage\":\"it-IT\"},{\"@type\":\"WebPage\",\"@id\":\"https:\/\/www.nordestsanita.it\/?p=819\",\"url\":\"https:\/\/www.nordestsanita.it\/?p=819\",\"name\":\"Universit\u00e0 di Padova, Daniela Mapelli \u00e8 la nuova rettrice - NES\",\"isPartOf\":{\"@id\":\"https:\/\/www.nordestsanita.it\/#website\"},\"datePublished\":\"2021-06-21T16:23:26+00:00\",\"dateModified\":\"2021-06-21T16:25:39+00:00\",\"description\":\"Daniela Mapelli \u00e8 la prima donna ad essere eletta rettrice dell'Universit\u00e0 di Padova, che coprir\u00e0 il sessennio 2021-2027.\",\"breadcrumb\":{\"@id\":\"https:\/\/www.nordestsanita.it\/?p=819#breadcrumb\"},\"inLanguage\":\"it-IT\",\"potentialAction\":[{\"@type\":\"ReadAction\",\"target\":[\"https:\/\/www.nordestsanita.it\/?p=819\"]}]},{\"@type\":\"BreadcrumbList\",\"@id\":\"https:\/\/www.nordestsanita.it\/?p=819#breadcrumb\",\"itemListElement\":[{\"@type\":\"ListItem\",\"position\":1,\"name\":\"Home\",\"item\":\"https:\/\/www.nordestsanita.it\/\"},{\"@type\":\"ListItem\",\"position\":2,\"name\":\"Universit\u00e0 di Padova, Daniela Mapelli \u00e8 la nuova rettrice\"}]},{\"@type\":\"WebSite\",\"@id\":\"https:\/\/www.nordestsanita.it\/#website\",\"url\":\"https:\/\/www.nordestsanita.it\/\",\"name\":\"NES\",\"description\":\"Nord Est Sanit\u00e0\",\"publisher\":{\"@id\":\"https:\/\/www.nordestsanita.it\/#organization\"},\"potentialAction\":[{\"@type\":\"SearchAction\",\"target\":{\"@type\":\"EntryPoint\",\"urlTemplate\":\"https:\/\/www.nordestsanita.it\/?s={search_term_string}\"},\"query-input\":\"required name=search_term_string\"}],\"inLanguage\":\"it-IT\"},{\"@type\":\"Organization\",\"@id\":\"https:\/\/www.nordestsanita.it\/#organization\",\"name\":\"NES\",\"url\":\"https:\/\/www.nordestsanita.it\/\",\"logo\":{\"@type\":\"ImageObject\",\"inLanguage\":\"it-IT\",\"@id\":\"https:\/\/www.nordestsanita.it\/#\/schema\/logo\/image\/\",\"url\":\"https:\/\/www.nordestsanita.it\/wp-content\/uploads\/2021\/05\/NES-1280.png\",\"contentUrl\":\"https:\/\/www.nordestsanita.it\/wp-content\/uploads\/2021\/05\/NES-1280.png\",\"width\":1280,\"height\":458,\"caption\":\"NES\"},\"image\":{\"@id\":\"https:\/\/www.nordestsanita.it\/#\/schema\/logo\/image\/\"}},{\"@type\":\"Person\",\"@id\":\"https:\/\/www.nordestsanita.it\/#\/schema\/person\/e5a7dc6dca45cb55e67d4a127b0e969a\",\"name\":\"Redazione\",\"image\":{\"@type\":\"ImageObject\",\"inLanguage\":\"it-IT\",\"@id\":\"https:\/\/www.nordestsanita.it\/#\/schema\/person\/image\/\",\"url\":\"https:\/\/secure.gravatar.com\/avatar\/3f19a9b3d671ea36ec67c4badf3f961a?s=96&d=mm&r=g\",\"contentUrl\":\"https:\/\/secure.gravatar.com\/avatar\/3f19a9b3d671ea36ec67c4badf3f961a?s=96&d=mm&r=g\",\"caption\":\"Redazione\"},\"url\":\"https:\/\/www.nordestsanita.it\/?author=8\"}]}<\/script>\n<!-- \/ Yoast SEO plugin. -->","yoast_head_json":{"title":"Universit\u00e0 di Padova, Daniela Mapelli \u00e8 la nuova rettrice - NES","description":"Daniela Mapelli \u00e8 la prima donna ad essere eletta rettrice dell'Universit\u00e0 di Padova, che coprir\u00e0 il sessennio 2021-2027.","robots":{"index":"index","follow":"follow","max-snippet":"max-snippet:-1","max-image-preview":"max-image-preview:large","max-video-preview":"max-video-preview:-1"},"canonical":"https:\/\/www.nordestsanita.it\/?p=819","og_locale":"it_IT","og_type":"article","og_title":"Universit\u00e0 di Padova, Daniela Mapelli \u00e8 la nuova rettrice - NES","og_description":"Daniela Mapelli \u00e8 la prima donna ad essere eletta rettrice dell'Universit\u00e0 di Padova, che coprir\u00e0 il sessennio 2021-2027.","og_url":"https:\/\/www.nordestsanita.it\/?p=819","og_site_name":"NES","article_published_time":"2021-06-21T16:23:26+00:00","article_modified_time":"2021-06-21T16:25:39+00:00","og_image":[{"width":800,"height":540,"url":"https:\/\/www.nordestsanita.it\/wp-content\/uploads\/2021\/06\/Universita\u0300_degli_Studi_di_Padova.jpg","type":"image\/jpeg"}],"author":"Redazione","twitter_card":"summary_large_image","twitter_misc":{"Scritto da":"Redazione","Tempo di lettura stimato":"1 minuto"},"schema":{"@context":"https:\/\/schema.org","@graph":[{"@type":"Article","@id":"https:\/\/www.nordestsanita.it\/?p=819#article","isPartOf":{"@id":"https:\/\/www.nordestsanita.it\/?p=819"},"author":{"name":"Redazione","@id":"https:\/\/www.nordestsanita.it\/#\/schema\/person\/e5a7dc6dca45cb55e67d4a127b0e969a"},"headline":"Universit\u00e0 di Padova, Daniela Mapelli \u00e8 la nuova rettrice","datePublished":"2021-06-21T16:23:26+00:00","dateModified":"2021-06-21T16:25:39+00:00","mainEntityOfPage":{"@id":"https:\/\/www.nordestsanita.it\/?p=819"},"wordCount":215,"publisher":{"@id":"https:\/\/www.nordestsanita.it\/#organization"},"keywords":["Universit\u00e0 di Padova"],"articleSection":["Attualit\u00e0"],"inLanguage":"it-IT"},{"@type":"WebPage","@id":"https:\/\/www.nordestsanita.it\/?p=819","url":"https:\/\/www.nordestsanita.it\/?p=819","name":"Universit\u00e0 di Padova, Daniela Mapelli \u00e8 la nuova rettrice - NES","isPartOf":{"@id":"https:\/\/www.nordestsanita.it\/#website"},"datePublished":"2021-06-21T16:23:26+00:00","dateModified":"2021-06-21T16:25:39+00:00","description":"Daniela Mapelli \u00e8 la prima donna ad essere eletta rettrice dell'Universit\u00e0 di Padova, che coprir\u00e0 il sessennio 2021-2027.","breadcrumb":{"@id":"https:\/\/www.nordestsanita.it\/?p=819#breadcrumb"},"inLanguage":"it-IT","potentialAction":[{"@type":"ReadAction","target":["https:\/\/www.nordestsanita.it\/?p=819"]}]},{"@type":"BreadcrumbList","@id":"https:\/\/www.nordestsanita.it\/?p=819#breadcrumb","itemListElement":[{"@type":"ListItem","position":1,"name":"Home","item":"https:\/\/www.nordestsanita.it\/"},{"@type":"ListItem","position":2,"name":"Universit\u00e0 di Padova, Daniela Mapelli \u00e8 la nuova rettrice"}]},{"@type":"WebSite","@id":"https:\/\/www.nordestsanita.it\/#website","url":"https:\/\/www.nordestsanita.it\/","name":"NES","description":"Nord Est Sanit\u00e0","publisher":{"@id":"https:\/\/www.nordestsanita.it\/#organization"},"potentialAction":[{"@type":"SearchAction","target":{"@type":"EntryPoint","urlTemplate":"https:\/\/www.nordestsanita.it\/?s={search_term_string}"},"query-input":"required name=search_term_string"}],"inLanguage":"it-IT"},{"@type":"Organization","@id":"https:\/\/www.nordestsanita.it\/#organization","name":"NES","url":"https:\/\/www.nordestsanita.it\/","logo":{"@type":"ImageObject","inLanguage":"it-IT","@id":"https:\/\/www.nordestsanita.it\/#\/schema\/logo\/image\/","url":"https:\/\/www.nordestsanita.it\/wp-content\/uploads\/2021\/05\/NES-1280.png","contentUrl":"https:\/\/www.nordestsanita.it\/wp-content\/uploads\/2021\/05\/NES-1280.png","width":1280,"height":458,"caption":"NES"},"image":{"@id":"https:\/\/www.nordestsanita.it\/#\/schema\/logo\/image\/"}},{"@type":"Person","@id":"https:\/\/www.nordestsanita.it\/#\/schema\/person\/e5a7dc6dca45cb55e67d4a127b0e969a","name":"Redazione","image":{"@type":"ImageObject","inLanguage":"it-IT","@id":"https:\/\/www.nordestsanita.it\/#\/schema\/person\/image\/","url":"https:\/\/secure.gravatar.com\/avatar\/3f19a9b3d671ea36ec67c4badf3f961a?s=96&d=mm&r=g","contentUrl":"https:\/\/secure.gravatar.com\/avatar\/3f19a9b3d671ea36ec67c4badf3f961a?s=96&d=mm&r=g","caption":"Redazione"},"url":"https:\/\/www.nordestsanita.it\/?author=8"}]}},"jetpack_featured_media_url":"https:\/\/www.nordestsanita.it\/wp-content\/uploads\/2021\/06\/Universita\u0300_degli_Studi_di_Padova.jpg","_links":{"self":[{"href":"https:\/\/www.nordestsanita.it\/index.php?rest_route=\/wp\/v2\/posts\/819"}],"collection":[{"href":"https:\/\/www.nordestsanita.it\/index.php?rest_route=\/wp\/v2\/posts"}],"about":[{"href":"https:\/\/www.nordestsanita.it\/index.php?rest_route=\/wp\/v2\/types\/post"}],"author":[{"embeddable":true,"href":"https:\/\/www.nordestsanita.it\/index.php?rest_route=\/wp\/v2\/users\/8"}],"replies":[{"embeddable":true,"href":"https:\/\/www.nordestsanita.it\/index.php?rest_route=%2Fwp%2Fv2%2Fcomments&post=819"}],"version-history":[{"count":3,"href":"https:\/\/www.nordestsanita.it\/index.php?rest_route=\/wp\/v2\/posts\/819\/revisions"}],"predecessor-version":[{"id":823,"href":"https:\/\/www.nordestsanita.it\/index.php?rest_route=\/wp\/v2\/posts\/819\/revisions\/823"}],"wp:featuredmedia":[{"embeddable":true,"href":"https:\/\/www.nordestsanita.it\/index.php?rest_route=\/wp\/v2\/media\/820"}],"wp:attachment":[{"href":"https:\/\/www.nordestsanita.it\/index.php?rest_route=%2Fwp%2Fv2%2Fmedia&parent=819"}],"wp:term":[{"taxonomy":"category","embeddable":true,"href":"https:\/\/www.nordestsanita.it\/index.php?rest_route=%2Fwp%2Fv2%2Fcategories&post=819"},{"taxonomy":"post_tag","embeddable":true,"href":"https:\/\/www.nordestsanita.it\/index.php?rest_route=%2Fwp%2Fv2%2Ftags&post=819"}],"curies":[{"name":"wp","href":"https:\/\/api.w.org\/{rel}","templated":true}]}}